{"id":96973,"date":"2016-05-19T17:30:06","date_gmt":"2016-05-19T16:30:06","guid":{"rendered":"http:\/\/www.visit-ulcinj.com\/blog\/?p=96973"},"modified":"2016-05-19T17:30:06","modified_gmt":"2016-05-19T16:30:06","slug":"mali-zi-e-nenshkruan-marreveshjen-per-pranim-ne-nato","status":"publish","type":"post","link":"https:\/\/www.visit-ulcinj.com\/blog\/2016\/05\/19\/mali-zi-e-nenshkruan-marreveshjen-per-pranim-ne-nato\/","title":{"rendered":"Mali i Zi e n\u00ebnshkruan marr\u00ebveshjen p\u00ebr pranim n\u00eb NATO"},"content":{"rendered":"<div class=\"inside-text-paragraphs\">\n<p><a href=\"http:\/\/www.visit-ulcinj.com\/blog\/wp-content\/uploads\/2016\/05\/Mali-i-Zi-ne-NATO.jpg\"><img loading=\"lazy\" class=\"alignleft wp-image-96974\" src=\"http:\/\/www.visit-ulcinj.com\/blog\/wp-content\/uploads\/2016\/05\/Mali-i-Zi-ne-NATO.jpg\" alt=\"Mali i Zi ne NATO\" width=\"508\" height=\"254\" srcset=\"https:\/\/www.visit-ulcinj.com\/blog\/wp-content\/uploads\/2016\/05\/Mali-i-Zi-ne-NATO.jpg 810w, https:\/\/www.visit-ulcinj.com\/blog\/wp-content\/uploads\/2016\/05\/Mali-i-Zi-ne-NATO-300x150.jpg 300w, https:\/\/www.visit-ulcinj.com\/blog\/wp-content\/uploads\/2016\/05\/Mali-i-Zi-ne-NATO-768x384.jpg 768w\" sizes=\"(max-width: 508px) 100vw, 508px\" \/><\/a>Mali i Zi dhe NATO-ja sot n\u00eb Bruksel e kan\u00eb n\u00ebnshkruar protokollin p\u00ebr pranim n\u00eb aleanc\u00eb, duke e hapur rrug\u00ebn q\u00eb Mali i Zi t\u00eb b\u00ebhet an\u00ebtari i 29-t\u00eb i aleanc\u00ebs ushtarake.<\/p>\n<p>N\u00eb ceremonin\u00eb e n\u00ebnshkrimit n\u00eb selin\u00eb e NATO-s n\u00eb Bruksel, ka marr\u00eb pjes\u00eb kryeministri i Malit t\u00eb Zi, Millo Gjukanoviq.<\/p>\n<p>Sekretari i p\u00ebrgjithsh\u00ebm i NATO-s, Jens Stoltenberg, tha se kjo paraqet \u201cfillim t\u00eb nj\u00eb kaptine t\u00eb re t\u00eb sigurt\u201d n\u00eb historin\u00eb e Malit t\u00eb Zi.<\/p>\n<p>Mali i Zi do t\u00eb marr\u00eb pjes\u00eb n\u00eb takimet e NATO-s n\u00eb cil\u00ebsin\u00eb e v\u00ebzhguesit, derisa t\u00eb gjitha vendet an\u00ebtare t\u00eb NATO-s ta ratifikojn\u00eb protokollin e pranimit.<\/p>\n<p>Zoti Gjukanoviq tha se Mali i Zi shpreson t\u00eb b\u00ebhet an\u00ebtar i rregullt i NATO-s deri n\u00eb mes t\u00eb vitit t\u00eb ardhsh\u00ebm, duke u b\u00ebr\u00eb vendi i tret\u00eb ballkanik, q\u00eb i bashkohet NATO-s, pas Shqip\u00ebris\u00eb dhe Kroacis\u00eb.<\/p>\n<p>Rusia ka shprehur p\u00ebrkushtim p\u00ebr p\u00ebrgjigje ndaj an\u00ebtar\u00ebsimit t\u00eb Malit t\u00eb Zi, p\u00ebr shkak t\u00eb, si\u00e7 thot\u00eb Moska, shqet\u00ebsimeve p\u00ebr l\u00ebvizjen e shtuar t\u00eb NATO-s kah kufiri i Rusis\u00eb, duke e vler\u00ebsuar k\u00ebt\u00eb si k\u00ebrc\u00ebnim. \/Rel\/<\/p>\n<\/div>\n<div id=\"taboola-below-article-thumbnails\" class=\" trc_related_container trc_spotlight_widget trc_elastic trc_elastic_trc_54994 \"><\/div>\n<div class=\"desktop\"><\/div>\n","protected":false},"excerpt":{"rendered":"<p>Mali i Zi dhe NATO-ja sot n\u00eb Bruksel e kan\u00eb n\u00ebnshkruar protokollin p\u00ebr pranim n\u00eb aleanc\u00eb, duke e hapur rrug\u00ebn q\u00eb Mali i Zi t\u00eb b\u00ebhet an\u00ebtari i 29-t\u00eb i aleanc\u00ebs ushtarake. N\u00eb ceremonin\u00eb e n\u00ebnshkrimit n\u00eb selin\u00eb e NATO-s n\u00eb Bruksel, ka marr\u00eb pjes\u00eb kryeministri i Malit t\u00eb Zi, Millo Gjukanoviq. Sekretari i p\u00ebrgjithsh\u00ebm [&hellip;]<\/p>\n","protected":false},"author":1,"featured_media":0,"comment_status":"closed","ping_status":"closed","sticky":false,"template":"","format":"standard","meta":{"spay_email":"","jetpack_publicize_message":"","jetpack_is_tweetstorm":false,"jetpack_publicize_feature_enabled":true},"categories":[7],"tags":[],"jetpack_publicize_connections":[],"yoast_head":"<!-- This site is optimized with the Yoast SEO plugin v19.1 - https:\/\/yoast.com\/wordpress\/plugins\/seo\/ -->\n<title>Mali i Zi e n\u00ebnshkruan marr\u00ebveshjen p\u00ebr pranim n\u00eb NATO - Lajme nga Ulqini<\/title>\n<meta name=\"description\" content=\"Mali i Zi dhe NATO-ja sot n\u00eb Bruksel e kan\u00eb n\u00ebnshkruar protokollin p\u00ebr pranim n\u00eb aleanc\u00eb, duke e hapur rrug\u00ebn q\u00eb Mali i Zi t\u00eb b\u00ebhet an\u00ebtari i 29-t\u00eb i\" \/>\n<meta name=\"robots\" content=\"index, follow, max-snippet:-1, max-image-preview:large, max-video-preview:-1\" \/>\n<link rel=\"canonical\" href=\"https:\/\/www.visit-ulcinj.com\/blog\/2016\/05\/19\/mali-zi-e-nenshkruan-marreveshjen-per-pranim-ne-nato\/\" \/>\n<meta property=\"og:locale\" content=\"en_US\" \/>\n<meta property=\"og:type\" content=\"article\" \/>\n<meta property=\"og:title\" content=\"Mali i Zi e n\u00ebnshkruan marr\u00ebveshjen p\u00ebr pranim n\u00eb NATO - Lajme nga Ulqini\" \/>\n<meta property=\"og:description\" content=\"Mali i Zi dhe NATO-ja sot n\u00eb Bruksel e kan\u00eb n\u00ebnshkruar protokollin p\u00ebr pranim n\u00eb aleanc\u00eb, duke e hapur rrug\u00ebn q\u00eb Mali i Zi t\u00eb b\u00ebhet an\u00ebtari i 29-t\u00eb i\" \/>\n<meta property=\"og:url\" content=\"https:\/\/www.visit-ulcinj.com\/blog\/2016\/05\/19\/mali-zi-e-nenshkruan-marreveshjen-per-pranim-ne-nato\/\" \/>\n<meta property=\"og:site_name\" content=\"Lajme nga Ulqini\" \/>\n<meta property=\"article:published_time\" content=\"2016-05-19T16:30:06+00:00\" \/>\n<meta property=\"og:image\" content=\"http:\/\/www.visit-ulcinj.com\/blog\/wp-content\/uploads\/2016\/05\/Mali-i-Zi-ne-NATO.jpg\" \/>\n<meta name=\"twitter:label1\" content=\"Written by\" \/>\n\t<meta name=\"twitter:data1\" content=\"ulqini\" \/>\n\t<meta name=\"twitter:label2\" content=\"Est. reading time\" \/>\n\t<meta name=\"twitter:data2\" content=\"1 minute\" \/>\n<script type=\"application\/ld+json\" class=\"yoast-schema-graph\">{\"@context\":\"https:\/\/schema.org\",\"@graph\":[{\"@type\":\"WebSite\",\"@id\":\"https:\/\/www.visit-ulcinj.com\/blog\/#website\",\"url\":\"https:\/\/www.visit-ulcinj.com\/blog\/\",\"name\":\"Lajme nga Ulqini\",\"description\":\"Lajme,Vijesti,Ulqini,Ulqin,Crna Gora,Mali i Zi\",\"potentialAction\":[{\"@type\":\"SearchAction\",\"target\":{\"@type\":\"EntryPoint\",\"urlTemplate\":\"https:\/\/www.visit-ulcinj.com\/blog\/?s={search_term_string}\"},\"query-input\":\"required name=search_term_string\"}],\"inLanguage\":\"en-US\"},{\"@type\":\"ImageObject\",\"inLanguage\":\"en-US\",\"@id\":\"https:\/\/www.visit-ulcinj.com\/blog\/2016\/05\/19\/mali-zi-e-nenshkruan-marreveshjen-per-pranim-ne-nato\/#primaryimage\",\"url\":\"https:\/\/www.visit-ulcinj.com\/blog\/wp-content\/uploads\/2016\/05\/Mali-i-Zi-ne-NATO.jpg\",\"contentUrl\":\"https:\/\/www.visit-ulcinj.com\/blog\/wp-content\/uploads\/2016\/05\/Mali-i-Zi-ne-NATO.jpg\",\"width\":810,\"height\":405},{\"@type\":\"WebPage\",\"@id\":\"https:\/\/www.visit-ulcinj.com\/blog\/2016\/05\/19\/mali-zi-e-nenshkruan-marreveshjen-per-pranim-ne-nato\/#webpage\",\"url\":\"https:\/\/www.visit-ulcinj.com\/blog\/2016\/05\/19\/mali-zi-e-nenshkruan-marreveshjen-per-pranim-ne-nato\/\",\"name\":\"Mali i Zi e n\u00ebnshkruan marr\u00ebveshjen p\u00ebr pranim n\u00eb NATO - Lajme nga Ulqini\",\"isPartOf\":{\"@id\":\"https:\/\/www.visit-ulcinj.com\/blog\/#website\"},\"primaryImageOfPage\":{\"@id\":\"https:\/\/www.visit-ulcinj.com\/blog\/2016\/05\/19\/mali-zi-e-nenshkruan-marreveshjen-per-pranim-ne-nato\/#primaryimage\"},\"datePublished\":\"2016-05-19T16:30:06+00:00\",\"dateModified\":\"2016-05-19T16:30:06+00:00\",\"author\":{\"@id\":\"https:\/\/www.visit-ulcinj.com\/blog\/#\/schema\/person\/dcab619c614d3038751c63bc2aadc06d\"},\"description\":\"Mali i Zi dhe NATO-ja sot n\u00eb Bruksel e kan\u00eb n\u00ebnshkruar protokollin p\u00ebr pranim n\u00eb aleanc\u00eb, duke e hapur rrug\u00ebn q\u00eb Mali i Zi t\u00eb b\u00ebhet an\u00ebtari i 29-t\u00eb i\",\"breadcrumb\":{\"@id\":\"https:\/\/www.visit-ulcinj.com\/blog\/2016\/05\/19\/mali-zi-e-nenshkruan-marreveshjen-per-pranim-ne-nato\/#breadcrumb\"},\"inLanguage\":\"en-US\",\"potentialAction\":[{\"@type\":\"ReadAction\",\"target\":[\"https:\/\/www.visit-ulcinj.com\/blog\/2016\/05\/19\/mali-zi-e-nenshkruan-marreveshjen-per-pranim-ne-nato\/\"]}]},{\"@type\":\"BreadcrumbList\",\"@id\":\"https:\/\/www.visit-ulcinj.com\/blog\/2016\/05\/19\/mali-zi-e-nenshkruan-marreveshjen-per-pranim-ne-nato\/#breadcrumb\",\"itemListElement\":[{\"@type\":\"ListItem\",\"position\":1,\"name\":\"Mali i Zi e n\u00ebnshkruan marr\u00ebveshjen p\u00ebr pranim n\u00eb NATO\"}]},{\"@type\":\"Person\",\"@id\":\"https:\/\/www.visit-ulcinj.com\/blog\/#\/schema\/person\/dcab619c614d3038751c63bc2aadc06d\",\"name\":\"ulqini\",\"sameAs\":[\"http:\/\/www.visit-ulcinj.com\"],\"url\":\"https:\/\/www.visit-ulcinj.com\/blog\/author\/admin\/\"}]}<\/script>\n<!-- \/ Yoast SEO plugin. -->","yoast_head_json":{"title":"Mali i Zi e n\u00ebnshkruan marr\u00ebveshjen p\u00ebr pranim n\u00eb NATO - Lajme nga Ulqini","description":"Mali i Zi dhe NATO-ja sot n\u00eb Bruksel e kan\u00eb n\u00ebnshkruar protokollin p\u00ebr pranim n\u00eb aleanc\u00eb, duke e hapur rrug\u00ebn q\u00eb Mali i Zi t\u00eb b\u00ebhet an\u00ebtari i 29-t\u00eb i","robots":{"index":"index","follow":"follow","max-snippet":"max-snippet:-1","max-image-preview":"max-image-preview:large","max-video-preview":"max-video-preview:-1"},"canonical":"https:\/\/www.visit-ulcinj.com\/blog\/2016\/05\/19\/mali-zi-e-nenshkruan-marreveshjen-per-pranim-ne-nato\/","og_locale":"en_US","og_type":"article","og_title":"Mali i Zi e n\u00ebnshkruan marr\u00ebveshjen p\u00ebr pranim n\u00eb NATO - Lajme nga Ulqini","og_description":"Mali i Zi dhe NATO-ja sot n\u00eb Bruksel e kan\u00eb n\u00ebnshkruar protokollin p\u00ebr pranim n\u00eb aleanc\u00eb, duke e hapur rrug\u00ebn q\u00eb Mali i Zi t\u00eb b\u00ebhet an\u00ebtari i 29-t\u00eb i","og_url":"https:\/\/www.visit-ulcinj.com\/blog\/2016\/05\/19\/mali-zi-e-nenshkruan-marreveshjen-per-pranim-ne-nato\/","og_site_name":"Lajme nga Ulqini","article_published_time":"2016-05-19T16:30:06+00:00","og_image":[{"url":"http:\/\/www.visit-ulcinj.com\/blog\/wp-content\/uploads\/2016\/05\/Mali-i-Zi-ne-NATO.jpg"}],"twitter_misc":{"Written by":"ulqini","Est. reading time":"1 minute"},"schema":{"@context":"https:\/\/schema.org","@graph":[{"@type":"WebSite","@id":"https:\/\/www.visit-ulcinj.com\/blog\/#website","url":"https:\/\/www.visit-ulcinj.com\/blog\/","name":"Lajme nga Ulqini","description":"Lajme,Vijesti,Ulqini,Ulqin,Crna Gora,Mali i Zi","potentialAction":[{"@type":"SearchAction","target":{"@type":"EntryPoint","urlTemplate":"https:\/\/www.visit-ulcinj.com\/blog\/?s={search_term_string}"},"query-input":"required name=search_term_string"}],"inLanguage":"en-US"},{"@type":"ImageObject","inLanguage":"en-US","@id":"https:\/\/www.visit-ulcinj.com\/blog\/2016\/05\/19\/mali-zi-e-nenshkruan-marreveshjen-per-pranim-ne-nato\/#primaryimage","url":"https:\/\/www.visit-ulcinj.com\/blog\/wp-content\/uploads\/2016\/05\/Mali-i-Zi-ne-NATO.jpg","contentUrl":"https:\/\/www.visit-ulcinj.com\/blog\/wp-content\/uploads\/2016\/05\/Mali-i-Zi-ne-NATO.jpg","width":810,"height":405},{"@type":"WebPage","@id":"https:\/\/www.visit-ulcinj.com\/blog\/2016\/05\/19\/mali-zi-e-nenshkruan-marreveshjen-per-pranim-ne-nato\/#webpage","url":"https:\/\/www.visit-ulcinj.com\/blog\/2016\/05\/19\/mali-zi-e-nenshkruan-marreveshjen-per-pranim-ne-nato\/","name":"Mali i Zi e n\u00ebnshkruan marr\u00ebveshjen p\u00ebr pranim n\u00eb NATO - Lajme nga Ulqini","isPartOf":{"@id":"https:\/\/www.visit-ulcinj.com\/blog\/#website"},"primaryImageOfPage":{"@id":"https:\/\/www.visit-ulcinj.com\/blog\/2016\/05\/19\/mali-zi-e-nenshkruan-marreveshjen-per-pranim-ne-nato\/#primaryimage"},"datePublished":"2016-05-19T16:30:06+00:00","dateModified":"2016-05-19T16:30:06+00:00","author":{"@id":"https:\/\/www.visit-ulcinj.com\/blog\/#\/schema\/person\/dcab619c614d3038751c63bc2aadc06d"},"description":"Mali i Zi dhe NATO-ja sot n\u00eb Bruksel e kan\u00eb n\u00ebnshkruar protokollin p\u00ebr pranim n\u00eb aleanc\u00eb, duke e hapur rrug\u00ebn q\u00eb Mali i Zi t\u00eb b\u00ebhet an\u00ebtari i 29-t\u00eb i","breadcrumb":{"@id":"https:\/\/www.visit-ulcinj.com\/blog\/2016\/05\/19\/mali-zi-e-nenshkruan-marreveshjen-per-pranim-ne-nato\/#breadcrumb"},"inLanguage":"en-US","potentialAction":[{"@type":"ReadAction","target":["https:\/\/www.visit-ulcinj.com\/blog\/2016\/05\/19\/mali-zi-e-nenshkruan-marreveshjen-per-pranim-ne-nato\/"]}]},{"@type":"BreadcrumbList","@id":"https:\/\/www.visit-ulcinj.com\/blog\/2016\/05\/19\/mali-zi-e-nenshkruan-marreveshjen-per-pranim-ne-nato\/#breadcrumb","itemListElement":[{"@type":"ListItem","position":1,"name":"Mali i Zi e n\u00ebnshkruan marr\u00ebveshjen p\u00ebr pranim n\u00eb NATO"}]},{"@type":"Person","@id":"https:\/\/www.visit-ulcinj.com\/blog\/#\/schema\/person\/dcab619c614d3038751c63bc2aadc06d","name":"ulqini","sameAs":["http:\/\/www.visit-ulcinj.com"],"url":"https:\/\/www.visit-ulcinj.com\/blog\/author\/admin\/"}]}},"jetpack_featured_media_url":"","jetpack_sharing_enabled":true,"jetpack_shortlink":"https:\/\/wp.me\/pe6lTn-pe5","_links":{"self":[{"href":"https:\/\/www.visit-ulcinj.com\/blog\/wp-json\/wp\/v2\/posts\/96973"}],"collection":[{"href":"https:\/\/www.visit-ulcinj.com\/blog\/wp-json\/wp\/v2\/posts"}],"about":[{"href":"https:\/\/www.visit-ulcinj.com\/blog\/wp-json\/wp\/v2\/types\/post"}],"author":[{"embeddable":true,"href":"https:\/\/www.visit-ulcinj.com\/blog\/wp-json\/wp\/v2\/users\/1"}],"replies":[{"embeddable":true,"href":"https:\/\/www.visit-ulcinj.com\/blog\/wp-json\/wp\/v2\/comments?post=96973"}],"version-history":[{"count":1,"href":"https:\/\/www.visit-ulcinj.com\/blog\/wp-json\/wp\/v2\/posts\/96973\/revisions"}],"predecessor-version":[{"id":96975,"href":"https:\/\/www.visit-ulcinj.com\/blog\/wp-json\/wp\/v2\/posts\/96973\/revisions\/96975"}],"wp:attachment":[{"href":"https:\/\/www.visit-ulcinj.com\/blog\/wp-json\/wp\/v2\/media?parent=96973"}],"wp:term":[{"taxonomy":"category","embeddable":true,"href":"https:\/\/www.visit-ulcinj.com\/blog\/wp-json\/wp\/v2\/categories?post=96973"},{"taxonomy":"post_tag","embeddable":true,"href":"https:\/\/www.visit-ulcinj.com\/blog\/wp-json\/wp\/v2\/tags?post=96973"}],"curies":[{"name":"wp","href":"https:\/\/api.w.org\/{rel}","templated":true}]}}