{"id":96976,"date":"2016-05-19T17:36:57","date_gmt":"2016-05-19T16:36:57","guid":{"rendered":"http:\/\/www.visit-ulcinj.com\/blog\/?p=96976"},"modified":"2016-05-20T18:25:13","modified_gmt":"2016-05-20T17:25:13","slug":"kater-ministra-te-rinj-ne-qeverine-e-malit-te-zi","status":"publish","type":"post","link":"https:\/\/www.visit-ulcinj.com\/blog\/2016\/05\/19\/kater-ministra-te-rinj-ne-qeverine-e-malit-te-zi\/","title":{"rendered":"Kat\u00ebr ministra t\u00eb rinj n\u00eb Qeverin\u00eb e Malit t\u00eb Zi"},"content":{"rendered":"<h4><a href=\"http:\/\/www.visit-ulcinj.com\/blog\/wp-content\/uploads\/2016\/05\/Parlamenti-Mali-Zi-.jpg\"><img loading=\"lazy\" class=\"alignleft wp-image-96977\" src=\"http:\/\/www.visit-ulcinj.com\/blog\/wp-content\/uploads\/2016\/05\/Parlamenti-Mali-Zi-.jpg\" alt=\"Parlamenti-Mali-Zi-\" width=\"508\" height=\"338\" srcset=\"https:\/\/www.visit-ulcinj.com\/blog\/wp-content\/uploads\/2016\/05\/Parlamenti-Mali-Zi-.jpg 900w, https:\/\/www.visit-ulcinj.com\/blog\/wp-content\/uploads\/2016\/05\/Parlamenti-Mali-Zi--300x199.jpg 300w, https:\/\/www.visit-ulcinj.com\/blog\/wp-content\/uploads\/2016\/05\/Parlamenti-Mali-Zi--768x510.jpg 768w\" sizes=\"(max-width: 508px) 100vw, 508px\" \/><\/a>Podgoric\u00eb, 19 maj &#8211; Parlamenti i Malit t\u00eb Zi n\u00eb or\u00ebt e vona ka em\u00ebruar kat\u00ebr ministra t\u00eb rinj nga radh\u00ebt e opozit\u00ebs, si dhe dy z\u00ebvend\u00ebskryeministra, n\u00eb baz\u00eb t\u00eb Marr\u00ebveshjes p\u00ebr mbajtjen e zgjedhjeve t\u00eb drejta dhe t\u00eb lira, e cila ishte n\u00ebnshkruar nga 11 partit\u00eb parlamentare.<\/h4>\n<p>Pas kat\u00ebr dit\u00eb diskutimesh, me shumic\u00eb votash deputet\u00ebt zgjodh\u00ebn Rashko Konjeviq p\u00ebr minist\u00ebr t\u00eb Financave nga Partia Social-Demokratike, Goran Daniloviq nga Demos p\u00ebr minist\u00ebr t\u00eb Brendsh\u00ebm. Kandidat\u00ebt apartiak Milenko Popoviq dhe Boris Mariq u zgjodh\u00ebn p\u00ebr ministra t\u00eb Bujq\u00ebsis\u00eb, gjegj\u00ebsisht Pun\u00ebs dhe Politik\u00ebs Sociale.<\/p>\n<p>Deputet\u00ebt gjithashtu kan\u00eb zgjedhur edhe dy n\u00ebnkryetar\u00eb t\u00eb Qeveris\u00eb. Me propozim t\u00eb opozit\u00ebs \u00ebsht\u00eb zgjedhur Milorad Vujoviq, nd\u00ebrsa ish-ministri i Bujq\u00ebsis\u00eb Petar Ivanoviq nga Partia Social-Demokratike ka marr\u00eb funksionin e z\u00ebvend\u00ebskryeministrit.<\/p>\n<p><strong>Koha Net<\/strong><\/p>\n","protected":false},"excerpt":{"rendered":"<p>Podgoric\u00eb, 19 maj &#8211; Parlamenti i Malit t\u00eb Zi n\u00eb or\u00ebt e vona ka em\u00ebruar kat\u00ebr ministra t\u00eb rinj nga radh\u00ebt e opozit\u00ebs, si dhe dy z\u00ebvend\u00ebskryeministra, n\u00eb baz\u00eb t\u00eb Marr\u00ebveshjes p\u00ebr mbajtjen e zgjedhjeve t\u00eb drejta dhe t\u00eb lira, e cila ishte n\u00ebnshkruar nga 11 partit\u00eb parlamentare. Pas kat\u00ebr dit\u00eb diskutimesh, me shumic\u00eb votash [&hellip;]<\/p>\n","protected":false},"author":1,"featured_media":0,"comment_status":"closed","ping_status":"closed","sticky":false,"template":"","format":"standard","meta":{"spay_email":"","jetpack_publicize_message":"","jetpack_is_tweetstorm":false,"jetpack_publicize_feature_enabled":true},"categories":[12],"tags":[],"jetpack_publicize_connections":[],"yoast_head":"<!-- This site is optimized with the Yoast SEO plugin v19.1 - https:\/\/yoast.com\/wordpress\/plugins\/seo\/ -->\n<title>Kat\u00ebr ministra t\u00eb rinj n\u00eb Qeverin\u00eb e Malit t\u00eb Zi - Lajme nga Ulqini<\/title>\n<meta name=\"description\" content=\"Podgoric\u00eb, 19 maj - Parlamenti i Malit t\u00eb Zi n\u00eb or\u00ebt e vona ka em\u00ebruar kat\u00ebr ministra t\u00eb rinj nga radh\u00ebt e opozit\u00ebs, si dhe dy z\u00ebvend\u00ebskryeministra, n\u00eb\" \/>\n<meta name=\"robots\" content=\"index, follow, max-snippet:-1, max-image-preview:large, max-video-preview:-1\" \/>\n<link rel=\"canonical\" href=\"https:\/\/www.visit-ulcinj.com\/blog\/2016\/05\/19\/kater-ministra-te-rinj-ne-qeverine-e-malit-te-zi\/\" \/>\n<meta property=\"og:locale\" content=\"en_US\" \/>\n<meta property=\"og:type\" content=\"article\" \/>\n<meta property=\"og:title\" content=\"Kat\u00ebr ministra t\u00eb rinj n\u00eb Qeverin\u00eb e Malit t\u00eb Zi - Lajme nga Ulqini\" \/>\n<meta property=\"og:description\" content=\"Podgoric\u00eb, 19 maj - Parlamenti i Malit t\u00eb Zi n\u00eb or\u00ebt e vona ka em\u00ebruar kat\u00ebr ministra t\u00eb rinj nga radh\u00ebt e opozit\u00ebs, si dhe dy z\u00ebvend\u00ebskryeministra, n\u00eb\" \/>\n<meta property=\"og:url\" content=\"https:\/\/www.visit-ulcinj.com\/blog\/2016\/05\/19\/kater-ministra-te-rinj-ne-qeverine-e-malit-te-zi\/\" \/>\n<meta property=\"og:site_name\" content=\"Lajme nga Ulqini\" \/>\n<meta property=\"article:published_time\" content=\"2016-05-19T16:36:57+00:00\" \/>\n<meta property=\"article:modified_time\" content=\"2016-05-20T17:25:13+00:00\" \/>\n<meta property=\"og:image\" content=\"http:\/\/www.visit-ulcinj.com\/blog\/wp-content\/uploads\/2016\/05\/Parlamenti-Mali-Zi-.jpg\" \/>\n<meta name=\"twitter:label1\" content=\"Written by\" \/>\n\t<meta name=\"twitter:data1\" content=\"ulqini\" \/>\n\t<meta name=\"twitter:label2\" content=\"Est. reading time\" \/>\n\t<meta name=\"twitter:data2\" content=\"1 minute\" \/>\n<script type=\"application\/ld+json\" class=\"yoast-schema-graph\">{\"@context\":\"https:\/\/schema.org\",\"@graph\":[{\"@type\":\"WebSite\",\"@id\":\"https:\/\/www.visit-ulcinj.com\/blog\/#website\",\"url\":\"https:\/\/www.visit-ulcinj.com\/blog\/\",\"name\":\"Lajme nga Ulqini\",\"description\":\"Lajme,Vijesti,Ulqini,Ulqin,Crna Gora,Mali i Zi\",\"potentialAction\":[{\"@type\":\"SearchAction\",\"target\":{\"@type\":\"EntryPoint\",\"urlTemplate\":\"https:\/\/www.visit-ulcinj.com\/blog\/?s={search_term_string}\"},\"query-input\":\"required name=search_term_string\"}],\"inLanguage\":\"en-US\"},{\"@type\":\"ImageObject\",\"inLanguage\":\"en-US\",\"@id\":\"https:\/\/www.visit-ulcinj.com\/blog\/2016\/05\/19\/kater-ministra-te-rinj-ne-qeverine-e-malit-te-zi\/#primaryimage\",\"url\":\"https:\/\/www.visit-ulcinj.com\/blog\/wp-content\/uploads\/2016\/05\/Parlamenti-Mali-Zi-.jpg\",\"contentUrl\":\"https:\/\/www.visit-ulcinj.com\/blog\/wp-content\/uploads\/2016\/05\/Parlamenti-Mali-Zi-.jpg\",\"width\":900,\"height\":598},{\"@type\":\"WebPage\",\"@id\":\"https:\/\/www.visit-ulcinj.com\/blog\/2016\/05\/19\/kater-ministra-te-rinj-ne-qeverine-e-malit-te-zi\/#webpage\",\"url\":\"https:\/\/www.visit-ulcinj.com\/blog\/2016\/05\/19\/kater-ministra-te-rinj-ne-qeverine-e-malit-te-zi\/\",\"name\":\"Kat\u00ebr ministra t\u00eb rinj n\u00eb Qeverin\u00eb e Malit t\u00eb Zi - Lajme nga Ulqini\",\"isPartOf\":{\"@id\":\"https:\/\/www.visit-ulcinj.com\/blog\/#website\"},\"primaryImageOfPage\":{\"@id\":\"https:\/\/www.visit-ulcinj.com\/blog\/2016\/05\/19\/kater-ministra-te-rinj-ne-qeverine-e-malit-te-zi\/#primaryimage\"},\"datePublished\":\"2016-05-19T16:36:57+00:00\",\"dateModified\":\"2016-05-20T17:25:13+00:00\",\"author\":{\"@id\":\"https:\/\/www.visit-ulcinj.com\/blog\/#\/schema\/person\/dcab619c614d3038751c63bc2aadc06d\"},\"description\":\"Podgoric\u00eb, 19 maj - Parlamenti i Malit t\u00eb Zi n\u00eb or\u00ebt e vona ka em\u00ebruar kat\u00ebr ministra t\u00eb rinj nga radh\u00ebt e opozit\u00ebs, si dhe dy z\u00ebvend\u00ebskryeministra, n\u00eb\",\"breadcrumb\":{\"@id\":\"https:\/\/www.visit-ulcinj.com\/blog\/2016\/05\/19\/kater-ministra-te-rinj-ne-qeverine-e-malit-te-zi\/#breadcrumb\"},\"inLanguage\":\"en-US\",\"potentialAction\":[{\"@type\":\"ReadAction\",\"target\":[\"https:\/\/www.visit-ulcinj.com\/blog\/2016\/05\/19\/kater-ministra-te-rinj-ne-qeverine-e-malit-te-zi\/\"]}]},{\"@type\":\"BreadcrumbList\",\"@id\":\"https:\/\/www.visit-ulcinj.com\/blog\/2016\/05\/19\/kater-ministra-te-rinj-ne-qeverine-e-malit-te-zi\/#breadcrumb\",\"itemListElement\":[{\"@type\":\"ListItem\",\"position\":1,\"name\":\"Kat\u00ebr ministra t\u00eb rinj n\u00eb Qeverin\u00eb e Malit t\u00eb Zi\"}]},{\"@type\":\"Person\",\"@id\":\"https:\/\/www.visit-ulcinj.com\/blog\/#\/schema\/person\/dcab619c614d3038751c63bc2aadc06d\",\"name\":\"ulqini\",\"sameAs\":[\"http:\/\/www.visit-ulcinj.com\"],\"url\":\"https:\/\/www.visit-ulcinj.com\/blog\/author\/admin\/\"}]}<\/script>\n<!-- \/ Yoast SEO plugin. -->","yoast_head_json":{"title":"Kat\u00ebr ministra t\u00eb rinj n\u00eb Qeverin\u00eb e Malit t\u00eb Zi - Lajme nga Ulqini","description":"Podgoric\u00eb, 19 maj - Parlamenti i Malit t\u00eb Zi n\u00eb or\u00ebt e vona ka em\u00ebruar kat\u00ebr ministra t\u00eb rinj nga radh\u00ebt e opozit\u00ebs, si dhe dy z\u00ebvend\u00ebskryeministra, n\u00eb","robots":{"index":"index","follow":"follow","max-snippet":"max-snippet:-1","max-image-preview":"max-image-preview:large","max-video-preview":"max-video-preview:-1"},"canonical":"https:\/\/www.visit-ulcinj.com\/blog\/2016\/05\/19\/kater-ministra-te-rinj-ne-qeverine-e-malit-te-zi\/","og_locale":"en_US","og_type":"article","og_title":"Kat\u00ebr ministra t\u00eb rinj n\u00eb Qeverin\u00eb e Malit t\u00eb Zi - Lajme nga Ulqini","og_description":"Podgoric\u00eb, 19 maj - Parlamenti i Malit t\u00eb Zi n\u00eb or\u00ebt e vona ka em\u00ebruar kat\u00ebr ministra t\u00eb rinj nga radh\u00ebt e opozit\u00ebs, si dhe dy z\u00ebvend\u00ebskryeministra, n\u00eb","og_url":"https:\/\/www.visit-ulcinj.com\/blog\/2016\/05\/19\/kater-ministra-te-rinj-ne-qeverine-e-malit-te-zi\/","og_site_name":"Lajme nga Ulqini","article_published_time":"2016-05-19T16:36:57+00:00","article_modified_time":"2016-05-20T17:25:13+00:00","og_image":[{"url":"http:\/\/www.visit-ulcinj.com\/blog\/wp-content\/uploads\/2016\/05\/Parlamenti-Mali-Zi-.jpg"}],"twitter_misc":{"Written by":"ulqini","Est. reading time":"1 minute"},"schema":{"@context":"https:\/\/schema.org","@graph":[{"@type":"WebSite","@id":"https:\/\/www.visit-ulcinj.com\/blog\/#website","url":"https:\/\/www.visit-ulcinj.com\/blog\/","name":"Lajme nga Ulqini","description":"Lajme,Vijesti,Ulqini,Ulqin,Crna Gora,Mali i Zi","potentialAction":[{"@type":"SearchAction","target":{"@type":"EntryPoint","urlTemplate":"https:\/\/www.visit-ulcinj.com\/blog\/?s={search_term_string}"},"query-input":"required name=search_term_string"}],"inLanguage":"en-US"},{"@type":"ImageObject","inLanguage":"en-US","@id":"https:\/\/www.visit-ulcinj.com\/blog\/2016\/05\/19\/kater-ministra-te-rinj-ne-qeverine-e-malit-te-zi\/#primaryimage","url":"https:\/\/www.visit-ulcinj.com\/blog\/wp-content\/uploads\/2016\/05\/Parlamenti-Mali-Zi-.jpg","contentUrl":"https:\/\/www.visit-ulcinj.com\/blog\/wp-content\/uploads\/2016\/05\/Parlamenti-Mali-Zi-.jpg","width":900,"height":598},{"@type":"WebPage","@id":"https:\/\/www.visit-ulcinj.com\/blog\/2016\/05\/19\/kater-ministra-te-rinj-ne-qeverine-e-malit-te-zi\/#webpage","url":"https:\/\/www.visit-ulcinj.com\/blog\/2016\/05\/19\/kater-ministra-te-rinj-ne-qeverine-e-malit-te-zi\/","name":"Kat\u00ebr ministra t\u00eb rinj n\u00eb Qeverin\u00eb e Malit t\u00eb Zi - Lajme nga Ulqini","isPartOf":{"@id":"https:\/\/www.visit-ulcinj.com\/blog\/#website"},"primaryImageOfPage":{"@id":"https:\/\/www.visit-ulcinj.com\/blog\/2016\/05\/19\/kater-ministra-te-rinj-ne-qeverine-e-malit-te-zi\/#primaryimage"},"datePublished":"2016-05-19T16:36:57+00:00","dateModified":"2016-05-20T17:25:13+00:00","author":{"@id":"https:\/\/www.visit-ulcinj.com\/blog\/#\/schema\/person\/dcab619c614d3038751c63bc2aadc06d"},"description":"Podgoric\u00eb, 19 maj - Parlamenti i Malit t\u00eb Zi n\u00eb or\u00ebt e vona ka em\u00ebruar kat\u00ebr ministra t\u00eb rinj nga radh\u00ebt e opozit\u00ebs, si dhe dy z\u00ebvend\u00ebskryeministra, n\u00eb","breadcrumb":{"@id":"https:\/\/www.visit-ulcinj.com\/blog\/2016\/05\/19\/kater-ministra-te-rinj-ne-qeverine-e-malit-te-zi\/#breadcrumb"},"inLanguage":"en-US","potentialAction":[{"@type":"ReadAction","target":["https:\/\/www.visit-ulcinj.com\/blog\/2016\/05\/19\/kater-ministra-te-rinj-ne-qeverine-e-malit-te-zi\/"]}]},{"@type":"BreadcrumbList","@id":"https:\/\/www.visit-ulcinj.com\/blog\/2016\/05\/19\/kater-ministra-te-rinj-ne-qeverine-e-malit-te-zi\/#breadcrumb","itemListElement":[{"@type":"ListItem","position":1,"name":"Kat\u00ebr ministra t\u00eb rinj n\u00eb Qeverin\u00eb e Malit t\u00eb Zi"}]},{"@type":"Person","@id":"https:\/\/www.visit-ulcinj.com\/blog\/#\/schema\/person\/dcab619c614d3038751c63bc2aadc06d","name":"ulqini","sameAs":["http:\/\/www.visit-ulcinj.com"],"url":"https:\/\/www.visit-ulcinj.com\/blog\/author\/admin\/"}]}},"jetpack_featured_media_url":"","jetpack_sharing_enabled":true,"jetpack_shortlink":"https:\/\/wp.me\/pe6lTn-pe8","_links":{"self":[{"href":"https:\/\/www.visit-ulcinj.com\/blog\/wp-json\/wp\/v2\/posts\/96976"}],"collection":[{"href":"https:\/\/www.visit-ulcinj.com\/blog\/wp-json\/wp\/v2\/posts"}],"about":[{"href":"https:\/\/www.visit-ulcinj.com\/blog\/wp-json\/wp\/v2\/types\/post"}],"author":[{"embeddable":true,"href":"https:\/\/www.visit-ulcinj.com\/blog\/wp-json\/wp\/v2\/users\/1"}],"replies":[{"embeddable":true,"href":"https:\/\/www.visit-ulcinj.com\/blog\/wp-json\/wp\/v2\/comments?post=96976"}],"version-history":[{"count":1,"href":"https:\/\/www.visit-ulcinj.com\/blog\/wp-json\/wp\/v2\/posts\/96976\/revisions"}],"predecessor-version":[{"id":96978,"href":"https:\/\/www.visit-ulcinj.com\/blog\/wp-json\/wp\/v2\/posts\/96976\/revisions\/96978"}],"wp:attachment":[{"href":"https:\/\/www.visit-ulcinj.com\/blog\/wp-json\/wp\/v2\/media?parent=96976"}],"wp:term":[{"taxonomy":"category","embeddable":true,"href":"https:\/\/www.visit-ulcinj.com\/blog\/wp-json\/wp\/v2\/categories?post=96976"},{"taxonomy":"post_tag","embeddable":true,"href":"https:\/\/www.visit-ulcinj.com\/blog\/wp-json\/wp\/v2\/tags?post=96976"}],"curies":[{"name":"wp","href":"https:\/\/api.w.org\/{rel}","templated":true}]}}