{"id":96979,"date":"2016-05-19T17:40:44","date_gmt":"2016-05-19T16:40:44","guid":{"rendered":"http:\/\/www.visit-ulcinj.com\/blog\/?p=96979"},"modified":"2016-05-19T17:40:44","modified_gmt":"2016-05-19T16:40:44","slug":"thaci-te-shtunen-ne-mal-te-zi-per-demarkacionin","status":"publish","type":"post","link":"https:\/\/www.visit-ulcinj.com\/blog\/2016\/05\/19\/thaci-te-shtunen-ne-mal-te-zi-per-demarkacionin\/","title":{"rendered":"Tha\u00e7i t\u00eb shtun\u00ebn n\u00eb Mal t\u00eb Zi p\u00ebr demarkacionin"},"content":{"rendered":"<div class=\"inside-text-paragraphs\">\n<p><a href=\"http:\/\/www.visit-ulcinj.com\/blog\/wp-content\/uploads\/2015\/09\/Thaci-Gjukanivic.jpg\"><img loading=\"lazy\" class=\"alignleft wp-image-92376\" src=\"http:\/\/www.visit-ulcinj.com\/blog\/wp-content\/uploads\/2015\/09\/Thaci-Gjukanivic.jpg\" alt=\"Thaci-Gjukanivic\" width=\"508\" height=\"285\" srcset=\"https:\/\/www.visit-ulcinj.com\/blog\/wp-content\/uploads\/2015\/09\/Thaci-Gjukanivic.jpg 620w, https:\/\/www.visit-ulcinj.com\/blog\/wp-content\/uploads\/2015\/09\/Thaci-Gjukanivic-300x168.jpg 300w\" sizes=\"(max-width: 508px) 100vw, 508px\" \/><\/a>Presidenti i Kosov\u00ebs, Hashim Tha\u00e7i, do t\u00eb udh\u00ebtoj\u00eb t\u00eb shtun\u00ebn p\u00ebr n\u00eb Podgoric\u00eb t\u00eb Malit t\u00eb Zi ku do t\u00eb takohet me kryeministrin e k\u00ebtij vendi, Millo Gjukanoviq, dhe Presidentin Filip Vujanoviq, njofton Klan Kosova.<\/p>\n<p>Ky takim mes Tha\u00e7it dhe udh\u00ebheq\u00ebsve malazias, vjen pas lajmeve t\u00eb fundit se mund t\u00eb rinegociohet marr\u00ebveshja p\u00ebr Demarkacionin mes Kosov\u00ebs dhe Malit t\u00eb Zi.<\/p>\n<p>P\u00ebr k\u00ebt\u00eb takim dypal\u00ebsh Tha\u00e7i ka njoftuar derisa ishte n\u00eb nj\u00eb vizit\u00eb n\u00eb Universitetit \u201cIsa Boletini\u201d n\u00eb Mitrovic\u00eb.<\/p>\n<p>\u201cDo t\u00eb kem takim me Kryeministrin dhe Presidentin e Malit t\u00eb Zi p\u00ebr k\u00ebt\u00eb \u00e7\u00ebshtje, por e theksoj se ne duhet t\u2019u besojm\u00eb njer\u00ebzve ton\u00eb dhe miqve ton\u00eb\u201d, ka th\u00ebn\u00eb Tha\u00e7i.<\/p>\n<p>\u201cPo ashtu dua \u00a0t\u00eb besoj q\u00eb n\u00eb t\u00eb ardhmen e af\u00ebrt kjo \u00e7\u00ebshtje duhet t\u00eb trajtohet n\u00eb Parlamentin e Kosov\u00ebs dhe nuk duhet t\u00eb politizohet si di\u00e7ka partiake, por duhet t\u00eb shikohet si \u00e7\u00ebshtje e interesit shtet\u00ebrore dhe mos t\u00eb harrojm\u00eb q\u00eb tanim\u00eb Mali i Zi \u00ebsht\u00eb edhe an\u00ebtar i NATO-s\u201d.<\/p>\n<p>Tha\u00e7i ka deklaruar edhe se e mb\u00ebshtet \u00e7do takim dhe p\u00ebrafrim q\u00ebndrimesh mes lider\u00ebve politik\u00eb kosovar\u00eb n\u00eb zgjidhjen e \u00e7\u00ebshtjeve me r\u00ebnd\u00ebsi shtet\u00ebrore.<\/p>\n<p>\u201cP\u00ebrg\u00ebzoj \u00e7do takim mes lider\u00ebve t\u00eb Kosov\u00ebs dhe do t\u00eb mb\u00ebshtes \u00e7do iniciativ\u00eb q\u00eb \u00e7on drejt p\u00ebrafrimi dhe rritjes s\u00eb kohezionit mes spektrit politik. Vet\u00ebm puna e p\u00ebrbashk\u00ebt mund\u00ebson forcimin e institucioneve\u201d.<\/p>\n<p>\u201cN\u00eb kuad\u00ebr t\u00eb k\u00ebtij konsolidimi dhe forcimi edhe \u00e7\u00ebshtja e Demarkacionit duhet t\u00eb bashkoj\u00eb spektrin politik kosovar n\u00eb m\u00ebnyr\u00eb q\u00eb t\u00eb p\u00ebrmbyllim k\u00ebt\u00eb proces jasht\u00ebzakonisht t\u00eb r\u00ebnd\u00ebsish\u00ebm\u201d, ka deklaruar Tha\u00e7i nga Mitrovica.<\/p>\n<p>Presidenti, q\u00eb n\u00eb Mitrovic\u00eb ishte p\u00ebr t\u00eb par\u00eb punimet q\u00eb po zhvillohen n\u00eb kampusin e universitetit t\u00eb qytetit, tha\u00a0se projekti mund\u00ebson standarde m\u00eb t\u00eb mira p\u00ebr student\u00ebt e Mitrovic\u00ebs dhe studim m\u00eb cil\u00ebsor.<\/p>\n<p><strong>Z\u00ebri<\/strong><\/p>\n<\/div>\n","protected":false},"excerpt":{"rendered":"<p>Presidenti i Kosov\u00ebs, Hashim Tha\u00e7i, do t\u00eb udh\u00ebtoj\u00eb t\u00eb shtun\u00ebn p\u00ebr n\u00eb Podgoric\u00eb t\u00eb Malit t\u00eb Zi ku do t\u00eb takohet me kryeministrin e k\u00ebtij vendi, Millo Gjukanoviq, dhe Presidentin Filip Vujanoviq, njofton Klan Kosova. Ky takim mes Tha\u00e7it dhe udh\u00ebheq\u00ebsve malazias, vjen pas lajmeve t\u00eb fundit se mund t\u00eb rinegociohet marr\u00ebveshja p\u00ebr Demarkacionin mes [&hellip;]<\/p>\n","protected":false},"author":1,"featured_media":0,"comment_status":"closed","ping_status":"closed","sticky":false,"template":"","format":"standard","meta":{"spay_email":"","jetpack_publicize_message":"","jetpack_is_tweetstorm":false,"jetpack_publicize_feature_enabled":true},"categories":[14],"tags":[],"jetpack_publicize_connections":[],"yoast_head":"<!-- This site is optimized with the Yoast SEO plugin v19.1 - https:\/\/yoast.com\/wordpress\/plugins\/seo\/ -->\n<title>Tha\u00e7i t\u00eb shtun\u00ebn n\u00eb Mal t\u00eb Zi p\u00ebr demarkacionin - Lajme nga Ulqini<\/title>\n<meta name=\"description\" content=\"Presidenti i Kosov\u00ebs, Hashim Tha\u00e7i, do t\u00eb udh\u00ebtoj\u00eb t\u00eb shtun\u00ebn p\u00ebr n\u00eb Podgoric\u00eb t\u00eb Malit t\u00eb Zi ku do t\u00eb takohet me kryeministrin e k\u00ebtij vendi, Millo\" \/>\n<meta name=\"robots\" content=\"index, follow, max-snippet:-1, max-image-preview:large, max-video-preview:-1\" \/>\n<link rel=\"canonical\" href=\"https:\/\/www.visit-ulcinj.com\/blog\/2016\/05\/19\/thaci-te-shtunen-ne-mal-te-zi-per-demarkacionin\/\" \/>\n<meta property=\"og:locale\" content=\"en_US\" \/>\n<meta property=\"og:type\" content=\"article\" \/>\n<meta property=\"og:title\" content=\"Tha\u00e7i t\u00eb shtun\u00ebn n\u00eb Mal t\u00eb Zi p\u00ebr demarkacionin - Lajme nga Ulqini\" \/>\n<meta property=\"og:description\" content=\"Presidenti i Kosov\u00ebs, Hashim Tha\u00e7i, do t\u00eb udh\u00ebtoj\u00eb t\u00eb shtun\u00ebn p\u00ebr n\u00eb Podgoric\u00eb t\u00eb Malit t\u00eb Zi ku do t\u00eb takohet me kryeministrin e k\u00ebtij vendi, Millo\" \/>\n<meta property=\"og:url\" content=\"https:\/\/www.visit-ulcinj.com\/blog\/2016\/05\/19\/thaci-te-shtunen-ne-mal-te-zi-per-demarkacionin\/\" \/>\n<meta property=\"og:site_name\" content=\"Lajme nga Ulqini\" \/>\n<meta property=\"article:published_time\" content=\"2016-05-19T16:40:44+00:00\" \/>\n<meta property=\"og:image\" content=\"http:\/\/www.visit-ulcinj.com\/blog\/wp-content\/uploads\/2015\/09\/Thaci-Gjukanivic.jpg\" \/>\n<meta name=\"twitter:label1\" content=\"Written by\" \/>\n\t<meta name=\"twitter:data1\" content=\"ulqini\" \/>\n\t<meta name=\"twitter:label2\" content=\"Est. reading time\" \/>\n\t<meta name=\"twitter:data2\" content=\"2 minutes\" \/>\n<script type=\"application\/ld+json\" class=\"yoast-schema-graph\">{\"@context\":\"https:\/\/schema.org\",\"@graph\":[{\"@type\":\"WebSite\",\"@id\":\"https:\/\/www.visit-ulcinj.com\/blog\/#website\",\"url\":\"https:\/\/www.visit-ulcinj.com\/blog\/\",\"name\":\"Lajme nga Ulqini\",\"description\":\"Lajme,Vijesti,Ulqini,Ulqin,Crna Gora,Mali i Zi\",\"potentialAction\":[{\"@type\":\"SearchAction\",\"target\":{\"@type\":\"EntryPoint\",\"urlTemplate\":\"https:\/\/www.visit-ulcinj.com\/blog\/?s={search_term_string}\"},\"query-input\":\"required name=search_term_string\"}],\"inLanguage\":\"en-US\"},{\"@type\":\"ImageObject\",\"inLanguage\":\"en-US\",\"@id\":\"https:\/\/www.visit-ulcinj.com\/blog\/2016\/05\/19\/thaci-te-shtunen-ne-mal-te-zi-per-demarkacionin\/#primaryimage\",\"url\":\"https:\/\/www.visit-ulcinj.com\/blog\/wp-content\/uploads\/2015\/09\/Thaci-Gjukanivic.jpg\",\"contentUrl\":\"https:\/\/www.visit-ulcinj.com\/blog\/wp-content\/uploads\/2015\/09\/Thaci-Gjukanivic.jpg\",\"width\":620,\"height\":348},{\"@type\":\"WebPage\",\"@id\":\"https:\/\/www.visit-ulcinj.com\/blog\/2016\/05\/19\/thaci-te-shtunen-ne-mal-te-zi-per-demarkacionin\/#webpage\",\"url\":\"https:\/\/www.visit-ulcinj.com\/blog\/2016\/05\/19\/thaci-te-shtunen-ne-mal-te-zi-per-demarkacionin\/\",\"name\":\"Tha\u00e7i t\u00eb shtun\u00ebn n\u00eb Mal t\u00eb Zi p\u00ebr demarkacionin - Lajme nga Ulqini\",\"isPartOf\":{\"@id\":\"https:\/\/www.visit-ulcinj.com\/blog\/#website\"},\"primaryImageOfPage\":{\"@id\":\"https:\/\/www.visit-ulcinj.com\/blog\/2016\/05\/19\/thaci-te-shtunen-ne-mal-te-zi-per-demarkacionin\/#primaryimage\"},\"datePublished\":\"2016-05-19T16:40:44+00:00\",\"dateModified\":\"2016-05-19T16:40:44+00:00\",\"author\":{\"@id\":\"https:\/\/www.visit-ulcinj.com\/blog\/#\/schema\/person\/dcab619c614d3038751c63bc2aadc06d\"},\"description\":\"Presidenti i Kosov\u00ebs, Hashim Tha\u00e7i, do t\u00eb udh\u00ebtoj\u00eb t\u00eb shtun\u00ebn p\u00ebr n\u00eb Podgoric\u00eb t\u00eb Malit t\u00eb Zi ku do t\u00eb takohet me kryeministrin e k\u00ebtij vendi, Millo\",\"breadcrumb\":{\"@id\":\"https:\/\/www.visit-ulcinj.com\/blog\/2016\/05\/19\/thaci-te-shtunen-ne-mal-te-zi-per-demarkacionin\/#breadcrumb\"},\"inLanguage\":\"en-US\",\"potentialAction\":[{\"@type\":\"ReadAction\",\"target\":[\"https:\/\/www.visit-ulcinj.com\/blog\/2016\/05\/19\/thaci-te-shtunen-ne-mal-te-zi-per-demarkacionin\/\"]}]},{\"@type\":\"BreadcrumbList\",\"@id\":\"https:\/\/www.visit-ulcinj.com\/blog\/2016\/05\/19\/thaci-te-shtunen-ne-mal-te-zi-per-demarkacionin\/#breadcrumb\",\"itemListElement\":[{\"@type\":\"ListItem\",\"position\":1,\"name\":\"Tha\u00e7i t\u00eb shtun\u00ebn n\u00eb Mal t\u00eb Zi p\u00ebr demarkacionin\"}]},{\"@type\":\"Person\",\"@id\":\"https:\/\/www.visit-ulcinj.com\/blog\/#\/schema\/person\/dcab619c614d3038751c63bc2aadc06d\",\"name\":\"ulqini\",\"sameAs\":[\"http:\/\/www.visit-ulcinj.com\"],\"url\":\"https:\/\/www.visit-ulcinj.com\/blog\/author\/admin\/\"}]}<\/script>\n<!-- \/ Yoast SEO plugin. -->","yoast_head_json":{"title":"Tha\u00e7i t\u00eb shtun\u00ebn n\u00eb Mal t\u00eb Zi p\u00ebr demarkacionin - Lajme nga Ulqini","description":"Presidenti i Kosov\u00ebs, Hashim Tha\u00e7i, do t\u00eb udh\u00ebtoj\u00eb t\u00eb shtun\u00ebn p\u00ebr n\u00eb Podgoric\u00eb t\u00eb Malit t\u00eb Zi ku do t\u00eb takohet me kryeministrin e k\u00ebtij vendi, Millo","robots":{"index":"index","follow":"follow","max-snippet":"max-snippet:-1","max-image-preview":"max-image-preview:large","max-video-preview":"max-video-preview:-1"},"canonical":"https:\/\/www.visit-ulcinj.com\/blog\/2016\/05\/19\/thaci-te-shtunen-ne-mal-te-zi-per-demarkacionin\/","og_locale":"en_US","og_type":"article","og_title":"Tha\u00e7i t\u00eb shtun\u00ebn n\u00eb Mal t\u00eb Zi p\u00ebr demarkacionin - Lajme nga Ulqini","og_description":"Presidenti i Kosov\u00ebs, Hashim Tha\u00e7i, do t\u00eb udh\u00ebtoj\u00eb t\u00eb shtun\u00ebn p\u00ebr n\u00eb Podgoric\u00eb t\u00eb Malit t\u00eb Zi ku do t\u00eb takohet me kryeministrin e k\u00ebtij vendi, Millo","og_url":"https:\/\/www.visit-ulcinj.com\/blog\/2016\/05\/19\/thaci-te-shtunen-ne-mal-te-zi-per-demarkacionin\/","og_site_name":"Lajme nga Ulqini","article_published_time":"2016-05-19T16:40:44+00:00","og_image":[{"url":"http:\/\/www.visit-ulcinj.com\/blog\/wp-content\/uploads\/2015\/09\/Thaci-Gjukanivic.jpg"}],"twitter_misc":{"Written by":"ulqini","Est. reading time":"2 minutes"},"schema":{"@context":"https:\/\/schema.org","@graph":[{"@type":"WebSite","@id":"https:\/\/www.visit-ulcinj.com\/blog\/#website","url":"https:\/\/www.visit-ulcinj.com\/blog\/","name":"Lajme nga Ulqini","description":"Lajme,Vijesti,Ulqini,Ulqin,Crna Gora,Mali i Zi","potentialAction":[{"@type":"SearchAction","target":{"@type":"EntryPoint","urlTemplate":"https:\/\/www.visit-ulcinj.com\/blog\/?s={search_term_string}"},"query-input":"required name=search_term_string"}],"inLanguage":"en-US"},{"@type":"ImageObject","inLanguage":"en-US","@id":"https:\/\/www.visit-ulcinj.com\/blog\/2016\/05\/19\/thaci-te-shtunen-ne-mal-te-zi-per-demarkacionin\/#primaryimage","url":"https:\/\/www.visit-ulcinj.com\/blog\/wp-content\/uploads\/2015\/09\/Thaci-Gjukanivic.jpg","contentUrl":"https:\/\/www.visit-ulcinj.com\/blog\/wp-content\/uploads\/2015\/09\/Thaci-Gjukanivic.jpg","width":620,"height":348},{"@type":"WebPage","@id":"https:\/\/www.visit-ulcinj.com\/blog\/2016\/05\/19\/thaci-te-shtunen-ne-mal-te-zi-per-demarkacionin\/#webpage","url":"https:\/\/www.visit-ulcinj.com\/blog\/2016\/05\/19\/thaci-te-shtunen-ne-mal-te-zi-per-demarkacionin\/","name":"Tha\u00e7i t\u00eb shtun\u00ebn n\u00eb Mal t\u00eb Zi p\u00ebr demarkacionin - Lajme nga Ulqini","isPartOf":{"@id":"https:\/\/www.visit-ulcinj.com\/blog\/#website"},"primaryImageOfPage":{"@id":"https:\/\/www.visit-ulcinj.com\/blog\/2016\/05\/19\/thaci-te-shtunen-ne-mal-te-zi-per-demarkacionin\/#primaryimage"},"datePublished":"2016-05-19T16:40:44+00:00","dateModified":"2016-05-19T16:40:44+00:00","author":{"@id":"https:\/\/www.visit-ulcinj.com\/blog\/#\/schema\/person\/dcab619c614d3038751c63bc2aadc06d"},"description":"Presidenti i Kosov\u00ebs, Hashim Tha\u00e7i, do t\u00eb udh\u00ebtoj\u00eb t\u00eb shtun\u00ebn p\u00ebr n\u00eb Podgoric\u00eb t\u00eb Malit t\u00eb Zi ku do t\u00eb takohet me kryeministrin e k\u00ebtij vendi, Millo","breadcrumb":{"@id":"https:\/\/www.visit-ulcinj.com\/blog\/2016\/05\/19\/thaci-te-shtunen-ne-mal-te-zi-per-demarkacionin\/#breadcrumb"},"inLanguage":"en-US","potentialAction":[{"@type":"ReadAction","target":["https:\/\/www.visit-ulcinj.com\/blog\/2016\/05\/19\/thaci-te-shtunen-ne-mal-te-zi-per-demarkacionin\/"]}]},{"@type":"BreadcrumbList","@id":"https:\/\/www.visit-ulcinj.com\/blog\/2016\/05\/19\/thaci-te-shtunen-ne-mal-te-zi-per-demarkacionin\/#breadcrumb","itemListElement":[{"@type":"ListItem","position":1,"name":"Tha\u00e7i t\u00eb shtun\u00ebn n\u00eb Mal t\u00eb Zi p\u00ebr demarkacionin"}]},{"@type":"Person","@id":"https:\/\/www.visit-ulcinj.com\/blog\/#\/schema\/person\/dcab619c614d3038751c63bc2aadc06d","name":"ulqini","sameAs":["http:\/\/www.visit-ulcinj.com"],"url":"https:\/\/www.visit-ulcinj.com\/blog\/author\/admin\/"}]}},"jetpack_featured_media_url":"","jetpack_sharing_enabled":true,"jetpack_shortlink":"https:\/\/wp.me\/pe6lTn-peb","_links":{"self":[{"href":"https:\/\/www.visit-ulcinj.com\/blog\/wp-json\/wp\/v2\/posts\/96979"}],"collection":[{"href":"https:\/\/www.visit-ulcinj.com\/blog\/wp-json\/wp\/v2\/posts"}],"about":[{"href":"https:\/\/www.visit-ulcinj.com\/blog\/wp-json\/wp\/v2\/types\/post"}],"author":[{"embeddable":true,"href":"https:\/\/www.visit-ulcinj.com\/blog\/wp-json\/wp\/v2\/users\/1"}],"replies":[{"embeddable":true,"href":"https:\/\/www.visit-ulcinj.com\/blog\/wp-json\/wp\/v2\/comments?post=96979"}],"version-history":[{"count":1,"href":"https:\/\/www.visit-ulcinj.com\/blog\/wp-json\/wp\/v2\/posts\/96979\/revisions"}],"predecessor-version":[{"id":96980,"href":"https:\/\/www.visit-ulcinj.com\/blog\/wp-json\/wp\/v2\/posts\/96979\/revisions\/96980"}],"wp:attachment":[{"href":"https:\/\/www.visit-ulcinj.com\/blog\/wp-json\/wp\/v2\/media?parent=96979"}],"wp:term":[{"taxonomy":"category","embeddable":true,"href":"https:\/\/www.visit-ulcinj.com\/blog\/wp-json\/wp\/v2\/categories?post=96979"},{"taxonomy":"post_tag","embeddable":true,"href":"https:\/\/www.visit-ulcinj.com\/blog\/wp-json\/wp\/v2\/tags?post=96979"}],"curies":[{"name":"wp","href":"https:\/\/api.w.org\/{rel}","templated":true}]}}