{"id":96985,"date":"2016-05-20T14:50:54","date_gmt":"2016-05-20T13:50:54","guid":{"rendered":"http:\/\/www.visit-ulcinj.com\/blog\/?p=96985"},"modified":"2016-05-20T14:50:54","modified_gmt":"2016-05-20T13:50:54","slug":"malcolm-takohet-kryetarin-e-komunes-se-ulqinit-nazif-cungu","status":"publish","type":"post","link":"https:\/\/www.visit-ulcinj.com\/blog\/2016\/05\/20\/malcolm-takohet-kryetarin-e-komunes-se-ulqinit-nazif-cungu\/","title":{"rendered":"Malcolm takohet me kryetarin e Komun\u00ebs s\u00eb Ulqinit Nazif Cungu"},"content":{"rendered":"<p><span lang=\"SQ\"><a href=\"http:\/\/www.visit-ulcinj.com\/blog\/wp-content\/uploads\/2016\/05\/Noel-Malcolm-Nazif-Cungu-Familly-Ulcinj-.jpg\"><img loading=\"lazy\" class=\"alignleft wp-image-96986\" src=\"http:\/\/www.visit-ulcinj.com\/blog\/wp-content\/uploads\/2016\/05\/Noel-Malcolm-Nazif-Cungu-Familly-Ulcinj-.jpg\" alt=\"Noel-Malcolm-Nazif-Cungu-Familly-Ulcinj-\" width=\"508\" height=\"337\" srcset=\"https:\/\/www.visit-ulcinj.com\/blog\/wp-content\/uploads\/2016\/05\/Noel-Malcolm-Nazif-Cungu-Familly-Ulcinj-.jpg 750w, https:\/\/www.visit-ulcinj.com\/blog\/wp-content\/uploads\/2016\/05\/Noel-Malcolm-Nazif-Cungu-Familly-Ulcinj--300x199.jpg 300w\" sizes=\"(max-width: 508px) 100vw, 508px\" \/><\/a>Kryetari i komun\u00ebs Nazif Cungu priti n\u00eb kabinetin e tij historianin dhe poliglotin e njohur anglez Noel Malcolm, autorin e librit \u201dAgjent\u00ebt perandorak\u00eb\u201d dhe presidenten e sht\u00ebpis\u00eb botuese \u201cDudaj\u201d<\/span><\/p>\n<p><span lang=\"SQ\">Duke p\u00ebrg\u00ebzuar autorin p\u00ebr librin e tij q\u00eb sjell historit\u00eb e nd\u00ebrthurura t\u00eb\u00a0 dy familjeve shqiptare nga qyteti yn\u00eb, ai e njoftoi mysafirin me t\u00eb kaluar\u00ebn e Ulqinit, por edhe me t\u00eb tashmen. Uroj tha m\u00eb tej Cungu q\u00eb\u00a0 nj\u00eb lib\u00ebr i k\u00ebtyre p\u00ebrmasave i vler\u00ebsuar nga kritika t\u00eb jet\u00eb pjes\u00eb e programeve m\u00ebsimore p\u00ebr t\u00eb rinjt\u00eb dhe student\u00ebt tan\u00eb.<\/span><\/p>\n<p><a href=\"http:\/\/www.visit-ulcinj.com\/blog\/wp-content\/uploads\/2016\/05\/Noel-Malcolm-Nazif-Cungu-.jpg\"><img loading=\"lazy\" class=\"alignleft wp-image-96987\" src=\"http:\/\/www.visit-ulcinj.com\/blog\/wp-content\/uploads\/2016\/05\/Noel-Malcolm-Nazif-Cungu-.jpg\" alt=\"Noel-Malcolm-Nazif-Cungu-\" width=\"508\" height=\"337\" srcset=\"https:\/\/www.visit-ulcinj.com\/blog\/wp-content\/uploads\/2016\/05\/Noel-Malcolm-Nazif-Cungu-.jpg 750w, https:\/\/www.visit-ulcinj.com\/blog\/wp-content\/uploads\/2016\/05\/Noel-Malcolm-Nazif-Cungu--300x199.jpg 300w\" sizes=\"(max-width: 508px) 100vw, 508px\" \/><\/a><\/p>\n<p><span lang=\"SQ\">Vepra \u201cAgjent\u00ebt perandorak\u00eb\u201d mbulon nj\u00eb periudh\u00eb jetike t\u00eb historis\u00eb\u00a0 s\u00eb mesdheut dhe asaj evropiane. Kryetari Cungu, e shoq\u00ebroi autorin edhe n\u00eb ambientet e hotelit Otrant ku u b\u00eb promovimi i k\u00ebsaj vepre.<\/span><\/p>\n","protected":false},"excerpt":{"rendered":"<p>Kryetari i komun\u00ebs Nazif Cungu priti n\u00eb kabinetin e tij historianin dhe poliglotin e njohur anglez Noel Malcolm, autorin e librit \u201dAgjent\u00ebt perandorak\u00eb\u201d dhe presidenten e sht\u00ebpis\u00eb botuese \u201cDudaj\u201d Duke p\u00ebrg\u00ebzuar autorin p\u00ebr librin e tij q\u00eb sjell historit\u00eb e nd\u00ebrthurura t\u00eb\u00a0 dy familjeve shqiptare nga qyteti yn\u00eb, ai e njoftoi mysafirin me t\u00eb kaluar\u00ebn [&hellip;]<\/p>\n","protected":false},"author":1,"featured_media":0,"comment_status":"closed","ping_status":"closed","sticky":false,"template":"","format":"standard","meta":{"spay_email":"","jetpack_publicize_message":"","jetpack_is_tweetstorm":false,"jetpack_publicize_feature_enabled":true},"categories":[4],"tags":[],"jetpack_publicize_connections":[],"yoast_head":"<!-- This site is optimized with the Yoast SEO plugin v19.1 - https:\/\/yoast.com\/wordpress\/plugins\/seo\/ -->\n<title>Malcolm takohet me kryetarin e Komun\u00ebs s\u00eb Ulqinit Nazif Cungu - Lajme nga Ulqini<\/title>\n<meta name=\"description\" content=\"Kryetari i komun\u00ebs Nazif Cungu priti n\u00eb kabinetin e tij historianin dhe poliglotin e njohur anglez Noel Malcolm, autorin e librit \u201dAgjent\u00ebt perandorak\u00eb\u201d\" \/>\n<meta name=\"robots\" content=\"index, follow, max-snippet:-1, max-image-preview:large, max-video-preview:-1\" \/>\n<link rel=\"canonical\" href=\"https:\/\/www.visit-ulcinj.com\/blog\/2016\/05\/20\/malcolm-takohet-kryetarin-e-komunes-se-ulqinit-nazif-cungu\/\" \/>\n<meta property=\"og:locale\" content=\"en_US\" \/>\n<meta property=\"og:type\" content=\"article\" \/>\n<meta property=\"og:title\" content=\"Malcolm takohet me kryetarin e Komun\u00ebs s\u00eb Ulqinit Nazif Cungu - Lajme nga Ulqini\" \/>\n<meta property=\"og:description\" content=\"Kryetari i komun\u00ebs Nazif Cungu priti n\u00eb kabinetin e tij historianin dhe poliglotin e njohur anglez Noel Malcolm, autorin e librit \u201dAgjent\u00ebt perandorak\u00eb\u201d\" \/>\n<meta property=\"og:url\" content=\"https:\/\/www.visit-ulcinj.com\/blog\/2016\/05\/20\/malcolm-takohet-kryetarin-e-komunes-se-ulqinit-nazif-cungu\/\" \/>\n<meta property=\"og:site_name\" content=\"Lajme nga Ulqini\" \/>\n<meta property=\"article:published_time\" content=\"2016-05-20T13:50:54+00:00\" \/>\n<meta property=\"og:image\" content=\"http:\/\/www.visit-ulcinj.com\/blog\/wp-content\/uploads\/2016\/05\/Noel-Malcolm-Nazif-Cungu-Familly-Ulcinj-.jpg\" \/>\n<meta name=\"twitter:label1\" content=\"Written by\" \/>\n\t<meta name=\"twitter:data1\" content=\"ulqini\" \/>\n\t<meta name=\"twitter:label2\" content=\"Est. reading time\" \/>\n\t<meta name=\"twitter:data2\" content=\"1 minute\" \/>\n<script type=\"application\/ld+json\" class=\"yoast-schema-graph\">{\"@context\":\"https:\/\/schema.org\",\"@graph\":[{\"@type\":\"WebSite\",\"@id\":\"https:\/\/www.visit-ulcinj.com\/blog\/#website\",\"url\":\"https:\/\/www.visit-ulcinj.com\/blog\/\",\"name\":\"Lajme nga Ulqini\",\"description\":\"Lajme,Vijesti,Ulqini,Ulqin,Crna Gora,Mali i Zi\",\"potentialAction\":[{\"@type\":\"SearchAction\",\"target\":{\"@type\":\"EntryPoint\",\"urlTemplate\":\"https:\/\/www.visit-ulcinj.com\/blog\/?s={search_term_string}\"},\"query-input\":\"required name=search_term_string\"}],\"inLanguage\":\"en-US\"},{\"@type\":\"ImageObject\",\"inLanguage\":\"en-US\",\"@id\":\"https:\/\/www.visit-ulcinj.com\/blog\/2016\/05\/20\/malcolm-takohet-kryetarin-e-komunes-se-ulqinit-nazif-cungu\/#primaryimage\",\"url\":\"https:\/\/www.visit-ulcinj.com\/blog\/wp-content\/uploads\/2016\/05\/Noel-Malcolm-Nazif-Cungu-Familly-Ulcinj-.jpg\",\"contentUrl\":\"https:\/\/www.visit-ulcinj.com\/blog\/wp-content\/uploads\/2016\/05\/Noel-Malcolm-Nazif-Cungu-Familly-Ulcinj-.jpg\",\"width\":750,\"height\":497},{\"@type\":\"WebPage\",\"@id\":\"https:\/\/www.visit-ulcinj.com\/blog\/2016\/05\/20\/malcolm-takohet-kryetarin-e-komunes-se-ulqinit-nazif-cungu\/#webpage\",\"url\":\"https:\/\/www.visit-ulcinj.com\/blog\/2016\/05\/20\/malcolm-takohet-kryetarin-e-komunes-se-ulqinit-nazif-cungu\/\",\"name\":\"Malcolm takohet me kryetarin e Komun\u00ebs s\u00eb Ulqinit Nazif Cungu - Lajme nga Ulqini\",\"isPartOf\":{\"@id\":\"https:\/\/www.visit-ulcinj.com\/blog\/#website\"},\"primaryImageOfPage\":{\"@id\":\"https:\/\/www.visit-ulcinj.com\/blog\/2016\/05\/20\/malcolm-takohet-kryetarin-e-komunes-se-ulqinit-nazif-cungu\/#primaryimage\"},\"datePublished\":\"2016-05-20T13:50:54+00:00\",\"dateModified\":\"2016-05-20T13:50:54+00:00\",\"author\":{\"@id\":\"https:\/\/www.visit-ulcinj.com\/blog\/#\/schema\/person\/dcab619c614d3038751c63bc2aadc06d\"},\"description\":\"Kryetari i komun\u00ebs Nazif Cungu priti n\u00eb kabinetin e tij historianin dhe poliglotin e njohur anglez Noel Malcolm, autorin e librit \u201dAgjent\u00ebt perandorak\u00eb\u201d\",\"breadcrumb\":{\"@id\":\"https:\/\/www.visit-ulcinj.com\/blog\/2016\/05\/20\/malcolm-takohet-kryetarin-e-komunes-se-ulqinit-nazif-cungu\/#breadcrumb\"},\"inLanguage\":\"en-US\",\"potentialAction\":[{\"@type\":\"ReadAction\",\"target\":[\"https:\/\/www.visit-ulcinj.com\/blog\/2016\/05\/20\/malcolm-takohet-kryetarin-e-komunes-se-ulqinit-nazif-cungu\/\"]}]},{\"@type\":\"BreadcrumbList\",\"@id\":\"https:\/\/www.visit-ulcinj.com\/blog\/2016\/05\/20\/malcolm-takohet-kryetarin-e-komunes-se-ulqinit-nazif-cungu\/#breadcrumb\",\"itemListElement\":[{\"@type\":\"ListItem\",\"position\":1,\"name\":\"Malcolm takohet me kryetarin e Komun\u00ebs s\u00eb Ulqinit Nazif Cungu\"}]},{\"@type\":\"Person\",\"@id\":\"https:\/\/www.visit-ulcinj.com\/blog\/#\/schema\/person\/dcab619c614d3038751c63bc2aadc06d\",\"name\":\"ulqini\",\"sameAs\":[\"http:\/\/www.visit-ulcinj.com\"],\"url\":\"https:\/\/www.visit-ulcinj.com\/blog\/author\/admin\/\"}]}<\/script>\n<!-- \/ Yoast SEO plugin. -->","yoast_head_json":{"title":"Malcolm takohet me kryetarin e Komun\u00ebs s\u00eb Ulqinit Nazif Cungu - Lajme nga Ulqini","description":"Kryetari i komun\u00ebs Nazif Cungu priti n\u00eb kabinetin e tij historianin dhe poliglotin e njohur anglez Noel Malcolm, autorin e librit \u201dAgjent\u00ebt perandorak\u00eb\u201d","robots":{"index":"index","follow":"follow","max-snippet":"max-snippet:-1","max-image-preview":"max-image-preview:large","max-video-preview":"max-video-preview:-1"},"canonical":"https:\/\/www.visit-ulcinj.com\/blog\/2016\/05\/20\/malcolm-takohet-kryetarin-e-komunes-se-ulqinit-nazif-cungu\/","og_locale":"en_US","og_type":"article","og_title":"Malcolm takohet me kryetarin e Komun\u00ebs s\u00eb Ulqinit Nazif Cungu - Lajme nga Ulqini","og_description":"Kryetari i komun\u00ebs Nazif Cungu priti n\u00eb kabinetin e tij historianin dhe poliglotin e njohur anglez Noel Malcolm, autorin e librit \u201dAgjent\u00ebt perandorak\u00eb\u201d","og_url":"https:\/\/www.visit-ulcinj.com\/blog\/2016\/05\/20\/malcolm-takohet-kryetarin-e-komunes-se-ulqinit-nazif-cungu\/","og_site_name":"Lajme nga Ulqini","article_published_time":"2016-05-20T13:50:54+00:00","og_image":[{"url":"http:\/\/www.visit-ulcinj.com\/blog\/wp-content\/uploads\/2016\/05\/Noel-Malcolm-Nazif-Cungu-Familly-Ulcinj-.jpg"}],"twitter_misc":{"Written by":"ulqini","Est. reading time":"1 minute"},"schema":{"@context":"https:\/\/schema.org","@graph":[{"@type":"WebSite","@id":"https:\/\/www.visit-ulcinj.com\/blog\/#website","url":"https:\/\/www.visit-ulcinj.com\/blog\/","name":"Lajme nga Ulqini","description":"Lajme,Vijesti,Ulqini,Ulqin,Crna Gora,Mali i Zi","potentialAction":[{"@type":"SearchAction","target":{"@type":"EntryPoint","urlTemplate":"https:\/\/www.visit-ulcinj.com\/blog\/?s={search_term_string}"},"query-input":"required name=search_term_string"}],"inLanguage":"en-US"},{"@type":"ImageObject","inLanguage":"en-US","@id":"https:\/\/www.visit-ulcinj.com\/blog\/2016\/05\/20\/malcolm-takohet-kryetarin-e-komunes-se-ulqinit-nazif-cungu\/#primaryimage","url":"https:\/\/www.visit-ulcinj.com\/blog\/wp-content\/uploads\/2016\/05\/Noel-Malcolm-Nazif-Cungu-Familly-Ulcinj-.jpg","contentUrl":"https:\/\/www.visit-ulcinj.com\/blog\/wp-content\/uploads\/2016\/05\/Noel-Malcolm-Nazif-Cungu-Familly-Ulcinj-.jpg","width":750,"height":497},{"@type":"WebPage","@id":"https:\/\/www.visit-ulcinj.com\/blog\/2016\/05\/20\/malcolm-takohet-kryetarin-e-komunes-se-ulqinit-nazif-cungu\/#webpage","url":"https:\/\/www.visit-ulcinj.com\/blog\/2016\/05\/20\/malcolm-takohet-kryetarin-e-komunes-se-ulqinit-nazif-cungu\/","name":"Malcolm takohet me kryetarin e Komun\u00ebs s\u00eb Ulqinit Nazif Cungu - Lajme nga Ulqini","isPartOf":{"@id":"https:\/\/www.visit-ulcinj.com\/blog\/#website"},"primaryImageOfPage":{"@id":"https:\/\/www.visit-ulcinj.com\/blog\/2016\/05\/20\/malcolm-takohet-kryetarin-e-komunes-se-ulqinit-nazif-cungu\/#primaryimage"},"datePublished":"2016-05-20T13:50:54+00:00","dateModified":"2016-05-20T13:50:54+00:00","author":{"@id":"https:\/\/www.visit-ulcinj.com\/blog\/#\/schema\/person\/dcab619c614d3038751c63bc2aadc06d"},"description":"Kryetari i komun\u00ebs Nazif Cungu priti n\u00eb kabinetin e tij historianin dhe poliglotin e njohur anglez Noel Malcolm, autorin e librit \u201dAgjent\u00ebt perandorak\u00eb\u201d","breadcrumb":{"@id":"https:\/\/www.visit-ulcinj.com\/blog\/2016\/05\/20\/malcolm-takohet-kryetarin-e-komunes-se-ulqinit-nazif-cungu\/#breadcrumb"},"inLanguage":"en-US","potentialAction":[{"@type":"ReadAction","target":["https:\/\/www.visit-ulcinj.com\/blog\/2016\/05\/20\/malcolm-takohet-kryetarin-e-komunes-se-ulqinit-nazif-cungu\/"]}]},{"@type":"BreadcrumbList","@id":"https:\/\/www.visit-ulcinj.com\/blog\/2016\/05\/20\/malcolm-takohet-kryetarin-e-komunes-se-ulqinit-nazif-cungu\/#breadcrumb","itemListElement":[{"@type":"ListItem","position":1,"name":"Malcolm takohet me kryetarin e Komun\u00ebs s\u00eb Ulqinit Nazif Cungu"}]},{"@type":"Person","@id":"https:\/\/www.visit-ulcinj.com\/blog\/#\/schema\/person\/dcab619c614d3038751c63bc2aadc06d","name":"ulqini","sameAs":["http:\/\/www.visit-ulcinj.com"],"url":"https:\/\/www.visit-ulcinj.com\/blog\/author\/admin\/"}]}},"jetpack_featured_media_url":"","jetpack_sharing_enabled":true,"jetpack_shortlink":"https:\/\/wp.me\/pe6lTn-peh","_links":{"self":[{"href":"https:\/\/www.visit-ulcinj.com\/blog\/wp-json\/wp\/v2\/posts\/96985"}],"collection":[{"href":"https:\/\/www.visit-ulcinj.com\/blog\/wp-json\/wp\/v2\/posts"}],"about":[{"href":"https:\/\/www.visit-ulcinj.com\/blog\/wp-json\/wp\/v2\/types\/post"}],"author":[{"embeddable":true,"href":"https:\/\/www.visit-ulcinj.com\/blog\/wp-json\/wp\/v2\/users\/1"}],"replies":[{"embeddable":true,"href":"https:\/\/www.visit-ulcinj.com\/blog\/wp-json\/wp\/v2\/comments?post=96985"}],"version-history":[{"count":2,"href":"https:\/\/www.visit-ulcinj.com\/blog\/wp-json\/wp\/v2\/posts\/96985\/revisions"}],"predecessor-version":[{"id":97084,"href":"https:\/\/www.visit-ulcinj.com\/blog\/wp-json\/wp\/v2\/posts\/96985\/revisions\/97084"}],"wp:attachment":[{"href":"https:\/\/www.visit-ulcinj.com\/blog\/wp-json\/wp\/v2\/media?parent=96985"}],"wp:term":[{"taxonomy":"category","embeddable":true,"href":"https:\/\/www.visit-ulcinj.com\/blog\/wp-json\/wp\/v2\/categories?post=96985"},{"taxonomy":"post_tag","embeddable":true,"href":"https:\/\/www.visit-ulcinj.com\/blog\/wp-json\/wp\/v2\/tags?post=96985"}],"curies":[{"name":"wp","href":"https:\/\/api.w.org\/{rel}","templated":true}]}}