{"id":97003,"date":"2016-05-20T16:50:52","date_gmt":"2016-05-20T15:50:52","guid":{"rendered":"http:\/\/www.visit-ulcinj.com\/blog\/?p=97003"},"modified":"2016-05-20T16:50:52","modified_gmt":"2016-05-20T15:50:52","slug":"rusia-mali-zi-ne-nato-ne-nuk-te-rrime-duarkryq","status":"publish","type":"post","link":"https:\/\/www.visit-ulcinj.com\/blog\/2016\/05\/20\/rusia-mali-zi-ne-nato-ne-nuk-te-rrime-duarkryq\/","title":{"rendered":"Rusia: Mali i Zi n\u00eb NATO, ne nuk do t\u00eb rrim\u00eb duarkryq"},"content":{"rendered":"<p><a href=\"http:\/\/www.visit-ulcinj.com\/blog\/wp-content\/uploads\/2016\/05\/Maria-Zakharova-.jpg\"><img loading=\"lazy\" class=\"alignleft wp-image-97004\" src=\"http:\/\/www.visit-ulcinj.com\/blog\/wp-content\/uploads\/2016\/05\/Maria-Zakharova-.jpg\" alt=\"Maria Zakharova-\" width=\"508\" height=\"358\" \/><\/a>P\u00ebrpjekjet e NATO-se p\u00ebr t\u00eb ndryshuar peizazhin politik n\u00eb Europ\u00eb ndikojn\u00eb n\u00eb interesat e Rusis\u00eb ka th\u00ebn\u00eb z\u00ebdh\u00ebn\u00ebsja e Ministris\u00eb s\u00eb Jashtme ruse, Maria Zakharova , p\u00ebr agjencionin rus t\u00eb lajmeve Itar Tass, duke v\u00ebn\u00eb n\u00eb pah se \u201can\u00ebtar\u00ebsimi i Malit t\u00eb Zi n\u00eb NATO\u201d nuk do t\u00eb kaloj\u00eb pa nj\u00eb reagim t\u00eb Rusis\u00eb, njofton Klan Kosova.<\/p>\n<p>\u201cP\u00ebrpjekjet e fundit t\u00eb NATO-s\u00eb p\u00ebr t\u00eb ndryshuar peizazhin ushtarak dhe politik ne Europ\u00eb dhe ve\u00e7an\u00ebrisht n\u00eb kontekstin e politik\u00ebs s\u00eb frik\u00ebsimit ndaj Rusis\u00eb, n\u00eb m\u00ebnyr\u00eb t\u00eb pashmangshme do t\u00eb ndikoj\u00eb interesat e Rusis\u00eb dhe na ne m\u00ebnyr\u00eb proporcionale do t\u2019u p\u00ebrgjigjemi\u201d, tha Zakharova.<\/p>\n<p>T\u00eb enjten 28 an\u00ebtar\u00ebt e NATO-se n\u00ebnshkruan Protokollin p\u00ebr pranimin e Malit t\u00eb Zi dhe tani duhet ta ratifikojn\u00eb n\u00eb parlamente nacionale shtete ve\u00e7 e ve\u00e7.<\/p>\n<p>M\u00eb pas Mali i Zi pritet t\u00eb b\u00ebhet an\u00ebtari i 29-t\u00eb i Aleanc\u00ebs.<\/p>\n<p><strong> LajmPress<\/strong><\/p>\n","protected":false},"excerpt":{"rendered":"<p>P\u00ebrpjekjet e NATO-se p\u00ebr t\u00eb ndryshuar peizazhin politik n\u00eb Europ\u00eb ndikojn\u00eb n\u00eb interesat e Rusis\u00eb ka th\u00ebn\u00eb z\u00ebdh\u00ebn\u00ebsja e Ministris\u00eb s\u00eb Jashtme ruse, Maria Zakharova , p\u00ebr agjencionin rus t\u00eb lajmeve Itar Tass, duke v\u00ebn\u00eb n\u00eb pah se \u201can\u00ebtar\u00ebsimi i Malit t\u00eb Zi n\u00eb NATO\u201d nuk do t\u00eb kaloj\u00eb pa nj\u00eb reagim t\u00eb Rusis\u00eb, njofton [&hellip;]<\/p>\n","protected":false},"author":1,"featured_media":0,"comment_status":"closed","ping_status":"closed","sticky":false,"template":"","format":"standard","meta":{"spay_email":"","jetpack_publicize_message":"","jetpack_is_tweetstorm":false,"jetpack_publicize_feature_enabled":true},"categories":[6950],"tags":[],"jetpack_publicize_connections":[],"yoast_head":"<!-- This site is optimized with the Yoast SEO plugin v19.1 - https:\/\/yoast.com\/wordpress\/plugins\/seo\/ -->\n<title>Rusia: Mali i Zi n\u00eb NATO, ne nuk do t\u00eb rrim\u00eb duarkryq - Lajme nga Ulqini<\/title>\n<meta name=\"description\" content=\"P\u00ebrpjekjet e NATO-se p\u00ebr t\u00eb ndryshuar peizazhin politik n\u00eb Europ\u00eb ndikojn\u00eb n\u00eb interesat e Rusis\u00eb ka th\u00ebn\u00eb z\u00ebdh\u00ebn\u00ebsja e Ministris\u00eb s\u00eb Jashtme ruse, Maria\" \/>\n<meta name=\"robots\" content=\"index, follow, max-snippet:-1, max-image-preview:large, max-video-preview:-1\" \/>\n<link rel=\"canonical\" href=\"https:\/\/www.visit-ulcinj.com\/blog\/2016\/05\/20\/rusia-mali-zi-ne-nato-ne-nuk-te-rrime-duarkryq\/\" \/>\n<meta property=\"og:locale\" content=\"en_US\" \/>\n<meta property=\"og:type\" content=\"article\" \/>\n<meta property=\"og:title\" content=\"Rusia: Mali i Zi n\u00eb NATO, ne nuk do t\u00eb rrim\u00eb duarkryq - Lajme nga Ulqini\" \/>\n<meta property=\"og:description\" content=\"P\u00ebrpjekjet e NATO-se p\u00ebr t\u00eb ndryshuar peizazhin politik n\u00eb Europ\u00eb ndikojn\u00eb n\u00eb interesat e Rusis\u00eb ka th\u00ebn\u00eb z\u00ebdh\u00ebn\u00ebsja e Ministris\u00eb s\u00eb Jashtme ruse, Maria\" \/>\n<meta property=\"og:url\" content=\"https:\/\/www.visit-ulcinj.com\/blog\/2016\/05\/20\/rusia-mali-zi-ne-nato-ne-nuk-te-rrime-duarkryq\/\" \/>\n<meta property=\"og:site_name\" content=\"Lajme nga Ulqini\" \/>\n<meta property=\"article:published_time\" content=\"2016-05-20T15:50:52+00:00\" \/>\n<meta property=\"og:image\" content=\"http:\/\/www.visit-ulcinj.com\/blog\/wp-content\/uploads\/2016\/05\/Maria-Zakharova-.jpg\" \/>\n<meta name=\"twitter:label1\" content=\"Written by\" \/>\n\t<meta name=\"twitter:data1\" content=\"ulqini\" \/>\n\t<meta name=\"twitter:label2\" content=\"Est. reading time\" \/>\n\t<meta name=\"twitter:data2\" content=\"1 minute\" \/>\n<script type=\"application\/ld+json\" class=\"yoast-schema-graph\">{\"@context\":\"https:\/\/schema.org\",\"@graph\":[{\"@type\":\"WebSite\",\"@id\":\"https:\/\/www.visit-ulcinj.com\/blog\/#website\",\"url\":\"https:\/\/www.visit-ulcinj.com\/blog\/\",\"name\":\"Lajme nga Ulqini\",\"description\":\"Lajme,Vijesti,Ulqini,Ulqin,Crna Gora,Mali i Zi\",\"potentialAction\":[{\"@type\":\"SearchAction\",\"target\":{\"@type\":\"EntryPoint\",\"urlTemplate\":\"https:\/\/www.visit-ulcinj.com\/blog\/?s={search_term_string}\"},\"query-input\":\"required name=search_term_string\"}],\"inLanguage\":\"en-US\"},{\"@type\":\"ImageObject\",\"inLanguage\":\"en-US\",\"@id\":\"https:\/\/www.visit-ulcinj.com\/blog\/2016\/05\/20\/rusia-mali-zi-ne-nato-ne-nuk-te-rrime-duarkryq\/#primaryimage\",\"url\":\"http:\/\/www.visit-ulcinj.com\/blog\/wp-content\/uploads\/2016\/05\/Maria-Zakharova-.jpg\",\"contentUrl\":\"http:\/\/www.visit-ulcinj.com\/blog\/wp-content\/uploads\/2016\/05\/Maria-Zakharova-.jpg\"},{\"@type\":\"WebPage\",\"@id\":\"https:\/\/www.visit-ulcinj.com\/blog\/2016\/05\/20\/rusia-mali-zi-ne-nato-ne-nuk-te-rrime-duarkryq\/#webpage\",\"url\":\"https:\/\/www.visit-ulcinj.com\/blog\/2016\/05\/20\/rusia-mali-zi-ne-nato-ne-nuk-te-rrime-duarkryq\/\",\"name\":\"Rusia: Mali i Zi n\u00eb NATO, ne nuk do t\u00eb rrim\u00eb duarkryq - Lajme nga Ulqini\",\"isPartOf\":{\"@id\":\"https:\/\/www.visit-ulcinj.com\/blog\/#website\"},\"primaryImageOfPage\":{\"@id\":\"https:\/\/www.visit-ulcinj.com\/blog\/2016\/05\/20\/rusia-mali-zi-ne-nato-ne-nuk-te-rrime-duarkryq\/#primaryimage\"},\"datePublished\":\"2016-05-20T15:50:52+00:00\",\"dateModified\":\"2016-05-20T15:50:52+00:00\",\"author\":{\"@id\":\"https:\/\/www.visit-ulcinj.com\/blog\/#\/schema\/person\/dcab619c614d3038751c63bc2aadc06d\"},\"description\":\"P\u00ebrpjekjet e NATO-se p\u00ebr t\u00eb ndryshuar peizazhin politik n\u00eb Europ\u00eb ndikojn\u00eb n\u00eb interesat e Rusis\u00eb ka th\u00ebn\u00eb z\u00ebdh\u00ebn\u00ebsja e Ministris\u00eb s\u00eb Jashtme ruse, Maria\",\"breadcrumb\":{\"@id\":\"https:\/\/www.visit-ulcinj.com\/blog\/2016\/05\/20\/rusia-mali-zi-ne-nato-ne-nuk-te-rrime-duarkryq\/#breadcrumb\"},\"inLanguage\":\"en-US\",\"potentialAction\":[{\"@type\":\"ReadAction\",\"target\":[\"https:\/\/www.visit-ulcinj.com\/blog\/2016\/05\/20\/rusia-mali-zi-ne-nato-ne-nuk-te-rrime-duarkryq\/\"]}]},{\"@type\":\"BreadcrumbList\",\"@id\":\"https:\/\/www.visit-ulcinj.com\/blog\/2016\/05\/20\/rusia-mali-zi-ne-nato-ne-nuk-te-rrime-duarkryq\/#breadcrumb\",\"itemListElement\":[{\"@type\":\"ListItem\",\"position\":1,\"name\":\"Rusia: Mali i Zi n\u00eb NATO, ne nuk do t\u00eb rrim\u00eb duarkryq\"}]},{\"@type\":\"Person\",\"@id\":\"https:\/\/www.visit-ulcinj.com\/blog\/#\/schema\/person\/dcab619c614d3038751c63bc2aadc06d\",\"name\":\"ulqini\",\"sameAs\":[\"http:\/\/www.visit-ulcinj.com\"],\"url\":\"https:\/\/www.visit-ulcinj.com\/blog\/author\/admin\/\"}]}<\/script>\n<!-- \/ Yoast SEO plugin. -->","yoast_head_json":{"title":"Rusia: Mali i Zi n\u00eb NATO, ne nuk do t\u00eb rrim\u00eb duarkryq - Lajme nga Ulqini","description":"P\u00ebrpjekjet e NATO-se p\u00ebr t\u00eb ndryshuar peizazhin politik n\u00eb Europ\u00eb ndikojn\u00eb n\u00eb interesat e Rusis\u00eb ka th\u00ebn\u00eb z\u00ebdh\u00ebn\u00ebsja e Ministris\u00eb s\u00eb Jashtme ruse, Maria","robots":{"index":"index","follow":"follow","max-snippet":"max-snippet:-1","max-image-preview":"max-image-preview:large","max-video-preview":"max-video-preview:-1"},"canonical":"https:\/\/www.visit-ulcinj.com\/blog\/2016\/05\/20\/rusia-mali-zi-ne-nato-ne-nuk-te-rrime-duarkryq\/","og_locale":"en_US","og_type":"article","og_title":"Rusia: Mali i Zi n\u00eb NATO, ne nuk do t\u00eb rrim\u00eb duarkryq - Lajme nga Ulqini","og_description":"P\u00ebrpjekjet e NATO-se p\u00ebr t\u00eb ndryshuar peizazhin politik n\u00eb Europ\u00eb ndikojn\u00eb n\u00eb interesat e Rusis\u00eb ka th\u00ebn\u00eb z\u00ebdh\u00ebn\u00ebsja e Ministris\u00eb s\u00eb Jashtme ruse, Maria","og_url":"https:\/\/www.visit-ulcinj.com\/blog\/2016\/05\/20\/rusia-mali-zi-ne-nato-ne-nuk-te-rrime-duarkryq\/","og_site_name":"Lajme nga Ulqini","article_published_time":"2016-05-20T15:50:52+00:00","og_image":[{"url":"http:\/\/www.visit-ulcinj.com\/blog\/wp-content\/uploads\/2016\/05\/Maria-Zakharova-.jpg"}],"twitter_misc":{"Written by":"ulqini","Est. reading time":"1 minute"},"schema":{"@context":"https:\/\/schema.org","@graph":[{"@type":"WebSite","@id":"https:\/\/www.visit-ulcinj.com\/blog\/#website","url":"https:\/\/www.visit-ulcinj.com\/blog\/","name":"Lajme nga Ulqini","description":"Lajme,Vijesti,Ulqini,Ulqin,Crna Gora,Mali i Zi","potentialAction":[{"@type":"SearchAction","target":{"@type":"EntryPoint","urlTemplate":"https:\/\/www.visit-ulcinj.com\/blog\/?s={search_term_string}"},"query-input":"required name=search_term_string"}],"inLanguage":"en-US"},{"@type":"ImageObject","inLanguage":"en-US","@id":"https:\/\/www.visit-ulcinj.com\/blog\/2016\/05\/20\/rusia-mali-zi-ne-nato-ne-nuk-te-rrime-duarkryq\/#primaryimage","url":"http:\/\/www.visit-ulcinj.com\/blog\/wp-content\/uploads\/2016\/05\/Maria-Zakharova-.jpg","contentUrl":"http:\/\/www.visit-ulcinj.com\/blog\/wp-content\/uploads\/2016\/05\/Maria-Zakharova-.jpg"},{"@type":"WebPage","@id":"https:\/\/www.visit-ulcinj.com\/blog\/2016\/05\/20\/rusia-mali-zi-ne-nato-ne-nuk-te-rrime-duarkryq\/#webpage","url":"https:\/\/www.visit-ulcinj.com\/blog\/2016\/05\/20\/rusia-mali-zi-ne-nato-ne-nuk-te-rrime-duarkryq\/","name":"Rusia: Mali i Zi n\u00eb NATO, ne nuk do t\u00eb rrim\u00eb duarkryq - Lajme nga Ulqini","isPartOf":{"@id":"https:\/\/www.visit-ulcinj.com\/blog\/#website"},"primaryImageOfPage":{"@id":"https:\/\/www.visit-ulcinj.com\/blog\/2016\/05\/20\/rusia-mali-zi-ne-nato-ne-nuk-te-rrime-duarkryq\/#primaryimage"},"datePublished":"2016-05-20T15:50:52+00:00","dateModified":"2016-05-20T15:50:52+00:00","author":{"@id":"https:\/\/www.visit-ulcinj.com\/blog\/#\/schema\/person\/dcab619c614d3038751c63bc2aadc06d"},"description":"P\u00ebrpjekjet e NATO-se p\u00ebr t\u00eb ndryshuar peizazhin politik n\u00eb Europ\u00eb ndikojn\u00eb n\u00eb interesat e Rusis\u00eb ka th\u00ebn\u00eb z\u00ebdh\u00ebn\u00ebsja e Ministris\u00eb s\u00eb Jashtme ruse, Maria","breadcrumb":{"@id":"https:\/\/www.visit-ulcinj.com\/blog\/2016\/05\/20\/rusia-mali-zi-ne-nato-ne-nuk-te-rrime-duarkryq\/#breadcrumb"},"inLanguage":"en-US","potentialAction":[{"@type":"ReadAction","target":["https:\/\/www.visit-ulcinj.com\/blog\/2016\/05\/20\/rusia-mali-zi-ne-nato-ne-nuk-te-rrime-duarkryq\/"]}]},{"@type":"BreadcrumbList","@id":"https:\/\/www.visit-ulcinj.com\/blog\/2016\/05\/20\/rusia-mali-zi-ne-nato-ne-nuk-te-rrime-duarkryq\/#breadcrumb","itemListElement":[{"@type":"ListItem","position":1,"name":"Rusia: Mali i Zi n\u00eb NATO, ne nuk do t\u00eb rrim\u00eb duarkryq"}]},{"@type":"Person","@id":"https:\/\/www.visit-ulcinj.com\/blog\/#\/schema\/person\/dcab619c614d3038751c63bc2aadc06d","name":"ulqini","sameAs":["http:\/\/www.visit-ulcinj.com"],"url":"https:\/\/www.visit-ulcinj.com\/blog\/author\/admin\/"}]}},"jetpack_featured_media_url":"","jetpack_sharing_enabled":true,"jetpack_shortlink":"https:\/\/wp.me\/pe6lTn-pez","_links":{"self":[{"href":"https:\/\/www.visit-ulcinj.com\/blog\/wp-json\/wp\/v2\/posts\/97003"}],"collection":[{"href":"https:\/\/www.visit-ulcinj.com\/blog\/wp-json\/wp\/v2\/posts"}],"about":[{"href":"https:\/\/www.visit-ulcinj.com\/blog\/wp-json\/wp\/v2\/types\/post"}],"author":[{"embeddable":true,"href":"https:\/\/www.visit-ulcinj.com\/blog\/wp-json\/wp\/v2\/users\/1"}],"replies":[{"embeddable":true,"href":"https:\/\/www.visit-ulcinj.com\/blog\/wp-json\/wp\/v2\/comments?post=97003"}],"version-history":[{"count":1,"href":"https:\/\/www.visit-ulcinj.com\/blog\/wp-json\/wp\/v2\/posts\/97003\/revisions"}],"predecessor-version":[{"id":97005,"href":"https:\/\/www.visit-ulcinj.com\/blog\/wp-json\/wp\/v2\/posts\/97003\/revisions\/97005"}],"wp:attachment":[{"href":"https:\/\/www.visit-ulcinj.com\/blog\/wp-json\/wp\/v2\/media?parent=97003"}],"wp:term":[{"taxonomy":"category","embeddable":true,"href":"https:\/\/www.visit-ulcinj.com\/blog\/wp-json\/wp\/v2\/categories?post=97003"},{"taxonomy":"post_tag","embeddable":true,"href":"https:\/\/www.visit-ulcinj.com\/blog\/wp-json\/wp\/v2\/tags?post=97003"}],"curies":[{"name":"wp","href":"https:\/\/api.w.org\/{rel}","templated":true}]}}