{"id":97009,"date":"2016-05-20T16:58:53","date_gmt":"2016-05-20T15:58:53","guid":{"rendered":"http:\/\/www.visit-ulcinj.com\/blog\/?p=97009"},"modified":"2016-05-20T16:58:53","modified_gmt":"2016-05-20T15:58:53","slug":"deputeti-shqiptar-gjeloshaj-bojkoton-punimet-e-parlamentit-ne-mal-te-zi","status":"publish","type":"post","link":"https:\/\/www.visit-ulcinj.com\/blog\/2016\/05\/20\/deputeti-shqiptar-gjeloshaj-bojkoton-punimet-e-parlamentit-ne-mal-te-zi\/","title":{"rendered":"Deputeti shqiptar Gjeloshaj bojkoton punimet e Parlamentit n\u00eb Mal t\u00eb Zi"},"content":{"rendered":"<p><strong><a href=\"http:\/\/www.visit-ulcinj.com\/blog\/wp-content\/uploads\/2015\/02\/Nik-Gjeloshaj-Parlamenti-i-Malit-te-Zi-1.jpg\"><img loading=\"lazy\" class=\"alignleft wp-image-88870\" src=\"http:\/\/www.visit-ulcinj.com\/blog\/wp-content\/uploads\/2015\/02\/Nik-Gjeloshaj-Parlamenti-i-Malit-te-Zi-1.jpg\" alt=\"Nik-Gjeloshaj-Parlamenti-i-Malit-te-Zi-1\" width=\"508\" height=\"311\" srcset=\"https:\/\/www.visit-ulcinj.com\/blog\/wp-content\/uploads\/2015\/02\/Nik-Gjeloshaj-Parlamenti-i-Malit-te-Zi-1.jpg 580w, https:\/\/www.visit-ulcinj.com\/blog\/wp-content\/uploads\/2015\/02\/Nik-Gjeloshaj-Parlamenti-i-Malit-te-Zi-1-300x184.jpg 300w\" sizes=\"(max-width: 508px) 100vw, 508px\" \/><\/a>Nj\u00eb fjalor i botuar s\u00eb fundmi nga Akademis\u00eb e Shkencave dhe Arteve t\u00eb Malit t\u00eb Zi, ka b\u00ebr\u00eb q\u00eb deputeti i Alternativ\u00ebs Shqiptare n\u00eb Parlamentin malazez, Nik Gjeloshaj, n\u00eb shenj\u00eb proteste t\u2019i bojkotoj\u00eb punimet e Parlamentit, njofton portali Mal\u00ebsia, p\u00ebrcjell\u00eb Klan Kosova.<\/strong><\/p>\n<p>Gjeloshaj, q\u00eb njoftimin p\u00ebr bojkot e ka prezantuar edhe n\u00eb llogarin\u00eb e tij n\u00eb Facebook, \u00ebsht\u00eb deputeti i vet\u00ebm shqiptar q\u00eb deri m\u00eb tani ka nd\u00ebrmarr\u00eb nj\u00eb veprim t\u00eb till\u00eb.<\/p>\n<p>Ai n\u00eb seanc\u00ebn e djeshme ka th\u00ebn\u00eb se \u201cshqiptaret nuk jan\u00eb ardhacak n\u00eb k\u00ebto troje, nuk jan\u00eb pushtues, okupator apo imponues, mal\u00ebsoret jan\u00eb shqiptar si gjith\u00eb shqiptaret tjer\u00eb\u201d.<\/p>\n<p>\u201cN\u00eb shenj\u00eb proteste ndaj veprimeve t\u00eb fundit t\u00eb Akademis\u00eb s\u00eb shkencave dhe arteve t\u00eb Malit t\u00eb Zi, kam vendosur t\u00eb largohem nga punimet e Parlamentit t\u00eb Malit t\u00eb Zi deri sa ta shoh\u00eb t\u00eb arsyeshme dhe n\u00eb interes t\u00eb qytetar\u00ebve shqiptar\u00eb kthimin tim n\u00eb k\u00ebt\u00eb Parlament\u201d, shkruan Gjeloshaj.<\/p>\n<p>Madje, Gjeloshaj veprimin e tij th\u00ebrret q\u00eb ta p\u00ebrcjellin edhe deputet\u00ebt e tjer\u00eb shqiptar\u00eb.<\/p>\n<p>\u201cApeli im \u00ebsht\u00eb q\u00eb edhe deputet\u00ebt tjer\u00eb shqiptar\u00eb t\u00eb largohen nga Parlamenti dhe t\u00eb aktivizohen n\u00eb m\u00ebnyr\u00eb q\u00eb t\u00eb gjith\u00eb bashk\u00ebrisht t\u00eb \u2018zgjojm\u00eb\u2019 organet kompetente q\u00eb t\u00eb reagojn\u00eb dhe ta ndalojn\u00eb botimin e k\u00ebtij fjalori i cili p\u00ebrhap urrejtje nacionale, fyerje t\u00eb ndjenjave komb\u00ebtare dhe t\u00eb drejtave t\u00eb shqiptar\u00ebve\u201d.<\/p>\n<p>N\u00ebse di\u00e7ka e till\u00eb nuk ndodh, Gjeloshaj ka paralajm\u00ebruar edhe padi ndaj Akademis\u00eb malazeze.<\/p>\n<p><strong>Gazeta Monitor<\/strong><\/p>\n","protected":false},"excerpt":{"rendered":"<p>Nj\u00eb fjalor i botuar s\u00eb fundmi nga Akademis\u00eb e Shkencave dhe Arteve t\u00eb Malit t\u00eb Zi, ka b\u00ebr\u00eb q\u00eb deputeti i Alternativ\u00ebs Shqiptare n\u00eb Parlamentin malazez, Nik Gjeloshaj, n\u00eb shenj\u00eb proteste t\u2019i bojkotoj\u00eb punimet e Parlamentit, njofton portali Mal\u00ebsia, p\u00ebrcjell\u00eb Klan Kosova. Gjeloshaj, q\u00eb njoftimin p\u00ebr bojkot e ka prezantuar edhe n\u00eb llogarin\u00eb e tij [&hellip;]<\/p>\n","protected":false},"author":1,"featured_media":0,"comment_status":"closed","ping_status":"closed","sticky":false,"template":"","format":"standard","meta":{"spay_email":"","jetpack_publicize_message":"","jetpack_is_tweetstorm":false,"jetpack_publicize_feature_enabled":true},"categories":[6],"tags":[],"jetpack_publicize_connections":[],"yoast_head":"<!-- This site is optimized with the Yoast SEO plugin v19.1 - https:\/\/yoast.com\/wordpress\/plugins\/seo\/ -->\n<title>Deputeti shqiptar Gjeloshaj bojkoton punimet e Parlamentit n\u00eb Mal t\u00eb Zi - Lajme nga Ulqini<\/title>\n<meta name=\"description\" content=\"Nj\u00eb fjalor i botuar s\u00eb fundmi nga Akademis\u00eb e Shkencave dhe Arteve t\u00eb Malit t\u00eb Zi, ka b\u00ebr\u00eb q\u00eb deputeti i Alternativ\u00ebs Shqiptare n\u00eb Parlamentin malazez,\" \/>\n<meta name=\"robots\" content=\"index, follow, max-snippet:-1, max-image-preview:large, max-video-preview:-1\" \/>\n<link rel=\"canonical\" href=\"https:\/\/www.visit-ulcinj.com\/blog\/2016\/05\/20\/deputeti-shqiptar-gjeloshaj-bojkoton-punimet-e-parlamentit-ne-mal-te-zi\/\" \/>\n<meta property=\"og:locale\" content=\"en_US\" \/>\n<meta property=\"og:type\" content=\"article\" \/>\n<meta property=\"og:title\" content=\"Deputeti shqiptar Gjeloshaj bojkoton punimet e Parlamentit n\u00eb Mal t\u00eb Zi - Lajme nga Ulqini\" \/>\n<meta property=\"og:description\" content=\"Nj\u00eb fjalor i botuar s\u00eb fundmi nga Akademis\u00eb e Shkencave dhe Arteve t\u00eb Malit t\u00eb Zi, ka b\u00ebr\u00eb q\u00eb deputeti i Alternativ\u00ebs Shqiptare n\u00eb Parlamentin malazez,\" \/>\n<meta property=\"og:url\" content=\"https:\/\/www.visit-ulcinj.com\/blog\/2016\/05\/20\/deputeti-shqiptar-gjeloshaj-bojkoton-punimet-e-parlamentit-ne-mal-te-zi\/\" \/>\n<meta property=\"og:site_name\" content=\"Lajme nga Ulqini\" \/>\n<meta property=\"article:published_time\" content=\"2016-05-20T15:58:53+00:00\" \/>\n<meta property=\"og:image\" content=\"http:\/\/www.visit-ulcinj.com\/blog\/wp-content\/uploads\/2015\/02\/Nik-Gjeloshaj-Parlamenti-i-Malit-te-Zi-1.jpg\" \/>\n<meta name=\"twitter:label1\" content=\"Written by\" \/>\n\t<meta name=\"twitter:data1\" content=\"ulqini\" \/>\n\t<meta name=\"twitter:label2\" content=\"Est. reading time\" \/>\n\t<meta name=\"twitter:data2\" content=\"1 minute\" \/>\n<script type=\"application\/ld+json\" class=\"yoast-schema-graph\">{\"@context\":\"https:\/\/schema.org\",\"@graph\":[{\"@type\":\"WebSite\",\"@id\":\"https:\/\/www.visit-ulcinj.com\/blog\/#website\",\"url\":\"https:\/\/www.visit-ulcinj.com\/blog\/\",\"name\":\"Lajme nga Ulqini\",\"description\":\"Lajme,Vijesti,Ulqini,Ulqin,Crna Gora,Mali i Zi\",\"potentialAction\":[{\"@type\":\"SearchAction\",\"target\":{\"@type\":\"EntryPoint\",\"urlTemplate\":\"https:\/\/www.visit-ulcinj.com\/blog\/?s={search_term_string}\"},\"query-input\":\"required name=search_term_string\"}],\"inLanguage\":\"en-US\"},{\"@type\":\"ImageObject\",\"inLanguage\":\"en-US\",\"@id\":\"https:\/\/www.visit-ulcinj.com\/blog\/2016\/05\/20\/deputeti-shqiptar-gjeloshaj-bojkoton-punimet-e-parlamentit-ne-mal-te-zi\/#primaryimage\",\"url\":\"https:\/\/www.visit-ulcinj.com\/blog\/wp-content\/uploads\/2015\/02\/Nik-Gjeloshaj-Parlamenti-i-Malit-te-Zi-1.jpg\",\"contentUrl\":\"https:\/\/www.visit-ulcinj.com\/blog\/wp-content\/uploads\/2015\/02\/Nik-Gjeloshaj-Parlamenti-i-Malit-te-Zi-1.jpg\",\"width\":580,\"height\":355},{\"@type\":\"WebPage\",\"@id\":\"https:\/\/www.visit-ulcinj.com\/blog\/2016\/05\/20\/deputeti-shqiptar-gjeloshaj-bojkoton-punimet-e-parlamentit-ne-mal-te-zi\/#webpage\",\"url\":\"https:\/\/www.visit-ulcinj.com\/blog\/2016\/05\/20\/deputeti-shqiptar-gjeloshaj-bojkoton-punimet-e-parlamentit-ne-mal-te-zi\/\",\"name\":\"Deputeti shqiptar Gjeloshaj bojkoton punimet e Parlamentit n\u00eb Mal t\u00eb Zi - Lajme nga Ulqini\",\"isPartOf\":{\"@id\":\"https:\/\/www.visit-ulcinj.com\/blog\/#website\"},\"primaryImageOfPage\":{\"@id\":\"https:\/\/www.visit-ulcinj.com\/blog\/2016\/05\/20\/deputeti-shqiptar-gjeloshaj-bojkoton-punimet-e-parlamentit-ne-mal-te-zi\/#primaryimage\"},\"datePublished\":\"2016-05-20T15:58:53+00:00\",\"dateModified\":\"2016-05-20T15:58:53+00:00\",\"author\":{\"@id\":\"https:\/\/www.visit-ulcinj.com\/blog\/#\/schema\/person\/dcab619c614d3038751c63bc2aadc06d\"},\"description\":\"Nj\u00eb fjalor i botuar s\u00eb fundmi nga Akademis\u00eb e Shkencave dhe Arteve t\u00eb Malit t\u00eb Zi, ka b\u00ebr\u00eb q\u00eb deputeti i Alternativ\u00ebs Shqiptare n\u00eb Parlamentin malazez,\",\"breadcrumb\":{\"@id\":\"https:\/\/www.visit-ulcinj.com\/blog\/2016\/05\/20\/deputeti-shqiptar-gjeloshaj-bojkoton-punimet-e-parlamentit-ne-mal-te-zi\/#breadcrumb\"},\"inLanguage\":\"en-US\",\"potentialAction\":[{\"@type\":\"ReadAction\",\"target\":[\"https:\/\/www.visit-ulcinj.com\/blog\/2016\/05\/20\/deputeti-shqiptar-gjeloshaj-bojkoton-punimet-e-parlamentit-ne-mal-te-zi\/\"]}]},{\"@type\":\"BreadcrumbList\",\"@id\":\"https:\/\/www.visit-ulcinj.com\/blog\/2016\/05\/20\/deputeti-shqiptar-gjeloshaj-bojkoton-punimet-e-parlamentit-ne-mal-te-zi\/#breadcrumb\",\"itemListElement\":[{\"@type\":\"ListItem\",\"position\":1,\"name\":\"Deputeti shqiptar Gjeloshaj bojkoton punimet e Parlamentit n\u00eb Mal t\u00eb Zi\"}]},{\"@type\":\"Person\",\"@id\":\"https:\/\/www.visit-ulcinj.com\/blog\/#\/schema\/person\/dcab619c614d3038751c63bc2aadc06d\",\"name\":\"ulqini\",\"sameAs\":[\"http:\/\/www.visit-ulcinj.com\"],\"url\":\"https:\/\/www.visit-ulcinj.com\/blog\/author\/admin\/\"}]}<\/script>\n<!-- \/ Yoast SEO plugin. -->","yoast_head_json":{"title":"Deputeti shqiptar Gjeloshaj bojkoton punimet e Parlamentit n\u00eb Mal t\u00eb Zi - Lajme nga Ulqini","description":"Nj\u00eb fjalor i botuar s\u00eb fundmi nga Akademis\u00eb e Shkencave dhe Arteve t\u00eb Malit t\u00eb Zi, ka b\u00ebr\u00eb q\u00eb deputeti i Alternativ\u00ebs Shqiptare n\u00eb Parlamentin malazez,","robots":{"index":"index","follow":"follow","max-snippet":"max-snippet:-1","max-image-preview":"max-image-preview:large","max-video-preview":"max-video-preview:-1"},"canonical":"https:\/\/www.visit-ulcinj.com\/blog\/2016\/05\/20\/deputeti-shqiptar-gjeloshaj-bojkoton-punimet-e-parlamentit-ne-mal-te-zi\/","og_locale":"en_US","og_type":"article","og_title":"Deputeti shqiptar Gjeloshaj bojkoton punimet e Parlamentit n\u00eb Mal t\u00eb Zi - Lajme nga Ulqini","og_description":"Nj\u00eb fjalor i botuar s\u00eb fundmi nga Akademis\u00eb e Shkencave dhe Arteve t\u00eb Malit t\u00eb Zi, ka b\u00ebr\u00eb q\u00eb deputeti i Alternativ\u00ebs Shqiptare n\u00eb Parlamentin malazez,","og_url":"https:\/\/www.visit-ulcinj.com\/blog\/2016\/05\/20\/deputeti-shqiptar-gjeloshaj-bojkoton-punimet-e-parlamentit-ne-mal-te-zi\/","og_site_name":"Lajme nga Ulqini","article_published_time":"2016-05-20T15:58:53+00:00","og_image":[{"url":"http:\/\/www.visit-ulcinj.com\/blog\/wp-content\/uploads\/2015\/02\/Nik-Gjeloshaj-Parlamenti-i-Malit-te-Zi-1.jpg"}],"twitter_misc":{"Written by":"ulqini","Est. reading time":"1 minute"},"schema":{"@context":"https:\/\/schema.org","@graph":[{"@type":"WebSite","@id":"https:\/\/www.visit-ulcinj.com\/blog\/#website","url":"https:\/\/www.visit-ulcinj.com\/blog\/","name":"Lajme nga Ulqini","description":"Lajme,Vijesti,Ulqini,Ulqin,Crna Gora,Mali i Zi","potentialAction":[{"@type":"SearchAction","target":{"@type":"EntryPoint","urlTemplate":"https:\/\/www.visit-ulcinj.com\/blog\/?s={search_term_string}"},"query-input":"required name=search_term_string"}],"inLanguage":"en-US"},{"@type":"ImageObject","inLanguage":"en-US","@id":"https:\/\/www.visit-ulcinj.com\/blog\/2016\/05\/20\/deputeti-shqiptar-gjeloshaj-bojkoton-punimet-e-parlamentit-ne-mal-te-zi\/#primaryimage","url":"https:\/\/www.visit-ulcinj.com\/blog\/wp-content\/uploads\/2015\/02\/Nik-Gjeloshaj-Parlamenti-i-Malit-te-Zi-1.jpg","contentUrl":"https:\/\/www.visit-ulcinj.com\/blog\/wp-content\/uploads\/2015\/02\/Nik-Gjeloshaj-Parlamenti-i-Malit-te-Zi-1.jpg","width":580,"height":355},{"@type":"WebPage","@id":"https:\/\/www.visit-ulcinj.com\/blog\/2016\/05\/20\/deputeti-shqiptar-gjeloshaj-bojkoton-punimet-e-parlamentit-ne-mal-te-zi\/#webpage","url":"https:\/\/www.visit-ulcinj.com\/blog\/2016\/05\/20\/deputeti-shqiptar-gjeloshaj-bojkoton-punimet-e-parlamentit-ne-mal-te-zi\/","name":"Deputeti shqiptar Gjeloshaj bojkoton punimet e Parlamentit n\u00eb Mal t\u00eb Zi - Lajme nga Ulqini","isPartOf":{"@id":"https:\/\/www.visit-ulcinj.com\/blog\/#website"},"primaryImageOfPage":{"@id":"https:\/\/www.visit-ulcinj.com\/blog\/2016\/05\/20\/deputeti-shqiptar-gjeloshaj-bojkoton-punimet-e-parlamentit-ne-mal-te-zi\/#primaryimage"},"datePublished":"2016-05-20T15:58:53+00:00","dateModified":"2016-05-20T15:58:53+00:00","author":{"@id":"https:\/\/www.visit-ulcinj.com\/blog\/#\/schema\/person\/dcab619c614d3038751c63bc2aadc06d"},"description":"Nj\u00eb fjalor i botuar s\u00eb fundmi nga Akademis\u00eb e Shkencave dhe Arteve t\u00eb Malit t\u00eb Zi, ka b\u00ebr\u00eb q\u00eb deputeti i Alternativ\u00ebs Shqiptare n\u00eb Parlamentin malazez,","breadcrumb":{"@id":"https:\/\/www.visit-ulcinj.com\/blog\/2016\/05\/20\/deputeti-shqiptar-gjeloshaj-bojkoton-punimet-e-parlamentit-ne-mal-te-zi\/#breadcrumb"},"inLanguage":"en-US","potentialAction":[{"@type":"ReadAction","target":["https:\/\/www.visit-ulcinj.com\/blog\/2016\/05\/20\/deputeti-shqiptar-gjeloshaj-bojkoton-punimet-e-parlamentit-ne-mal-te-zi\/"]}]},{"@type":"BreadcrumbList","@id":"https:\/\/www.visit-ulcinj.com\/blog\/2016\/05\/20\/deputeti-shqiptar-gjeloshaj-bojkoton-punimet-e-parlamentit-ne-mal-te-zi\/#breadcrumb","itemListElement":[{"@type":"ListItem","position":1,"name":"Deputeti shqiptar Gjeloshaj bojkoton punimet e Parlamentit n\u00eb Mal t\u00eb Zi"}]},{"@type":"Person","@id":"https:\/\/www.visit-ulcinj.com\/blog\/#\/schema\/person\/dcab619c614d3038751c63bc2aadc06d","name":"ulqini","sameAs":["http:\/\/www.visit-ulcinj.com"],"url":"https:\/\/www.visit-ulcinj.com\/blog\/author\/admin\/"}]}},"jetpack_featured_media_url":"","jetpack_sharing_enabled":true,"jetpack_shortlink":"https:\/\/wp.me\/pe6lTn-peF","_links":{"self":[{"href":"https:\/\/www.visit-ulcinj.com\/blog\/wp-json\/wp\/v2\/posts\/97009"}],"collection":[{"href":"https:\/\/www.visit-ulcinj.com\/blog\/wp-json\/wp\/v2\/posts"}],"about":[{"href":"https:\/\/www.visit-ulcinj.com\/blog\/wp-json\/wp\/v2\/types\/post"}],"author":[{"embeddable":true,"href":"https:\/\/www.visit-ulcinj.com\/blog\/wp-json\/wp\/v2\/users\/1"}],"replies":[{"embeddable":true,"href":"https:\/\/www.visit-ulcinj.com\/blog\/wp-json\/wp\/v2\/comments?post=97009"}],"version-history":[{"count":1,"href":"https:\/\/www.visit-ulcinj.com\/blog\/wp-json\/wp\/v2\/posts\/97009\/revisions"}],"predecessor-version":[{"id":97010,"href":"https:\/\/www.visit-ulcinj.com\/blog\/wp-json\/wp\/v2\/posts\/97009\/revisions\/97010"}],"wp:attachment":[{"href":"https:\/\/www.visit-ulcinj.com\/blog\/wp-json\/wp\/v2\/media?parent=97009"}],"wp:term":[{"taxonomy":"category","embeddable":true,"href":"https:\/\/www.visit-ulcinj.com\/blog\/wp-json\/wp\/v2\/categories?post=97009"},{"taxonomy":"post_tag","embeddable":true,"href":"https:\/\/www.visit-ulcinj.com\/blog\/wp-json\/wp\/v2\/tags?post=97009"}],"curies":[{"name":"wp","href":"https:\/\/api.w.org\/{rel}","templated":true}]}}