{"id":97011,"date":"2016-05-20T17:03:39","date_gmt":"2016-05-20T16:03:39","guid":{"rendered":"http:\/\/www.visit-ulcinj.com\/blog\/?p=97011"},"modified":"2016-05-20T17:06:38","modified_gmt":"2016-05-20T16:06:38","slug":"perfundon-trajnimi-rajonal-per-ndalimin-kufitar","status":"publish","type":"post","link":"https:\/\/www.visit-ulcinj.com\/blog\/2016\/05\/20\/perfundon-trajnimi-rajonal-per-ndalimin-kufitar\/","title":{"rendered":"P\u00ebrfundon trajnimi rajonal p\u00ebr ndalimin kufitar"},"content":{"rendered":"<div class=\"txt\">\n<p><a href=\"http:\/\/www.visit-ulcinj.com\/blog\/wp-content\/uploads\/2016\/05\/P\u00ebrfundon-trajnimi-rajonal-policor.jpg\"><img loading=\"lazy\" class=\"alignleft wp-image-97012\" src=\"http:\/\/www.visit-ulcinj.com\/blog\/wp-content\/uploads\/2016\/05\/P\u00ebrfundon-trajnimi-rajonal-policor.jpg\" alt=\"P\u00ebrfundon trajnimi rajonal policor\" width=\"508\" height=\"298\" srcset=\"https:\/\/www.visit-ulcinj.com\/blog\/wp-content\/uploads\/2016\/05\/P\u00ebrfundon-trajnimi-rajonal-policor.jpg 645w, https:\/\/www.visit-ulcinj.com\/blog\/wp-content\/uploads\/2016\/05\/P\u00ebrfundon-trajnimi-rajonal-policor-300x176.jpg 300w\" sizes=\"(max-width: 508px) 100vw, 508px\" \/><\/a>Nj\u00ebzet\u00eb e pes\u00eb zyrtar\u00eb dhe hetues policor\u00eb nga Kosova, Shqip\u00ebria, Maqedonia, Mali i Zi, Serbia, dhe Bosnja e Hercegovina, sot p\u00ebrfundojn\u00eb trajnimin rajonal p\u00ebr ndalimin kufitar.<\/p>\n<p>Ky trajnim \u00ebsht\u00eb financuar nga Komanda Evropiane e Ushtris\u00eb s\u00eb SHBA-ve (EUCOM), dhe e ndihmuar nga Programi Nd\u00ebrkomb\u00ebtar i Sh.B.A.-ve p\u00ebr ndihm\u00eb n\u00eb trajnime p\u00ebr hetime penale (ICITAP).<\/p>\n<p>N\u00eb ceremonin\u00eb p\u00ebrmbyll\u00ebse, e cila do t\u00eb mbahet n\u00eb Akademin\u00eb e Kosov\u00ebs p\u00ebr Siguri Publike n\u00eb Vushtrri, do t\u00eb marr\u00eb pjes\u00eb edhe ambasadori i Sh.B.A.-ve n\u00eb Kosov\u00eb, Greg Delawie, ku do t\u00eb mbaj\u00eb nj\u00eb fjalim dhe do t\u00eb marr\u00eb pjes\u00eb n\u00eb ndarjen e certifikatave.<\/p>\n<\/div>\n<div class=\"marg20B reklama-div position-27\"><strong>\u00a0Bota Sot<\/strong><\/div>\n","protected":false},"excerpt":{"rendered":"<p>Nj\u00ebzet\u00eb e pes\u00eb zyrtar\u00eb dhe hetues policor\u00eb nga Kosova, Shqip\u00ebria, Maqedonia, Mali i Zi, Serbia, dhe Bosnja e Hercegovina, sot p\u00ebrfundojn\u00eb trajnimin rajonal p\u00ebr ndalimin kufitar. Ky trajnim \u00ebsht\u00eb financuar nga Komanda Evropiane e Ushtris\u00eb s\u00eb SHBA-ve (EUCOM), dhe e ndihmuar nga Programi Nd\u00ebrkomb\u00ebtar i Sh.B.A.-ve p\u00ebr ndihm\u00eb n\u00eb trajnime p\u00ebr hetime penale (ICITAP). N\u00eb [&hellip;]<\/p>\n","protected":false},"author":1,"featured_media":0,"comment_status":"closed","ping_status":"closed","sticky":false,"template":"","format":"standard","meta":{"spay_email":"","jetpack_publicize_message":"","jetpack_is_tweetstorm":false,"jetpack_publicize_feature_enabled":true},"categories":[6950],"tags":[],"jetpack_publicize_connections":[],"yoast_head":"<!-- This site is optimized with the Yoast SEO plugin v19.1 - https:\/\/yoast.com\/wordpress\/plugins\/seo\/ -->\n<title>P\u00ebrfundon trajnimi rajonal p\u00ebr ndalimin kufitar - Lajme nga Ulqini<\/title>\n<meta name=\"description\" content=\"Nj\u00ebzet\u00eb e pes\u00eb zyrtar\u00eb dhe hetues policor\u00eb nga Kosova, Shqip\u00ebria, Maqedonia, Mali i Zi, Serbia, dhe Bosnja e Hercegovina, sot p\u00ebrfundojn\u00eb trajnimin\" \/>\n<meta name=\"robots\" content=\"index, follow, max-snippet:-1, max-image-preview:large, max-video-preview:-1\" \/>\n<link rel=\"canonical\" href=\"https:\/\/www.visit-ulcinj.com\/blog\/2016\/05\/20\/perfundon-trajnimi-rajonal-per-ndalimin-kufitar\/\" \/>\n<meta property=\"og:locale\" content=\"en_US\" \/>\n<meta property=\"og:type\" content=\"article\" \/>\n<meta property=\"og:title\" content=\"P\u00ebrfundon trajnimi rajonal p\u00ebr ndalimin kufitar - Lajme nga Ulqini\" \/>\n<meta property=\"og:description\" content=\"Nj\u00ebzet\u00eb e pes\u00eb zyrtar\u00eb dhe hetues policor\u00eb nga Kosova, Shqip\u00ebria, Maqedonia, Mali i Zi, Serbia, dhe Bosnja e Hercegovina, sot p\u00ebrfundojn\u00eb trajnimin\" \/>\n<meta property=\"og:url\" content=\"https:\/\/www.visit-ulcinj.com\/blog\/2016\/05\/20\/perfundon-trajnimi-rajonal-per-ndalimin-kufitar\/\" \/>\n<meta property=\"og:site_name\" content=\"Lajme nga Ulqini\" \/>\n<meta property=\"article:published_time\" content=\"2016-05-20T16:03:39+00:00\" \/>\n<meta property=\"article:modified_time\" content=\"2016-05-20T16:06:38+00:00\" \/>\n<meta name=\"twitter:label1\" content=\"Written by\" \/>\n\t<meta name=\"twitter:data1\" content=\"ulqini\" \/>\n\t<meta name=\"twitter:label2\" content=\"Est. reading time\" \/>\n\t<meta name=\"twitter:data2\" content=\"1 minute\" \/>\n<script type=\"application\/ld+json\" class=\"yoast-schema-graph\">{\"@context\":\"https:\/\/schema.org\",\"@graph\":[{\"@type\":\"WebSite\",\"@id\":\"https:\/\/www.visit-ulcinj.com\/blog\/#website\",\"url\":\"https:\/\/www.visit-ulcinj.com\/blog\/\",\"name\":\"Lajme nga Ulqini\",\"description\":\"Lajme,Vijesti,Ulqini,Ulqin,Crna Gora,Mali i Zi\",\"potentialAction\":[{\"@type\":\"SearchAction\",\"target\":{\"@type\":\"EntryPoint\",\"urlTemplate\":\"https:\/\/www.visit-ulcinj.com\/blog\/?s={search_term_string}\"},\"query-input\":\"required name=search_term_string\"}],\"inLanguage\":\"en-US\"},{\"@type\":\"WebPage\",\"@id\":\"https:\/\/www.visit-ulcinj.com\/blog\/2016\/05\/20\/perfundon-trajnimi-rajonal-per-ndalimin-kufitar\/#webpage\",\"url\":\"https:\/\/www.visit-ulcinj.com\/blog\/2016\/05\/20\/perfundon-trajnimi-rajonal-per-ndalimin-kufitar\/\",\"name\":\"P\u00ebrfundon trajnimi rajonal p\u00ebr ndalimin kufitar - Lajme nga Ulqini\",\"isPartOf\":{\"@id\":\"https:\/\/www.visit-ulcinj.com\/blog\/#website\"},\"datePublished\":\"2016-05-20T16:03:39+00:00\",\"dateModified\":\"2016-05-20T16:06:38+00:00\",\"author\":{\"@id\":\"https:\/\/www.visit-ulcinj.com\/blog\/#\/schema\/person\/dcab619c614d3038751c63bc2aadc06d\"},\"description\":\"Nj\u00ebzet\u00eb e pes\u00eb zyrtar\u00eb dhe hetues policor\u00eb nga Kosova, Shqip\u00ebria, Maqedonia, Mali i Zi, Serbia, dhe Bosnja e Hercegovina, sot p\u00ebrfundojn\u00eb trajnimin\",\"breadcrumb\":{\"@id\":\"https:\/\/www.visit-ulcinj.com\/blog\/2016\/05\/20\/perfundon-trajnimi-rajonal-per-ndalimin-kufitar\/#breadcrumb\"},\"inLanguage\":\"en-US\",\"potentialAction\":[{\"@type\":\"ReadAction\",\"target\":[\"https:\/\/www.visit-ulcinj.com\/blog\/2016\/05\/20\/perfundon-trajnimi-rajonal-per-ndalimin-kufitar\/\"]}]},{\"@type\":\"BreadcrumbList\",\"@id\":\"https:\/\/www.visit-ulcinj.com\/blog\/2016\/05\/20\/perfundon-trajnimi-rajonal-per-ndalimin-kufitar\/#breadcrumb\",\"itemListElement\":[{\"@type\":\"ListItem\",\"position\":1,\"name\":\"P\u00ebrfundon trajnimi rajonal p\u00ebr ndalimin kufitar\"}]},{\"@type\":\"Person\",\"@id\":\"https:\/\/www.visit-ulcinj.com\/blog\/#\/schema\/person\/dcab619c614d3038751c63bc2aadc06d\",\"name\":\"ulqini\",\"sameAs\":[\"http:\/\/www.visit-ulcinj.com\"],\"url\":\"https:\/\/www.visit-ulcinj.com\/blog\/author\/admin\/\"}]}<\/script>\n<!-- \/ Yoast SEO plugin. -->","yoast_head_json":{"title":"P\u00ebrfundon trajnimi rajonal p\u00ebr ndalimin kufitar - Lajme nga Ulqini","description":"Nj\u00ebzet\u00eb e pes\u00eb zyrtar\u00eb dhe hetues policor\u00eb nga Kosova, Shqip\u00ebria, Maqedonia, Mali i Zi, Serbia, dhe Bosnja e Hercegovina, sot p\u00ebrfundojn\u00eb trajnimin","robots":{"index":"index","follow":"follow","max-snippet":"max-snippet:-1","max-image-preview":"max-image-preview:large","max-video-preview":"max-video-preview:-1"},"canonical":"https:\/\/www.visit-ulcinj.com\/blog\/2016\/05\/20\/perfundon-trajnimi-rajonal-per-ndalimin-kufitar\/","og_locale":"en_US","og_type":"article","og_title":"P\u00ebrfundon trajnimi rajonal p\u00ebr ndalimin kufitar - Lajme nga Ulqini","og_description":"Nj\u00ebzet\u00eb e pes\u00eb zyrtar\u00eb dhe hetues policor\u00eb nga Kosova, Shqip\u00ebria, Maqedonia, Mali i Zi, Serbia, dhe Bosnja e Hercegovina, sot p\u00ebrfundojn\u00eb trajnimin","og_url":"https:\/\/www.visit-ulcinj.com\/blog\/2016\/05\/20\/perfundon-trajnimi-rajonal-per-ndalimin-kufitar\/","og_site_name":"Lajme nga Ulqini","article_published_time":"2016-05-20T16:03:39+00:00","article_modified_time":"2016-05-20T16:06:38+00:00","twitter_misc":{"Written by":"ulqini","Est. reading time":"1 minute"},"schema":{"@context":"https:\/\/schema.org","@graph":[{"@type":"WebSite","@id":"https:\/\/www.visit-ulcinj.com\/blog\/#website","url":"https:\/\/www.visit-ulcinj.com\/blog\/","name":"Lajme nga Ulqini","description":"Lajme,Vijesti,Ulqini,Ulqin,Crna Gora,Mali i Zi","potentialAction":[{"@type":"SearchAction","target":{"@type":"EntryPoint","urlTemplate":"https:\/\/www.visit-ulcinj.com\/blog\/?s={search_term_string}"},"query-input":"required name=search_term_string"}],"inLanguage":"en-US"},{"@type":"WebPage","@id":"https:\/\/www.visit-ulcinj.com\/blog\/2016\/05\/20\/perfundon-trajnimi-rajonal-per-ndalimin-kufitar\/#webpage","url":"https:\/\/www.visit-ulcinj.com\/blog\/2016\/05\/20\/perfundon-trajnimi-rajonal-per-ndalimin-kufitar\/","name":"P\u00ebrfundon trajnimi rajonal p\u00ebr ndalimin kufitar - Lajme nga Ulqini","isPartOf":{"@id":"https:\/\/www.visit-ulcinj.com\/blog\/#website"},"datePublished":"2016-05-20T16:03:39+00:00","dateModified":"2016-05-20T16:06:38+00:00","author":{"@id":"https:\/\/www.visit-ulcinj.com\/blog\/#\/schema\/person\/dcab619c614d3038751c63bc2aadc06d"},"description":"Nj\u00ebzet\u00eb e pes\u00eb zyrtar\u00eb dhe hetues policor\u00eb nga Kosova, Shqip\u00ebria, Maqedonia, Mali i Zi, Serbia, dhe Bosnja e Hercegovina, sot p\u00ebrfundojn\u00eb trajnimin","breadcrumb":{"@id":"https:\/\/www.visit-ulcinj.com\/blog\/2016\/05\/20\/perfundon-trajnimi-rajonal-per-ndalimin-kufitar\/#breadcrumb"},"inLanguage":"en-US","potentialAction":[{"@type":"ReadAction","target":["https:\/\/www.visit-ulcinj.com\/blog\/2016\/05\/20\/perfundon-trajnimi-rajonal-per-ndalimin-kufitar\/"]}]},{"@type":"BreadcrumbList","@id":"https:\/\/www.visit-ulcinj.com\/blog\/2016\/05\/20\/perfundon-trajnimi-rajonal-per-ndalimin-kufitar\/#breadcrumb","itemListElement":[{"@type":"ListItem","position":1,"name":"P\u00ebrfundon trajnimi rajonal p\u00ebr ndalimin kufitar"}]},{"@type":"Person","@id":"https:\/\/www.visit-ulcinj.com\/blog\/#\/schema\/person\/dcab619c614d3038751c63bc2aadc06d","name":"ulqini","sameAs":["http:\/\/www.visit-ulcinj.com"],"url":"https:\/\/www.visit-ulcinj.com\/blog\/author\/admin\/"}]}},"jetpack_featured_media_url":"","jetpack_sharing_enabled":true,"jetpack_shortlink":"https:\/\/wp.me\/pe6lTn-peH","_links":{"self":[{"href":"https:\/\/www.visit-ulcinj.com\/blog\/wp-json\/wp\/v2\/posts\/97011"}],"collection":[{"href":"https:\/\/www.visit-ulcinj.com\/blog\/wp-json\/wp\/v2\/posts"}],"about":[{"href":"https:\/\/www.visit-ulcinj.com\/blog\/wp-json\/wp\/v2\/types\/post"}],"author":[{"embeddable":true,"href":"https:\/\/www.visit-ulcinj.com\/blog\/wp-json\/wp\/v2\/users\/1"}],"replies":[{"embeddable":true,"href":"https:\/\/www.visit-ulcinj.com\/blog\/wp-json\/wp\/v2\/comments?post=97011"}],"version-history":[{"count":1,"href":"https:\/\/www.visit-ulcinj.com\/blog\/wp-json\/wp\/v2\/posts\/97011\/revisions"}],"predecessor-version":[{"id":97013,"href":"https:\/\/www.visit-ulcinj.com\/blog\/wp-json\/wp\/v2\/posts\/97011\/revisions\/97013"}],"wp:attachment":[{"href":"https:\/\/www.visit-ulcinj.com\/blog\/wp-json\/wp\/v2\/media?parent=97011"}],"wp:term":[{"taxonomy":"category","embeddable":true,"href":"https:\/\/www.visit-ulcinj.com\/blog\/wp-json\/wp\/v2\/categories?post=97011"},{"taxonomy":"post_tag","embeddable":true,"href":"https:\/\/www.visit-ulcinj.com\/blog\/wp-json\/wp\/v2\/tags?post=97011"}],"curies":[{"name":"wp","href":"https:\/\/api.w.org\/{rel}","templated":true}]}}