{"id":97014,"date":"2016-05-20T17:57:02","date_gmt":"2016-05-20T16:57:02","guid":{"rendered":"http:\/\/www.visit-ulcinj.com\/blog\/?p=97014"},"modified":"2016-05-20T17:57:02","modified_gmt":"2016-05-20T16:57:02","slug":"genci-nimanbegu-albanci-autohtoni-narod","status":"publish","type":"post","link":"https:\/\/www.visit-ulcinj.com\/blog\/2016\/05\/20\/genci-nimanbegu-albanci-autohtoni-narod\/","title":{"rendered":"Genci Nimanbegu: Albanci autohtoni narod"},"content":{"rendered":"<p><strong><a href=\"http:\/\/www.visit-ulcinj.com\/blog\/wp-content\/uploads\/2013\/05\/Genci-Nimanbegu-_Ulqin_Ulcinj.jpg\"><img loading=\"lazy\" class=\"alignleft wp-image-71818\" src=\"http:\/\/www.visit-ulcinj.com\/blog\/wp-content\/uploads\/2013\/05\/Genci-Nimanbegu-_Ulqin_Ulcinj.jpg\" alt=\"Genci-Nimanbegu-_Ulqin_Ulcinj\" width=\"508\" height=\"565\" srcset=\"https:\/\/www.visit-ulcinj.com\/blog\/wp-content\/uploads\/2013\/05\/Genci-Nimanbegu-_Ulqin_Ulcinj.jpg 572w, https:\/\/www.visit-ulcinj.com\/blog\/wp-content\/uploads\/2013\/05\/Genci-Nimanbegu-_Ulqin_Ulcinj-269x300.jpg 269w\" sizes=\"(max-width: 508px) 100vw, 508px\" \/><\/a>Crnogorska akademija nauka i umjetnosti trebalo bi da bude sabor znanja i razumijevanja, a ne generator podjela i \u0161ovinizma, poru\u010dio je Genci Nimanbegu poslanik i predsjednik Nacionalnog Savjeta Albanaca u Crnoj Gori. On je pozvao redakcijski tim CANU-a da upute izvinjenje javnosti i Albancima te da odmah povuku iz upotrebe Rje\u010dnik crnogorskog narodnog i knji\u017eevnog jezika.<\/strong><\/p>\n<p>Nimanbegu je u svoje i ime Nacionalnog Savjeta Albanaca u Crnoj Gori, izrazio veliki protest zbog, kako navodi uvredljivih i \u0161ovinisti\u010dki definsanih rije\u010di o Albancima u Rje\u010dniku CANU-a.<\/p>\n<p>&#8220;Smatramo da se time stvara dubok jaz izme\u0111u te institucije , koja bi trebalo da bude sabor znanja i razumijevanja, a ne generator podjela i \u0161ovinizma, i cjelokupnog Albanskog naroda. Albanci, autohtoni narod na ovim podru\u010djima kojim \u017eivimo, i dalje je suo\u010den sa brojnim predrasudama, neistinama i diskriminacijom&#8221;, naveo je Nimanbegu.<\/p>\n<p>U Rje\u010dniku crnogorskog narodnog i knji\u017eevnog jezika, Albanci se, ka\u017ee Nimanbegu, so\u010davaju sa neozbiljnom, tendencijoznom, \u0161ovinisti\u010dkom predstavljanju nacionalnog bi\u0107a istorije, kulturei jezika.<\/p>\n<p>&#8220;To je najuo\u010dljivije u dijelu oko rije\u010di \u201ealbanizirati\u201e \u2013 &#8230;.\u201cda su malisori albanizirani i njihov govor se razlikuje znatno&#8230;.. ( Nik.V.P )\u201c&#8230;.\u010dime se dovodi zlonamjerno \u017eeli dovesti u pitanje i njihov nacionalni identitet. Takodje rije\u010d \u201ealbanizacija\u201c ste iskoristili da nas predstavite za divlje i agresore. Sramotno! Samo se sjetite koliko je napora od ex Jugoslavije u\u010dinjemo kroz istoriju da nam prezimena promjenite i \u201edopunite\u201c i \u201eprilagodite\u201c sa \u201eI\u0107\u201c i \u201eOvi\u0107\u201c Takodje i rije\u010d \u201eAlbanac\u201c je definisano kao \u201e stanovnik Albanije\u201c ili \u201eonaj koji je porijeklom iz Albanije\u201c, navodi Nimanbegu.<\/p>\n<p>Nimanbegu, Crnogorskoj akademiji poru\u010duje, da Albance ne\u0107e sprije\u010diti da budu ono \u0161to jesu.<\/p>\n<p>&#8220;Po vama mi nismo Albanci. \u0160tetu ste nanijeli samima sebi i svim va\u0161im akademicima koji moraju se javno distancirati od ovog rada. Mi smo autohtoni ovdje i ne prihvatamo falsifikate istorije koje name\u0107ete budu\u0107im pokoljenjima. Jer budu\u0107a pokoljenja bi trebali da se vaspitavaju istinito, a ne kao \u0161to se duhom Na\u010dertanija, Pa\u0161i\u0107a, i Milo\u0161evi\u0107a vaspitavali Vi u pro\u0161lom vijeku&#8221;, poru\u010dio je Nimanbegu.<\/p>\n<p>On je imao i poruku za sve Albance u Crnoj Gori.<\/p>\n<p>&#8220;Svima kojima prezimena jo\u0161 zavr\u0161avaju sa slaveniziranim I\u0107 i Ovi\u0107. Nadam se da poslije ovog razmislite jo\u0161 jednom, procedura za vra\u0107anje va\u0161eg identiteta barem kod prezimena je jednostavna i brza. I ona ne zavisi od bilo kojeg rije\u010dnika ili birokrate. Zavisi sada od va\u0161e dobre volje&#8221;, zaklju\u010dio je Nimanbegu.<\/p>\n<p><strong>Izvor: RTCG<\/strong><\/p>\n<p>&nbsp;<\/p>\n","protected":false},"excerpt":{"rendered":"<p>Crnogorska akademija nauka i umjetnosti trebalo bi da bude sabor znanja i razumijevanja, a ne generator podjela i \u0161ovinizma, poru\u010dio je Genci Nimanbegu poslanik i predsjednik Nacionalnog Savjeta Albanaca u Crnoj Gori. On je pozvao redakcijski tim CANU-a da upute izvinjenje javnosti i Albancima te da odmah povuku iz upotrebe Rje\u010dnik crnogorskog narodnog i knji\u017eevnog [&hellip;]<\/p>\n","protected":false},"author":1,"featured_media":0,"comment_status":"closed","ping_status":"closed","sticky":false,"template":"","format":"standard","meta":{"spay_email":"","jetpack_publicize_message":"","jetpack_is_tweetstorm":false,"jetpack_publicize_feature_enabled":true},"categories":[8337],"tags":[],"jetpack_publicize_connections":[],"yoast_head":"<!-- This site is optimized with the Yoast SEO plugin v19.1 - https:\/\/yoast.com\/wordpress\/plugins\/seo\/ -->\n<title>Genci Nimanbegu: Albanci autohtoni narod - Lajme nga Ulqini<\/title>\n<meta name=\"description\" content=\"Crnogorska akademija nauka i umjetnosti trebalo bi da bude sabor znanja i razumijevanja, a ne generator podjela i \u0161ovinizma, poru\u010dio je Genci Nimanbegu\" \/>\n<meta name=\"robots\" content=\"index, follow, max-snippet:-1, max-image-preview:large, max-video-preview:-1\" \/>\n<link rel=\"canonical\" href=\"https:\/\/www.visit-ulcinj.com\/blog\/2016\/05\/20\/genci-nimanbegu-albanci-autohtoni-narod\/\" \/>\n<meta property=\"og:locale\" content=\"en_US\" \/>\n<meta property=\"og:type\" content=\"article\" \/>\n<meta property=\"og:title\" content=\"Genci Nimanbegu: Albanci autohtoni narod - Lajme nga Ulqini\" \/>\n<meta property=\"og:description\" content=\"Crnogorska akademija nauka i umjetnosti trebalo bi da bude sabor znanja i razumijevanja, a ne generator podjela i \u0161ovinizma, poru\u010dio je Genci Nimanbegu\" \/>\n<meta property=\"og:url\" content=\"https:\/\/www.visit-ulcinj.com\/blog\/2016\/05\/20\/genci-nimanbegu-albanci-autohtoni-narod\/\" \/>\n<meta property=\"og:site_name\" content=\"Lajme nga Ulqini\" \/>\n<meta property=\"article:published_time\" content=\"2016-05-20T16:57:02+00:00\" \/>\n<meta property=\"og:image\" content=\"http:\/\/www.visit-ulcinj.com\/blog\/wp-content\/uploads\/2013\/05\/Genci-Nimanbegu-_Ulqin_Ulcinj.jpg\" \/>\n<meta name=\"twitter:label1\" content=\"Written by\" \/>\n\t<meta name=\"twitter:data1\" content=\"ulqini\" \/>\n\t<meta name=\"twitter:label2\" content=\"Est. reading time\" \/>\n\t<meta name=\"twitter:data2\" content=\"2 minutes\" \/>\n<script type=\"application\/ld+json\" class=\"yoast-schema-graph\">{\"@context\":\"https:\/\/schema.org\",\"@graph\":[{\"@type\":\"WebSite\",\"@id\":\"https:\/\/www.visit-ulcinj.com\/blog\/#website\",\"url\":\"https:\/\/www.visit-ulcinj.com\/blog\/\",\"name\":\"Lajme nga Ulqini\",\"description\":\"Lajme,Vijesti,Ulqini,Ulqin,Crna Gora,Mali i Zi\",\"potentialAction\":[{\"@type\":\"SearchAction\",\"target\":{\"@type\":\"EntryPoint\",\"urlTemplate\":\"https:\/\/www.visit-ulcinj.com\/blog\/?s={search_term_string}\"},\"query-input\":\"required name=search_term_string\"}],\"inLanguage\":\"en-US\"},{\"@type\":\"ImageObject\",\"inLanguage\":\"en-US\",\"@id\":\"https:\/\/www.visit-ulcinj.com\/blog\/2016\/05\/20\/genci-nimanbegu-albanci-autohtoni-narod\/#primaryimage\",\"url\":\"https:\/\/www.visit-ulcinj.com\/blog\/wp-content\/uploads\/2013\/05\/Genci-Nimanbegu-_Ulqin_Ulcinj.jpg\",\"contentUrl\":\"https:\/\/www.visit-ulcinj.com\/blog\/wp-content\/uploads\/2013\/05\/Genci-Nimanbegu-_Ulqin_Ulcinj.jpg\",\"width\":572,\"height\":636},{\"@type\":\"WebPage\",\"@id\":\"https:\/\/www.visit-ulcinj.com\/blog\/2016\/05\/20\/genci-nimanbegu-albanci-autohtoni-narod\/#webpage\",\"url\":\"https:\/\/www.visit-ulcinj.com\/blog\/2016\/05\/20\/genci-nimanbegu-albanci-autohtoni-narod\/\",\"name\":\"Genci Nimanbegu: Albanci autohtoni narod - Lajme nga Ulqini\",\"isPartOf\":{\"@id\":\"https:\/\/www.visit-ulcinj.com\/blog\/#website\"},\"primaryImageOfPage\":{\"@id\":\"https:\/\/www.visit-ulcinj.com\/blog\/2016\/05\/20\/genci-nimanbegu-albanci-autohtoni-narod\/#primaryimage\"},\"datePublished\":\"2016-05-20T16:57:02+00:00\",\"dateModified\":\"2016-05-20T16:57:02+00:00\",\"author\":{\"@id\":\"https:\/\/www.visit-ulcinj.com\/blog\/#\/schema\/person\/dcab619c614d3038751c63bc2aadc06d\"},\"description\":\"Crnogorska akademija nauka i umjetnosti trebalo bi da bude sabor znanja i razumijevanja, a ne generator podjela i \u0161ovinizma, poru\u010dio je Genci Nimanbegu\",\"breadcrumb\":{\"@id\":\"https:\/\/www.visit-ulcinj.com\/blog\/2016\/05\/20\/genci-nimanbegu-albanci-autohtoni-narod\/#breadcrumb\"},\"inLanguage\":\"en-US\",\"potentialAction\":[{\"@type\":\"ReadAction\",\"target\":[\"https:\/\/www.visit-ulcinj.com\/blog\/2016\/05\/20\/genci-nimanbegu-albanci-autohtoni-narod\/\"]}]},{\"@type\":\"BreadcrumbList\",\"@id\":\"https:\/\/www.visit-ulcinj.com\/blog\/2016\/05\/20\/genci-nimanbegu-albanci-autohtoni-narod\/#breadcrumb\",\"itemListElement\":[{\"@type\":\"ListItem\",\"position\":1,\"name\":\"Genci Nimanbegu: Albanci autohtoni narod\"}]},{\"@type\":\"Person\",\"@id\":\"https:\/\/www.visit-ulcinj.com\/blog\/#\/schema\/person\/dcab619c614d3038751c63bc2aadc06d\",\"name\":\"ulqini\",\"sameAs\":[\"http:\/\/www.visit-ulcinj.com\"],\"url\":\"https:\/\/www.visit-ulcinj.com\/blog\/author\/admin\/\"}]}<\/script>\n<!-- \/ Yoast SEO plugin. -->","yoast_head_json":{"title":"Genci Nimanbegu: Albanci autohtoni narod - Lajme nga Ulqini","description":"Crnogorska akademija nauka i umjetnosti trebalo bi da bude sabor znanja i razumijevanja, a ne generator podjela i \u0161ovinizma, poru\u010dio je Genci Nimanbegu","robots":{"index":"index","follow":"follow","max-snippet":"max-snippet:-1","max-image-preview":"max-image-preview:large","max-video-preview":"max-video-preview:-1"},"canonical":"https:\/\/www.visit-ulcinj.com\/blog\/2016\/05\/20\/genci-nimanbegu-albanci-autohtoni-narod\/","og_locale":"en_US","og_type":"article","og_title":"Genci Nimanbegu: Albanci autohtoni narod - Lajme nga Ulqini","og_description":"Crnogorska akademija nauka i umjetnosti trebalo bi da bude sabor znanja i razumijevanja, a ne generator podjela i \u0161ovinizma, poru\u010dio je Genci Nimanbegu","og_url":"https:\/\/www.visit-ulcinj.com\/blog\/2016\/05\/20\/genci-nimanbegu-albanci-autohtoni-narod\/","og_site_name":"Lajme nga Ulqini","article_published_time":"2016-05-20T16:57:02+00:00","og_image":[{"url":"http:\/\/www.visit-ulcinj.com\/blog\/wp-content\/uploads\/2013\/05\/Genci-Nimanbegu-_Ulqin_Ulcinj.jpg"}],"twitter_misc":{"Written by":"ulqini","Est. reading time":"2 minutes"},"schema":{"@context":"https:\/\/schema.org","@graph":[{"@type":"WebSite","@id":"https:\/\/www.visit-ulcinj.com\/blog\/#website","url":"https:\/\/www.visit-ulcinj.com\/blog\/","name":"Lajme nga Ulqini","description":"Lajme,Vijesti,Ulqini,Ulqin,Crna Gora,Mali i Zi","potentialAction":[{"@type":"SearchAction","target":{"@type":"EntryPoint","urlTemplate":"https:\/\/www.visit-ulcinj.com\/blog\/?s={search_term_string}"},"query-input":"required name=search_term_string"}],"inLanguage":"en-US"},{"@type":"ImageObject","inLanguage":"en-US","@id":"https:\/\/www.visit-ulcinj.com\/blog\/2016\/05\/20\/genci-nimanbegu-albanci-autohtoni-narod\/#primaryimage","url":"https:\/\/www.visit-ulcinj.com\/blog\/wp-content\/uploads\/2013\/05\/Genci-Nimanbegu-_Ulqin_Ulcinj.jpg","contentUrl":"https:\/\/www.visit-ulcinj.com\/blog\/wp-content\/uploads\/2013\/05\/Genci-Nimanbegu-_Ulqin_Ulcinj.jpg","width":572,"height":636},{"@type":"WebPage","@id":"https:\/\/www.visit-ulcinj.com\/blog\/2016\/05\/20\/genci-nimanbegu-albanci-autohtoni-narod\/#webpage","url":"https:\/\/www.visit-ulcinj.com\/blog\/2016\/05\/20\/genci-nimanbegu-albanci-autohtoni-narod\/","name":"Genci Nimanbegu: Albanci autohtoni narod - Lajme nga Ulqini","isPartOf":{"@id":"https:\/\/www.visit-ulcinj.com\/blog\/#website"},"primaryImageOfPage":{"@id":"https:\/\/www.visit-ulcinj.com\/blog\/2016\/05\/20\/genci-nimanbegu-albanci-autohtoni-narod\/#primaryimage"},"datePublished":"2016-05-20T16:57:02+00:00","dateModified":"2016-05-20T16:57:02+00:00","author":{"@id":"https:\/\/www.visit-ulcinj.com\/blog\/#\/schema\/person\/dcab619c614d3038751c63bc2aadc06d"},"description":"Crnogorska akademija nauka i umjetnosti trebalo bi da bude sabor znanja i razumijevanja, a ne generator podjela i \u0161ovinizma, poru\u010dio je Genci Nimanbegu","breadcrumb":{"@id":"https:\/\/www.visit-ulcinj.com\/blog\/2016\/05\/20\/genci-nimanbegu-albanci-autohtoni-narod\/#breadcrumb"},"inLanguage":"en-US","potentialAction":[{"@type":"ReadAction","target":["https:\/\/www.visit-ulcinj.com\/blog\/2016\/05\/20\/genci-nimanbegu-albanci-autohtoni-narod\/"]}]},{"@type":"BreadcrumbList","@id":"https:\/\/www.visit-ulcinj.com\/blog\/2016\/05\/20\/genci-nimanbegu-albanci-autohtoni-narod\/#breadcrumb","itemListElement":[{"@type":"ListItem","position":1,"name":"Genci Nimanbegu: Albanci autohtoni narod"}]},{"@type":"Person","@id":"https:\/\/www.visit-ulcinj.com\/blog\/#\/schema\/person\/dcab619c614d3038751c63bc2aadc06d","name":"ulqini","sameAs":["http:\/\/www.visit-ulcinj.com"],"url":"https:\/\/www.visit-ulcinj.com\/blog\/author\/admin\/"}]}},"jetpack_featured_media_url":"","jetpack_sharing_enabled":true,"jetpack_shortlink":"https:\/\/wp.me\/pe6lTn-peK","_links":{"self":[{"href":"https:\/\/www.visit-ulcinj.com\/blog\/wp-json\/wp\/v2\/posts\/97014"}],"collection":[{"href":"https:\/\/www.visit-ulcinj.com\/blog\/wp-json\/wp\/v2\/posts"}],"about":[{"href":"https:\/\/www.visit-ulcinj.com\/blog\/wp-json\/wp\/v2\/types\/post"}],"author":[{"embeddable":true,"href":"https:\/\/www.visit-ulcinj.com\/blog\/wp-json\/wp\/v2\/users\/1"}],"replies":[{"embeddable":true,"href":"https:\/\/www.visit-ulcinj.com\/blog\/wp-json\/wp\/v2\/comments?post=97014"}],"version-history":[{"count":1,"href":"https:\/\/www.visit-ulcinj.com\/blog\/wp-json\/wp\/v2\/posts\/97014\/revisions"}],"predecessor-version":[{"id":97015,"href":"https:\/\/www.visit-ulcinj.com\/blog\/wp-json\/wp\/v2\/posts\/97014\/revisions\/97015"}],"wp:attachment":[{"href":"https:\/\/www.visit-ulcinj.com\/blog\/wp-json\/wp\/v2\/media?parent=97014"}],"wp:term":[{"taxonomy":"category","embeddable":true,"href":"https:\/\/www.visit-ulcinj.com\/blog\/wp-json\/wp\/v2\/categories?post=97014"},{"taxonomy":"post_tag","embeddable":true,"href":"https:\/\/www.visit-ulcinj.com\/blog\/wp-json\/wp\/v2\/tags?post=97014"}],"curies":[{"name":"wp","href":"https:\/\/api.w.org\/{rel}","templated":true}]}}