{"id":97031,"date":"2016-05-21T07:23:48","date_gmt":"2016-05-21T06:23:48","guid":{"rendered":"http:\/\/www.visit-ulcinj.com\/blog\/?p=97031"},"modified":"2016-05-21T07:28:48","modified_gmt":"2016-05-21T06:28:48","slug":"draft-vemdimi-mbi-rregullimin-e-komunikacionit-ne-territorin-e-komunes-se-ulqinit","status":"publish","type":"post","link":"https:\/\/www.visit-ulcinj.com\/blog\/2016\/05\/21\/draft-vemdimi-mbi-rregullimin-e-komunikacionit-ne-territorin-e-komunes-se-ulqinit\/","title":{"rendered":"Draft Vemdimi mbi rregullimin e komunikacionit n\u00eb territorin e komun\u00ebs s\u00eb Ulqinit"},"content":{"rendered":"<div class=\"text\">\n<p><a href=\"http:\/\/www.visit-ulcinj.com\/blog\/wp-content\/uploads\/2012\/12\/Komuna-Ulqinit-Press_konferenca-per-media.jpg\"><img loading=\"lazy\" class=\"alignleft wp-image-67180\" src=\"http:\/\/www.visit-ulcinj.com\/blog\/wp-content\/uploads\/2012\/12\/Komuna-Ulqinit-Press_konferenca-per-media.jpg\" alt=\"Komuna-Ulqinit-Press_konferenca per media\" width=\"508\" height=\"406\" srcset=\"https:\/\/www.visit-ulcinj.com\/blog\/wp-content\/uploads\/2012\/12\/Komuna-Ulqinit-Press_konferenca-per-media.jpg 720w, https:\/\/www.visit-ulcinj.com\/blog\/wp-content\/uploads\/2012\/12\/Komuna-Ulqinit-Press_konferenca-per-media-300x240.jpg 300w\" sizes=\"(max-width: 508px) 100vw, 508px\" \/><\/a>Sekretarijati p\u00ebr veprimtari komunale dhe mbrojtjen e ambientit komuna e Ulqinit , n\u00eb baz\u00eb t\u00eb obligimeve t\u00eb marra nga P\u00ebrfundimi nr.01-244\/16 prej 19.05.2016 vj. Me t\u00eb cil\u00ebn kryetari i komun\u00ebs p\u00ebrcaktoi draftin e vendimit p\u00ebr rregullimin e komunikacionit n\u00eb territorin e komun\u00ebs s\u00eb Ulqinit m\u00eb 19.05.2016 vj ,p\u00ebrpiloi<\/p>\n<p><strong>PROGRAMIN E MBAJTJES S\u00cb DISKUTIMIT PUBLIK<\/strong><\/p>\n<p>N\u00eb procedur\u00ebn e aprovimit t\u00eb vemdimit mbi rregullimin e komunikacionit n\u00eb territorin e komun\u00ebs s\u00eb Ulqinit.<\/p>\n<p>Kryetari i komun\u00ebs s\u00eb Ulqinit ,n\u00eb baz\u00eb t\u00eb nenit 83 t\u00eb statutit t\u00eb komun\u00eb s\u00eb U\u00ebqinit (fl z. E MZ -dispozitat komunale\u00a0 nr 05\/07,09\/09,dhe 16\/11) ka formuar komisionin p\u00ebr p\u00ebrpilimin e draftit t\u00eb vendimit p\u00ebr rregullimin e komunikacionit n\u00eb teritorin e komun\u00ebs s\u00eb Ulqinit.Komisioni draftin e vendimit p\u00ebr rregullimin e komunikacionit n\u00eb teritorin e komun\u00ebs s\u00eb Ulqinit e ka p\u00ebrpiluar dhe e ka dor\u00ebzuar kryetarit t\u00eb komun\u00ebs.Kryetari i komun\u00ebs me P\u00ebrfundimin nr.01-244\/16 prej 19.05.2016 v, ka obliguar sekretarijatin p\u00ebr veprimtari komunale dhe mbrojtjen e ambienti q\u00eb t\u00eb p\u00ebrpiloi programin e diskutimit publik. Sekretarijati p\u00ebr veprimtari komunale dhe mbrojtjen e ambientit ka p\u00ebrmbledhur informacionet e duhura dhe ka p\u00ebrpiluar programin e diskutimit publik p\u00ebr draftin e vendimit mbi rregullimin e komunikacionit n\u00eb teritorin e komun\u00ebs s\u00eb Ulqinit.Diskutimi publik p\u00ebr draftin e vendimit mbi rregullimin e komunikacionit n\u00eb territorin e komun\u00ebs s\u00eb Ulqinit do t\u00eb zgjas\u00eb 15 dit\u00eb duke filluar nga data 20.05.2016 vj.<\/p>\n<p>Drafti i i vendimit t\u00eb cekur do t\u00eb jet\u00eb i shpallur n\u00eb internet sajtin e komun\u00ebs www.ul-gov.me p\u00ebr t\u00eb gjith\u00eb t\u00eb interesuarit.<br \/>\nDiskutimi qendror publik do t\u00eb mbahet m\u00eb 02.06.2016 vj n\u00eb sall\u00ebn e madhe t\u00eb kuvendit komunal me fillim n\u00eb ora 13,30<br \/>\nSygjerimet , propozimet dhe v\u00ebrejtjet dhe mendimet mund t\u00eb dor\u00ebzohen me shkrim n\u00eb zyren e qytetar\u00ebve p\u00ebr sekretarijatin p\u00ebr veprimtari komunale dhe ruajtjen e ambijentit\u00a0 dhe n\u00eb mail adres\u00ebn mustafa.gorana@ul-gov.me \u00a0\u00a0deri n\u00eb afatin e koh\u00ebzgjatjes s\u00eb diskutimit publik.<br \/>\nSekretarijati p\u00ebr veprimtari komunale dhe mbrojtjen e ambientit do t i shqyrtoj\u00eb t\u00eb gjitha propozimet ,sygjerimet dhe mendimet e t\u00eb pranishm\u00ebve n\u00eb diskutimin publik dhe do t\u00eb p\u00ebrpiloj raportin e diskutimit publik dhe propozim\u00a0 vendimin mbi rregullimin e komunikacionit n\u00eb teritorin e komun\u00ebs s\u00eb Ulqinit i cili do t\u00eb jet\u00eb i shpallur n\u00eb internet sajtin e komun\u00ebs n\u00eb afatin e 10 dit\u00ebve pas p\u00ebrfundimit t\u00eb diskutimit publik. Raporti mbi diskutimin publik do t\u00eb jet\u00eb materijal plot\u00ebsues p\u00ebr kuvendin komunal.<\/p>\n<p>Programi i mbajtjes s\u00eb diskutimit publik p\u00ebr draftin e vendimit mbi rregullimin e komunikacionit do t\u00eb jet\u00eb i shpallur n\u00eb sajtin e komun\u00ebs,\u00a0 n\u00eb TV Teuta si dhe n\u00eb tabel\u00ebn e shpalljeve n\u00eb komun\u00ebn e Ulqinit deri sa t\u00eb zgjas\u00eb diskutimi publik.<\/p>\n<p><strong>SEKRETARIJATI P\u00cbR VEPROMTARI KOMUNALE DHE MBROJTJEN E AMBIJENTIT<\/strong><\/p>\n<\/div>\n","protected":false},"excerpt":{"rendered":"<p>Sekretarijati p\u00ebr veprimtari komunale dhe mbrojtjen e ambientit komuna e Ulqinit , n\u00eb baz\u00eb t\u00eb obligimeve t\u00eb marra nga P\u00ebrfundimi nr.01-244\/16 prej 19.05.2016 vj. Me t\u00eb cil\u00ebn kryetari i komun\u00ebs p\u00ebrcaktoi draftin e vendimit p\u00ebr rregullimin e komunikacionit n\u00eb territorin e komun\u00ebs s\u00eb Ulqinit m\u00eb 19.05.2016 vj ,p\u00ebrpiloi PROGRAMIN E MBAJTJES S\u00cb DISKUTIMIT PUBLIK N\u00eb [&hellip;]<\/p>\n","protected":false},"author":1,"featured_media":0,"comment_status":"closed","ping_status":"closed","sticky":false,"template":"","format":"standard","meta":{"spay_email":"","jetpack_publicize_message":"","jetpack_is_tweetstorm":false,"jetpack_publicize_feature_enabled":true},"categories":[12],"tags":[],"jetpack_publicize_connections":[],"yoast_head":"<!-- This site is optimized with the Yoast SEO plugin v19.1 - https:\/\/yoast.com\/wordpress\/plugins\/seo\/ -->\n<title>Draft Vemdimi mbi rregullimin e komunikacionit n\u00eb territorin e komun\u00ebs s\u00eb Ulqinit - Lajme nga Ulqini<\/title>\n<meta name=\"description\" content=\"Sekretarijati p\u00ebr veprimtari komunale dhe mbrojtjen e ambientit komuna e Ulqinit , n\u00eb baz\u00eb t\u00eb obligimeve t\u00eb marra nga P\u00ebrfundimi nr.01-244\/16 prej\" \/>\n<meta name=\"robots\" content=\"index, follow, max-snippet:-1, max-image-preview:large, max-video-preview:-1\" \/>\n<link rel=\"canonical\" href=\"https:\/\/www.visit-ulcinj.com\/blog\/2016\/05\/21\/draft-vemdimi-mbi-rregullimin-e-komunikacionit-ne-territorin-e-komunes-se-ulqinit\/\" \/>\n<meta property=\"og:locale\" content=\"en_US\" \/>\n<meta property=\"og:type\" content=\"article\" \/>\n<meta property=\"og:title\" content=\"Draft Vemdimi mbi rregullimin e komunikacionit n\u00eb territorin e komun\u00ebs s\u00eb Ulqinit - Lajme nga Ulqini\" \/>\n<meta property=\"og:description\" content=\"Sekretarijati p\u00ebr veprimtari komunale dhe mbrojtjen e ambientit komuna e Ulqinit , n\u00eb baz\u00eb t\u00eb obligimeve t\u00eb marra nga P\u00ebrfundimi nr.01-244\/16 prej\" \/>\n<meta property=\"og:url\" content=\"https:\/\/www.visit-ulcinj.com\/blog\/2016\/05\/21\/draft-vemdimi-mbi-rregullimin-e-komunikacionit-ne-territorin-e-komunes-se-ulqinit\/\" \/>\n<meta property=\"og:site_name\" content=\"Lajme nga Ulqini\" \/>\n<meta property=\"article:published_time\" content=\"2016-05-21T06:23:48+00:00\" \/>\n<meta property=\"article:modified_time\" content=\"2016-05-21T06:28:48+00:00\" \/>\n<meta property=\"og:image\" content=\"http:\/\/www.visit-ulcinj.com\/blog\/wp-content\/uploads\/2012\/12\/Komuna-Ulqinit-Press_konferenca-per-media.jpg\" \/>\n<meta name=\"twitter:label1\" content=\"Written by\" \/>\n\t<meta name=\"twitter:data1\" content=\"ulqini\" \/>\n\t<meta name=\"twitter:label2\" content=\"Est. reading time\" \/>\n\t<meta name=\"twitter:data2\" content=\"2 minutes\" \/>\n<script type=\"application\/ld+json\" class=\"yoast-schema-graph\">{\"@context\":\"https:\/\/schema.org\",\"@graph\":[{\"@type\":\"WebSite\",\"@id\":\"https:\/\/www.visit-ulcinj.com\/blog\/#website\",\"url\":\"https:\/\/www.visit-ulcinj.com\/blog\/\",\"name\":\"Lajme nga Ulqini\",\"description\":\"Lajme,Vijesti,Ulqini,Ulqin,Crna Gora,Mali i Zi\",\"potentialAction\":[{\"@type\":\"SearchAction\",\"target\":{\"@type\":\"EntryPoint\",\"urlTemplate\":\"https:\/\/www.visit-ulcinj.com\/blog\/?s={search_term_string}\"},\"query-input\":\"required name=search_term_string\"}],\"inLanguage\":\"en-US\"},{\"@type\":\"ImageObject\",\"inLanguage\":\"en-US\",\"@id\":\"https:\/\/www.visit-ulcinj.com\/blog\/2016\/05\/21\/draft-vemdimi-mbi-rregullimin-e-komunikacionit-ne-territorin-e-komunes-se-ulqinit\/#primaryimage\",\"url\":\"https:\/\/www.visit-ulcinj.com\/blog\/wp-content\/uploads\/2012\/12\/Komuna-Ulqinit-Press_konferenca-per-media.jpg\",\"contentUrl\":\"https:\/\/www.visit-ulcinj.com\/blog\/wp-content\/uploads\/2012\/12\/Komuna-Ulqinit-Press_konferenca-per-media.jpg\",\"width\":720,\"height\":576},{\"@type\":\"WebPage\",\"@id\":\"https:\/\/www.visit-ulcinj.com\/blog\/2016\/05\/21\/draft-vemdimi-mbi-rregullimin-e-komunikacionit-ne-territorin-e-komunes-se-ulqinit\/#webpage\",\"url\":\"https:\/\/www.visit-ulcinj.com\/blog\/2016\/05\/21\/draft-vemdimi-mbi-rregullimin-e-komunikacionit-ne-territorin-e-komunes-se-ulqinit\/\",\"name\":\"Draft Vemdimi mbi rregullimin e komunikacionit n\u00eb territorin e komun\u00ebs s\u00eb Ulqinit - Lajme nga Ulqini\",\"isPartOf\":{\"@id\":\"https:\/\/www.visit-ulcinj.com\/blog\/#website\"},\"primaryImageOfPage\":{\"@id\":\"https:\/\/www.visit-ulcinj.com\/blog\/2016\/05\/21\/draft-vemdimi-mbi-rregullimin-e-komunikacionit-ne-territorin-e-komunes-se-ulqinit\/#primaryimage\"},\"datePublished\":\"2016-05-21T06:23:48+00:00\",\"dateModified\":\"2016-05-21T06:28:48+00:00\",\"author\":{\"@id\":\"https:\/\/www.visit-ulcinj.com\/blog\/#\/schema\/person\/dcab619c614d3038751c63bc2aadc06d\"},\"description\":\"Sekretarijati p\u00ebr veprimtari komunale dhe mbrojtjen e ambientit komuna e Ulqinit , n\u00eb baz\u00eb t\u00eb obligimeve t\u00eb marra nga P\u00ebrfundimi nr.01-244\/16 prej\",\"breadcrumb\":{\"@id\":\"https:\/\/www.visit-ulcinj.com\/blog\/2016\/05\/21\/draft-vemdimi-mbi-rregullimin-e-komunikacionit-ne-territorin-e-komunes-se-ulqinit\/#breadcrumb\"},\"inLanguage\":\"en-US\",\"potentialAction\":[{\"@type\":\"ReadAction\",\"target\":[\"https:\/\/www.visit-ulcinj.com\/blog\/2016\/05\/21\/draft-vemdimi-mbi-rregullimin-e-komunikacionit-ne-territorin-e-komunes-se-ulqinit\/\"]}]},{\"@type\":\"BreadcrumbList\",\"@id\":\"https:\/\/www.visit-ulcinj.com\/blog\/2016\/05\/21\/draft-vemdimi-mbi-rregullimin-e-komunikacionit-ne-territorin-e-komunes-se-ulqinit\/#breadcrumb\",\"itemListElement\":[{\"@type\":\"ListItem\",\"position\":1,\"name\":\"Draft Vemdimi mbi rregullimin e komunikacionit n\u00eb territorin e komun\u00ebs s\u00eb Ulqinit\"}]},{\"@type\":\"Person\",\"@id\":\"https:\/\/www.visit-ulcinj.com\/blog\/#\/schema\/person\/dcab619c614d3038751c63bc2aadc06d\",\"name\":\"ulqini\",\"sameAs\":[\"http:\/\/www.visit-ulcinj.com\"],\"url\":\"https:\/\/www.visit-ulcinj.com\/blog\/author\/admin\/\"}]}<\/script>\n<!-- \/ Yoast SEO plugin. -->","yoast_head_json":{"title":"Draft Vemdimi mbi rregullimin e komunikacionit n\u00eb territorin e komun\u00ebs s\u00eb Ulqinit - Lajme nga Ulqini","description":"Sekretarijati p\u00ebr veprimtari komunale dhe mbrojtjen e ambientit komuna e Ulqinit , n\u00eb baz\u00eb t\u00eb obligimeve t\u00eb marra nga P\u00ebrfundimi nr.01-244\/16 prej","robots":{"index":"index","follow":"follow","max-snippet":"max-snippet:-1","max-image-preview":"max-image-preview:large","max-video-preview":"max-video-preview:-1"},"canonical":"https:\/\/www.visit-ulcinj.com\/blog\/2016\/05\/21\/draft-vemdimi-mbi-rregullimin-e-komunikacionit-ne-territorin-e-komunes-se-ulqinit\/","og_locale":"en_US","og_type":"article","og_title":"Draft Vemdimi mbi rregullimin e komunikacionit n\u00eb territorin e komun\u00ebs s\u00eb Ulqinit - Lajme nga Ulqini","og_description":"Sekretarijati p\u00ebr veprimtari komunale dhe mbrojtjen e ambientit komuna e Ulqinit , n\u00eb baz\u00eb t\u00eb obligimeve t\u00eb marra nga P\u00ebrfundimi nr.01-244\/16 prej","og_url":"https:\/\/www.visit-ulcinj.com\/blog\/2016\/05\/21\/draft-vemdimi-mbi-rregullimin-e-komunikacionit-ne-territorin-e-komunes-se-ulqinit\/","og_site_name":"Lajme nga Ulqini","article_published_time":"2016-05-21T06:23:48+00:00","article_modified_time":"2016-05-21T06:28:48+00:00","og_image":[{"url":"http:\/\/www.visit-ulcinj.com\/blog\/wp-content\/uploads\/2012\/12\/Komuna-Ulqinit-Press_konferenca-per-media.jpg"}],"twitter_misc":{"Written by":"ulqini","Est. reading time":"2 minutes"},"schema":{"@context":"https:\/\/schema.org","@graph":[{"@type":"WebSite","@id":"https:\/\/www.visit-ulcinj.com\/blog\/#website","url":"https:\/\/www.visit-ulcinj.com\/blog\/","name":"Lajme nga Ulqini","description":"Lajme,Vijesti,Ulqini,Ulqin,Crna Gora,Mali i Zi","potentialAction":[{"@type":"SearchAction","target":{"@type":"EntryPoint","urlTemplate":"https:\/\/www.visit-ulcinj.com\/blog\/?s={search_term_string}"},"query-input":"required name=search_term_string"}],"inLanguage":"en-US"},{"@type":"ImageObject","inLanguage":"en-US","@id":"https:\/\/www.visit-ulcinj.com\/blog\/2016\/05\/21\/draft-vemdimi-mbi-rregullimin-e-komunikacionit-ne-territorin-e-komunes-se-ulqinit\/#primaryimage","url":"https:\/\/www.visit-ulcinj.com\/blog\/wp-content\/uploads\/2012\/12\/Komuna-Ulqinit-Press_konferenca-per-media.jpg","contentUrl":"https:\/\/www.visit-ulcinj.com\/blog\/wp-content\/uploads\/2012\/12\/Komuna-Ulqinit-Press_konferenca-per-media.jpg","width":720,"height":576},{"@type":"WebPage","@id":"https:\/\/www.visit-ulcinj.com\/blog\/2016\/05\/21\/draft-vemdimi-mbi-rregullimin-e-komunikacionit-ne-territorin-e-komunes-se-ulqinit\/#webpage","url":"https:\/\/www.visit-ulcinj.com\/blog\/2016\/05\/21\/draft-vemdimi-mbi-rregullimin-e-komunikacionit-ne-territorin-e-komunes-se-ulqinit\/","name":"Draft Vemdimi mbi rregullimin e komunikacionit n\u00eb territorin e komun\u00ebs s\u00eb Ulqinit - Lajme nga Ulqini","isPartOf":{"@id":"https:\/\/www.visit-ulcinj.com\/blog\/#website"},"primaryImageOfPage":{"@id":"https:\/\/www.visit-ulcinj.com\/blog\/2016\/05\/21\/draft-vemdimi-mbi-rregullimin-e-komunikacionit-ne-territorin-e-komunes-se-ulqinit\/#primaryimage"},"datePublished":"2016-05-21T06:23:48+00:00","dateModified":"2016-05-21T06:28:48+00:00","author":{"@id":"https:\/\/www.visit-ulcinj.com\/blog\/#\/schema\/person\/dcab619c614d3038751c63bc2aadc06d"},"description":"Sekretarijati p\u00ebr veprimtari komunale dhe mbrojtjen e ambientit komuna e Ulqinit , n\u00eb baz\u00eb t\u00eb obligimeve t\u00eb marra nga P\u00ebrfundimi nr.01-244\/16 prej","breadcrumb":{"@id":"https:\/\/www.visit-ulcinj.com\/blog\/2016\/05\/21\/draft-vemdimi-mbi-rregullimin-e-komunikacionit-ne-territorin-e-komunes-se-ulqinit\/#breadcrumb"},"inLanguage":"en-US","potentialAction":[{"@type":"ReadAction","target":["https:\/\/www.visit-ulcinj.com\/blog\/2016\/05\/21\/draft-vemdimi-mbi-rregullimin-e-komunikacionit-ne-territorin-e-komunes-se-ulqinit\/"]}]},{"@type":"BreadcrumbList","@id":"https:\/\/www.visit-ulcinj.com\/blog\/2016\/05\/21\/draft-vemdimi-mbi-rregullimin-e-komunikacionit-ne-territorin-e-komunes-se-ulqinit\/#breadcrumb","itemListElement":[{"@type":"ListItem","position":1,"name":"Draft Vemdimi mbi rregullimin e komunikacionit n\u00eb territorin e komun\u00ebs s\u00eb Ulqinit"}]},{"@type":"Person","@id":"https:\/\/www.visit-ulcinj.com\/blog\/#\/schema\/person\/dcab619c614d3038751c63bc2aadc06d","name":"ulqini","sameAs":["http:\/\/www.visit-ulcinj.com"],"url":"https:\/\/www.visit-ulcinj.com\/blog\/author\/admin\/"}]}},"jetpack_featured_media_url":"","jetpack_sharing_enabled":true,"jetpack_shortlink":"https:\/\/wp.me\/pe6lTn-pf1","_links":{"self":[{"href":"https:\/\/www.visit-ulcinj.com\/blog\/wp-json\/wp\/v2\/posts\/97031"}],"collection":[{"href":"https:\/\/www.visit-ulcinj.com\/blog\/wp-json\/wp\/v2\/posts"}],"about":[{"href":"https:\/\/www.visit-ulcinj.com\/blog\/wp-json\/wp\/v2\/types\/post"}],"author":[{"embeddable":true,"href":"https:\/\/www.visit-ulcinj.com\/blog\/wp-json\/wp\/v2\/users\/1"}],"replies":[{"embeddable":true,"href":"https:\/\/www.visit-ulcinj.com\/blog\/wp-json\/wp\/v2\/comments?post=97031"}],"version-history":[{"count":1,"href":"https:\/\/www.visit-ulcinj.com\/blog\/wp-json\/wp\/v2\/posts\/97031\/revisions"}],"predecessor-version":[{"id":97032,"href":"https:\/\/www.visit-ulcinj.com\/blog\/wp-json\/wp\/v2\/posts\/97031\/revisions\/97032"}],"wp:attachment":[{"href":"https:\/\/www.visit-ulcinj.com\/blog\/wp-json\/wp\/v2\/media?parent=97031"}],"wp:term":[{"taxonomy":"category","embeddable":true,"href":"https:\/\/www.visit-ulcinj.com\/blog\/wp-json\/wp\/v2\/categories?post=97031"},{"taxonomy":"post_tag","embeddable":true,"href":"https:\/\/www.visit-ulcinj.com\/blog\/wp-json\/wp\/v2\/tags?post=97031"}],"curies":[{"name":"wp","href":"https:\/\/api.w.org\/{rel}","templated":true}]}}