{"id":97035,"date":"2016-05-21T07:32:59","date_gmt":"2016-05-21T06:32:59","guid":{"rendered":"http:\/\/www.visit-ulcinj.com\/blog\/?p=97035"},"modified":"2016-05-21T07:32:59","modified_gmt":"2016-05-21T06:32:59","slug":"kompania-turke-lfb-e-interesuar-per-investim-ne-bujqesi","status":"publish","type":"post","link":"https:\/\/www.visit-ulcinj.com\/blog\/2016\/05\/21\/kompania-turke-lfb-e-interesuar-per-investim-ne-bujqesi\/","title":{"rendered":"Kompania Turke LFB e interesuar p\u00ebr investim n\u00eb bujq\u00ebsi"},"content":{"rendered":"<p><strong><a href=\"http:\/\/www.visit-ulcinj.com\/blog\/wp-content\/uploads\/2016\/05\/Mustafa-Saka-LFB-Compani-Nazif-Cungu-Ulqin-Shas-.jpg\"><img loading=\"lazy\" class=\"alignleft wp-image-97036\" src=\"http:\/\/www.visit-ulcinj.com\/blog\/wp-content\/uploads\/2016\/05\/Mustafa-Saka-LFB-Compani-Nazif-Cungu-Ulqin-Shas-.jpg\" alt=\"Mustafa Saka-LFB-Compani-Nazif-Cungu-Ulqin-Shas-\" width=\"508\" height=\"336\" srcset=\"https:\/\/www.visit-ulcinj.com\/blog\/wp-content\/uploads\/2016\/05\/Mustafa-Saka-LFB-Compani-Nazif-Cungu-Ulqin-Shas-.jpg 1000w, https:\/\/www.visit-ulcinj.com\/blog\/wp-content\/uploads\/2016\/05\/Mustafa-Saka-LFB-Compani-Nazif-Cungu-Ulqin-Shas--300x199.jpg 300w, https:\/\/www.visit-ulcinj.com\/blog\/wp-content\/uploads\/2016\/05\/Mustafa-Saka-LFB-Compani-Nazif-Cungu-Ulqin-Shas--768x508.jpg 768w\" sizes=\"(max-width: 508px) 100vw, 508px\" \/><\/a>Investitor\u00ebt nga Turqia t\u00eb interesuar p\u00ebr investim n\u00eb bujq\u00ebsi<\/strong><\/p>\n<p>Kryetari i komunes s\u00eb Ulqinit Nazif Cungu me bashk\u00ebpun\u00ebtor\u00eb u takuan me p\u00ebrfaq\u00ebsuesit e kompanis\u00eb turke LFB t\u00eb kryesuar nga Mustafa Saka, t\u00eb cil\u00ebt kan\u00eb shprehur interesim p\u00ebr t\u00eb investuar n\u00eb fush\u00ebn e bujq\u00ebsis\u00eb.<\/p>\n<p>Ata kan\u00eb shfaqur interesim p\u00ebr disa qindra hektare pron\u00eb e komun\u00ebs, andaj vizita u fokusua n\u00eb Ekonomin\u00eb e Shasit ku edhe ekzistojn\u00eb hap\u00ebsira t\u00eb k\u00ebtij lloji.<\/p>\n<p>Mysafir\u00ebt t\u00eb cil\u00ebt fillimisht jan\u00eb takuar edhe me zyrtar\u00eb\u00a0 republikan jan\u00eb t\u00eb njohur n\u00eb fush\u00ebn e bujq\u00ebsis\u00eb dhe kultivimin e disa kulturave dhe plantacioneve -ve\u00e7an\u00ebrisht t\u00eb moll\u00ebve.<\/p>\n<p>U la q\u00eb komuna jon\u00eb sa m\u00eb par\u00eb ti p\u00ebrgatis\u00eb elaboratin me t\u00eb dh\u00ebna precize\u00a0\u00a0 planimetrie p\u00ebr k\u00ebto sip\u00ebrfaqe dhe kushtet klimaterike q\u00eb do ti sh\u00ebrb\u00ebjn\u00eb investitoreve p\u00ebr p\u00ebrcaktim n\u00eb jet\u00ebsimin e projektit.<\/p>\n<p>&nbsp;<\/p>\n","protected":false},"excerpt":{"rendered":"<p>Investitor\u00ebt nga Turqia t\u00eb interesuar p\u00ebr investim n\u00eb bujq\u00ebsi Kryetari i komunes s\u00eb Ulqinit Nazif Cungu me bashk\u00ebpun\u00ebtor\u00eb u takuan me p\u00ebrfaq\u00ebsuesit e kompanis\u00eb turke LFB t\u00eb kryesuar nga Mustafa Saka, t\u00eb cil\u00ebt kan\u00eb shprehur interesim p\u00ebr t\u00eb investuar n\u00eb fush\u00ebn e bujq\u00ebsis\u00eb. Ata kan\u00eb shfaqur interesim p\u00ebr disa qindra hektare pron\u00eb e komun\u00ebs, andaj [&hellip;]<\/p>\n","protected":false},"author":1,"featured_media":0,"comment_status":"closed","ping_status":"closed","sticky":false,"template":"","format":"standard","meta":{"spay_email":"","jetpack_publicize_message":"","jetpack_is_tweetstorm":false,"jetpack_publicize_feature_enabled":true},"categories":[10],"tags":[],"jetpack_publicize_connections":[],"yoast_head":"<!-- This site is optimized with the Yoast SEO plugin v19.1 - https:\/\/yoast.com\/wordpress\/plugins\/seo\/ -->\n<title>Kompania Turke LFB e interesuar p\u00ebr investim n\u00eb bujq\u00ebsi - Lajme nga Ulqini<\/title>\n<meta name=\"description\" content=\"Investitor\u00ebt nga Turqia t\u00eb interesuar p\u00ebr investim n\u00eb bujq\u00ebsi Kryetari i komunes s\u00eb Ulqinit Nazif Cungu me bashk\u00ebpun\u00ebtor\u00eb u takuan me p\u00ebrfaq\u00ebsuesit e\" \/>\n<meta name=\"robots\" content=\"index, follow, max-snippet:-1, max-image-preview:large, max-video-preview:-1\" \/>\n<link rel=\"canonical\" href=\"https:\/\/www.visit-ulcinj.com\/blog\/2016\/05\/21\/kompania-turke-lfb-e-interesuar-per-investim-ne-bujqesi\/\" \/>\n<meta property=\"og:locale\" content=\"en_US\" \/>\n<meta property=\"og:type\" content=\"article\" \/>\n<meta property=\"og:title\" content=\"Kompania Turke LFB e interesuar p\u00ebr investim n\u00eb bujq\u00ebsi - Lajme nga Ulqini\" \/>\n<meta property=\"og:description\" content=\"Investitor\u00ebt nga Turqia t\u00eb interesuar p\u00ebr investim n\u00eb bujq\u00ebsi Kryetari i komunes s\u00eb Ulqinit Nazif Cungu me bashk\u00ebpun\u00ebtor\u00eb u takuan me p\u00ebrfaq\u00ebsuesit e\" \/>\n<meta property=\"og:url\" content=\"https:\/\/www.visit-ulcinj.com\/blog\/2016\/05\/21\/kompania-turke-lfb-e-interesuar-per-investim-ne-bujqesi\/\" \/>\n<meta property=\"og:site_name\" content=\"Lajme nga Ulqini\" \/>\n<meta property=\"article:published_time\" content=\"2016-05-21T06:32:59+00:00\" \/>\n<meta property=\"og:image\" content=\"http:\/\/www.visit-ulcinj.com\/blog\/wp-content\/uploads\/2016\/05\/Mustafa-Saka-LFB-Compani-Nazif-Cungu-Ulqin-Shas-.jpg\" \/>\n<meta name=\"twitter:label1\" content=\"Written by\" \/>\n\t<meta name=\"twitter:data1\" content=\"ulqini\" \/>\n\t<meta name=\"twitter:label2\" content=\"Est. reading time\" \/>\n\t<meta name=\"twitter:data2\" content=\"1 minute\" \/>\n<script type=\"application\/ld+json\" class=\"yoast-schema-graph\">{\"@context\":\"https:\/\/schema.org\",\"@graph\":[{\"@type\":\"WebSite\",\"@id\":\"https:\/\/www.visit-ulcinj.com\/blog\/#website\",\"url\":\"https:\/\/www.visit-ulcinj.com\/blog\/\",\"name\":\"Lajme nga Ulqini\",\"description\":\"Lajme,Vijesti,Ulqini,Ulqin,Crna Gora,Mali i Zi\",\"potentialAction\":[{\"@type\":\"SearchAction\",\"target\":{\"@type\":\"EntryPoint\",\"urlTemplate\":\"https:\/\/www.visit-ulcinj.com\/blog\/?s={search_term_string}\"},\"query-input\":\"required name=search_term_string\"}],\"inLanguage\":\"en-US\"},{\"@type\":\"ImageObject\",\"inLanguage\":\"en-US\",\"@id\":\"https:\/\/www.visit-ulcinj.com\/blog\/2016\/05\/21\/kompania-turke-lfb-e-interesuar-per-investim-ne-bujqesi\/#primaryimage\",\"url\":\"https:\/\/www.visit-ulcinj.com\/blog\/wp-content\/uploads\/2016\/05\/Mustafa-Saka-LFB-Compani-Nazif-Cungu-Ulqin-Shas-.jpg\",\"contentUrl\":\"https:\/\/www.visit-ulcinj.com\/blog\/wp-content\/uploads\/2016\/05\/Mustafa-Saka-LFB-Compani-Nazif-Cungu-Ulqin-Shas-.jpg\",\"width\":1000,\"height\":662},{\"@type\":\"WebPage\",\"@id\":\"https:\/\/www.visit-ulcinj.com\/blog\/2016\/05\/21\/kompania-turke-lfb-e-interesuar-per-investim-ne-bujqesi\/#webpage\",\"url\":\"https:\/\/www.visit-ulcinj.com\/blog\/2016\/05\/21\/kompania-turke-lfb-e-interesuar-per-investim-ne-bujqesi\/\",\"name\":\"Kompania Turke LFB e interesuar p\u00ebr investim n\u00eb bujq\u00ebsi - Lajme nga Ulqini\",\"isPartOf\":{\"@id\":\"https:\/\/www.visit-ulcinj.com\/blog\/#website\"},\"primaryImageOfPage\":{\"@id\":\"https:\/\/www.visit-ulcinj.com\/blog\/2016\/05\/21\/kompania-turke-lfb-e-interesuar-per-investim-ne-bujqesi\/#primaryimage\"},\"datePublished\":\"2016-05-21T06:32:59+00:00\",\"dateModified\":\"2016-05-21T06:32:59+00:00\",\"author\":{\"@id\":\"https:\/\/www.visit-ulcinj.com\/blog\/#\/schema\/person\/dcab619c614d3038751c63bc2aadc06d\"},\"description\":\"Investitor\u00ebt nga Turqia t\u00eb interesuar p\u00ebr investim n\u00eb bujq\u00ebsi Kryetari i komunes s\u00eb Ulqinit Nazif Cungu me bashk\u00ebpun\u00ebtor\u00eb u takuan me p\u00ebrfaq\u00ebsuesit e\",\"breadcrumb\":{\"@id\":\"https:\/\/www.visit-ulcinj.com\/blog\/2016\/05\/21\/kompania-turke-lfb-e-interesuar-per-investim-ne-bujqesi\/#breadcrumb\"},\"inLanguage\":\"en-US\",\"potentialAction\":[{\"@type\":\"ReadAction\",\"target\":[\"https:\/\/www.visit-ulcinj.com\/blog\/2016\/05\/21\/kompania-turke-lfb-e-interesuar-per-investim-ne-bujqesi\/\"]}]},{\"@type\":\"BreadcrumbList\",\"@id\":\"https:\/\/www.visit-ulcinj.com\/blog\/2016\/05\/21\/kompania-turke-lfb-e-interesuar-per-investim-ne-bujqesi\/#breadcrumb\",\"itemListElement\":[{\"@type\":\"ListItem\",\"position\":1,\"name\":\"Kompania Turke LFB e interesuar p\u00ebr investim n\u00eb bujq\u00ebsi\"}]},{\"@type\":\"Person\",\"@id\":\"https:\/\/www.visit-ulcinj.com\/blog\/#\/schema\/person\/dcab619c614d3038751c63bc2aadc06d\",\"name\":\"ulqini\",\"sameAs\":[\"http:\/\/www.visit-ulcinj.com\"],\"url\":\"https:\/\/www.visit-ulcinj.com\/blog\/author\/admin\/\"}]}<\/script>\n<!-- \/ Yoast SEO plugin. -->","yoast_head_json":{"title":"Kompania Turke LFB e interesuar p\u00ebr investim n\u00eb bujq\u00ebsi - Lajme nga Ulqini","description":"Investitor\u00ebt nga Turqia t\u00eb interesuar p\u00ebr investim n\u00eb bujq\u00ebsi Kryetari i komunes s\u00eb Ulqinit Nazif Cungu me bashk\u00ebpun\u00ebtor\u00eb u takuan me p\u00ebrfaq\u00ebsuesit e","robots":{"index":"index","follow":"follow","max-snippet":"max-snippet:-1","max-image-preview":"max-image-preview:large","max-video-preview":"max-video-preview:-1"},"canonical":"https:\/\/www.visit-ulcinj.com\/blog\/2016\/05\/21\/kompania-turke-lfb-e-interesuar-per-investim-ne-bujqesi\/","og_locale":"en_US","og_type":"article","og_title":"Kompania Turke LFB e interesuar p\u00ebr investim n\u00eb bujq\u00ebsi - Lajme nga Ulqini","og_description":"Investitor\u00ebt nga Turqia t\u00eb interesuar p\u00ebr investim n\u00eb bujq\u00ebsi Kryetari i komunes s\u00eb Ulqinit Nazif Cungu me bashk\u00ebpun\u00ebtor\u00eb u takuan me p\u00ebrfaq\u00ebsuesit e","og_url":"https:\/\/www.visit-ulcinj.com\/blog\/2016\/05\/21\/kompania-turke-lfb-e-interesuar-per-investim-ne-bujqesi\/","og_site_name":"Lajme nga Ulqini","article_published_time":"2016-05-21T06:32:59+00:00","og_image":[{"url":"http:\/\/www.visit-ulcinj.com\/blog\/wp-content\/uploads\/2016\/05\/Mustafa-Saka-LFB-Compani-Nazif-Cungu-Ulqin-Shas-.jpg"}],"twitter_misc":{"Written by":"ulqini","Est. reading time":"1 minute"},"schema":{"@context":"https:\/\/schema.org","@graph":[{"@type":"WebSite","@id":"https:\/\/www.visit-ulcinj.com\/blog\/#website","url":"https:\/\/www.visit-ulcinj.com\/blog\/","name":"Lajme nga Ulqini","description":"Lajme,Vijesti,Ulqini,Ulqin,Crna Gora,Mali i Zi","potentialAction":[{"@type":"SearchAction","target":{"@type":"EntryPoint","urlTemplate":"https:\/\/www.visit-ulcinj.com\/blog\/?s={search_term_string}"},"query-input":"required name=search_term_string"}],"inLanguage":"en-US"},{"@type":"ImageObject","inLanguage":"en-US","@id":"https:\/\/www.visit-ulcinj.com\/blog\/2016\/05\/21\/kompania-turke-lfb-e-interesuar-per-investim-ne-bujqesi\/#primaryimage","url":"https:\/\/www.visit-ulcinj.com\/blog\/wp-content\/uploads\/2016\/05\/Mustafa-Saka-LFB-Compani-Nazif-Cungu-Ulqin-Shas-.jpg","contentUrl":"https:\/\/www.visit-ulcinj.com\/blog\/wp-content\/uploads\/2016\/05\/Mustafa-Saka-LFB-Compani-Nazif-Cungu-Ulqin-Shas-.jpg","width":1000,"height":662},{"@type":"WebPage","@id":"https:\/\/www.visit-ulcinj.com\/blog\/2016\/05\/21\/kompania-turke-lfb-e-interesuar-per-investim-ne-bujqesi\/#webpage","url":"https:\/\/www.visit-ulcinj.com\/blog\/2016\/05\/21\/kompania-turke-lfb-e-interesuar-per-investim-ne-bujqesi\/","name":"Kompania Turke LFB e interesuar p\u00ebr investim n\u00eb bujq\u00ebsi - Lajme nga Ulqini","isPartOf":{"@id":"https:\/\/www.visit-ulcinj.com\/blog\/#website"},"primaryImageOfPage":{"@id":"https:\/\/www.visit-ulcinj.com\/blog\/2016\/05\/21\/kompania-turke-lfb-e-interesuar-per-investim-ne-bujqesi\/#primaryimage"},"datePublished":"2016-05-21T06:32:59+00:00","dateModified":"2016-05-21T06:32:59+00:00","author":{"@id":"https:\/\/www.visit-ulcinj.com\/blog\/#\/schema\/person\/dcab619c614d3038751c63bc2aadc06d"},"description":"Investitor\u00ebt nga Turqia t\u00eb interesuar p\u00ebr investim n\u00eb bujq\u00ebsi Kryetari i komunes s\u00eb Ulqinit Nazif Cungu me bashk\u00ebpun\u00ebtor\u00eb u takuan me p\u00ebrfaq\u00ebsuesit e","breadcrumb":{"@id":"https:\/\/www.visit-ulcinj.com\/blog\/2016\/05\/21\/kompania-turke-lfb-e-interesuar-per-investim-ne-bujqesi\/#breadcrumb"},"inLanguage":"en-US","potentialAction":[{"@type":"ReadAction","target":["https:\/\/www.visit-ulcinj.com\/blog\/2016\/05\/21\/kompania-turke-lfb-e-interesuar-per-investim-ne-bujqesi\/"]}]},{"@type":"BreadcrumbList","@id":"https:\/\/www.visit-ulcinj.com\/blog\/2016\/05\/21\/kompania-turke-lfb-e-interesuar-per-investim-ne-bujqesi\/#breadcrumb","itemListElement":[{"@type":"ListItem","position":1,"name":"Kompania Turke LFB e interesuar p\u00ebr investim n\u00eb bujq\u00ebsi"}]},{"@type":"Person","@id":"https:\/\/www.visit-ulcinj.com\/blog\/#\/schema\/person\/dcab619c614d3038751c63bc2aadc06d","name":"ulqini","sameAs":["http:\/\/www.visit-ulcinj.com"],"url":"https:\/\/www.visit-ulcinj.com\/blog\/author\/admin\/"}]}},"jetpack_featured_media_url":"","jetpack_sharing_enabled":true,"jetpack_shortlink":"https:\/\/wp.me\/pe6lTn-pf5","_links":{"self":[{"href":"https:\/\/www.visit-ulcinj.com\/blog\/wp-json\/wp\/v2\/posts\/97035"}],"collection":[{"href":"https:\/\/www.visit-ulcinj.com\/blog\/wp-json\/wp\/v2\/posts"}],"about":[{"href":"https:\/\/www.visit-ulcinj.com\/blog\/wp-json\/wp\/v2\/types\/post"}],"author":[{"embeddable":true,"href":"https:\/\/www.visit-ulcinj.com\/blog\/wp-json\/wp\/v2\/users\/1"}],"replies":[{"embeddable":true,"href":"https:\/\/www.visit-ulcinj.com\/blog\/wp-json\/wp\/v2\/comments?post=97035"}],"version-history":[{"count":1,"href":"https:\/\/www.visit-ulcinj.com\/blog\/wp-json\/wp\/v2\/posts\/97035\/revisions"}],"predecessor-version":[{"id":97037,"href":"https:\/\/www.visit-ulcinj.com\/blog\/wp-json\/wp\/v2\/posts\/97035\/revisions\/97037"}],"wp:attachment":[{"href":"https:\/\/www.visit-ulcinj.com\/blog\/wp-json\/wp\/v2\/media?parent=97035"}],"wp:term":[{"taxonomy":"category","embeddable":true,"href":"https:\/\/www.visit-ulcinj.com\/blog\/wp-json\/wp\/v2\/categories?post=97035"},{"taxonomy":"post_tag","embeddable":true,"href":"https:\/\/www.visit-ulcinj.com\/blog\/wp-json\/wp\/v2\/tags?post=97035"}],"curies":[{"name":"wp","href":"https:\/\/api.w.org\/{rel}","templated":true}]}}