{"id":97040,"date":"2016-05-21T17:38:28","date_gmt":"2016-05-21T16:38:28","guid":{"rendered":"http:\/\/www.visit-ulcinj.com\/blog\/?p=97040"},"modified":"2016-05-21T17:39:19","modified_gmt":"2016-05-21T16:39:19","slug":"bajraktari-sta-je-ulcinj-dobio-od-nezavisnosti-crne-gore-gas-u-rikverc","status":"publish","type":"post","link":"https:\/\/www.visit-ulcinj.com\/blog\/2016\/05\/21\/bajraktari-sta-je-ulcinj-dobio-od-nezavisnosti-crne-gore-gas-u-rikverc\/","title":{"rendered":"Bajraktari: \u0160ta je Ulcinj dobio od nezavisnosti Crne Gore &#8211; Gas u rikverc!"},"content":{"rendered":"<p><a href=\"http:\/\/www.visit-ulcinj.com\/blog\/wp-content\/uploads\/2016\/05\/Omer-Bajraktari-Ura-Ulcinj-Ulqin.jpg\"><img loading=\"lazy\" class=\"alignleft wp-image-97041\" src=\"http:\/\/www.visit-ulcinj.com\/blog\/wp-content\/uploads\/2016\/05\/Omer-Bajraktari-Ura-Ulcinj-Ulqin.jpg\" alt=\"Omer-Bajraktari -Ura-Ulcinj-Ulqin\" width=\"508\" height=\"386\" srcset=\"https:\/\/www.visit-ulcinj.com\/blog\/wp-content\/uploads\/2016\/05\/Omer-Bajraktari-Ura-Ulcinj-Ulqin.jpg 805w, https:\/\/www.visit-ulcinj.com\/blog\/wp-content\/uploads\/2016\/05\/Omer-Bajraktari-Ura-Ulcinj-Ulqin-300x228.jpg 300w, https:\/\/www.visit-ulcinj.com\/blog\/wp-content\/uploads\/2016\/05\/Omer-Bajraktari-Ura-Ulcinj-Ulqin-768x583.jpg 768w\" sizes=\"(max-width: 508px) 100vw, 508px\" \/><\/a>Uskoro \u0107e se navr\u0161iti 10 godina nezavisnosti. Druga smo, najmla\u0111a dr\u017eava u Evropi poslije Kosova. Jedna dekada mo\u017ee da bude duga\u010dak vremenski period, ali mo\u017ee da bude i kratak, zavisno iz koje perspektive gledamo. Mo\u017ee se iskoristiti na razne na\u010dine, pa i na ovaj naopak na\u0161 na\u010din. Naravno, sve se ovo odnosi na unutra\u0161nji plan odnosno na polje ekonomije i sve \u0161to se sa njom povezuje (od \u017eivotnog standarda, stope nezaposlenosti, investicija), ali i u drugim sferama kao obrazovanje i zdravstvu. Tako to biva, kad ne napravite korake naprijed ulazi se u opasnost da iz vida ispusti put koji vodi ka tome vodi.<\/p>\n<p>Ako posmatramo Crnu Goru po teritorijalnom principu i statisti\u010dki gledamo neke pokazatelje koje se vezuju za \u017eivotni standard, onda dolazimo do zaklju\u010dka da je primorski region dio dr\u017eave u kojem se najbolje \u017eivi. Unutra\u0161nja migracija prema ju\u017enom regionu je kontinuirana \u0161to dodatno pokazuje da regionalni razvoj u Crnoj Gori ne postoji.<\/p>\n<p>Ali, postoji i u primorskom regionu jedan dio, odnosno jedna op\u0161tina u kojem je migracija prema EU i SAD, na\u017ealost stalna, kontinuirana i decenijska. Dva su glavna razloga: ratni sukobi u biv\u0161oj SFRJ 90-tih i ekonomski razlozi zadnjih 15-tak godina. Ovaj drugi razlog je u korelaciji sa osamostaljenjem.<\/p>\n<p>21-og maja 2006. je izglasana nezavisnost Crne Gore. Rezultati referenduma u op\u0161tini Ulcinj su bili ubjedljivi za opciju za nezavisnost, 88,50%. Svi smo bili ubje\u0111eni da \u0107e ovaj grad u narednom periodu opet biti sinonim razvoja turizma, ali i poljoprivrede. \u0160ta je dobio Ulcinj tokom ove dekade, koliko je investirano, koliko su iskori\u0161\u0107eni razvojni potencijali ove op\u0161tine, lako je odgovoriti, a te\u0161ko shvatiti i opisati. Da li je ijedan kapitalni problem, koji su na\u017ealost mnogobrojni a koji ekonomski cijede ovaj grad, rije\u0161en zadnjih 10 godina? Nije, naprotiv!<\/p>\n<p>Morsko dobro i dalje suvereno gazduje najvrijednijim prostorom ove op\u0161tine. I ptice na grani znaju koliki je to prostor u odnosu na ukupnu povr\u0161inu Ulcinja ili ukupnu teritoriju kojom gazduje ovo preduze\u0107e. Ali, jo\u0161 \u017ealosnije je radi sa tim prostorom niti ima naznaka da se ozbiljno pristupa valorizaciji. Dok je prvih godina nezavisnosti postojala dilema da li \u0107emo na prostoru Velike Pla\u017ee dozvoliti nisku ili visoku gradnju, danas uglavnom samo \u010dujemo da je to vrijedan potencijal i sve se na tome zavr\u0161i. Princip razvoje se sveo na privremene objekte. Ostalo nam je samo da guglamo makete od prije 10 godina.<\/p>\n<p>Ako neko, iz bilo kojeg kraja svijeta, \u017eeli da sazna kako se mo\u017ee kupiti kvadrat zemlje za 5 centi (!) na pjeni od mora, onda je dobro do\u0161ao u Crnu Goru. Rije\u010d je o ulcinjskoj Solani, prirodnom rezervatu i fabrici soli koja je pre\u017eivjela nekoliko ratova, ali nije pre\u017eivjela nezavisnu Crnu Goru. Naime, \u010deka se politi\u010dki momenat da bi Savjet za privatizaciju donio odluko (koja je spremna) da je pla\u0107ena tr\u017ei\u0161na naknada za 15 miliona m2, iako je me\u0111unarodni pritisak protiv takve odluke i da se ulcinjska Solana urbanizuje veoma veliki.<\/p>\n<p><a href=\"http:\/\/www.visit-ulcinj.com\/blog\/wp-content\/uploads\/2016\/05\/Prespektiva-Ulcinja-Ulqin-Foto-Senad-Maku-.jpg\"><img loading=\"lazy\" class=\"alignleft wp-image-97042\" src=\"http:\/\/www.visit-ulcinj.com\/blog\/wp-content\/uploads\/2016\/05\/Prespektiva-Ulcinja-Ulqin-Foto-Senad-Maku-.jpg\" alt=\"Prespektiva-Ulcinja-Ulqin-Foto-Senad-Maku-\" width=\"508\" height=\"508\" srcset=\"https:\/\/www.visit-ulcinj.com\/blog\/wp-content\/uploads\/2016\/05\/Prespektiva-Ulcinja-Ulqin-Foto-Senad-Maku-.jpg 960w, https:\/\/www.visit-ulcinj.com\/blog\/wp-content\/uploads\/2016\/05\/Prespektiva-Ulcinja-Ulqin-Foto-Senad-Maku--150x150.jpg 150w, https:\/\/www.visit-ulcinj.com\/blog\/wp-content\/uploads\/2016\/05\/Prespektiva-Ulcinja-Ulqin-Foto-Senad-Maku--300x300.jpg 300w, https:\/\/www.visit-ulcinj.com\/blog\/wp-content\/uploads\/2016\/05\/Prespektiva-Ulcinja-Ulqin-Foto-Senad-Maku--768x768.jpg 768w\" sizes=\"(max-width: 508px) 100vw, 508px\" \/><\/a><\/p>\n<p>Proces privatizacije u hotelskoj industriji je pri\u010da za sebe. Kad bi \u010dovjek namjerno htio da izvr\u0161i takav lo\u0161 privatizacioni proces kao u Ulcinju, siguran sam da ne bi uspio, jer bi uspjela bar jedna privatizacija. A da ne pri\u010damo da bi svaki normalan \u010dovjek, dr\u017eavnik posebno, poku\u0161ao da ispravi takav proces. Naravno, to kod nas nije slu\u010daj. Privatizacioni ugovori nastavljaju da se kr\u0161e bez ikakve odgovornosti, na \u0161tetu i op\u0161tine i dr\u017eave. Tako\u0111e, valja pomenuti i stopu nezaposlenosti kao rezultat razvojne politike u ovom periodu, koja je u 2006-oj godini iznosila 10,7%, dok u januaru 2016 23,62%.<\/p>\n<p>Prelijepa uvala Valdanos sa milenijumskim maslinjakom je tako\u0111e jo\u0161 jedna rana. Zemlja se ne vra\u0107a ranijim vlasnicima, a maslinjaci propadaju. Mo\u017eda je to ne\u010diji put do uspjeha, ili put do stanova, \u0161to bi, u svakom slu\u010daju, bilo u skladu sa ekonomskom (ne)logikom ove zemlje.<\/p>\n<p>Ima i jedna 2\/3 pozitivne investicije koja se desila u Ulcinju u zadnjih 10 godina. To je me\u0111unarodni put Ulcinj-Sukobin koji povezuje dvije dr\u017eave. Ta\u010dno je da put ne li\u010di na me\u0111unarodni put, ali to nije dovoljan argumenat da se novi putevi grade nego da se polako rekonstrui\u0161u po uobi\u010dajnijoj dinamici, jer zadnju tre\u0107inu dionice \u010dekamo da po\u010dne ve\u0107 \u010detiri godine.<\/p>\n<p>Da \u0107e se ova \u201edinamika razvoja\u201c i dalje nastaviti po pitanju Ulcinja, nije te\u0161ko pretpostaviti. Za to se i sama Vlada CG pobrinula. Dovoljno je pogledati Program rada Vlade, ali i Ministartva turizma i odr\u017eivog razvoja. U tim dokumentima, u djelima koja se ti\u010du razvoja, ali i u ostalim djelovima, Ulcinj ne postoji, osim jedne re\u010denice koja se odnosi na Bijanale u Veneciji.<\/p>\n<p>Ogovornost je velika i na lokalnim \u201epatriotama\u201c. Njihovom politikom, po\u0161to-poto biti dio vlasti, pla\u0107aju\u0107i bilo koju cijenu, nastavljaju da poma\u017eu trend proizvodnje \u201eizgubljenih generacija\u201c uz bijednu argumentaciju da moraju biti dio vlasti, pa i ove koja definitivno ne radi u korist Ulcinja i njenih gra\u0111ana.<\/p>\n<p><strong>(Omer Bajraktari, dipl.ecc, Predsjednik Op\u0161tinskog odbora Gra\u0111anskog pokreta URA)<\/strong><\/p>\n<p><strong>Izvor: Ul.info<\/strong><\/p>\n","protected":false},"excerpt":{"rendered":"<p>Uskoro \u0107e se navr\u0161iti 10 godina nezavisnosti. Druga smo, najmla\u0111a dr\u017eava u Evropi poslije Kosova. Jedna dekada mo\u017ee da bude duga\u010dak vremenski period, ali mo\u017ee da bude i kratak, zavisno iz koje perspektive gledamo. Mo\u017ee se iskoristiti na razne na\u010dine, pa i na ovaj naopak na\u0161 na\u010din. Naravno, sve se ovo odnosi na unutra\u0161nji plan [&hellip;]<\/p>\n","protected":false},"author":1,"featured_media":0,"comment_status":"closed","ping_status":"closed","sticky":false,"template":"","format":"standard","meta":{"spay_email":"","jetpack_publicize_message":"","jetpack_is_tweetstorm":false,"jetpack_publicize_feature_enabled":true},"categories":[8337],"tags":[],"jetpack_publicize_connections":[],"yoast_head":"<!-- This site is optimized with the Yoast SEO plugin v19.1 - https:\/\/yoast.com\/wordpress\/plugins\/seo\/ -->\n<title>Bajraktari: \u0160ta je Ulcinj dobio od nezavisnosti Crne Gore - Gas u rikverc! - Lajme nga Ulqini<\/title>\n<meta name=\"description\" content=\"Uskoro \u0107e se navr\u0161iti 10 godina nezavisnosti. Druga smo, najmla\u0111a dr\u017eava u Evropi poslije Kosova. Jedna dekada mo\u017ee da bude duga\u010dak vremenski period, ali\" \/>\n<meta name=\"robots\" content=\"index, follow, max-snippet:-1, max-image-preview:large, max-video-preview:-1\" \/>\n<link rel=\"canonical\" href=\"https:\/\/www.visit-ulcinj.com\/blog\/2016\/05\/21\/bajraktari-sta-je-ulcinj-dobio-od-nezavisnosti-crne-gore-gas-u-rikverc\/\" \/>\n<meta property=\"og:locale\" content=\"en_US\" \/>\n<meta property=\"og:type\" content=\"article\" \/>\n<meta property=\"og:title\" content=\"Bajraktari: \u0160ta je Ulcinj dobio od nezavisnosti Crne Gore - Gas u rikverc! - Lajme nga Ulqini\" \/>\n<meta property=\"og:description\" content=\"Uskoro \u0107e se navr\u0161iti 10 godina nezavisnosti. Druga smo, najmla\u0111a dr\u017eava u Evropi poslije Kosova. Jedna dekada mo\u017ee da bude duga\u010dak vremenski period, ali\" \/>\n<meta property=\"og:url\" content=\"https:\/\/www.visit-ulcinj.com\/blog\/2016\/05\/21\/bajraktari-sta-je-ulcinj-dobio-od-nezavisnosti-crne-gore-gas-u-rikverc\/\" \/>\n<meta property=\"og:site_name\" content=\"Lajme nga Ulqini\" \/>\n<meta property=\"article:published_time\" content=\"2016-05-21T16:38:28+00:00\" \/>\n<meta property=\"article:modified_time\" content=\"2016-05-21T16:39:19+00:00\" \/>\n<meta property=\"og:image\" content=\"http:\/\/www.visit-ulcinj.com\/blog\/wp-content\/uploads\/2016\/05\/Omer-Bajraktari-Ura-Ulcinj-Ulqin.jpg\" \/>\n<meta name=\"twitter:label1\" content=\"Written by\" \/>\n\t<meta name=\"twitter:data1\" content=\"ulqini\" \/>\n\t<meta name=\"twitter:label2\" content=\"Est. reading time\" \/>\n\t<meta name=\"twitter:data2\" content=\"4 minutes\" \/>\n<script type=\"application\/ld+json\" class=\"yoast-schema-graph\">{\"@context\":\"https:\/\/schema.org\",\"@graph\":[{\"@type\":\"WebSite\",\"@id\":\"https:\/\/www.visit-ulcinj.com\/blog\/#website\",\"url\":\"https:\/\/www.visit-ulcinj.com\/blog\/\",\"name\":\"Lajme nga Ulqini\",\"description\":\"Lajme,Vijesti,Ulqini,Ulqin,Crna Gora,Mali i Zi\",\"potentialAction\":[{\"@type\":\"SearchAction\",\"target\":{\"@type\":\"EntryPoint\",\"urlTemplate\":\"https:\/\/www.visit-ulcinj.com\/blog\/?s={search_term_string}\"},\"query-input\":\"required name=search_term_string\"}],\"inLanguage\":\"en-US\"},{\"@type\":\"ImageObject\",\"inLanguage\":\"en-US\",\"@id\":\"https:\/\/www.visit-ulcinj.com\/blog\/2016\/05\/21\/bajraktari-sta-je-ulcinj-dobio-od-nezavisnosti-crne-gore-gas-u-rikverc\/#primaryimage\",\"url\":\"https:\/\/www.visit-ulcinj.com\/blog\/wp-content\/uploads\/2016\/05\/Omer-Bajraktari-Ura-Ulcinj-Ulqin.jpg\",\"contentUrl\":\"https:\/\/www.visit-ulcinj.com\/blog\/wp-content\/uploads\/2016\/05\/Omer-Bajraktari-Ura-Ulcinj-Ulqin.jpg\",\"width\":805,\"height\":611},{\"@type\":\"WebPage\",\"@id\":\"https:\/\/www.visit-ulcinj.com\/blog\/2016\/05\/21\/bajraktari-sta-je-ulcinj-dobio-od-nezavisnosti-crne-gore-gas-u-rikverc\/#webpage\",\"url\":\"https:\/\/www.visit-ulcinj.com\/blog\/2016\/05\/21\/bajraktari-sta-je-ulcinj-dobio-od-nezavisnosti-crne-gore-gas-u-rikverc\/\",\"name\":\"Bajraktari: \u0160ta je Ulcinj dobio od nezavisnosti Crne Gore - Gas u rikverc! - Lajme nga Ulqini\",\"isPartOf\":{\"@id\":\"https:\/\/www.visit-ulcinj.com\/blog\/#website\"},\"primaryImageOfPage\":{\"@id\":\"https:\/\/www.visit-ulcinj.com\/blog\/2016\/05\/21\/bajraktari-sta-je-ulcinj-dobio-od-nezavisnosti-crne-gore-gas-u-rikverc\/#primaryimage\"},\"datePublished\":\"2016-05-21T16:38:28+00:00\",\"dateModified\":\"2016-05-21T16:39:19+00:00\",\"author\":{\"@id\":\"https:\/\/www.visit-ulcinj.com\/blog\/#\/schema\/person\/dcab619c614d3038751c63bc2aadc06d\"},\"description\":\"Uskoro \u0107e se navr\u0161iti 10 godina nezavisnosti. Druga smo, najmla\u0111a dr\u017eava u Evropi poslije Kosova. Jedna dekada mo\u017ee da bude duga\u010dak vremenski period, ali\",\"breadcrumb\":{\"@id\":\"https:\/\/www.visit-ulcinj.com\/blog\/2016\/05\/21\/bajraktari-sta-je-ulcinj-dobio-od-nezavisnosti-crne-gore-gas-u-rikverc\/#breadcrumb\"},\"inLanguage\":\"en-US\",\"potentialAction\":[{\"@type\":\"ReadAction\",\"target\":[\"https:\/\/www.visit-ulcinj.com\/blog\/2016\/05\/21\/bajraktari-sta-je-ulcinj-dobio-od-nezavisnosti-crne-gore-gas-u-rikverc\/\"]}]},{\"@type\":\"BreadcrumbList\",\"@id\":\"https:\/\/www.visit-ulcinj.com\/blog\/2016\/05\/21\/bajraktari-sta-je-ulcinj-dobio-od-nezavisnosti-crne-gore-gas-u-rikverc\/#breadcrumb\",\"itemListElement\":[{\"@type\":\"ListItem\",\"position\":1,\"name\":\"Bajraktari: \u0160ta je Ulcinj dobio od nezavisnosti Crne Gore &#8211; Gas u rikverc!\"}]},{\"@type\":\"Person\",\"@id\":\"https:\/\/www.visit-ulcinj.com\/blog\/#\/schema\/person\/dcab619c614d3038751c63bc2aadc06d\",\"name\":\"ulqini\",\"sameAs\":[\"http:\/\/www.visit-ulcinj.com\"],\"url\":\"https:\/\/www.visit-ulcinj.com\/blog\/author\/admin\/\"}]}<\/script>\n<!-- \/ Yoast SEO plugin. -->","yoast_head_json":{"title":"Bajraktari: \u0160ta je Ulcinj dobio od nezavisnosti Crne Gore - Gas u rikverc! - Lajme nga Ulqini","description":"Uskoro \u0107e se navr\u0161iti 10 godina nezavisnosti. Druga smo, najmla\u0111a dr\u017eava u Evropi poslije Kosova. Jedna dekada mo\u017ee da bude duga\u010dak vremenski period, ali","robots":{"index":"index","follow":"follow","max-snippet":"max-snippet:-1","max-image-preview":"max-image-preview:large","max-video-preview":"max-video-preview:-1"},"canonical":"https:\/\/www.visit-ulcinj.com\/blog\/2016\/05\/21\/bajraktari-sta-je-ulcinj-dobio-od-nezavisnosti-crne-gore-gas-u-rikverc\/","og_locale":"en_US","og_type":"article","og_title":"Bajraktari: \u0160ta je Ulcinj dobio od nezavisnosti Crne Gore - Gas u rikverc! - Lajme nga Ulqini","og_description":"Uskoro \u0107e se navr\u0161iti 10 godina nezavisnosti. Druga smo, najmla\u0111a dr\u017eava u Evropi poslije Kosova. Jedna dekada mo\u017ee da bude duga\u010dak vremenski period, ali","og_url":"https:\/\/www.visit-ulcinj.com\/blog\/2016\/05\/21\/bajraktari-sta-je-ulcinj-dobio-od-nezavisnosti-crne-gore-gas-u-rikverc\/","og_site_name":"Lajme nga Ulqini","article_published_time":"2016-05-21T16:38:28+00:00","article_modified_time":"2016-05-21T16:39:19+00:00","og_image":[{"url":"http:\/\/www.visit-ulcinj.com\/blog\/wp-content\/uploads\/2016\/05\/Omer-Bajraktari-Ura-Ulcinj-Ulqin.jpg"}],"twitter_misc":{"Written by":"ulqini","Est. reading time":"4 minutes"},"schema":{"@context":"https:\/\/schema.org","@graph":[{"@type":"WebSite","@id":"https:\/\/www.visit-ulcinj.com\/blog\/#website","url":"https:\/\/www.visit-ulcinj.com\/blog\/","name":"Lajme nga Ulqini","description":"Lajme,Vijesti,Ulqini,Ulqin,Crna Gora,Mali i Zi","potentialAction":[{"@type":"SearchAction","target":{"@type":"EntryPoint","urlTemplate":"https:\/\/www.visit-ulcinj.com\/blog\/?s={search_term_string}"},"query-input":"required name=search_term_string"}],"inLanguage":"en-US"},{"@type":"ImageObject","inLanguage":"en-US","@id":"https:\/\/www.visit-ulcinj.com\/blog\/2016\/05\/21\/bajraktari-sta-je-ulcinj-dobio-od-nezavisnosti-crne-gore-gas-u-rikverc\/#primaryimage","url":"https:\/\/www.visit-ulcinj.com\/blog\/wp-content\/uploads\/2016\/05\/Omer-Bajraktari-Ura-Ulcinj-Ulqin.jpg","contentUrl":"https:\/\/www.visit-ulcinj.com\/blog\/wp-content\/uploads\/2016\/05\/Omer-Bajraktari-Ura-Ulcinj-Ulqin.jpg","width":805,"height":611},{"@type":"WebPage","@id":"https:\/\/www.visit-ulcinj.com\/blog\/2016\/05\/21\/bajraktari-sta-je-ulcinj-dobio-od-nezavisnosti-crne-gore-gas-u-rikverc\/#webpage","url":"https:\/\/www.visit-ulcinj.com\/blog\/2016\/05\/21\/bajraktari-sta-je-ulcinj-dobio-od-nezavisnosti-crne-gore-gas-u-rikverc\/","name":"Bajraktari: \u0160ta je Ulcinj dobio od nezavisnosti Crne Gore - Gas u rikverc! - Lajme nga Ulqini","isPartOf":{"@id":"https:\/\/www.visit-ulcinj.com\/blog\/#website"},"primaryImageOfPage":{"@id":"https:\/\/www.visit-ulcinj.com\/blog\/2016\/05\/21\/bajraktari-sta-je-ulcinj-dobio-od-nezavisnosti-crne-gore-gas-u-rikverc\/#primaryimage"},"datePublished":"2016-05-21T16:38:28+00:00","dateModified":"2016-05-21T16:39:19+00:00","author":{"@id":"https:\/\/www.visit-ulcinj.com\/blog\/#\/schema\/person\/dcab619c614d3038751c63bc2aadc06d"},"description":"Uskoro \u0107e se navr\u0161iti 10 godina nezavisnosti. Druga smo, najmla\u0111a dr\u017eava u Evropi poslije Kosova. Jedna dekada mo\u017ee da bude duga\u010dak vremenski period, ali","breadcrumb":{"@id":"https:\/\/www.visit-ulcinj.com\/blog\/2016\/05\/21\/bajraktari-sta-je-ulcinj-dobio-od-nezavisnosti-crne-gore-gas-u-rikverc\/#breadcrumb"},"inLanguage":"en-US","potentialAction":[{"@type":"ReadAction","target":["https:\/\/www.visit-ulcinj.com\/blog\/2016\/05\/21\/bajraktari-sta-je-ulcinj-dobio-od-nezavisnosti-crne-gore-gas-u-rikverc\/"]}]},{"@type":"BreadcrumbList","@id":"https:\/\/www.visit-ulcinj.com\/blog\/2016\/05\/21\/bajraktari-sta-je-ulcinj-dobio-od-nezavisnosti-crne-gore-gas-u-rikverc\/#breadcrumb","itemListElement":[{"@type":"ListItem","position":1,"name":"Bajraktari: \u0160ta je Ulcinj dobio od nezavisnosti Crne Gore &#8211; Gas u rikverc!"}]},{"@type":"Person","@id":"https:\/\/www.visit-ulcinj.com\/blog\/#\/schema\/person\/dcab619c614d3038751c63bc2aadc06d","name":"ulqini","sameAs":["http:\/\/www.visit-ulcinj.com"],"url":"https:\/\/www.visit-ulcinj.com\/blog\/author\/admin\/"}]}},"jetpack_featured_media_url":"","jetpack_sharing_enabled":true,"jetpack_shortlink":"https:\/\/wp.me\/pe6lTn-pfa","_links":{"self":[{"href":"https:\/\/www.visit-ulcinj.com\/blog\/wp-json\/wp\/v2\/posts\/97040"}],"collection":[{"href":"https:\/\/www.visit-ulcinj.com\/blog\/wp-json\/wp\/v2\/posts"}],"about":[{"href":"https:\/\/www.visit-ulcinj.com\/blog\/wp-json\/wp\/v2\/types\/post"}],"author":[{"embeddable":true,"href":"https:\/\/www.visit-ulcinj.com\/blog\/wp-json\/wp\/v2\/users\/1"}],"replies":[{"embeddable":true,"href":"https:\/\/www.visit-ulcinj.com\/blog\/wp-json\/wp\/v2\/comments?post=97040"}],"version-history":[{"count":2,"href":"https:\/\/www.visit-ulcinj.com\/blog\/wp-json\/wp\/v2\/posts\/97040\/revisions"}],"predecessor-version":[{"id":97044,"href":"https:\/\/www.visit-ulcinj.com\/blog\/wp-json\/wp\/v2\/posts\/97040\/revisions\/97044"}],"wp:attachment":[{"href":"https:\/\/www.visit-ulcinj.com\/blog\/wp-json\/wp\/v2\/media?parent=97040"}],"wp:term":[{"taxonomy":"category","embeddable":true,"href":"https:\/\/www.visit-ulcinj.com\/blog\/wp-json\/wp\/v2\/categories?post=97040"},{"taxonomy":"post_tag","embeddable":true,"href":"https:\/\/www.visit-ulcinj.com\/blog\/wp-json\/wp\/v2\/tags?post=97040"}],"curies":[{"name":"wp","href":"https:\/\/api.w.org\/{rel}","templated":true}]}}