{"id":97052,"date":"2016-05-22T05:35:14","date_gmt":"2016-05-22T04:35:14","guid":{"rendered":"http:\/\/www.visit-ulcinj.com\/blog\/?p=97052"},"modified":"2016-05-23T13:09:50","modified_gmt":"2016-05-23T12:09:50","slug":"ulqinakja-etrita-ibroci-vizioni-shqiptares","status":"publish","type":"post","link":"https:\/\/www.visit-ulcinj.com\/blog\/2016\/05\/22\/ulqinakja-etrita-ibroci-vizioni-shqiptares\/","title":{"rendered":"Ulqinakja Etrita Ibroci \u2013 Vizioni i Shqiptares"},"content":{"rendered":"<div id=\"stcpDiv\">\n<p><a href=\"http:\/\/www.visit-ulcinj.com\/blog\/wp-content\/uploads\/2016\/05\/Etrita-Ibroci.jpg\"><img loading=\"lazy\" class=\"alignleft wp-image-97053\" src=\"http:\/\/www.visit-ulcinj.com\/blog\/wp-content\/uploads\/2016\/05\/Etrita-Ibroci.jpg\" alt=\"Etrita Ibroci\" width=\"508\" height=\"507\" \/><\/a>Etrita Ibroci \u2013 Shqiptarja e Ulqinit \u00a0Senior Vice President n\u00eb Unicredit -Kepler Chevreux q\u00eb fokusohet n\u00eb hulumtimin e\u00a0 tregut financiar\u00a0 evropian ne SHBA\/<\/p>\n<p>D\u00ebshira dhe \u00ebndrra\u00a0 e Etrita Ibrocit ka qen\u00eb gjithmon\u00eb t\u00eb tregoj\u00eb se si ne shqiptar\u00ebt mund t\u00eb arrijm\u00eb \u00e7do gj\u00eb si n\u00eb gjuh\u00ebn ton\u00eb amtare dhe n\u00eb t\u00eb nj\u00ebjt\u00ebn koh\u00eb, edhe n\u00eb gjuh\u00ebn\u00a0 zyrtare t\u00eb Malit t\u00eb Zi. Nj\u00eb nd\u00ebr motot q\u00eb e ka shoq\u00ebruar vazhdimisht n\u00eb jet\u00ebn e saj ka qen\u00eb: kurr\u00eb t\u00eb mos dor\u00ebzohesh sepse \u00e7do gj\u00eb e ka zgjidhjen dhe rrug\u00ebdaljen e vet,\u00a0 tek t\u00eb cilat\u00a0 t\u00eb \u00e7ojn\u00eb puna e palodhur, durimi dhe pasioni.<\/p>\n<p>Secili duhet t\u00eb ket\u00eb nj\u00eb vizion pozitiv p\u00ebr jet\u00ebn, angazhimet e veta personale, por\u00a0 edhe nj\u00eb dashuri t\u00eb pakusht\u00ebzuar\u00a0 ndaj familjes dhe t\u00eb af\u00ebrmve.<\/p>\n<p>Nj\u00eb tjet\u00ebr moto po aq e\u00a0 r\u00ebnd\u00ebsishme sa ajo q\u00eb sapo p\u00ebrmend\u00ebm dhe q\u00eb e ka ndihmuar shum\u00eb gjat\u00eb jet\u00ebs, ka qen\u00eb q\u00eb t\u00eb jesh gjithmon\u00eb e pathyeshme dhe t\u00eb mos dor\u00ebzohesh nga v\u00ebshtir\u00ebsit\u00eb\u2026. Po u rr\u00ebzove, ngrihu s\u00ebrish n\u00eb k\u00ebmb\u00eb p\u00ebr t\u00eb arritur pik\u00ebsynimet q\u00eb i ke v\u00ebn\u00eb vetes, sado t\u00eb larg\u00ebta, t\u00eb v\u00ebshtira\u00a0 dhe t\u00eb paarritshme t\u00eb duken.<\/p>\n<p>E lindur n\u00eb Ulqin n\u00eb Mal t\u00eb Zi n\u00eb vitin 1972, Etrita\u00a0 ku\u00a0 ka kaluar f\u00ebmij\u00ebrin\u00eb dhe studimet e shkoll\u00ebs fillore deri ne vitin e tret\u00eb t\u00eb gjimnazit. F\u00ebmij\u00ebria e saj ishte e\u00a0 pasur\u00a0 me dije sepse familja ku u lind dhe u rrit ishte nj\u00eb familje e kulturuar dhe arsimdash\u00ebse.<\/p>\n<p>Babai ishte m\u00ebsues dhe\u00a0 u p\u00ebrpoq gjat\u00eb gjith\u00eb jet\u00ebs ta edukonte me pasion e dashuris\u00eb per gjuh\u00ebn shqipe, dijes, dituris\u00eb, edukat\u00ebn e pun\u00ebs dhe vullnetin e fort\u00eb.<\/p>\n<p>Gjith\u00eb\u00a0 f\u00ebmij\u00ebrin\u00eb e ka kaluar duke hulumtuar bot\u00ebn e dituris\u00eb dhe njohurive n\u00eb \u00e7do l\u00ebnd\u00eb. \u00cbsht\u00eb e pasionuar p\u00ebr piktur\u00eb, recitim dhe sport; volejboll, boks\/karate dhe not.<\/p>\n<p><a href=\"http:\/\/www.visit-ulcinj.com\/blog\/wp-content\/uploads\/2016\/05\/Etrita-Ibroci-.jpg\"><img loading=\"lazy\" class=\"alignleft wp-image-97054\" src=\"http:\/\/www.visit-ulcinj.com\/blog\/wp-content\/uploads\/2016\/05\/Etrita-Ibroci-.jpg\" alt=\"Etrita Ibroci-\" width=\"508\" height=\"338\" \/><\/a><\/p>\n<p><strong>\u00a0Flet gjasht\u00eb gjuh\u00eb; flet rrjedhsh\u00ebm gjuh\u00ebn amtare shqipe, gjuh\u00ebn kroate, spanjolle dhe italiane. N\u00eb nj\u00eb nivel mesatar ajo flet gjithashtu gjuh\u00ebn ruse dhe gjermane.<\/strong><\/p>\n<p><strong>\u00a0Etrita\u00a0 u diplomua n\u00eb St.John Univerziteti n\u00eb 1995 (magna cum laude, q\u00eb do t\u00eb thot\u00eb me not\u00ebn maksimale),\u00a0 me Diplom Bachelor i arteve n\u00eb ekonomi dhe shkencat politike dhe me N\u00ebndiplom\u00eb\u00a0 n\u00eb filozofin\u00eb e drejt\u00ebsis\u00eb. <\/strong><\/p>\n<p><strong>Ajo gjithashtu mban edhe titullin e magjistrit nga Univerziteti Fordham n\u00eb financ\u00eb dhe sisteme menaxhimi ( gjithashtu me\u00a0 magna cum laude).<\/strong><\/p>\n<p><strong>Sot,\u00a0 Etrita Ibroci \u00ebsht\u00eb Vice Presidente n\u00eb nj\u00eb firm\u00eb evropiane \u2013 Kepler Chevreux q\u00eb fokusohet n\u00eb hulumtimin e\u00a0 tregut financiar\u00a0 evropian , rol ky q\u00eb e ka mbajtur n\u00eb n\u00ebnt\u00eb vitet e fundit.<\/strong><\/p>\n<p><strong>\u00a0Nga p\u00ebrvojat e saj t\u00eb m\u00ebparshme, p\u00ebrmendim\u00a0 pun\u00ebn\u00a0 e saj tek Merrill Lynch ku ka punuar si Stratege Internacionale dhe ajo tek Credit Suisse, ku u mor me hulumtime n\u00eb bot\u00ebn financiare globale dhe me strategji n\u00eb sektor\u00eb t\u00eb\u00a0 ndrysh\u00ebm (gjithashtu global\u00eb) p\u00ebr afro\u00a0 tet\u00eb vite. <\/strong><\/p>\n<p><strong>Duke punuar p\u00ebr bankimin privat tek Credit Suisse ajo ka krijuar disa portofol financiar t\u00eb bazuar n\u00eb tema\u00a0 t\u00eb ndryshme aktuale t\u00eb tregjeve globale financiare.<\/strong><\/p>\n<p>Ju lutem ndiqni bashk\u00ebbisedimin me Etrit\u00ebn.<\/p>\n<p><strong><em>Pyetje: Etrita,ar\u00ebsyet e studimeve ju b\u00ebn\u00eb q\u00eb\u00a0 ju t\u00eb largoheni her\u00ebt, n\u00eb mosh\u00eb t\u00eb re nga vendi juaj p\u00ebr n\u00eb Amerik\u00eb. A ka q\u00ebn\u00eb e veshtir\u00eb per ju , familjen, vendimi p\u00ebr tu larguar nga v\u00ebndi, dhe per t\u2019u diplomuar ne nje universitet\u00a0 ne v\u00ebnd te huaj me nje shoq\u00ebri te hapur, e me cultur\u00eb krejt ndryshe nga e jona ?\u00a0 <\/em><\/strong><\/p>\n<p>-Pas mbarimit t\u00eb vitit t\u00eb tret\u00eb n\u00eb Malin e Zi, vitin e fundit t\u00eb gjimnazit e mbarova n\u00eb North Carolina, n\u00eb SHBA, si pjes\u00ebtare e programit \u201cexchange student\u2019. Atje jetova dhjet\u00eb\u00a0 muaj me nj\u00eb familje amerikane por me origjin\u00eb angleze. Ishin muaj t\u00eb mbushur me aktivitete intensive n\u00eb shkoll\u00eb sepse b\u00ebja pjes\u00eb n\u00eb klasat e nivelit t\u00eb lart\u00eb (AP classes) si klasa para p\u00ebrgatit\u00ebse\u00a0 p\u00ebr kolegj dhe me nj\u00eb nivel m\u00eb t\u00eb lart\u00eb t\u00eb\u00a0 studimeve dhe provimeve. Ishin 10 muaj t\u00eb mrekulluesh\u00ebm sepse p\u00ebrvet\u00ebsova gjuh\u00ebn angleze\u00a0 dhe at\u00eb gjermane. N\u00eb nj\u00ebjt\u00ebn koh\u00eb, mora m\u00eb tep\u00ebr konfidenc\u00eb\u00a0 p\u00ebr jet\u00ebn dhe ambientin ku banoja, hulumtova shum\u00eb kolegje\u00a0 dhe vendosa t\u00eb kthehem p\u00ebr t\u00eb studiuar m\u00eb gjat\u00eb dhe t\u00eb krijoj t\u00eb ardhmen n\u00eb Amerik\u00eb.<\/p>\n<p>-Sa i v\u00ebshtir\u00eb ishte fillimi i jet\u00ebs suaj dhe adoptimi n\u00eb jet\u00ebn Amerikane nga pik\u00ebpamja ekonomike, kulturore, periudha e studimeve dhe e diplomimit?<\/p>\n<p>-N\u00eb gusht t\u00eb vitit 1991 erdha n\u00eb New York me 200 dollar\u00eb n\u00eb xhep dhe nj\u00eb valixhe t\u00eb mbushur me libra. Vitin e par\u00eb kam jetuar me hall\u00ebn n\u00eb bodrumin e saj dhe me von\u00eb kur mb\u00ebrriti edhe babai, kaluam n\u00eb nj\u00eb apartament t\u00eb vog\u00ebl. Halla dhe familja e saj m\u00eb ndihmuan shum\u00eb vitin e par\u00eb dhe jam shum\u00eb mir\u00ebnjoh\u00ebse p\u00ebr mb\u00ebshtetjen dhe p\u00ebrkrahjen e tyre.<\/p>\n<p>-Gjasht\u00eb vitet e para ishin m\u00eb t\u00eb v\u00ebshtirat e t\u00ebr\u00eb jetes\u00eb sime.Isha 18 vje\u00e7are dhe jeta n\u00eb Amerik\u00eb ishte luft\u00eb e p\u00ebrditshme p\u00ebr\u00a0 ekzistenc\u00eb. Nga ora tet\u00eb e m\u00ebngjesit e deri n\u00eb or\u00ebn 15.00 isha e angazhuar me studime n\u00eb kolegj\u00a0 dhe duke punuar si asistente e profesor\u00ebve dhe m\u00eb pas deri n\u00eb mesnat\u00eb duke punuar n\u00eb piceri.Kjo ishte jeta ime p\u00ebr\u00a0 gjasht\u00eb vitet e para deri sa\u00a0 p\u00ebrfundova studimet n\u00eb kolegjin e St Johns\u2019- it n\u00eb tri deg\u00eb: at\u00eb\u00a0 t\u00eb ekonomis\u00eb, politik\u00ebs dhe filozofis\u00eb s\u00eb lighit,t\u00eb gjitha me rezultate t\u00eb\u00a0 shk\u00eblqyera.M\u00eb von\u00eb mbarova edhe\u00a0 Magjistratur\u00ebn \u2013 Master in Business Administration n\u00eb Fordham University\u00a0 n\u00eb dy drejtime, at\u00eb t\u00eb financave\u00a0 dhe sistemeve\u00a0 menaxhuese.K\u00ebt\u00eb t\u00eb fundit\u00a0 e mbarova p\u00ebr 16 muaj sepse ishte nj\u00eb drejtim intensiv dhe m\u00eb i avancuar. T\u00eb gjitha i kreva me sukses duke pasur\u00a0 p\u00ebrkrahjen e prind\u00ebrve, v\u00ebllait dhe motr\u00ebs q\u00eb i dua m\u00eb shum\u00eb se \u00e7do gj\u00eb n\u00eb jet\u00eb.<\/p>\n<p>-S<strong><em>a mb\u00ebshtet\u00ebse ishte p\u00ebr ju\u00a0 familja n\u00eb k\u00ebt\u00eb rrug\u00eb t\u00eb v\u00ebshtir\u00eb t\u00eb suksesit? <\/em><\/strong><\/p>\n<p>-Ne jemi nj\u00eb familje shum\u00eb e bashkuar dhe e dedikuar t\u2019\u00eb ndihmojm\u00eb nj\u00ebri tjetrin. Kur mb\u00ebrrita n\u00eb Amerik\u00eb isha vet\u00ebm, por q\u00ebllimi im kryesor ishte t\u00eb sillja t\u00ebr\u00eb familjen.M\u2019u desh\u00ebn plot kat\u00ebr vjet q\u00eb t\u2019i bashkoja t\u00eb gjith\u00eb, s\u00eb pari babain, v\u00ebllain e m\u00eb pas mamin dhe motr\u00ebn. T\u00eb gjith\u00eb kemi punuar nga 2-3 pun\u00eb dhe kemi kryer studimet. Un\u00eb n\u00eb financ\u00eb, v\u00ebllai n\u00eb matematik\u00eb dhe fizik\u00eb dhe motra n\u00eb fashion dezijn dhe graphic dezijn.<\/p>\n<p>\u2013<strong><em>Zonja Etrita, mendoj se do t\u00eb ishte me interes si p\u00ebr mua\u00a0 dhe p\u00ebr lexuesin, t\u00eb na tregoni se cila ishte d\u00ebshira juaj e par\u00eb sapo mb\u00ebrrit\u00ebt\u00a0 n\u00eb Amerik\u00eb, dhe me sa mund u realizua ajo?<\/em><\/strong><\/p>\n<p>-D\u00ebshira dhe q\u00ebllimi im kryesor kur erdha n\u00eb Amerik\u00eb ishte p\u00ebr t\u00eb kryer studimet dhe p\u00ebr t\u00eb bashkuar familjen time. Familja e bashkuar p\u00ebr mua \u00ebsht\u00eb gj\u00ebja kryesore p\u00ebr t\u00eb pasur nj\u00eb jet\u00eb t\u00eb lumtur dhe g\u00ebzimplot\u00eb. Ne t\u00eb gjith\u00eb kemi punuar shum\u00eb p\u00ebr t\u00eb arritur k\u00ebt\u00eb q\u00eb kemi sot.Personalisht, mund t\u00eb them q\u00eb nj\u00eb pjes\u00eb e jet\u00ebs sime rinore shkoi shum\u00eb shpejt.Kam studiuar dhe punuar me orar t\u00eb plot\u00eb si\u00a0 un\u00eb,\u00a0 v\u00ebllai dhe motra. E kemi b\u00ebr\u00eb me bindjen p\u00ebr t\u00eb mb\u00ebshtetur familjen ton\u00eb.Nuk ka qen\u00eb e leht\u00eb\u2026Por kjo p\u00ebrvoj\u00eb, p\u00ebrpjekjet e vazhdueshme me gjith\u00eb forcat e mia p\u00ebr t\u00eb arritur at\u00eb \u00e7ka i kisha v\u00ebn\u00eb pik\u00ebsynim vetes, m\u00eb n\u00eb fund u shp\u00ebrblyen.<\/p>\n<p><strong><em>\u2013 Si ka vazhduar karriera juaj mbas diplomimit n\u00eb deg\u00ebt e ekonomis\u00eb, politik\u00ebs dhe filozofis\u00eb si dhe angazhimet e tjera ?<\/em><\/strong><\/p>\n<p>-Kariera ime filloi me 1999 n\u00eb Credit Suisse \u2013 bank Zvicerrane ku punova p\u00ebr tet\u00eb vite dhe merresha me k\u00ebrkime n\u00eb bot\u00ebn financiare globale.M\u00eb von\u00eb kalova n\u00eb nj\u00eb bank\u00eb\u00a0 Franceze (Credit Agricole) dhe Italiane (Unicredit) ku punoj prej n\u00ebnt\u00eb vitesh\u00a0\u00a0 dhe ende po punoj\u00a0 dhe merrem\u00a0 me investime n\u00eb bursat e\u00a0 Evrop\u00ebs s\u00eb Zhvilluar me titullin Senior Vice President.Puna \u00ebsht\u00eb shum\u00eb intensive edhe sepse orari mund t\u00eb jet\u00eb shum\u00eb i gjat\u00eb. Por kjo q\u00eb b\u00ebj m\u00eb p\u00eblqen pa mas\u00eb dhe i p\u00ebrshtatet plot\u00ebsisht karakterit tim. Un\u00eb jam njeri q\u00eb nuk dor\u00ebzohet para v\u00ebshtir\u00ebsive.Kam hasur shum\u00eb v\u00ebshtir\u00ebsi n\u00eb jet\u00eb dhe kam punuar e luftuar shum\u00eb p\u00ebr t\u2019i kap\u00ebrcyer duke pasur gjithmon\u00eb nj\u00eb k\u00ebndv\u00ebshtrim pozitiv p\u00ebr jet\u00ebn.Bota ime nuk \u00ebsht\u00eb ajo e t\u00eb pasurit me qindra \u201cshok\u00eb e shoqe\u201d\u00a0 virtual n\u00eb rrjetet sociale. Un\u00eb besoj se \u00ebsht\u00eb m\u00eb mir\u00eb t\u00eb kesh\u00a0 nj\u00eb rreth\u00a0 t\u00eb ngusht\u00eb prej 15-20 shok\u00ebve\/shoqeve, familjar\u00ebve e t\u00eb af\u00ebrmve dhe t\u2019i dedikohesh\u00a0 kultivimit t\u00eb k\u00ebtij grupi.<\/p>\n<p>\u2013<strong><em>Etrita, nga biseda m\u00ebsova se nj\u00eb moto e fuqishme gjat\u00eb gjith\u00eb karrier\u00ebs suaj ka qene t\u00eb jesh \u201cconfident\u201d dhe \u201ct\u00eb kesh nj\u00eb ambicie\u201d\u00a0 apo vullnet p\u00ebr t\u00eb arritur synimet n\u00eb vetvete pa marr\u00eb parasysh sa t\u00eb v\u00ebshtira t\u00eb jen\u00eb ato.Sa mund ju \u00ebsht\u00eb dashur p\u00ebr t\u2019i realizuar ?<\/em><\/strong><\/p>\n<p>-Shum\u00eb her\u00eb jeta na v\u00eb n\u00eb sprov\u00eb me v\u00ebshtir\u00ebsi t\u00eb shumta. Shum\u00eb her\u00eb t\u00eb duket sikur s\u2019do t\u2019ia dal\u00ebsh por kjo s\u2019m\u00eb\u00a0 ka penguar kurr\u00eb q\u00eb t\u00eb p\u00ebrballem me v\u00ebshtir\u00ebsit\u00eb. \u00a0\u00c7do gj\u00eb p\u00ebrballohet me vullnet, me nj\u00eb vizion pozitiv,\u00a0 me dashuri familjare dhe mbi t\u00eb gjitha duke k\u00ebrkuar vazhdimisht t\u00eb shkosh p\u00ebrpara\u00a0 p\u00ebr t\u00eb jetuar nj\u00eb jet\u00eb t\u00eb ndershme.<\/p>\n<p>-Cili ka qen\u00eb bashk\u00ebpunimi me organizata t\u00eb tjera n\u00eb ndihm\u00eb t\u00eb komunitetit shqiptar dhe gruas shqiptare q\u00eb jeton dhe punon n\u00eb Amerik\u00eb si ajo e APEN-it, AAWO, AASS, NAAC?<\/p>\n<p>\u2013 Ideja e APEN-it\u00a0 i ka fillesat e saj\u00a0 para 10 viteve ku un\u00eb\u00a0 dhe nj\u00eb grup t\u00eb rinjsh u mblodh\u00ebm p\u00ebr t\u00eb krijuar nj\u00eb organizat\u00eb me nj\u00eb detyr\u00eb t\u00eb ve\u00e7ant\u00eb: nd\u00ebrthurjen e aft\u00ebsive dhe njohjeve profesionale t\u00eb rinis\u00eb shqiptare n\u00eb SHBA, me q\u00ebllim krijimin e nj\u00eb rrjeti mb\u00ebshtet\u00ebs profesional me identitet shqiptar.\u00a0 Me an\u00eb t\u00eb APEN-it\u00a0 duam t\u00eb krijojm\u00eb nj\u00eb rrjet ku njer\u00ebzit mund t\u00eb lidhen e t\u00eb ndihmojn\u00eb nj\u00ebri tjetrin p\u00ebr gjetjen e nj\u00eb vendi pune, p\u00ebr avancimin n\u00eb karrier\u00eb, p\u00ebr gjetjen e mund\u00ebsive t\u00eb p\u00ebrbashk\u00ebta p\u00ebr profesionet dhe bizneset e tyre. Por, d\u00ebshira dhe puna jon\u00eb shkon p\u00ebrpara sepse\u00a0 duam t\u00eb arrijm\u00eb akoma m\u00eb shum\u00eb. T\u00eb afrojm\u00eb forcat tona rinore dhe profesionale p\u00ebr t\u00eb pasqyruar dinjitetin dhe\u00a0 vlerat shqiptare dhe t\u00eb shpalosin talentin shqiptar n\u00eb t\u00eb gjitha fushat profesionale dhe sip\u00ebrmarr\u00ebse. Duam t\u2019i kthejm\u00eb k\u00ebto angazhime n\u00eb di\u00e7ka p\u00ebrfituese p\u00ebr vendet tona, p\u00ebr Shqip\u00ebrin\u00eb, Kosov\u00ebn, Maqedonin\u00eb dhe Malin e Zi. N\u00ebp\u00ebrmjet APEN-it , ne kemi organizuar shum\u00eb tubime n\u00eb sfera t\u00eb ndryshme (mjek\u00ebsore, art, financ\u00eb) dhe vazhdojm\u00eb t\u00eb krijojm\u00eb\u00a0 tubime t\u00eb vazhdueshme p\u00ebr profesionist\u00ebt shqiptar n\u00eb Amerik\u00eb dhe po punojm\u00eb p\u00ebr zgjerimin e rrjeti profesional. Gjate 25 viteve n\u00eb Amerik\u00eb, gjithashtu kam bashk\u00ebpunuar dhe isha nj\u00eb nd\u00ebr an\u00ebtar\u00ebt themelues t\u00eb shum\u00eb organizatave shqiptare, si AAWO \u2013 Motrat Qiariazi, NAAC dhe e funding AASS (Albanian American Success Stories). Me AASS-in pata rastin t\u00eb vizitoj Ulqinin dhe Tuzin vitin a kaluar. Arsyeja kryesore pse shkuam n\u00eb em\u00ebr t\u00eb AASS n\u00eb Mal t\u00eb Zi , ishte\u00a0 sepse ne d\u00ebshirojm\u00eb t\u00eb shpalosim histori\u00a0 t\u00eb sukseseve dhe arritjeve\u00a0 t\u00eb shqiptar\u00ebve t\u00eb Malit t\u00eb Zi. Dhe t\u00eb gjith\u00eb k\u00ebto\u00a0 histori natyrisht fillojn\u00eb nga p\u00ebrvoja e individit, nga\u00a0 shpresat dhe \u00ebndrrat e secilit prej nesh dhe sfidat q\u00eb\u00a0 kemi kap\u00ebrcyer n\u00eb arritjen e k\u00ebtyre\u00a0 \u00ebndrrave. Kur ishim n\u00eb Mal t\u00eb Zi vitin e kaluar, n diskutuam\u00a0 rreth projekteve t\u00eb p\u00ebrbashk\u00ebta n\u00eb fushat ku un\u00eb dhe koleg\u00ebt e mi nga AASS mund t\u00eb ofrojm\u00eb ekspertiz\u00ebn dhe p\u00ebrvoj\u00ebn ton\u00eb. Ne kemi filluar t\u00eb punojm\u00eb n\u00eb disa projekte dhe t\u00eb ofrojm\u00eb bursa p\u00ebr student\u00ebt q\u00eb kan\u00eb rezultate t\u00eb larta\u00a0 n\u00eb shkoll\u00ebn e mesme. Gjithashtu,\u00a0 shqyrtuam m\u00ebnyrat se si ne mund t\u00eb ndihmojm\u00eb dy qendra p\u00ebr f\u00ebmij\u00eb me nevoja t\u00eb ve\u00e7anta duke i ndihmuar me m\u00ebnyra t\u00eb ndryshme mb\u00ebshtetjeje.<\/p>\n<p><strong><em>\u2013 Cfare mendimi keni per gjithp\u00ebrfshirjen e gruas, dhe pozicionin e saj sot, e cila l\u00eb per te d\u00ebshiruar shoqerine ton\u00eb maskiliste? <\/em><\/strong><strong><em>\u00a0Cili eshte mendimi juaj intelektual, dhe vizioni \u00a0juaj, p\u00ebr boten e gruas shqiptare?<\/em><\/strong><\/p>\n<p>-Femra shqiptare tani \u00ebsht\u00eb besnike e vizionit bot\u00ebror mbi toleranc\u00ebn, arsyen, dashurin\u00eb dhe drejt\u00ebsin\u00eb. Ajo \u00ebsht\u00eb edukatore e brezit t\u00eb vet dhe bart\u00ebse e kultur\u00ebs. N\u00eb ket\u00eb m\u00ebnyr\u00eb ajo n\u00eb \u00e7do hap materializon th\u00ebnien a hershme q\u00eb \u00ebsht\u00eb gjithmon\u00eb reale, se \u201cpa fem\u00ebr\u00a0 t\u00eb arsimuar nuk ka as komb t\u00eb kulturuar\u201d.<\/p>\n<p>\u2013<strong><em>Cili eshte mesazhi juaj \u00a0p\u00ebr rinin\u00eb, profesionist\u00ebt, sip\u00ebrmarr\u00ebsit, udh\u00ebheq\u00ebsit per m\u00ebnyrat e bashk\u00ebpunimit\u00a0 p\u00ebr shqiptar\u00ebt ne Amerike n\u00eb komunitet dhe n\u00eb trojet shqiptare?<\/em><\/strong><\/p>\n<p>-Ju ftoj t\u00eb gjith\u00ebve t\u00eb rrisni angazhimet tuaja, t\u2019i kryq\u00ebzoni dhe t\u2019i shk\u00ebmbeni arritjet, njohjet dhe p\u00ebrvojat profesionale. Le t\u00eb promovojm\u00eb m\u00eb tep\u00ebr talentin shqiptar. L\u00eb t\u00eb bashk\u00ebpunojm\u00eb m\u00eb shum\u00eb me nj\u00ebri tjetrin. Dhe l\u00eb t\u00eb gjejm\u00eb m\u00ebnyrat e bashk\u00ebpunimit p\u00ebr shqiptar\u00ebt k\u00ebtu n\u00eb komunitet dhe n\u00eb trojet shqiptare. Shembujt e Rita Or\u00ebs n\u00eb muzik\u00eb, Xherdan Shaqirit n\u00eb futboll, Majlinda Kelmendit n\u00eb xhudo na frym\u00ebzojn\u00eb t\u00eb gjith\u00ebve q\u00eb t\u00eb b\u00ebjm\u00eb m\u00eb shum\u00eb dhe t\u00eb arrijm\u00eb akoma e m\u00eb shum\u00eb.<\/p>\n<p>\u2013<strong><em>Dhe s\u00eb fundmi ju pyes si profesioniste n\u00eb ekonomi , c\u2019far\u00eb mesazhi keni\u00a0 p\u00ebr politik\u00ebn per tu p\u00ebmiresuar ekonomia gjithmon\u00eb e me tep\u00ebr?<\/em><\/strong><\/p>\n<p>\u2013\u00a0 E kam\u00a0 nj\u00eb porosi edhe p\u00ebr udh\u00ebheq\u00ebsit tan\u00eb. Shqip\u00ebria dhe Kosova \u00e7do dit\u00eb e m\u00eb shum\u00eb po p\u00ebrmir\u00ebsojn\u00eb imazhet e tyre, imazhin ton\u00eb n\u00eb bot\u00ebn e jashtme. Por, l\u00eb t\u00eb b\u00ebjm\u00eb m\u00eb shum\u00eb. Le t\u00eb investojm\u00eb m\u00eb tep\u00ebr n\u00eb arsim dhe zhvillim ekonomik dhe t\u00eb krijojm\u00eb ekonomit\u00eb m\u00eb t\u00eb fuqishme p\u00ebr\u00a0 t\u00eb dyja vendet, ekonomi t\u00eb dijes. Ekonomi q\u00eb t\u00eb zhvillojn\u00eb bizneset shqiptare, t\u00eb sjellin m\u00eb shum\u00eb investime t\u00eb jashtme dhe zhvillimin e turizmit malor t\u00eb Kosov\u00ebs dhe at\u00eb detar t\u00eb Shqip\u00ebris\u00eb n\u00eb hartat nd\u00ebrkomb\u00ebtare.<\/p>\n<p><strong><em>\u2013 Besoj se ka mjaft talente shqiptar\u00eb q\u00eb mund t\u00eb jen\u00eb pjes\u00eb t\u00eb k\u00ebtyre ambicieve, ashtu si edhe ju zonja Etrita, \u00a0qe kan\u00eb treguar shume vlera ,kane qene konkurrues, dhe fitues\u00a0 me shanset qe ju jane ofruar ?<\/em><\/strong><\/p>\n<p>-Patjet\u00ebr q\u00eb ka dhe shqiptar\u00ebt mund t\u2019i arrijn\u00eb k\u00ebto gj\u00ebra dhe shum\u00eb t\u00eb tjera. Vet\u00eb vizita e Papa Fran\u00e7eskut n\u00eb Shqip\u00ebri d\u00ebshmoi nj\u00eb vler\u00eb shum\u00eb t\u00eb r\u00ebnd\u00ebsishme shqiptare. Me gjith\u00eb dyndjet e popujve dhe perandorive n\u00eb trojet tona, me gjith\u00eb kombet dhe fet\u00eb q\u00eb kan\u00eb dominuar, shqiptar\u00ebt q\u00ebndruan t\u00eb bashkuar. Dhe sot jan\u00eb t\u00eb bashkuar kundrejt dallimeve t\u00eb tyre fetare dhe kulturore. Pra, kemi shpalosur vlera q\u00eb jan\u00eb trash\u00ebgimi nd\u00ebrkomb\u00ebtare. Tani le t\u00eb b\u00ebjm\u00eb m\u00eb shum\u00eb p\u00ebr \u00e7do shqiptar, l\u00eb t\u00eb arrijm\u00eb m\u00eb shum\u00eb n\u00eb sip\u00ebrmarrje si v\u00ebnde. Dhe le t\u00eb jet\u00eb \u00e7do shqiptar p\u00ebrfitues I k\u00ebtyre angazhimeve.<\/p>\n<p>***<\/p>\n<p>Etrita Ibroci:Se fundmi kam nje mesazh per ju Z.Liliana. Je mesazhierja dhe z\u00ebdh\u00ebn\u00ebsja e gruas shqiptare.Dua t\u2019u falenderoj shum\u00eb p\u00ebr vizionin dhe pun\u00ebn e palodhur.Faleminderit per gjithshka q\u00eb ben. Vizioni juaj m\u00eb ka p\u00eblqyer shume. Ju i keni\u00a0 b\u00ebr\u00eb nje sh\u00ebrbim te madh gruas shqiptare dhe Kombit Shqiptar.Faleminderit p\u00ebr intervist\u00ebn<\/p>\n<p>***<\/p>\n<p>Liliana: Un\u00eb ju fal\u00ebnderoj p\u00ebr keto mesazhe t\u00eb r\u00ebnd\u00ebsishme \u00a0p\u00ebr shoqerin\u00eb shqiptare dhe komunitetin shqiptar \u00a0kudo ku ndodhet. Ju pergezoj nga zemra per arritjet tuaja profesionale, dhe ju uroj pun\u00eb t\u00eb mbar\u00eb e t\u00eb suksesshme n\u00eb t\u00eb gjitha impenjimet tuaja. Faleminderit Vlerat sjellin paqe lumturi dhe mir\u00ebq\u00ebnje.<\/p>\n<p>&nbsp;<\/p>\n<p><strong>Bisedoi: Dr. Liliana <\/strong><strong>PERE<\/strong><\/p>\n<p><strong>International Organization.<\/strong><\/p>\n<p><strong>Albanian Woman in the World<\/strong><\/p>\n<p><strong>Peace Missionary &amp; Honorary Advisor of DMPP<\/strong><\/p>\n<p><strong>Burimi: Gazetadielli.com<\/strong><\/p>\n<\/div>\n<div><\/div>\n<div><!--YouTube Error: bad URL entered--><\/div>\n","protected":false},"excerpt":{"rendered":"<p>Etrita Ibroci \u2013 Shqiptarja e Ulqinit \u00a0Senior Vice President n\u00eb Unicredit -Kepler Chevreux q\u00eb fokusohet n\u00eb hulumtimin e\u00a0 tregut financiar\u00a0 evropian ne SHBA\/ D\u00ebshira dhe \u00ebndrra\u00a0 e Etrita Ibrocit ka qen\u00eb gjithmon\u00eb t\u00eb tregoj\u00eb se si ne shqiptar\u00ebt mund t\u00eb arrijm\u00eb \u00e7do gj\u00eb si n\u00eb gjuh\u00ebn ton\u00eb amtare dhe n\u00eb t\u00eb nj\u00ebjt\u00ebn koh\u00eb, edhe n\u00eb [&hellip;]<\/p>\n","protected":false},"author":1,"featured_media":0,"comment_status":"closed","ping_status":"closed","sticky":false,"template":"","format":"standard","meta":{"spay_email":"","jetpack_publicize_message":"","jetpack_is_tweetstorm":false,"jetpack_publicize_feature_enabled":true},"categories":[1],"tags":[],"jetpack_publicize_connections":[],"yoast_head":"<!-- This site is optimized with the Yoast SEO plugin v19.1 - https:\/\/yoast.com\/wordpress\/plugins\/seo\/ -->\n<title>Ulqinakja Etrita Ibroci \u2013 Vizioni i Shqiptares - Lajme nga Ulqini<\/title>\n<meta name=\"description\" content=\"Etrita Ibroci \u2013 Shqiptarja e Ulqinit \u00a0Senior Vice President n\u00eb Unicredit -Kepler Chevreux q\u00eb fokusohet n\u00eb hulumtimin e\u00a0 tregut financiar\u00a0 evropian ne\" \/>\n<meta name=\"robots\" content=\"index, follow, max-snippet:-1, max-image-preview:large, max-video-preview:-1\" \/>\n<link rel=\"canonical\" href=\"https:\/\/www.visit-ulcinj.com\/blog\/2016\/05\/22\/ulqinakja-etrita-ibroci-vizioni-shqiptares\/\" \/>\n<meta property=\"og:locale\" content=\"en_US\" \/>\n<meta property=\"og:type\" content=\"article\" \/>\n<meta property=\"og:title\" content=\"Ulqinakja Etrita Ibroci \u2013 Vizioni i Shqiptares - Lajme nga Ulqini\" \/>\n<meta property=\"og:description\" content=\"Etrita Ibroci \u2013 Shqiptarja e Ulqinit \u00a0Senior Vice President n\u00eb Unicredit -Kepler Chevreux q\u00eb fokusohet n\u00eb hulumtimin e\u00a0 tregut financiar\u00a0 evropian ne\" \/>\n<meta property=\"og:url\" content=\"https:\/\/www.visit-ulcinj.com\/blog\/2016\/05\/22\/ulqinakja-etrita-ibroci-vizioni-shqiptares\/\" \/>\n<meta property=\"og:site_name\" content=\"Lajme nga Ulqini\" \/>\n<meta property=\"article:published_time\" content=\"2016-05-22T04:35:14+00:00\" \/>\n<meta property=\"article:modified_time\" content=\"2016-05-23T12:09:50+00:00\" \/>\n<meta property=\"og:image\" content=\"http:\/\/www.visit-ulcinj.com\/blog\/wp-content\/uploads\/2016\/05\/Etrita-Ibroci.jpg\" \/>\n<meta name=\"twitter:label1\" content=\"Written by\" \/>\n\t<meta name=\"twitter:data1\" content=\"ulqini\" \/>\n\t<meta name=\"twitter:label2\" content=\"Est. reading time\" \/>\n\t<meta name=\"twitter:data2\" content=\"14 minutes\" \/>\n<script type=\"application\/ld+json\" class=\"yoast-schema-graph\">{\"@context\":\"https:\/\/schema.org\",\"@graph\":[{\"@type\":\"WebSite\",\"@id\":\"https:\/\/www.visit-ulcinj.com\/blog\/#website\",\"url\":\"https:\/\/www.visit-ulcinj.com\/blog\/\",\"name\":\"Lajme nga Ulqini\",\"description\":\"Lajme,Vijesti,Ulqini,Ulqin,Crna Gora,Mali i Zi\",\"potentialAction\":[{\"@type\":\"SearchAction\",\"target\":{\"@type\":\"EntryPoint\",\"urlTemplate\":\"https:\/\/www.visit-ulcinj.com\/blog\/?s={search_term_string}\"},\"query-input\":\"required name=search_term_string\"}],\"inLanguage\":\"en-US\"},{\"@type\":\"ImageObject\",\"inLanguage\":\"en-US\",\"@id\":\"https:\/\/www.visit-ulcinj.com\/blog\/2016\/05\/22\/ulqinakja-etrita-ibroci-vizioni-shqiptares\/#primaryimage\",\"url\":\"http:\/\/www.visit-ulcinj.com\/blog\/wp-content\/uploads\/2016\/05\/Etrita-Ibroci.jpg\",\"contentUrl\":\"http:\/\/www.visit-ulcinj.com\/blog\/wp-content\/uploads\/2016\/05\/Etrita-Ibroci.jpg\"},{\"@type\":\"WebPage\",\"@id\":\"https:\/\/www.visit-ulcinj.com\/blog\/2016\/05\/22\/ulqinakja-etrita-ibroci-vizioni-shqiptares\/#webpage\",\"url\":\"https:\/\/www.visit-ulcinj.com\/blog\/2016\/05\/22\/ulqinakja-etrita-ibroci-vizioni-shqiptares\/\",\"name\":\"Ulqinakja Etrita Ibroci \u2013 Vizioni i Shqiptares - Lajme nga Ulqini\",\"isPartOf\":{\"@id\":\"https:\/\/www.visit-ulcinj.com\/blog\/#website\"},\"primaryImageOfPage\":{\"@id\":\"https:\/\/www.visit-ulcinj.com\/blog\/2016\/05\/22\/ulqinakja-etrita-ibroci-vizioni-shqiptares\/#primaryimage\"},\"datePublished\":\"2016-05-22T04:35:14+00:00\",\"dateModified\":\"2016-05-23T12:09:50+00:00\",\"author\":{\"@id\":\"https:\/\/www.visit-ulcinj.com\/blog\/#\/schema\/person\/dcab619c614d3038751c63bc2aadc06d\"},\"description\":\"Etrita Ibroci \u2013 Shqiptarja e Ulqinit \u00a0Senior Vice President n\u00eb Unicredit -Kepler Chevreux q\u00eb fokusohet n\u00eb hulumtimin e\u00a0 tregut financiar\u00a0 evropian ne\",\"breadcrumb\":{\"@id\":\"https:\/\/www.visit-ulcinj.com\/blog\/2016\/05\/22\/ulqinakja-etrita-ibroci-vizioni-shqiptares\/#breadcrumb\"},\"inLanguage\":\"en-US\",\"potentialAction\":[{\"@type\":\"ReadAction\",\"target\":[\"https:\/\/www.visit-ulcinj.com\/blog\/2016\/05\/22\/ulqinakja-etrita-ibroci-vizioni-shqiptares\/\"]}]},{\"@type\":\"BreadcrumbList\",\"@id\":\"https:\/\/www.visit-ulcinj.com\/blog\/2016\/05\/22\/ulqinakja-etrita-ibroci-vizioni-shqiptares\/#breadcrumb\",\"itemListElement\":[{\"@type\":\"ListItem\",\"position\":1,\"name\":\"Ulqinakja Etrita Ibroci \u2013 Vizioni i Shqiptares\"}]},{\"@type\":\"Person\",\"@id\":\"https:\/\/www.visit-ulcinj.com\/blog\/#\/schema\/person\/dcab619c614d3038751c63bc2aadc06d\",\"name\":\"ulqini\",\"sameAs\":[\"http:\/\/www.visit-ulcinj.com\"],\"url\":\"https:\/\/www.visit-ulcinj.com\/blog\/author\/admin\/\"}]}<\/script>\n<!-- \/ Yoast SEO plugin. -->","yoast_head_json":{"title":"Ulqinakja Etrita Ibroci \u2013 Vizioni i Shqiptares - Lajme nga Ulqini","description":"Etrita Ibroci \u2013 Shqiptarja e Ulqinit \u00a0Senior Vice President n\u00eb Unicredit -Kepler Chevreux q\u00eb fokusohet n\u00eb hulumtimin e\u00a0 tregut financiar\u00a0 evropian ne","robots":{"index":"index","follow":"follow","max-snippet":"max-snippet:-1","max-image-preview":"max-image-preview:large","max-video-preview":"max-video-preview:-1"},"canonical":"https:\/\/www.visit-ulcinj.com\/blog\/2016\/05\/22\/ulqinakja-etrita-ibroci-vizioni-shqiptares\/","og_locale":"en_US","og_type":"article","og_title":"Ulqinakja Etrita Ibroci \u2013 Vizioni i Shqiptares - Lajme nga Ulqini","og_description":"Etrita Ibroci \u2013 Shqiptarja e Ulqinit \u00a0Senior Vice President n\u00eb Unicredit -Kepler Chevreux q\u00eb fokusohet n\u00eb hulumtimin e\u00a0 tregut financiar\u00a0 evropian ne","og_url":"https:\/\/www.visit-ulcinj.com\/blog\/2016\/05\/22\/ulqinakja-etrita-ibroci-vizioni-shqiptares\/","og_site_name":"Lajme nga Ulqini","article_published_time":"2016-05-22T04:35:14+00:00","article_modified_time":"2016-05-23T12:09:50+00:00","og_image":[{"url":"http:\/\/www.visit-ulcinj.com\/blog\/wp-content\/uploads\/2016\/05\/Etrita-Ibroci.jpg"}],"twitter_misc":{"Written by":"ulqini","Est. reading time":"14 minutes"},"schema":{"@context":"https:\/\/schema.org","@graph":[{"@type":"WebSite","@id":"https:\/\/www.visit-ulcinj.com\/blog\/#website","url":"https:\/\/www.visit-ulcinj.com\/blog\/","name":"Lajme nga Ulqini","description":"Lajme,Vijesti,Ulqini,Ulqin,Crna Gora,Mali i Zi","potentialAction":[{"@type":"SearchAction","target":{"@type":"EntryPoint","urlTemplate":"https:\/\/www.visit-ulcinj.com\/blog\/?s={search_term_string}"},"query-input":"required name=search_term_string"}],"inLanguage":"en-US"},{"@type":"ImageObject","inLanguage":"en-US","@id":"https:\/\/www.visit-ulcinj.com\/blog\/2016\/05\/22\/ulqinakja-etrita-ibroci-vizioni-shqiptares\/#primaryimage","url":"http:\/\/www.visit-ulcinj.com\/blog\/wp-content\/uploads\/2016\/05\/Etrita-Ibroci.jpg","contentUrl":"http:\/\/www.visit-ulcinj.com\/blog\/wp-content\/uploads\/2016\/05\/Etrita-Ibroci.jpg"},{"@type":"WebPage","@id":"https:\/\/www.visit-ulcinj.com\/blog\/2016\/05\/22\/ulqinakja-etrita-ibroci-vizioni-shqiptares\/#webpage","url":"https:\/\/www.visit-ulcinj.com\/blog\/2016\/05\/22\/ulqinakja-etrita-ibroci-vizioni-shqiptares\/","name":"Ulqinakja Etrita Ibroci \u2013 Vizioni i Shqiptares - Lajme nga Ulqini","isPartOf":{"@id":"https:\/\/www.visit-ulcinj.com\/blog\/#website"},"primaryImageOfPage":{"@id":"https:\/\/www.visit-ulcinj.com\/blog\/2016\/05\/22\/ulqinakja-etrita-ibroci-vizioni-shqiptares\/#primaryimage"},"datePublished":"2016-05-22T04:35:14+00:00","dateModified":"2016-05-23T12:09:50+00:00","author":{"@id":"https:\/\/www.visit-ulcinj.com\/blog\/#\/schema\/person\/dcab619c614d3038751c63bc2aadc06d"},"description":"Etrita Ibroci \u2013 Shqiptarja e Ulqinit \u00a0Senior Vice President n\u00eb Unicredit -Kepler Chevreux q\u00eb fokusohet n\u00eb hulumtimin e\u00a0 tregut financiar\u00a0 evropian ne","breadcrumb":{"@id":"https:\/\/www.visit-ulcinj.com\/blog\/2016\/05\/22\/ulqinakja-etrita-ibroci-vizioni-shqiptares\/#breadcrumb"},"inLanguage":"en-US","potentialAction":[{"@type":"ReadAction","target":["https:\/\/www.visit-ulcinj.com\/blog\/2016\/05\/22\/ulqinakja-etrita-ibroci-vizioni-shqiptares\/"]}]},{"@type":"BreadcrumbList","@id":"https:\/\/www.visit-ulcinj.com\/blog\/2016\/05\/22\/ulqinakja-etrita-ibroci-vizioni-shqiptares\/#breadcrumb","itemListElement":[{"@type":"ListItem","position":1,"name":"Ulqinakja Etrita Ibroci \u2013 Vizioni i Shqiptares"}]},{"@type":"Person","@id":"https:\/\/www.visit-ulcinj.com\/blog\/#\/schema\/person\/dcab619c614d3038751c63bc2aadc06d","name":"ulqini","sameAs":["http:\/\/www.visit-ulcinj.com"],"url":"https:\/\/www.visit-ulcinj.com\/blog\/author\/admin\/"}]}},"jetpack_featured_media_url":"","jetpack_sharing_enabled":true,"jetpack_shortlink":"https:\/\/wp.me\/pe6lTn-pfm","_links":{"self":[{"href":"https:\/\/www.visit-ulcinj.com\/blog\/wp-json\/wp\/v2\/posts\/97052"}],"collection":[{"href":"https:\/\/www.visit-ulcinj.com\/blog\/wp-json\/wp\/v2\/posts"}],"about":[{"href":"https:\/\/www.visit-ulcinj.com\/blog\/wp-json\/wp\/v2\/types\/post"}],"author":[{"embeddable":true,"href":"https:\/\/www.visit-ulcinj.com\/blog\/wp-json\/wp\/v2\/users\/1"}],"replies":[{"embeddable":true,"href":"https:\/\/www.visit-ulcinj.com\/blog\/wp-json\/wp\/v2\/comments?post=97052"}],"version-history":[{"count":2,"href":"https:\/\/www.visit-ulcinj.com\/blog\/wp-json\/wp\/v2\/posts\/97052\/revisions"}],"predecessor-version":[{"id":97056,"href":"https:\/\/www.visit-ulcinj.com\/blog\/wp-json\/wp\/v2\/posts\/97052\/revisions\/97056"}],"wp:attachment":[{"href":"https:\/\/www.visit-ulcinj.com\/blog\/wp-json\/wp\/v2\/media?parent=97052"}],"wp:term":[{"taxonomy":"category","embeddable":true,"href":"https:\/\/www.visit-ulcinj.com\/blog\/wp-json\/wp\/v2\/categories?post=97052"},{"taxonomy":"post_tag","embeddable":true,"href":"https:\/\/www.visit-ulcinj.com\/blog\/wp-json\/wp\/v2\/tags?post=97052"}],"curies":[{"name":"wp","href":"https:\/\/api.w.org\/{rel}","templated":true}]}}