{"id":97057,"date":"2016-05-22T05:44:29","date_gmt":"2016-05-22T04:44:29","guid":{"rendered":"http:\/\/www.visit-ulcinj.com\/blog\/?p=97057"},"modified":"2016-05-22T05:44:29","modified_gmt":"2016-05-22T04:44:29","slug":"rusia-nuk-te-dije-per-nato-n-kercenon-malin-e-zi","status":"publish","type":"post","link":"https:\/\/www.visit-ulcinj.com\/blog\/2016\/05\/22\/rusia-nuk-te-dije-per-nato-n-kercenon-malin-e-zi\/","title":{"rendered":"Rusia nuk do t\u00eb dij\u00eb p\u00ebr NATO-n, k\u00ebrc\u00ebnon Malin e Zi"},"content":{"rendered":"<div class=\"wysiwyg\">\n<p><a href=\"http:\/\/www.visit-ulcinj.com\/blog\/wp-content\/uploads\/2016\/05\/Mali-Zi-Nato.jpg\"><img loading=\"lazy\" class=\"alignleft wp-image-97058\" src=\"http:\/\/www.visit-ulcinj.com\/blog\/wp-content\/uploads\/2016\/05\/Mali-Zi-Nato.jpg\" alt=\"Mali-Zi-Nato\" width=\"508\" height=\"286\" srcset=\"https:\/\/www.visit-ulcinj.com\/blog\/wp-content\/uploads\/2016\/05\/Mali-Zi-Nato.jpg 987w, https:\/\/www.visit-ulcinj.com\/blog\/wp-content\/uploads\/2016\/05\/Mali-Zi-Nato-300x169.jpg 300w, https:\/\/www.visit-ulcinj.com\/blog\/wp-content\/uploads\/2016\/05\/Mali-Zi-Nato-768x432.jpg 768w\" sizes=\"(max-width: 508px) 100vw, 508px\" \/><\/a>Rusia ka reaguar me zem\u00ebrim pasi Mali i Zi ka n\u00ebnshkruar k\u00ebt\u00eb jav\u00eb protokollin p\u00ebr an\u00ebtar\u00ebsim n\u00eb NATO. Z\u00ebdh\u00ebn\u00ebsi i Kremlinit, <strong>Dmitri<\/strong> <strong>Peskov, <\/strong>ka th\u00ebn\u00eb se \u201c<em>pranimi i Malit t\u00eb Zi n\u00eb NATO nuk i kontribuon siguris\u00eb n\u00eb Evrop\u00eb, por, p\u00ebrkundrazi, mund t\u00eb rris\u00eb tensionet n\u00eb kontinent\u201d.<\/em><\/p>\n<p>N\u00ebse an\u00ebtar\u00ebsohet n\u00eb NATO, Podgorica hyn n\u00eb kategorin\u00eb e caqeve potenciale t\u00eb Rusis\u00eb, ka th\u00ebn\u00eb Andrej Klimov, an\u00ebtar i K\u00ebshillit p\u00ebr Marr\u00ebdh\u00ebnie me Jasht\u00eb i Dum\u00ebs ruse.<\/p>\n<p>P\u00ebr ish-shefin e diplomacis\u00eb malazeze, <strong>Branko Llukovac<\/strong>, deklaratat e Mosk\u00ebs zyrtare jan\u00eb thjesht rutinore.<\/p>\n<p><em>\u201cDuhet t\u00eb dim\u00eb se, para s\u00eb gjithash, b\u00ebhet fjal\u00eb p\u00ebr q\u00ebndrim t\u00eb vazhduesh\u00ebm negativ t\u00eb Rusis\u00eb ndaj zgjerimit t\u00eb NATO-s. N\u00eb an\u00ebn tjet\u00ebr, b\u00ebhet fjal\u00eb p\u00ebr at\u00eb pjes\u00eb t\u00eb Ballkanit q\u00eb e ka konsideruar zon\u00eb t\u00eb interesit dhe ndikimit\u201d,<\/em> thot\u00eb Llukovac.<\/p>\n<p>Por, sa ka mund\u00ebsi Moska ta nd\u00ebshkoj\u00eb ekonomikisht Malin e Zi? Pas falimentimit t\u00eb Kombinatit t\u00eb Aluminit n\u00eb Podgoric\u00eb n\u00eb vitin 2013 dhe largimit t\u00eb oligarkut rus, <strong>Oleg Deripaska, <\/strong>i cili qysh n\u00eb vitin 2005 ka menaxhuar me k\u00ebt\u00eb kompani, Rusia nuk ka instrumente t\u00eb drejtp\u00ebrdrejta ekonomike, me t\u00eb cilat mund t\u00eb ndikoj\u00eb n\u00eb zhvillimet sociale dhe politike n\u00eb Mal t\u00eb Zi.<\/p>\n<p>Mali i Zi nuk varet nga importet nga Rusia, nd\u00ebrsa eksporti i vet\u00ebm i r\u00ebnd\u00ebsish\u00ebm p\u00ebr k\u00ebt\u00eb vend \u00ebsht\u00eb vera, e cila nuk \u00ebsht\u00eb n\u00eb list\u00ebn e prodhimeve t\u00eb importuara, q\u00eb i ka ndaluar Moska n\u00eb p\u00ebrgjigje t\u00eb sanksioneve q\u00eb i ka v\u00ebn\u00eb Mali i Zi, n\u00eb p\u00ebrputhje me politik\u00ebn e Bashkimit Evropian.<\/p>\n<p>V\u00ebzhguesit thon\u00eb se var\u00ebsia ruse mund t\u00eb ndjehet vet\u00ebm n\u00eb turiz\u00ebm, i cili nuk \u00ebsht\u00eb i orientuar ende n\u00eb tregjet e tjera.<\/p>\n<p>Nj\u00eb portal rus i turizmit, Tutu.ru, madje, ka shkruar se Mali i Zi \u00ebsht\u00eb destinacioni m\u00eb popullor p\u00ebr turist\u00ebt rus\u00eb n\u00eb qershor.<\/p>\n<p>Rus\u00ebt, p\u00ebrndryshe, mbeten t\u00eb pranish\u00ebm n\u00eb Mal t\u00eb Zi, por ata jan\u00eb kryesisht pronar\u00eb t\u00eb patundshm\u00ebrive, t\u00eb cilat i kan\u00eb bler\u00eb deri n\u00eb vitin 2008.<\/p>\n<p><strong>Ivan Saveliq<\/strong>, n\u00ebnkryetar i Dhom\u00ebs s\u00eb Tregtis\u00eb n\u00eb Mal t\u00eb Zi, thot\u00eb se kufizimet potenciale do t\u00eb ishin, megjithat\u00eb, lajm i keq.<\/p>\n<p><em>\u201cLidhjet ekonomike t\u00eb Malit t\u00eb Zi dhe Rusis\u00eb jan\u00eb shum\u00eb t\u00eb r\u00ebnd\u00ebsishme p\u00ebr ne, edhe pse p\u00ebr nga v\u00ebllimi nuk b\u00ebhet fjal\u00eb p\u00ebr nj\u00eb pjes\u00eb t\u00eb madhe t\u00eb tregtis\u00eb son\u00eb t\u00eb jashtme. Hapat e paralajm\u00ebruar p\u00ebr kufizime, kur \u00ebsht\u00eb fjala p\u00ebr tregti mes Malit t\u00eb Zi dhe Rusis\u00eb, p\u00ebrfundimisht nuk jan\u00eb lajm i mir\u00eb. Presim q\u00eb k\u00ebto masa t\u00eb paralajm\u00ebruara, n\u00ebse realizohen, t\u00eb jen\u00eb afatshkurtra\u201d<\/em>, thot\u00eb Saveliq.<\/p>\n<p><strong>Branko Llukovac, <\/strong>n\u00eb an\u00ebn tjet\u00ebr, thot\u00eb se Rusia mund t\u00eb dekurajoj\u00eb turist\u00ebt rus\u00eb q\u00eb synojn\u00eb Malin e Zi.<\/p>\n<p><em>\u201cRusia tashm\u00eb ka prani t\u00eb madhe n\u00eb Mal t\u00eb Zi, p\u00ebrmes investimeve, patundshm\u00ebrive dhe mund t\u00eb p\u00ebrpiqet t\u00eb destimuloj\u00eb shkuarjen e turist\u00ebve n\u00eb Mal t\u00eb Zi\u201d,<\/em> thot\u00eb Llukovac.<\/p>\n<p>Marr\u00ebdh\u00ebniet midis Malit t\u00eb Zi dhe Rusis\u00eb kan\u00eb p\u00ebrparuar vazhdimisht derisa Mali i Zi ka qen\u00eb n\u00eb bashk\u00ebsi shtet\u00ebrore me Serbin\u00eb, por edhe pas pavar\u00ebsis\u00eb. L\u00ebkundjet e para jan\u00eb b\u00ebr\u00eb t\u00eb dukshme pasi Mai i Zi ka avancuar drejt an\u00ebtar\u00ebsimit n\u00eb NATO.<\/p>\n<p>Ftohja e plot\u00eb e marr\u00ebdh\u00ebnieve ka ndodhur pasi Mali i Zi u \u00ebsht\u00eb bashkuar sanksioneve t\u00eb BE-s\u00eb kund\u00ebr Rusis\u00eb, p\u00ebr shkak t\u00eb nd\u00ebrhyrjes s\u00eb saj n\u00eb Ukrain\u00eb dhe aneksimit t\u00eb paligjsh\u00ebm t\u00eb Krimes\u00eb.<\/p>\n<p>Por, gjat\u00eb gjith\u00eb koh\u00ebs, zyrtar\u00ebt malazez\u00eb kan\u00eb th\u00ebn\u00eb se duan marr\u00ebdh\u00ebnie miq\u00ebsore me Rusin\u00eb.<\/p>\n<p>Mali i Zi ka n\u00ebnshkruar t\u00eb enjten, protokollin e an\u00ebtar\u00ebsimit n\u00eb NATO q\u00eb do t\u2019i mund\u00ebsoj\u00eb pjes\u00ebmarrjen n\u00eb t\u00eb gjitha takimet e Aleanc\u00ebs, si vend v\u00ebzhgues ose i ftuar.<\/p>\n<p>Pasi ta ken\u00eb ratifikuar protokollin t\u00eb gjitha vendet an\u00ebtare t\u00eb NATO-s, Mali i Zi do t\u00eb b\u00ebhet vendi i 29-t\u00eb an\u00ebtar i saj.<\/p>\n<p>Mali i Zi ka nj\u00eb ushtri t\u00eb vog\u00ebl me rreth 2,000 an\u00ebtar\u00eb aktiv\u00eb.<\/p>\n<h5>P\u00ebrgatiti: Valona Tela<\/h5>\n<p><strong>Radio Evropa e Lir\u00eb \u00a9 2016 RFE\/RL<\/strong><\/p>\n<\/div>\n","protected":false},"excerpt":{"rendered":"<p>Rusia ka reaguar me zem\u00ebrim pasi Mali i Zi ka n\u00ebnshkruar k\u00ebt\u00eb jav\u00eb protokollin p\u00ebr an\u00ebtar\u00ebsim n\u00eb NATO. Z\u00ebdh\u00ebn\u00ebsi i Kremlinit, Dmitri Peskov, ka th\u00ebn\u00eb se \u201cpranimi i Malit t\u00eb Zi n\u00eb NATO nuk i kontribuon siguris\u00eb n\u00eb Evrop\u00eb, por, p\u00ebrkundrazi, mund t\u00eb rris\u00eb tensionet n\u00eb kontinent\u201d. N\u00ebse an\u00ebtar\u00ebsohet n\u00eb NATO, Podgorica hyn n\u00eb kategorin\u00eb [&hellip;]<\/p>\n","protected":false},"author":1,"featured_media":0,"comment_status":"closed","ping_status":"closed","sticky":false,"template":"","format":"standard","meta":{"spay_email":"","jetpack_publicize_message":"","jetpack_is_tweetstorm":false,"jetpack_publicize_feature_enabled":true},"categories":[7],"tags":[],"jetpack_publicize_connections":[],"yoast_head":"<!-- This site is optimized with the Yoast SEO plugin v19.1 - https:\/\/yoast.com\/wordpress\/plugins\/seo\/ -->\n<title>Rusia nuk do t\u00eb dij\u00eb p\u00ebr NATO-n, k\u00ebrc\u00ebnon Malin e Zi - Lajme nga Ulqini<\/title>\n<meta name=\"description\" content=\"Rusia ka reaguar me zem\u00ebrim pasi Mali i Zi ka n\u00ebnshkruar k\u00ebt\u00eb jav\u00eb protokollin p\u00ebr an\u00ebtar\u00ebsim n\u00eb NATO. Z\u00ebdh\u00ebn\u00ebsi i Kremlinit, Dmitri Peskov, ka th\u00ebn\u00eb se\" \/>\n<meta name=\"robots\" content=\"index, follow, max-snippet:-1, max-image-preview:large, max-video-preview:-1\" \/>\n<link rel=\"canonical\" href=\"https:\/\/www.visit-ulcinj.com\/blog\/2016\/05\/22\/rusia-nuk-te-dije-per-nato-n-kercenon-malin-e-zi\/\" \/>\n<meta property=\"og:locale\" content=\"en_US\" \/>\n<meta property=\"og:type\" content=\"article\" \/>\n<meta property=\"og:title\" content=\"Rusia nuk do t\u00eb dij\u00eb p\u00ebr NATO-n, k\u00ebrc\u00ebnon Malin e Zi - Lajme nga Ulqini\" \/>\n<meta property=\"og:description\" content=\"Rusia ka reaguar me zem\u00ebrim pasi Mali i Zi ka n\u00ebnshkruar k\u00ebt\u00eb jav\u00eb protokollin p\u00ebr an\u00ebtar\u00ebsim n\u00eb NATO. Z\u00ebdh\u00ebn\u00ebsi i Kremlinit, Dmitri Peskov, ka th\u00ebn\u00eb se\" \/>\n<meta property=\"og:url\" content=\"https:\/\/www.visit-ulcinj.com\/blog\/2016\/05\/22\/rusia-nuk-te-dije-per-nato-n-kercenon-malin-e-zi\/\" \/>\n<meta property=\"og:site_name\" content=\"Lajme nga Ulqini\" \/>\n<meta property=\"article:published_time\" content=\"2016-05-22T04:44:29+00:00\" \/>\n<meta property=\"og:image\" content=\"http:\/\/www.visit-ulcinj.com\/blog\/wp-content\/uploads\/2016\/05\/Mali-Zi-Nato.jpg\" \/>\n<meta name=\"twitter:label1\" content=\"Written by\" \/>\n\t<meta name=\"twitter:data1\" content=\"ulqini\" \/>\n\t<meta name=\"twitter:label2\" content=\"Est. reading time\" \/>\n\t<meta name=\"twitter:data2\" content=\"4 minutes\" \/>\n<script type=\"application\/ld+json\" class=\"yoast-schema-graph\">{\"@context\":\"https:\/\/schema.org\",\"@graph\":[{\"@type\":\"WebSite\",\"@id\":\"https:\/\/www.visit-ulcinj.com\/blog\/#website\",\"url\":\"https:\/\/www.visit-ulcinj.com\/blog\/\",\"name\":\"Lajme nga Ulqini\",\"description\":\"Lajme,Vijesti,Ulqini,Ulqin,Crna Gora,Mali i Zi\",\"potentialAction\":[{\"@type\":\"SearchAction\",\"target\":{\"@type\":\"EntryPoint\",\"urlTemplate\":\"https:\/\/www.visit-ulcinj.com\/blog\/?s={search_term_string}\"},\"query-input\":\"required name=search_term_string\"}],\"inLanguage\":\"en-US\"},{\"@type\":\"ImageObject\",\"inLanguage\":\"en-US\",\"@id\":\"https:\/\/www.visit-ulcinj.com\/blog\/2016\/05\/22\/rusia-nuk-te-dije-per-nato-n-kercenon-malin-e-zi\/#primaryimage\",\"url\":\"https:\/\/www.visit-ulcinj.com\/blog\/wp-content\/uploads\/2016\/05\/Mali-Zi-Nato.jpg\",\"contentUrl\":\"https:\/\/www.visit-ulcinj.com\/blog\/wp-content\/uploads\/2016\/05\/Mali-Zi-Nato.jpg\",\"width\":987,\"height\":555},{\"@type\":\"WebPage\",\"@id\":\"https:\/\/www.visit-ulcinj.com\/blog\/2016\/05\/22\/rusia-nuk-te-dije-per-nato-n-kercenon-malin-e-zi\/#webpage\",\"url\":\"https:\/\/www.visit-ulcinj.com\/blog\/2016\/05\/22\/rusia-nuk-te-dije-per-nato-n-kercenon-malin-e-zi\/\",\"name\":\"Rusia nuk do t\u00eb dij\u00eb p\u00ebr NATO-n, k\u00ebrc\u00ebnon Malin e Zi - Lajme nga Ulqini\",\"isPartOf\":{\"@id\":\"https:\/\/www.visit-ulcinj.com\/blog\/#website\"},\"primaryImageOfPage\":{\"@id\":\"https:\/\/www.visit-ulcinj.com\/blog\/2016\/05\/22\/rusia-nuk-te-dije-per-nato-n-kercenon-malin-e-zi\/#primaryimage\"},\"datePublished\":\"2016-05-22T04:44:29+00:00\",\"dateModified\":\"2016-05-22T04:44:29+00:00\",\"author\":{\"@id\":\"https:\/\/www.visit-ulcinj.com\/blog\/#\/schema\/person\/dcab619c614d3038751c63bc2aadc06d\"},\"description\":\"Rusia ka reaguar me zem\u00ebrim pasi Mali i Zi ka n\u00ebnshkruar k\u00ebt\u00eb jav\u00eb protokollin p\u00ebr an\u00ebtar\u00ebsim n\u00eb NATO. Z\u00ebdh\u00ebn\u00ebsi i Kremlinit, Dmitri Peskov, ka th\u00ebn\u00eb se\",\"breadcrumb\":{\"@id\":\"https:\/\/www.visit-ulcinj.com\/blog\/2016\/05\/22\/rusia-nuk-te-dije-per-nato-n-kercenon-malin-e-zi\/#breadcrumb\"},\"inLanguage\":\"en-US\",\"potentialAction\":[{\"@type\":\"ReadAction\",\"target\":[\"https:\/\/www.visit-ulcinj.com\/blog\/2016\/05\/22\/rusia-nuk-te-dije-per-nato-n-kercenon-malin-e-zi\/\"]}]},{\"@type\":\"BreadcrumbList\",\"@id\":\"https:\/\/www.visit-ulcinj.com\/blog\/2016\/05\/22\/rusia-nuk-te-dije-per-nato-n-kercenon-malin-e-zi\/#breadcrumb\",\"itemListElement\":[{\"@type\":\"ListItem\",\"position\":1,\"name\":\"Rusia nuk do t\u00eb dij\u00eb p\u00ebr NATO-n, k\u00ebrc\u00ebnon Malin e Zi\"}]},{\"@type\":\"Person\",\"@id\":\"https:\/\/www.visit-ulcinj.com\/blog\/#\/schema\/person\/dcab619c614d3038751c63bc2aadc06d\",\"name\":\"ulqini\",\"sameAs\":[\"http:\/\/www.visit-ulcinj.com\"],\"url\":\"https:\/\/www.visit-ulcinj.com\/blog\/author\/admin\/\"}]}<\/script>\n<!-- \/ Yoast SEO plugin. -->","yoast_head_json":{"title":"Rusia nuk do t\u00eb dij\u00eb p\u00ebr NATO-n, k\u00ebrc\u00ebnon Malin e Zi - Lajme nga Ulqini","description":"Rusia ka reaguar me zem\u00ebrim pasi Mali i Zi ka n\u00ebnshkruar k\u00ebt\u00eb jav\u00eb protokollin p\u00ebr an\u00ebtar\u00ebsim n\u00eb NATO. Z\u00ebdh\u00ebn\u00ebsi i Kremlinit, Dmitri Peskov, ka th\u00ebn\u00eb se","robots":{"index":"index","follow":"follow","max-snippet":"max-snippet:-1","max-image-preview":"max-image-preview:large","max-video-preview":"max-video-preview:-1"},"canonical":"https:\/\/www.visit-ulcinj.com\/blog\/2016\/05\/22\/rusia-nuk-te-dije-per-nato-n-kercenon-malin-e-zi\/","og_locale":"en_US","og_type":"article","og_title":"Rusia nuk do t\u00eb dij\u00eb p\u00ebr NATO-n, k\u00ebrc\u00ebnon Malin e Zi - Lajme nga Ulqini","og_description":"Rusia ka reaguar me zem\u00ebrim pasi Mali i Zi ka n\u00ebnshkruar k\u00ebt\u00eb jav\u00eb protokollin p\u00ebr an\u00ebtar\u00ebsim n\u00eb NATO. Z\u00ebdh\u00ebn\u00ebsi i Kremlinit, Dmitri Peskov, ka th\u00ebn\u00eb se","og_url":"https:\/\/www.visit-ulcinj.com\/blog\/2016\/05\/22\/rusia-nuk-te-dije-per-nato-n-kercenon-malin-e-zi\/","og_site_name":"Lajme nga Ulqini","article_published_time":"2016-05-22T04:44:29+00:00","og_image":[{"url":"http:\/\/www.visit-ulcinj.com\/blog\/wp-content\/uploads\/2016\/05\/Mali-Zi-Nato.jpg"}],"twitter_misc":{"Written by":"ulqini","Est. reading time":"4 minutes"},"schema":{"@context":"https:\/\/schema.org","@graph":[{"@type":"WebSite","@id":"https:\/\/www.visit-ulcinj.com\/blog\/#website","url":"https:\/\/www.visit-ulcinj.com\/blog\/","name":"Lajme nga Ulqini","description":"Lajme,Vijesti,Ulqini,Ulqin,Crna Gora,Mali i Zi","potentialAction":[{"@type":"SearchAction","target":{"@type":"EntryPoint","urlTemplate":"https:\/\/www.visit-ulcinj.com\/blog\/?s={search_term_string}"},"query-input":"required name=search_term_string"}],"inLanguage":"en-US"},{"@type":"ImageObject","inLanguage":"en-US","@id":"https:\/\/www.visit-ulcinj.com\/blog\/2016\/05\/22\/rusia-nuk-te-dije-per-nato-n-kercenon-malin-e-zi\/#primaryimage","url":"https:\/\/www.visit-ulcinj.com\/blog\/wp-content\/uploads\/2016\/05\/Mali-Zi-Nato.jpg","contentUrl":"https:\/\/www.visit-ulcinj.com\/blog\/wp-content\/uploads\/2016\/05\/Mali-Zi-Nato.jpg","width":987,"height":555},{"@type":"WebPage","@id":"https:\/\/www.visit-ulcinj.com\/blog\/2016\/05\/22\/rusia-nuk-te-dije-per-nato-n-kercenon-malin-e-zi\/#webpage","url":"https:\/\/www.visit-ulcinj.com\/blog\/2016\/05\/22\/rusia-nuk-te-dije-per-nato-n-kercenon-malin-e-zi\/","name":"Rusia nuk do t\u00eb dij\u00eb p\u00ebr NATO-n, k\u00ebrc\u00ebnon Malin e Zi - Lajme nga Ulqini","isPartOf":{"@id":"https:\/\/www.visit-ulcinj.com\/blog\/#website"},"primaryImageOfPage":{"@id":"https:\/\/www.visit-ulcinj.com\/blog\/2016\/05\/22\/rusia-nuk-te-dije-per-nato-n-kercenon-malin-e-zi\/#primaryimage"},"datePublished":"2016-05-22T04:44:29+00:00","dateModified":"2016-05-22T04:44:29+00:00","author":{"@id":"https:\/\/www.visit-ulcinj.com\/blog\/#\/schema\/person\/dcab619c614d3038751c63bc2aadc06d"},"description":"Rusia ka reaguar me zem\u00ebrim pasi Mali i Zi ka n\u00ebnshkruar k\u00ebt\u00eb jav\u00eb protokollin p\u00ebr an\u00ebtar\u00ebsim n\u00eb NATO. Z\u00ebdh\u00ebn\u00ebsi i Kremlinit, Dmitri Peskov, ka th\u00ebn\u00eb se","breadcrumb":{"@id":"https:\/\/www.visit-ulcinj.com\/blog\/2016\/05\/22\/rusia-nuk-te-dije-per-nato-n-kercenon-malin-e-zi\/#breadcrumb"},"inLanguage":"en-US","potentialAction":[{"@type":"ReadAction","target":["https:\/\/www.visit-ulcinj.com\/blog\/2016\/05\/22\/rusia-nuk-te-dije-per-nato-n-kercenon-malin-e-zi\/"]}]},{"@type":"BreadcrumbList","@id":"https:\/\/www.visit-ulcinj.com\/blog\/2016\/05\/22\/rusia-nuk-te-dije-per-nato-n-kercenon-malin-e-zi\/#breadcrumb","itemListElement":[{"@type":"ListItem","position":1,"name":"Rusia nuk do t\u00eb dij\u00eb p\u00ebr NATO-n, k\u00ebrc\u00ebnon Malin e Zi"}]},{"@type":"Person","@id":"https:\/\/www.visit-ulcinj.com\/blog\/#\/schema\/person\/dcab619c614d3038751c63bc2aadc06d","name":"ulqini","sameAs":["http:\/\/www.visit-ulcinj.com"],"url":"https:\/\/www.visit-ulcinj.com\/blog\/author\/admin\/"}]}},"jetpack_featured_media_url":"","jetpack_sharing_enabled":true,"jetpack_shortlink":"https:\/\/wp.me\/pe6lTn-pfr","_links":{"self":[{"href":"https:\/\/www.visit-ulcinj.com\/blog\/wp-json\/wp\/v2\/posts\/97057"}],"collection":[{"href":"https:\/\/www.visit-ulcinj.com\/blog\/wp-json\/wp\/v2\/posts"}],"about":[{"href":"https:\/\/www.visit-ulcinj.com\/blog\/wp-json\/wp\/v2\/types\/post"}],"author":[{"embeddable":true,"href":"https:\/\/www.visit-ulcinj.com\/blog\/wp-json\/wp\/v2\/users\/1"}],"replies":[{"embeddable":true,"href":"https:\/\/www.visit-ulcinj.com\/blog\/wp-json\/wp\/v2\/comments?post=97057"}],"version-history":[{"count":1,"href":"https:\/\/www.visit-ulcinj.com\/blog\/wp-json\/wp\/v2\/posts\/97057\/revisions"}],"predecessor-version":[{"id":97059,"href":"https:\/\/www.visit-ulcinj.com\/blog\/wp-json\/wp\/v2\/posts\/97057\/revisions\/97059"}],"wp:attachment":[{"href":"https:\/\/www.visit-ulcinj.com\/blog\/wp-json\/wp\/v2\/media?parent=97057"}],"wp:term":[{"taxonomy":"category","embeddable":true,"href":"https:\/\/www.visit-ulcinj.com\/blog\/wp-json\/wp\/v2\/categories?post=97057"},{"taxonomy":"post_tag","embeddable":true,"href":"https:\/\/www.visit-ulcinj.com\/blog\/wp-json\/wp\/v2\/tags?post=97057"}],"curies":[{"name":"wp","href":"https:\/\/api.w.org\/{rel}","templated":true}]}}