{"id":97060,"date":"2016-05-22T05:51:29","date_gmt":"2016-05-22T04:51:29","guid":{"rendered":"http:\/\/www.visit-ulcinj.com\/blog\/?p=97060"},"modified":"2016-05-22T05:51:29","modified_gmt":"2016-05-22T04:51:29","slug":"mali-zi-feston-10-vjetorin-e-pavaresise","status":"publish","type":"post","link":"https:\/\/www.visit-ulcinj.com\/blog\/2016\/05\/22\/mali-zi-feston-10-vjetorin-e-pavaresise\/","title":{"rendered":"Mali i Zi feston 10 vjetorin e pavar\u00ebsis\u00eb"},"content":{"rendered":"<p class=\"description\"><a href=\"http:\/\/www.visit-ulcinj.com\/blog\/wp-content\/uploads\/2016\/05\/Mali-i-Zi-feston-10-vjetorin-e-pavar\u00ebsis\u00eb.jpg\"><img loading=\"lazy\" class=\"alignleft wp-image-97061\" src=\"http:\/\/www.visit-ulcinj.com\/blog\/wp-content\/uploads\/2016\/05\/Mali-i-Zi-feston-10-vjetorin-e-pavar\u00ebsis\u00eb.jpg\" alt=\"Mali i Zi feston 10 vjetorin e pavar\u00ebsis\u00eb\" width=\"508\" height=\"279\" srcset=\"https:\/\/www.visit-ulcinj.com\/blog\/wp-content\/uploads\/2016\/05\/Mali-i-Zi-feston-10-vjetorin-e-pavar\u00ebsis\u00eb.jpg 480w, https:\/\/www.visit-ulcinj.com\/blog\/wp-content\/uploads\/2016\/05\/Mali-i-Zi-feston-10-vjetorin-e-pavar\u00ebsis\u00eb-300x165.jpg 300w\" sizes=\"(max-width: 508px) 100vw, 508px\" \/><\/a>Mali i Zi sot sh\u00ebnon 10 vjetorin e pavar\u00ebsis\u00eb, pasi n\u00eb referendumin e mbajtur m\u00eb 21 maj 2006, 55,5 p\u00ebr qind t\u00eb qytetar\u00ebve t\u00eb cil\u00ebt pat\u00ebn\u00a0dalur n\u00eb referendum\u00a0qen\u00eb\u00a0shprehur p\u00ebr pavar\u00ebsin\u00eb e Malit t\u00eb Zi.<\/p>\n<p>Pavar\u00ebsia e Malit t\u00eb Zi \u00ebsht\u00eb shpallur m\u00eb 3 qershor, nd\u00ebrkoh\u00eb q\u00eb m\u00eb 28 qershor t\u00eb atij viti Mali i Zi u b\u00eb an\u00ebtare i 192-t\u00eb i Kombeve t\u00eb Bashkuara, nd\u00ebrsa m\u00eb 11 maj 2007 an\u00ebtar i K\u00ebshillit t\u00eb Evrop\u00ebs.<\/p>\n<p>Sipas rezultateve zyrtare, pavar\u00ebsin\u00eb malazeze e kan\u00eb p\u00ebrkrahur 230.661 qytetar\u00eb apo 55,5 p\u00ebr qind nga 86,3 p\u00ebr qind qytetar\u00ebve me t\u00eb drejt\u00eb vote t\u00eb cil\u00ebt kan\u00eb dal\u00eb n\u00eb referendum, nd\u00ebrsa 185.002 apo 44,5 p\u00ebr qind t\u00eb votuesve kan\u00eb votuar p\u00ebr q\u00ebndrim t\u00eb p\u00ebrbashk\u00ebt me Serbin\u00eb.<\/p>\n<p>Kuvendi i Malit t\u00eb Zi m\u00eb par\u00eb ka miratuar Ligjin p\u00ebr referendum, i cili u dakordua me rekomandimin e Bashkimit Evropian.\u00a0Me rastin e Dit\u00ebs s\u00eb Pavar\u00ebsis\u00eb, datat 21 dhe 22 maj jan\u00eb dit\u00eb jo-pune n\u00eb Mal t\u00eb Zi.<\/p>\n<p><strong>PORTALB <\/strong><\/p>\n<p>&nbsp;<\/p>\n","protected":false},"excerpt":{"rendered":"<p>Mali i Zi sot sh\u00ebnon 10 vjetorin e pavar\u00ebsis\u00eb, pasi n\u00eb referendumin e mbajtur m\u00eb 21 maj 2006, 55,5 p\u00ebr qind t\u00eb qytetar\u00ebve t\u00eb cil\u00ebt pat\u00ebn\u00a0dalur n\u00eb referendum\u00a0qen\u00eb\u00a0shprehur p\u00ebr pavar\u00ebsin\u00eb e Malit t\u00eb Zi. Pavar\u00ebsia e Malit t\u00eb Zi \u00ebsht\u00eb shpallur m\u00eb 3 qershor, nd\u00ebrkoh\u00eb q\u00eb m\u00eb 28 qershor t\u00eb atij viti Mali i Zi [&hellip;]<\/p>\n","protected":false},"author":1,"featured_media":0,"comment_status":"closed","ping_status":"closed","sticky":false,"template":"","format":"standard","meta":{"spay_email":"","jetpack_publicize_message":"","jetpack_is_tweetstorm":false,"jetpack_publicize_feature_enabled":true},"categories":[6950],"tags":[],"jetpack_publicize_connections":[],"yoast_head":"<!-- This site is optimized with the Yoast SEO plugin v19.1 - https:\/\/yoast.com\/wordpress\/plugins\/seo\/ -->\n<title>Mali i Zi feston 10 vjetorin e pavar\u00ebsis\u00eb - Lajme nga Ulqini<\/title>\n<meta name=\"description\" content=\"Mali i Zi sot sh\u00ebnon 10 vjetorin e pavar\u00ebsis\u00eb, pasi n\u00eb referendumin e mbajtur m\u00eb 21 maj 2006, 55,5 p\u00ebr qind t\u00eb qytetar\u00ebve t\u00eb cil\u00ebt pat\u00ebn\u00a0dalur n\u00eb\" \/>\n<meta name=\"robots\" content=\"index, follow, max-snippet:-1, max-image-preview:large, max-video-preview:-1\" \/>\n<link rel=\"canonical\" href=\"https:\/\/www.visit-ulcinj.com\/blog\/2016\/05\/22\/mali-zi-feston-10-vjetorin-e-pavaresise\/\" \/>\n<meta property=\"og:locale\" content=\"en_US\" \/>\n<meta property=\"og:type\" content=\"article\" \/>\n<meta property=\"og:title\" content=\"Mali i Zi feston 10 vjetorin e pavar\u00ebsis\u00eb - Lajme nga Ulqini\" \/>\n<meta property=\"og:description\" content=\"Mali i Zi sot sh\u00ebnon 10 vjetorin e pavar\u00ebsis\u00eb, pasi n\u00eb referendumin e mbajtur m\u00eb 21 maj 2006, 55,5 p\u00ebr qind t\u00eb qytetar\u00ebve t\u00eb cil\u00ebt pat\u00ebn\u00a0dalur n\u00eb\" \/>\n<meta property=\"og:url\" content=\"https:\/\/www.visit-ulcinj.com\/blog\/2016\/05\/22\/mali-zi-feston-10-vjetorin-e-pavaresise\/\" \/>\n<meta property=\"og:site_name\" content=\"Lajme nga Ulqini\" \/>\n<meta property=\"article:published_time\" content=\"2016-05-22T04:51:29+00:00\" \/>\n<meta name=\"twitter:label1\" content=\"Written by\" \/>\n\t<meta name=\"twitter:data1\" content=\"ulqini\" \/>\n\t<meta name=\"twitter:label2\" content=\"Est. reading time\" \/>\n\t<meta name=\"twitter:data2\" content=\"1 minute\" \/>\n<script type=\"application\/ld+json\" class=\"yoast-schema-graph\">{\"@context\":\"https:\/\/schema.org\",\"@graph\":[{\"@type\":\"WebSite\",\"@id\":\"https:\/\/www.visit-ulcinj.com\/blog\/#website\",\"url\":\"https:\/\/www.visit-ulcinj.com\/blog\/\",\"name\":\"Lajme nga Ulqini\",\"description\":\"Lajme,Vijesti,Ulqini,Ulqin,Crna Gora,Mali i Zi\",\"potentialAction\":[{\"@type\":\"SearchAction\",\"target\":{\"@type\":\"EntryPoint\",\"urlTemplate\":\"https:\/\/www.visit-ulcinj.com\/blog\/?s={search_term_string}\"},\"query-input\":\"required name=search_term_string\"}],\"inLanguage\":\"en-US\"},{\"@type\":\"WebPage\",\"@id\":\"https:\/\/www.visit-ulcinj.com\/blog\/2016\/05\/22\/mali-zi-feston-10-vjetorin-e-pavaresise\/#webpage\",\"url\":\"https:\/\/www.visit-ulcinj.com\/blog\/2016\/05\/22\/mali-zi-feston-10-vjetorin-e-pavaresise\/\",\"name\":\"Mali i Zi feston 10 vjetorin e pavar\u00ebsis\u00eb - Lajme nga Ulqini\",\"isPartOf\":{\"@id\":\"https:\/\/www.visit-ulcinj.com\/blog\/#website\"},\"datePublished\":\"2016-05-22T04:51:29+00:00\",\"dateModified\":\"2016-05-22T04:51:29+00:00\",\"author\":{\"@id\":\"https:\/\/www.visit-ulcinj.com\/blog\/#\/schema\/person\/dcab619c614d3038751c63bc2aadc06d\"},\"description\":\"Mali i Zi sot sh\u00ebnon 10 vjetorin e pavar\u00ebsis\u00eb, pasi n\u00eb referendumin e mbajtur m\u00eb 21 maj 2006, 55,5 p\u00ebr qind t\u00eb qytetar\u00ebve t\u00eb cil\u00ebt pat\u00ebn\u00a0dalur n\u00eb\",\"breadcrumb\":{\"@id\":\"https:\/\/www.visit-ulcinj.com\/blog\/2016\/05\/22\/mali-zi-feston-10-vjetorin-e-pavaresise\/#breadcrumb\"},\"inLanguage\":\"en-US\",\"potentialAction\":[{\"@type\":\"ReadAction\",\"target\":[\"https:\/\/www.visit-ulcinj.com\/blog\/2016\/05\/22\/mali-zi-feston-10-vjetorin-e-pavaresise\/\"]}]},{\"@type\":\"BreadcrumbList\",\"@id\":\"https:\/\/www.visit-ulcinj.com\/blog\/2016\/05\/22\/mali-zi-feston-10-vjetorin-e-pavaresise\/#breadcrumb\",\"itemListElement\":[{\"@type\":\"ListItem\",\"position\":1,\"name\":\"Mali i Zi feston 10 vjetorin e pavar\u00ebsis\u00eb\"}]},{\"@type\":\"Person\",\"@id\":\"https:\/\/www.visit-ulcinj.com\/blog\/#\/schema\/person\/dcab619c614d3038751c63bc2aadc06d\",\"name\":\"ulqini\",\"sameAs\":[\"http:\/\/www.visit-ulcinj.com\"],\"url\":\"https:\/\/www.visit-ulcinj.com\/blog\/author\/admin\/\"}]}<\/script>\n<!-- \/ Yoast SEO plugin. -->","yoast_head_json":{"title":"Mali i Zi feston 10 vjetorin e pavar\u00ebsis\u00eb - Lajme nga Ulqini","description":"Mali i Zi sot sh\u00ebnon 10 vjetorin e pavar\u00ebsis\u00eb, pasi n\u00eb referendumin e mbajtur m\u00eb 21 maj 2006, 55,5 p\u00ebr qind t\u00eb qytetar\u00ebve t\u00eb cil\u00ebt pat\u00ebn\u00a0dalur n\u00eb","robots":{"index":"index","follow":"follow","max-snippet":"max-snippet:-1","max-image-preview":"max-image-preview:large","max-video-preview":"max-video-preview:-1"},"canonical":"https:\/\/www.visit-ulcinj.com\/blog\/2016\/05\/22\/mali-zi-feston-10-vjetorin-e-pavaresise\/","og_locale":"en_US","og_type":"article","og_title":"Mali i Zi feston 10 vjetorin e pavar\u00ebsis\u00eb - Lajme nga Ulqini","og_description":"Mali i Zi sot sh\u00ebnon 10 vjetorin e pavar\u00ebsis\u00eb, pasi n\u00eb referendumin e mbajtur m\u00eb 21 maj 2006, 55,5 p\u00ebr qind t\u00eb qytetar\u00ebve t\u00eb cil\u00ebt pat\u00ebn\u00a0dalur n\u00eb","og_url":"https:\/\/www.visit-ulcinj.com\/blog\/2016\/05\/22\/mali-zi-feston-10-vjetorin-e-pavaresise\/","og_site_name":"Lajme nga Ulqini","article_published_time":"2016-05-22T04:51:29+00:00","twitter_misc":{"Written by":"ulqini","Est. reading time":"1 minute"},"schema":{"@context":"https:\/\/schema.org","@graph":[{"@type":"WebSite","@id":"https:\/\/www.visit-ulcinj.com\/blog\/#website","url":"https:\/\/www.visit-ulcinj.com\/blog\/","name":"Lajme nga Ulqini","description":"Lajme,Vijesti,Ulqini,Ulqin,Crna Gora,Mali i Zi","potentialAction":[{"@type":"SearchAction","target":{"@type":"EntryPoint","urlTemplate":"https:\/\/www.visit-ulcinj.com\/blog\/?s={search_term_string}"},"query-input":"required name=search_term_string"}],"inLanguage":"en-US"},{"@type":"WebPage","@id":"https:\/\/www.visit-ulcinj.com\/blog\/2016\/05\/22\/mali-zi-feston-10-vjetorin-e-pavaresise\/#webpage","url":"https:\/\/www.visit-ulcinj.com\/blog\/2016\/05\/22\/mali-zi-feston-10-vjetorin-e-pavaresise\/","name":"Mali i Zi feston 10 vjetorin e pavar\u00ebsis\u00eb - Lajme nga Ulqini","isPartOf":{"@id":"https:\/\/www.visit-ulcinj.com\/blog\/#website"},"datePublished":"2016-05-22T04:51:29+00:00","dateModified":"2016-05-22T04:51:29+00:00","author":{"@id":"https:\/\/www.visit-ulcinj.com\/blog\/#\/schema\/person\/dcab619c614d3038751c63bc2aadc06d"},"description":"Mali i Zi sot sh\u00ebnon 10 vjetorin e pavar\u00ebsis\u00eb, pasi n\u00eb referendumin e mbajtur m\u00eb 21 maj 2006, 55,5 p\u00ebr qind t\u00eb qytetar\u00ebve t\u00eb cil\u00ebt pat\u00ebn\u00a0dalur n\u00eb","breadcrumb":{"@id":"https:\/\/www.visit-ulcinj.com\/blog\/2016\/05\/22\/mali-zi-feston-10-vjetorin-e-pavaresise\/#breadcrumb"},"inLanguage":"en-US","potentialAction":[{"@type":"ReadAction","target":["https:\/\/www.visit-ulcinj.com\/blog\/2016\/05\/22\/mali-zi-feston-10-vjetorin-e-pavaresise\/"]}]},{"@type":"BreadcrumbList","@id":"https:\/\/www.visit-ulcinj.com\/blog\/2016\/05\/22\/mali-zi-feston-10-vjetorin-e-pavaresise\/#breadcrumb","itemListElement":[{"@type":"ListItem","position":1,"name":"Mali i Zi feston 10 vjetorin e pavar\u00ebsis\u00eb"}]},{"@type":"Person","@id":"https:\/\/www.visit-ulcinj.com\/blog\/#\/schema\/person\/dcab619c614d3038751c63bc2aadc06d","name":"ulqini","sameAs":["http:\/\/www.visit-ulcinj.com"],"url":"https:\/\/www.visit-ulcinj.com\/blog\/author\/admin\/"}]}},"jetpack_featured_media_url":"","jetpack_sharing_enabled":true,"jetpack_shortlink":"https:\/\/wp.me\/pe6lTn-pfu","_links":{"self":[{"href":"https:\/\/www.visit-ulcinj.com\/blog\/wp-json\/wp\/v2\/posts\/97060"}],"collection":[{"href":"https:\/\/www.visit-ulcinj.com\/blog\/wp-json\/wp\/v2\/posts"}],"about":[{"href":"https:\/\/www.visit-ulcinj.com\/blog\/wp-json\/wp\/v2\/types\/post"}],"author":[{"embeddable":true,"href":"https:\/\/www.visit-ulcinj.com\/blog\/wp-json\/wp\/v2\/users\/1"}],"replies":[{"embeddable":true,"href":"https:\/\/www.visit-ulcinj.com\/blog\/wp-json\/wp\/v2\/comments?post=97060"}],"version-history":[{"count":1,"href":"https:\/\/www.visit-ulcinj.com\/blog\/wp-json\/wp\/v2\/posts\/97060\/revisions"}],"predecessor-version":[{"id":97062,"href":"https:\/\/www.visit-ulcinj.com\/blog\/wp-json\/wp\/v2\/posts\/97060\/revisions\/97062"}],"wp:attachment":[{"href":"https:\/\/www.visit-ulcinj.com\/blog\/wp-json\/wp\/v2\/media?parent=97060"}],"wp:term":[{"taxonomy":"category","embeddable":true,"href":"https:\/\/www.visit-ulcinj.com\/blog\/wp-json\/wp\/v2\/categories?post=97060"},{"taxonomy":"post_tag","embeddable":true,"href":"https:\/\/www.visit-ulcinj.com\/blog\/wp-json\/wp\/v2\/tags?post=97060"}],"curies":[{"name":"wp","href":"https:\/\/api.w.org\/{rel}","templated":true}]}}