{"id":97081,"date":"2016-05-23T17:02:26","date_gmt":"2016-05-23T16:02:26","guid":{"rendered":"http:\/\/www.visit-ulcinj.com\/blog\/?p=97081"},"modified":"2016-05-23T17:02:26","modified_gmt":"2016-05-23T16:02:26","slug":"qeveria-e-besimit-zgjedhor-ne-mal-te-zi-video","status":"publish","type":"post","link":"https:\/\/www.visit-ulcinj.com\/blog\/2016\/05\/23\/qeveria-e-besimit-zgjedhor-ne-mal-te-zi-video\/","title":{"rendered":"Qeveria e besimit zgjedhor n\u00eb Mal t\u00eb Zi &#8211; Video"},"content":{"rendered":"<p><a href=\"http:\/\/www.visit-ulcinj.com\/blog\/wp-content\/uploads\/2016\/05\/Dritan-Abazoviq-Qeveria-e-besimit-zgjedhor-n\u00eb-Mal-t\u00eb-Zi.jpg\"><img loading=\"lazy\" class=\"alignleft wp-image-97082\" src=\"http:\/\/www.visit-ulcinj.com\/blog\/wp-content\/uploads\/2016\/05\/Dritan-Abazoviq-Qeveria-e-besimit-zgjedhor-n\u00eb-Mal-t\u00eb-Zi.jpg\" alt=\"Dritan-Abazoviq- Qeveria e besimit zgjedhor n\u00eb Mal t\u00eb Zi\" width=\"508\" height=\"279\" srcset=\"https:\/\/www.visit-ulcinj.com\/blog\/wp-content\/uploads\/2016\/05\/Dritan-Abazoviq-Qeveria-e-besimit-zgjedhor-n\u00eb-Mal-t\u00eb-Zi.jpg 640w, https:\/\/www.visit-ulcinj.com\/blog\/wp-content\/uploads\/2016\/05\/Dritan-Abazoviq-Qeveria-e-besimit-zgjedhor-n\u00eb-Mal-t\u00eb-Zi-300x165.jpg 300w\" sizes=\"(max-width: 508px) 100vw, 508px\" \/><\/a>N\u00eb Mal t\u00eb Zi u formua qeveria e \u201cbesimit zgjedhor\u201d ku p\u00ebr her\u00eb t\u00eb par\u00eb opozita malazeze p\u00ebrfshihet n\u00eb qeveri me poste n\u00eb kat\u00ebr ministri si dhe me at\u00eb t\u00eb z\u00ebvend\u00ebskryeministrit.<\/p>\n<p>Kjo bash\u00ebqeverisje b\u00ebhet n\u00eb p\u00ebrpjekje p\u00ebr t\u00eb realizuar p\u00ebrgatitje e zgjedhjeve t\u00eb lira dhe t\u00eb drejta n\u00eb Mal t\u00eb Zi, t\u00eb cilat parashikohen t\u00eb mbahen deri n\u00eb fund t\u00eb k\u00ebtij viti.<\/p>\n<p>Korrespondenti i Z\u00ebrit t\u00eb Amerik\u00ebs Ali Salaj\u00a0 p\u00ebrgatiti kronik\u00ebn.<\/p>\n<p>VAO<\/p>\n<!--YouTube Error: bad URL entered-->\n","protected":false},"excerpt":{"rendered":"<p>N\u00eb Mal t\u00eb Zi u formua qeveria e \u201cbesimit zgjedhor\u201d ku p\u00ebr her\u00eb t\u00eb par\u00eb opozita malazeze p\u00ebrfshihet n\u00eb qeveri me poste n\u00eb kat\u00ebr ministri si dhe me at\u00eb t\u00eb z\u00ebvend\u00ebskryeministrit. Kjo bash\u00ebqeverisje b\u00ebhet n\u00eb p\u00ebrpjekje p\u00ebr t\u00eb realizuar p\u00ebrgatitje e zgjedhjeve t\u00eb lira dhe t\u00eb drejta n\u00eb Mal t\u00eb Zi, t\u00eb cilat parashikohen t\u00eb [&hellip;]<\/p>\n","protected":false},"author":1,"featured_media":0,"comment_status":"closed","ping_status":"closed","sticky":false,"template":"","format":"standard","meta":{"spay_email":"","jetpack_publicize_message":"","jetpack_is_tweetstorm":false,"jetpack_publicize_feature_enabled":true},"categories":[6],"tags":[],"jetpack_publicize_connections":[],"yoast_head":"<!-- This site is optimized with the Yoast SEO plugin v19.1 - https:\/\/yoast.com\/wordpress\/plugins\/seo\/ -->\n<title>Qeveria e besimit zgjedhor n\u00eb Mal t\u00eb Zi - Video - Lajme nga Ulqini<\/title>\n<meta name=\"description\" content=\"N\u00eb Mal t\u00eb Zi u formua qeveria e \u201cbesimit zgjedhor\u201d ku p\u00ebr her\u00eb t\u00eb par\u00eb opozita malazeze p\u00ebrfshihet n\u00eb qeveri me poste n\u00eb kat\u00ebr ministri si dhe me at\u00eb t\u00eb\" \/>\n<meta name=\"robots\" content=\"index, follow, max-snippet:-1, max-image-preview:large, max-video-preview:-1\" \/>\n<link rel=\"canonical\" href=\"https:\/\/www.visit-ulcinj.com\/blog\/2016\/05\/23\/qeveria-e-besimit-zgjedhor-ne-mal-te-zi-video\/\" \/>\n<meta property=\"og:locale\" content=\"en_US\" \/>\n<meta property=\"og:type\" content=\"article\" \/>\n<meta property=\"og:title\" content=\"Qeveria e besimit zgjedhor n\u00eb Mal t\u00eb Zi - Video - Lajme nga Ulqini\" \/>\n<meta property=\"og:description\" content=\"N\u00eb Mal t\u00eb Zi u formua qeveria e \u201cbesimit zgjedhor\u201d ku p\u00ebr her\u00eb t\u00eb par\u00eb opozita malazeze p\u00ebrfshihet n\u00eb qeveri me poste n\u00eb kat\u00ebr ministri si dhe me at\u00eb t\u00eb\" \/>\n<meta property=\"og:url\" content=\"https:\/\/www.visit-ulcinj.com\/blog\/2016\/05\/23\/qeveria-e-besimit-zgjedhor-ne-mal-te-zi-video\/\" \/>\n<meta property=\"og:site_name\" content=\"Lajme nga Ulqini\" \/>\n<meta property=\"article:published_time\" content=\"2016-05-23T16:02:26+00:00\" \/>\n<meta name=\"twitter:label1\" content=\"Written by\" \/>\n\t<meta name=\"twitter:data1\" content=\"ulqini\" \/>\n<script type=\"application\/ld+json\" class=\"yoast-schema-graph\">{\"@context\":\"https:\/\/schema.org\",\"@graph\":[{\"@type\":\"WebSite\",\"@id\":\"https:\/\/www.visit-ulcinj.com\/blog\/#website\",\"url\":\"https:\/\/www.visit-ulcinj.com\/blog\/\",\"name\":\"Lajme nga Ulqini\",\"description\":\"Lajme,Vijesti,Ulqini,Ulqin,Crna Gora,Mali i Zi\",\"potentialAction\":[{\"@type\":\"SearchAction\",\"target\":{\"@type\":\"EntryPoint\",\"urlTemplate\":\"https:\/\/www.visit-ulcinj.com\/blog\/?s={search_term_string}\"},\"query-input\":\"required name=search_term_string\"}],\"inLanguage\":\"en-US\"},{\"@type\":\"WebPage\",\"@id\":\"https:\/\/www.visit-ulcinj.com\/blog\/2016\/05\/23\/qeveria-e-besimit-zgjedhor-ne-mal-te-zi-video\/#webpage\",\"url\":\"https:\/\/www.visit-ulcinj.com\/blog\/2016\/05\/23\/qeveria-e-besimit-zgjedhor-ne-mal-te-zi-video\/\",\"name\":\"Qeveria e besimit zgjedhor n\u00eb Mal t\u00eb Zi - Video - Lajme nga Ulqini\",\"isPartOf\":{\"@id\":\"https:\/\/www.visit-ulcinj.com\/blog\/#website\"},\"datePublished\":\"2016-05-23T16:02:26+00:00\",\"dateModified\":\"2016-05-23T16:02:26+00:00\",\"author\":{\"@id\":\"https:\/\/www.visit-ulcinj.com\/blog\/#\/schema\/person\/dcab619c614d3038751c63bc2aadc06d\"},\"description\":\"N\u00eb Mal t\u00eb Zi u formua qeveria e \u201cbesimit zgjedhor\u201d ku p\u00ebr her\u00eb t\u00eb par\u00eb opozita malazeze p\u00ebrfshihet n\u00eb qeveri me poste n\u00eb kat\u00ebr ministri si dhe me at\u00eb t\u00eb\",\"breadcrumb\":{\"@id\":\"https:\/\/www.visit-ulcinj.com\/blog\/2016\/05\/23\/qeveria-e-besimit-zgjedhor-ne-mal-te-zi-video\/#breadcrumb\"},\"inLanguage\":\"en-US\",\"potentialAction\":[{\"@type\":\"ReadAction\",\"target\":[\"https:\/\/www.visit-ulcinj.com\/blog\/2016\/05\/23\/qeveria-e-besimit-zgjedhor-ne-mal-te-zi-video\/\"]}]},{\"@type\":\"BreadcrumbList\",\"@id\":\"https:\/\/www.visit-ulcinj.com\/blog\/2016\/05\/23\/qeveria-e-besimit-zgjedhor-ne-mal-te-zi-video\/#breadcrumb\",\"itemListElement\":[{\"@type\":\"ListItem\",\"position\":1,\"name\":\"Qeveria e besimit zgjedhor n\u00eb Mal t\u00eb Zi &#8211; Video\"}]},{\"@type\":\"Person\",\"@id\":\"https:\/\/www.visit-ulcinj.com\/blog\/#\/schema\/person\/dcab619c614d3038751c63bc2aadc06d\",\"name\":\"ulqini\",\"sameAs\":[\"http:\/\/www.visit-ulcinj.com\"],\"url\":\"https:\/\/www.visit-ulcinj.com\/blog\/author\/admin\/\"}]}<\/script>\n<!-- \/ Yoast SEO plugin. -->","yoast_head_json":{"title":"Qeveria e besimit zgjedhor n\u00eb Mal t\u00eb Zi - Video - Lajme nga Ulqini","description":"N\u00eb Mal t\u00eb Zi u formua qeveria e \u201cbesimit zgjedhor\u201d ku p\u00ebr her\u00eb t\u00eb par\u00eb opozita malazeze p\u00ebrfshihet n\u00eb qeveri me poste n\u00eb kat\u00ebr ministri si dhe me at\u00eb t\u00eb","robots":{"index":"index","follow":"follow","max-snippet":"max-snippet:-1","max-image-preview":"max-image-preview:large","max-video-preview":"max-video-preview:-1"},"canonical":"https:\/\/www.visit-ulcinj.com\/blog\/2016\/05\/23\/qeveria-e-besimit-zgjedhor-ne-mal-te-zi-video\/","og_locale":"en_US","og_type":"article","og_title":"Qeveria e besimit zgjedhor n\u00eb Mal t\u00eb Zi - Video - Lajme nga Ulqini","og_description":"N\u00eb Mal t\u00eb Zi u formua qeveria e \u201cbesimit zgjedhor\u201d ku p\u00ebr her\u00eb t\u00eb par\u00eb opozita malazeze p\u00ebrfshihet n\u00eb qeveri me poste n\u00eb kat\u00ebr ministri si dhe me at\u00eb t\u00eb","og_url":"https:\/\/www.visit-ulcinj.com\/blog\/2016\/05\/23\/qeveria-e-besimit-zgjedhor-ne-mal-te-zi-video\/","og_site_name":"Lajme nga Ulqini","article_published_time":"2016-05-23T16:02:26+00:00","twitter_misc":{"Written by":"ulqini"},"schema":{"@context":"https:\/\/schema.org","@graph":[{"@type":"WebSite","@id":"https:\/\/www.visit-ulcinj.com\/blog\/#website","url":"https:\/\/www.visit-ulcinj.com\/blog\/","name":"Lajme nga Ulqini","description":"Lajme,Vijesti,Ulqini,Ulqin,Crna Gora,Mali i Zi","potentialAction":[{"@type":"SearchAction","target":{"@type":"EntryPoint","urlTemplate":"https:\/\/www.visit-ulcinj.com\/blog\/?s={search_term_string}"},"query-input":"required name=search_term_string"}],"inLanguage":"en-US"},{"@type":"WebPage","@id":"https:\/\/www.visit-ulcinj.com\/blog\/2016\/05\/23\/qeveria-e-besimit-zgjedhor-ne-mal-te-zi-video\/#webpage","url":"https:\/\/www.visit-ulcinj.com\/blog\/2016\/05\/23\/qeveria-e-besimit-zgjedhor-ne-mal-te-zi-video\/","name":"Qeveria e besimit zgjedhor n\u00eb Mal t\u00eb Zi - Video - Lajme nga Ulqini","isPartOf":{"@id":"https:\/\/www.visit-ulcinj.com\/blog\/#website"},"datePublished":"2016-05-23T16:02:26+00:00","dateModified":"2016-05-23T16:02:26+00:00","author":{"@id":"https:\/\/www.visit-ulcinj.com\/blog\/#\/schema\/person\/dcab619c614d3038751c63bc2aadc06d"},"description":"N\u00eb Mal t\u00eb Zi u formua qeveria e \u201cbesimit zgjedhor\u201d ku p\u00ebr her\u00eb t\u00eb par\u00eb opozita malazeze p\u00ebrfshihet n\u00eb qeveri me poste n\u00eb kat\u00ebr ministri si dhe me at\u00eb t\u00eb","breadcrumb":{"@id":"https:\/\/www.visit-ulcinj.com\/blog\/2016\/05\/23\/qeveria-e-besimit-zgjedhor-ne-mal-te-zi-video\/#breadcrumb"},"inLanguage":"en-US","potentialAction":[{"@type":"ReadAction","target":["https:\/\/www.visit-ulcinj.com\/blog\/2016\/05\/23\/qeveria-e-besimit-zgjedhor-ne-mal-te-zi-video\/"]}]},{"@type":"BreadcrumbList","@id":"https:\/\/www.visit-ulcinj.com\/blog\/2016\/05\/23\/qeveria-e-besimit-zgjedhor-ne-mal-te-zi-video\/#breadcrumb","itemListElement":[{"@type":"ListItem","position":1,"name":"Qeveria e besimit zgjedhor n\u00eb Mal t\u00eb Zi &#8211; Video"}]},{"@type":"Person","@id":"https:\/\/www.visit-ulcinj.com\/blog\/#\/schema\/person\/dcab619c614d3038751c63bc2aadc06d","name":"ulqini","sameAs":["http:\/\/www.visit-ulcinj.com"],"url":"https:\/\/www.visit-ulcinj.com\/blog\/author\/admin\/"}]}},"jetpack_featured_media_url":"","jetpack_sharing_enabled":true,"jetpack_shortlink":"https:\/\/wp.me\/pe6lTn-pfP","_links":{"self":[{"href":"https:\/\/www.visit-ulcinj.com\/blog\/wp-json\/wp\/v2\/posts\/97081"}],"collection":[{"href":"https:\/\/www.visit-ulcinj.com\/blog\/wp-json\/wp\/v2\/posts"}],"about":[{"href":"https:\/\/www.visit-ulcinj.com\/blog\/wp-json\/wp\/v2\/types\/post"}],"author":[{"embeddable":true,"href":"https:\/\/www.visit-ulcinj.com\/blog\/wp-json\/wp\/v2\/users\/1"}],"replies":[{"embeddable":true,"href":"https:\/\/www.visit-ulcinj.com\/blog\/wp-json\/wp\/v2\/comments?post=97081"}],"version-history":[{"count":1,"href":"https:\/\/www.visit-ulcinj.com\/blog\/wp-json\/wp\/v2\/posts\/97081\/revisions"}],"predecessor-version":[{"id":97083,"href":"https:\/\/www.visit-ulcinj.com\/blog\/wp-json\/wp\/v2\/posts\/97081\/revisions\/97083"}],"wp:attachment":[{"href":"https:\/\/www.visit-ulcinj.com\/blog\/wp-json\/wp\/v2\/media?parent=97081"}],"wp:term":[{"taxonomy":"category","embeddable":true,"href":"https:\/\/www.visit-ulcinj.com\/blog\/wp-json\/wp\/v2\/categories?post=97081"},{"taxonomy":"post_tag","embeddable":true,"href":"https:\/\/www.visit-ulcinj.com\/blog\/wp-json\/wp\/v2\/tags?post=97081"}],"curies":[{"name":"wp","href":"https:\/\/api.w.org\/{rel}","templated":true}]}}