{"id":97085,"date":"2016-05-23T17:10:36","date_gmt":"2016-05-23T16:10:36","guid":{"rendered":"http:\/\/www.visit-ulcinj.com\/blog\/?p=97085"},"modified":"2016-05-23T17:10:36","modified_gmt":"2016-05-23T16:10:36","slug":"camaj-festat-qe-ndajne","status":"publish","type":"post","link":"https:\/\/www.visit-ulcinj.com\/blog\/2016\/05\/23\/camaj-festat-qe-ndajne\/","title":{"rendered":"Camaj: Festat q\u00eb ndajn\u00eb!"},"content":{"rendered":"<p><a href=\"http:\/\/www.visit-ulcinj.com\/blog\/wp-content\/uploads\/2011\/12\/Nikoll\u00eb-Camaj1.jpg\"><img loading=\"lazy\" class=\"alignleft wp-image-54736\" src=\"http:\/\/www.visit-ulcinj.com\/blog\/wp-content\/uploads\/2011\/12\/Nikoll\u00eb-Camaj1.jpg\" alt=\"Nikoll\u00eb Camaj\" width=\"508\" height=\"441\" srcset=\"https:\/\/www.visit-ulcinj.com\/blog\/wp-content\/uploads\/2011\/12\/Nikoll\u00eb-Camaj1.jpg 720w, https:\/\/www.visit-ulcinj.com\/blog\/wp-content\/uploads\/2011\/12\/Nikoll\u00eb-Camaj1-300x260.jpg 300w\" sizes=\"(max-width: 508px) 100vw, 508px\" \/><\/a>Mali i Zi dje festoi 10 vjetorin e pavar\u00ebsis\u00eb. Shteti, i cili n\u00eb t\u00eb gjitha akte njihet si shteti i malazezve, e pastaj i t\u00eb tjer\u00ebve, p\u00ebrqindjen malazezo-etnike e ka n\u00ebn 50%, por kjo nuk i pengon q\u00eb , kur \u00ebsht\u00eb n\u00eb pyetje heraldika, n\u00ebn k\u00ebt\u00eb m\u00eb pak se 50%, t\u2019i fus edhe ata q\u00eb nuk ndihen dhe nuk jan\u00eb malazez\u00eb. K\u00ebt\u00eb Mali i Zi e d\u00ebshmoi edhe gjat\u00eb festimit t\u00eb k\u00ebtij p\u00ebrvjetori, me \u00e7&#8217;rast n\u00ebp\u00ebr qytetet shqiptare n\u00eb Mal t\u00eb Zi nuk u val\u00ebvit asnj\u00eb flamur shqiptar. Edhe pse sipas ligjit n\u00eb fuqi, flamuri i pakic\u00ebs, karshi flamurit shtet\u00ebror, val\u00ebvitet edhe gjat\u00eb festave shtet\u00ebrore t\u00eb Malit t\u00eb Zi, n\u00eb ato vise ku pakica p\u00ebrmban shumic\u00ebn, kjo nuk u realizua n\u00eb praktik\u00eb. Por, si\u00e7 u pa, n\u00eb sken\u00eb, aty ku duhet t\u00eb qitet pluhur syve, u pan\u00eb pika muzikore shqipe dhe shoqata nga trevat etnike shqiptare. Pa flamur, natyrisht!<\/p>\n<p>N\u00eb manifestimin n\u00eb Tuz, n\u00eb publik\u00eb f\u00ebmij\u00ebt e shkollave fillore ishin rreshtuar, tamam si n\u00eb koh\u00ebn e Titos. Po ashtu, n\u00eb publik, si n\u00eb Tuz, Podgoric\u00eb edhe Cetin\u00eb u pan\u00eb edhe ata q\u00eb, me t\u00eb drejt\u00eb ngrit\u00ebn z\u00ebrin p\u00ebr fyerjen q\u00eb na b\u00ebri Akademia malazeze e shkencave, e edhe sish q\u00eb do t\u00eb duhej ta kishin ngritur z\u00ebrin. Por, t\u00eb par\u00ebt e paskan pas ngritur, si duket, sa p\u00ebr t\u2019i hyr dikujt n\u00eb qejf, si edhe t\u00eb dyt\u00ebn q\u00eb kan\u00eb heshtur, p\u00ebr ty hyr\u00eb n\u00eb qejf dikujt tjet\u00ebr.<\/p>\n<p>Meqen\u00ebse Akademia ve\u00e7 zbaton politik\u00ebn q\u00eb e dirigjon udh\u00ebheq\u00ebsja malazeze, at\u00eb t\u00eb asimilimit, aty nuk e kishin vendin lider\u00ebt politik\u00eb shqiptar\u00eb nga Mali i Zi, e besa as ata nga rajoni, pasi q\u00eb q\u00ebndrimi shoven i Akademis\u00eb duhej t\u00eb shfryt\u00ebzohej p\u00ebr t\u2019i dh\u00ebn\u00eb nj\u00eb mesazh Gjukanoviqit dhe Akademis\u00eb serbe, ops, malazeze, se mal\u00ebsor\u00ebt nuk jan\u00eb t\u00eb albanizuar, por jan\u00eb shqiptar\u00eb den-baba-den, n\u00eb trojet e veta etnike, dhe se deri sa t\u00eb mendojn\u00eb k\u00ebshtu, ne, s\u00eb paku nuk mund t\u00eb festojm\u00eb s\u00eb bashku. Prandaj, pa q\u00ebllim q\u00eb t\u00eb zhvler\u00ebsoj at\u00eb q\u00eb t\u00eb tjer\u00ebt e kan\u00eb th\u00ebn\u00eb, shkruar apo b\u00ebr\u00eb, mendoj se bojkoti i manifestimit do t\u00eb ishte mesazh m\u00eb i q\u00eblluar, se t\u00eb gjitha reagimet e veprimet publike t\u00eb deritashme, lidhur me shkarravinat e akademik\u00ebve malazez\u00eb.<\/p>\n<p>Shqiptar\u00ebt, dhan\u00eb kontributin maksimal n\u00eb kthimin e shtet\u00ebsis\u00eb s\u00eb Malit t\u00eb Zi. Por, si na u kthye. E m\u00ebnyr\u00eb se si na u kthye (Fluturimi i shqiponj\u00eb, fshirja nga regjistri i zgjedh\u00ebsve q\u00eb jetojn\u00eb jasht\u00eb shtetit, e q\u00eb kishin ardhur p\u00ebr t\u00eb votuar n\u00eb referendum p\u00ebr pavar\u00ebsi, grabitja e pronave, komuna e Tuzit etj.), s\u00eb paku jep arsye q\u00eb t\u00eb mos festojm\u00eb me ta. Prandaj, ne disave as q\u00eb na kishe r\u00ebn\u00eb nd\u00ebr mend t\u00eb festonim, edhe pse iden\u00eb e republikave sovrane t\u00eb Malit t\u00eb Zi e t\u00eb Kosov\u00ebs e propagandonim at\u00ebher\u00eb kur k\u00ebta zot\u00ebrinjt\u00eb q\u00eb po ia \u201cmarrin maz\u00ebn\u201d, e kund\u00ebrshtonin me forc\u00ebn e Akademis\u00eb dhe t\u00eb ushtris\u00eb. Sot ata po vazhdojn\u00eb kundra nesh, por vet\u00ebm me forc\u00ebn t\u00eb akademis\u00eb, forc\u00eb kjo q\u00eb e kap\u00ebrcen at\u00eb t\u00eb ushtris\u00eb! Dhe disa po u thon\u00eb mashalla!<\/p>\n<p><strong>Bota Sot<\/strong><\/p>\n","protected":false},"excerpt":{"rendered":"<p>Mali i Zi dje festoi 10 vjetorin e pavar\u00ebsis\u00eb. Shteti, i cili n\u00eb t\u00eb gjitha akte njihet si shteti i malazezve, e pastaj i t\u00eb tjer\u00ebve, p\u00ebrqindjen malazezo-etnike e ka n\u00ebn 50%, por kjo nuk i pengon q\u00eb , kur \u00ebsht\u00eb n\u00eb pyetje heraldika, n\u00ebn k\u00ebt\u00eb m\u00eb pak se 50%, t\u2019i fus edhe ata q\u00eb [&hellip;]<\/p>\n","protected":false},"author":1,"featured_media":0,"comment_status":"closed","ping_status":"closed","sticky":false,"template":"","format":"standard","meta":{"spay_email":"","jetpack_publicize_message":"","jetpack_is_tweetstorm":false,"jetpack_publicize_feature_enabled":true},"categories":[14249],"tags":[],"jetpack_publicize_connections":[],"yoast_head":"<!-- This site is optimized with the Yoast SEO plugin v19.1 - https:\/\/yoast.com\/wordpress\/plugins\/seo\/ -->\n<title>Camaj: Festat q\u00eb ndajn\u00eb! - Lajme nga Ulqini<\/title>\n<meta name=\"description\" content=\"Mali i Zi dje festoi 10 vjetorin e pavar\u00ebsis\u00eb. Shteti, i cili n\u00eb t\u00eb gjitha akte njihet si shteti i malazezve, e pastaj i t\u00eb tjer\u00ebve, p\u00ebrqindjen\" \/>\n<meta name=\"robots\" content=\"index, follow, max-snippet:-1, max-image-preview:large, max-video-preview:-1\" \/>\n<link rel=\"canonical\" href=\"https:\/\/www.visit-ulcinj.com\/blog\/2016\/05\/23\/camaj-festat-qe-ndajne\/\" \/>\n<meta property=\"og:locale\" content=\"en_US\" \/>\n<meta property=\"og:type\" content=\"article\" \/>\n<meta property=\"og:title\" content=\"Camaj: Festat q\u00eb ndajn\u00eb! - Lajme nga Ulqini\" \/>\n<meta property=\"og:description\" content=\"Mali i Zi dje festoi 10 vjetorin e pavar\u00ebsis\u00eb. Shteti, i cili n\u00eb t\u00eb gjitha akte njihet si shteti i malazezve, e pastaj i t\u00eb tjer\u00ebve, p\u00ebrqindjen\" \/>\n<meta property=\"og:url\" content=\"https:\/\/www.visit-ulcinj.com\/blog\/2016\/05\/23\/camaj-festat-qe-ndajne\/\" \/>\n<meta property=\"og:site_name\" content=\"Lajme nga Ulqini\" \/>\n<meta property=\"article:published_time\" content=\"2016-05-23T16:10:36+00:00\" \/>\n<meta name=\"twitter:label1\" content=\"Written by\" \/>\n\t<meta name=\"twitter:data1\" content=\"ulqini\" \/>\n\t<meta name=\"twitter:label2\" content=\"Est. reading time\" \/>\n\t<meta name=\"twitter:data2\" content=\"3 minutes\" \/>\n<script type=\"application\/ld+json\" class=\"yoast-schema-graph\">{\"@context\":\"https:\/\/schema.org\",\"@graph\":[{\"@type\":\"WebSite\",\"@id\":\"https:\/\/www.visit-ulcinj.com\/blog\/#website\",\"url\":\"https:\/\/www.visit-ulcinj.com\/blog\/\",\"name\":\"Lajme nga Ulqini\",\"description\":\"Lajme,Vijesti,Ulqini,Ulqin,Crna Gora,Mali i Zi\",\"potentialAction\":[{\"@type\":\"SearchAction\",\"target\":{\"@type\":\"EntryPoint\",\"urlTemplate\":\"https:\/\/www.visit-ulcinj.com\/blog\/?s={search_term_string}\"},\"query-input\":\"required name=search_term_string\"}],\"inLanguage\":\"en-US\"},{\"@type\":\"WebPage\",\"@id\":\"https:\/\/www.visit-ulcinj.com\/blog\/2016\/05\/23\/camaj-festat-qe-ndajne\/#webpage\",\"url\":\"https:\/\/www.visit-ulcinj.com\/blog\/2016\/05\/23\/camaj-festat-qe-ndajne\/\",\"name\":\"Camaj: Festat q\u00eb ndajn\u00eb! - Lajme nga Ulqini\",\"isPartOf\":{\"@id\":\"https:\/\/www.visit-ulcinj.com\/blog\/#website\"},\"datePublished\":\"2016-05-23T16:10:36+00:00\",\"dateModified\":\"2016-05-23T16:10:36+00:00\",\"author\":{\"@id\":\"https:\/\/www.visit-ulcinj.com\/blog\/#\/schema\/person\/dcab619c614d3038751c63bc2aadc06d\"},\"description\":\"Mali i Zi dje festoi 10 vjetorin e pavar\u00ebsis\u00eb. Shteti, i cili n\u00eb t\u00eb gjitha akte njihet si shteti i malazezve, e pastaj i t\u00eb tjer\u00ebve, p\u00ebrqindjen\",\"breadcrumb\":{\"@id\":\"https:\/\/www.visit-ulcinj.com\/blog\/2016\/05\/23\/camaj-festat-qe-ndajne\/#breadcrumb\"},\"inLanguage\":\"en-US\",\"potentialAction\":[{\"@type\":\"ReadAction\",\"target\":[\"https:\/\/www.visit-ulcinj.com\/blog\/2016\/05\/23\/camaj-festat-qe-ndajne\/\"]}]},{\"@type\":\"BreadcrumbList\",\"@id\":\"https:\/\/www.visit-ulcinj.com\/blog\/2016\/05\/23\/camaj-festat-qe-ndajne\/#breadcrumb\",\"itemListElement\":[{\"@type\":\"ListItem\",\"position\":1,\"name\":\"Camaj: Festat q\u00eb ndajn\u00eb!\"}]},{\"@type\":\"Person\",\"@id\":\"https:\/\/www.visit-ulcinj.com\/blog\/#\/schema\/person\/dcab619c614d3038751c63bc2aadc06d\",\"name\":\"ulqini\",\"sameAs\":[\"http:\/\/www.visit-ulcinj.com\"],\"url\":\"https:\/\/www.visit-ulcinj.com\/blog\/author\/admin\/\"}]}<\/script>\n<!-- \/ Yoast SEO plugin. -->","yoast_head_json":{"title":"Camaj: Festat q\u00eb ndajn\u00eb! - Lajme nga Ulqini","description":"Mali i Zi dje festoi 10 vjetorin e pavar\u00ebsis\u00eb. Shteti, i cili n\u00eb t\u00eb gjitha akte njihet si shteti i malazezve, e pastaj i t\u00eb tjer\u00ebve, p\u00ebrqindjen","robots":{"index":"index","follow":"follow","max-snippet":"max-snippet:-1","max-image-preview":"max-image-preview:large","max-video-preview":"max-video-preview:-1"},"canonical":"https:\/\/www.visit-ulcinj.com\/blog\/2016\/05\/23\/camaj-festat-qe-ndajne\/","og_locale":"en_US","og_type":"article","og_title":"Camaj: Festat q\u00eb ndajn\u00eb! - Lajme nga Ulqini","og_description":"Mali i Zi dje festoi 10 vjetorin e pavar\u00ebsis\u00eb. Shteti, i cili n\u00eb t\u00eb gjitha akte njihet si shteti i malazezve, e pastaj i t\u00eb tjer\u00ebve, p\u00ebrqindjen","og_url":"https:\/\/www.visit-ulcinj.com\/blog\/2016\/05\/23\/camaj-festat-qe-ndajne\/","og_site_name":"Lajme nga Ulqini","article_published_time":"2016-05-23T16:10:36+00:00","twitter_misc":{"Written by":"ulqini","Est. reading time":"3 minutes"},"schema":{"@context":"https:\/\/schema.org","@graph":[{"@type":"WebSite","@id":"https:\/\/www.visit-ulcinj.com\/blog\/#website","url":"https:\/\/www.visit-ulcinj.com\/blog\/","name":"Lajme nga Ulqini","description":"Lajme,Vijesti,Ulqini,Ulqin,Crna Gora,Mali i Zi","potentialAction":[{"@type":"SearchAction","target":{"@type":"EntryPoint","urlTemplate":"https:\/\/www.visit-ulcinj.com\/blog\/?s={search_term_string}"},"query-input":"required name=search_term_string"}],"inLanguage":"en-US"},{"@type":"WebPage","@id":"https:\/\/www.visit-ulcinj.com\/blog\/2016\/05\/23\/camaj-festat-qe-ndajne\/#webpage","url":"https:\/\/www.visit-ulcinj.com\/blog\/2016\/05\/23\/camaj-festat-qe-ndajne\/","name":"Camaj: Festat q\u00eb ndajn\u00eb! - Lajme nga Ulqini","isPartOf":{"@id":"https:\/\/www.visit-ulcinj.com\/blog\/#website"},"datePublished":"2016-05-23T16:10:36+00:00","dateModified":"2016-05-23T16:10:36+00:00","author":{"@id":"https:\/\/www.visit-ulcinj.com\/blog\/#\/schema\/person\/dcab619c614d3038751c63bc2aadc06d"},"description":"Mali i Zi dje festoi 10 vjetorin e pavar\u00ebsis\u00eb. Shteti, i cili n\u00eb t\u00eb gjitha akte njihet si shteti i malazezve, e pastaj i t\u00eb tjer\u00ebve, p\u00ebrqindjen","breadcrumb":{"@id":"https:\/\/www.visit-ulcinj.com\/blog\/2016\/05\/23\/camaj-festat-qe-ndajne\/#breadcrumb"},"inLanguage":"en-US","potentialAction":[{"@type":"ReadAction","target":["https:\/\/www.visit-ulcinj.com\/blog\/2016\/05\/23\/camaj-festat-qe-ndajne\/"]}]},{"@type":"BreadcrumbList","@id":"https:\/\/www.visit-ulcinj.com\/blog\/2016\/05\/23\/camaj-festat-qe-ndajne\/#breadcrumb","itemListElement":[{"@type":"ListItem","position":1,"name":"Camaj: Festat q\u00eb ndajn\u00eb!"}]},{"@type":"Person","@id":"https:\/\/www.visit-ulcinj.com\/blog\/#\/schema\/person\/dcab619c614d3038751c63bc2aadc06d","name":"ulqini","sameAs":["http:\/\/www.visit-ulcinj.com"],"url":"https:\/\/www.visit-ulcinj.com\/blog\/author\/admin\/"}]}},"jetpack_featured_media_url":"","jetpack_sharing_enabled":true,"jetpack_shortlink":"https:\/\/wp.me\/pe6lTn-pfT","_links":{"self":[{"href":"https:\/\/www.visit-ulcinj.com\/blog\/wp-json\/wp\/v2\/posts\/97085"}],"collection":[{"href":"https:\/\/www.visit-ulcinj.com\/blog\/wp-json\/wp\/v2\/posts"}],"about":[{"href":"https:\/\/www.visit-ulcinj.com\/blog\/wp-json\/wp\/v2\/types\/post"}],"author":[{"embeddable":true,"href":"https:\/\/www.visit-ulcinj.com\/blog\/wp-json\/wp\/v2\/users\/1"}],"replies":[{"embeddable":true,"href":"https:\/\/www.visit-ulcinj.com\/blog\/wp-json\/wp\/v2\/comments?post=97085"}],"version-history":[{"count":1,"href":"https:\/\/www.visit-ulcinj.com\/blog\/wp-json\/wp\/v2\/posts\/97085\/revisions"}],"predecessor-version":[{"id":97086,"href":"https:\/\/www.visit-ulcinj.com\/blog\/wp-json\/wp\/v2\/posts\/97085\/revisions\/97086"}],"wp:attachment":[{"href":"https:\/\/www.visit-ulcinj.com\/blog\/wp-json\/wp\/v2\/media?parent=97085"}],"wp:term":[{"taxonomy":"category","embeddable":true,"href":"https:\/\/www.visit-ulcinj.com\/blog\/wp-json\/wp\/v2\/categories?post=97085"},{"taxonomy":"post_tag","embeddable":true,"href":"https:\/\/www.visit-ulcinj.com\/blog\/wp-json\/wp\/v2\/tags?post=97085"}],"curies":[{"name":"wp","href":"https:\/\/api.w.org\/{rel}","templated":true}]}}