{"id":97087,"date":"2016-05-23T17:17:22","date_gmt":"2016-05-23T16:17:22","guid":{"rendered":"http:\/\/www.visit-ulcinj.com\/blog\/?p=97087"},"modified":"2016-05-23T17:17:22","modified_gmt":"2016-05-23T16:17:22","slug":"mali-zi-ne-nato-rusia-paralajmeron-turbullira-politike-ne-rajon","status":"publish","type":"post","link":"https:\/\/www.visit-ulcinj.com\/blog\/2016\/05\/23\/mali-zi-ne-nato-rusia-paralajmeron-turbullira-politike-ne-rajon\/","title":{"rendered":"Mali i Zi n\u00eb NATO, Rusia paralajm\u00ebron turbullira politike n\u00eb rajon"},"content":{"rendered":"<div id=\"attachment_97088\" style=\"width: 518px\" class=\"wp-caption alignleft\"><a href=\"http:\/\/www.visit-ulcinj.com\/blog\/wp-content\/uploads\/2016\/05\/Mali-i-Zi-n\u00eb-NATO-Rusia.jpg\"><img aria-describedby=\"caption-attachment-97088\" loading=\"lazy\" class=\"wp-image-97088\" src=\"http:\/\/www.visit-ulcinj.com\/blog\/wp-content\/uploads\/2016\/05\/Mali-i-Zi-n\u00eb-NATO-Rusia.jpg\" alt=\"Commander of Resolute Support Gen. John Nicholson, center, speaks with Supreme Allied Commander Europe Gen. Curtis Scaparrotti,, left, and Supreme Allied Commander Transformation Gen. Denis Mercier, right, during a meeting of the North Atlantic Council with Resolute Support Operational Partner Nations at NATO headquarters in Brussels on Friday, May 20, 2016. NATO has reached a broad agreement to seek another meeting with Russia before NATO leaders meet in Warsaw for a summit this July. (AP Photo\/Virginia Mayo)\" width=\"508\" height=\"224\" \/><\/a><p id=\"caption-attachment-97088\" class=\"wp-caption-text\">Commander of Resolute Support Gen. John Nicholson, center, speaks with Supreme Allied Commander Europe Gen. Curtis Scaparrotti,, left, and Supreme Allied Commander Transformation Gen. Denis Mercier, right, during a meeting of the North Atlantic Council with Resolute Support Operational Partner Nations at NATO headquarters in Brussels on Friday, May 20, 2016. NATO has reached a broad agreement to seek another meeting with Russia before NATO leaders meet in Warsaw for a summit this July. (AP Photo\/Virginia Mayo)<\/p><\/div>\n<p id=\"page-title\" class=\"title\"><strong>Mali i Zi n\u00eb NATO, n\u00eb Rusi flasin p\u00ebr asgj\u00ebsim t\u00eb \u00e7do neutraliteti. Paralajm\u00ebrohen turbullira politike n\u00eb rajon<\/strong><\/p>\n<div class=\"field field-name-body field-type-text-with-summary field-label-hidden\">\n<div class=\"field-items\">\n<div class=\"field-item even\">\n<p>An\u00ebtar\u00ebsimi i Malit t\u00eb Zi n\u00eb NATo nuk \u00ebsht\u00eb pritur mir\u00eb n\u00eb Rusi. Moska zyrtare ka kund\u00ebrshtuar p\u00ebrher\u00eb politik\u00ebn e zgjerimit, q\u00eb Aleanca e Atlantikut t\u00eb Veriut ka ndjekur, gjithnj\u00eb me arsyetimin se zgjerimi n\u00eb kushtet e nj\u00eb asimetrie konvencionale n\u00eb k\u00ebrc\u00ebnime, nuk justifikohet. Shkrirja e Traktatit t\u00eb Varshav\u00ebs do t\u00eb duhet t\u00eb prodhonte k\u00ebt\u00eb balanc\u00eb dhe frenim, por ai prodhoi t\u00eb kund\u00ebrt\u00ebn: Per\u00ebndimi plot\u00ebsoi boshll\u00ebkun. Bashk\u00eb me vendosjen e sistemeve mbrojt\u00ebse n\u00eb Rumani, Poloni si dhe ngritjen e forcave t\u00eb reagimit t\u00eb shpejt\u00eb, ideja e nj\u00eb konflikti mes Rusis\u00eb dhe Per\u00ebndimit \u00ebsht\u00eb reale.<\/p>\n<p>Mali i Zi vjen si akt i fundit \u201cdor\u00ebzimi\u201d i neutralitetit n\u00eb kuad\u00ebr t\u00eb nj\u00eb rajoni q\u00eb po ngjyroset p\u00ebrher\u00eb e m\u00eb shum\u00eb me flamurin e NATO-s. \u00c7far\u00eb mund t\u00eb b\u00ebj\u00eb Rusia dhe sa e p\u00ebrc\u00ebnon reagimi i saj stabilitetin e Ballkanit?<\/p>\n<p>\u00cbsht\u00eb her\u00ebt p\u00ebr t\u00eb folur, por z\u00ebra nga Moska kan\u00eb nisur t\u00eb paralajm\u00ebrojn\u00eb. N\u00eb nj\u00eb shkrim, publikuar n\u00eb \u201cRussia-Direct\u201d, nj\u00eb faqe analizash e financuar nga \u201cRossiyskaya Gazeta\u201d, gazeta zyrtare e qeveris\u00eb ruse, paralajm\u00ebrohen aksione me natyr\u00eb politike, q\u00eb mund t\u00eb sjellin trazime.<\/p>\n<p>Autori i shkrimit, Matvey Lomonosov, shkruan se hapat q\u00eb po hidhen n\u00eb drejtim t\u00eb Europ\u00ebs Lindore nga Per\u00ebndimi, por konstitutojn\u00eb nj\u00eb RealPolitik, \u00e7ka e leht\u00ebson aktivitetin dhe kund\u00ebrbalancimin rus. Sipas tij, NATO ka shkelur, me an\u00ebtar\u00ebsimin e Malit t\u00eb Zi, parimet e demokracis\u00eb q\u00eb pretendon se i promovon, pasi aleanca ka shp\u00ebrfillur ndarjen e madhe q\u00eb ekziston n\u00eb k\u00ebt\u00eb vend lidhur me rreshtimin ushtarak. \u201cPranimi i Malit t\u00eb Zi n\u00eb NATO tregon se nuk ka konesnsus mbi an\u00ebtar\u00ebsin\u00eb n\u00eb Aleanc\u00eb. \u00c7\u00ebshtja ka krijuar tashm\u00eb nj\u00eb kriz\u00eb t\u00eb brendshme politike. Shum\u00eb sondazhe tregojn\u00eb se jo m\u00eb pak se 40% e Parlamentit e kund\u00ebrshton vendimin p\u00ebr t\u2019iu bashkuar NATO-s. Nj\u00eb l\u00ebvizje e till\u00eb rrezikon procesin demokratik dhe pengon konsolidimin politik\u201d, shkruan autori. Si p\u00ebrgjigje eventuale p\u00ebr k\u00ebto q\u00eb po ndodhin \u00ebsht\u00eb p\u00ebrfshirja e Rusis\u00eb n\u00eb politikat e brendshme t\u00eb vendeve t\u00eb cilat nuk kan\u00eb unanimitet n\u00eb pjes\u00ebmarrjen n\u00eb NATO, duke ndikuar te partit\u00eb apo grupet q\u00eb jan\u00eb kund\u00ebr an\u00ebtar\u00ebsimit, duke dh\u00ebn\u00eb mb\u00ebshtetje p\u00ebr ta.<\/p>\n<p>S\u00eb dyti, sanksionet ruse ndaj Malit t\u00eb Zi mund t\u00eb b\u00ebhen realitet. Procesi i paqes n\u00eb Ukrain\u00eb mund t\u00eb b\u00ebhet m\u00eb i v\u00ebshtir\u00eb. T\u00eb gjitha pra hap\u00ebsira ku Rusia do t\u00eb p\u00ebrpqiet, apo mund t\u00eb p\u00ebrpiqet ta b\u00ebj\u00eb shum\u00eb t\u00eb kushtuesh\u00ebm k\u00ebt\u00eb l\u00ebvizje, e cila homogjenizon hart\u00ebn nga Atlantiku deri n\u00eb Detin e Zi. \u201cQeveria ruse nuk e ka kund\u00ebrshtuar pranimin n\u00eb NATO t\u00eb atyre vendeve ku opinioni publik dhe vizioni politik ka qen\u00eb unanim, konkretisht Shqip\u00ebria dhe Kroacia. Gjith\u00ebsesi ajo \u00ebsht\u00eb p\u00ebrpjekur t\u00eb shp\u00ebtoj nj\u00eb \u201czon\u00eb neutraliteti\u201d, shtete me ndasi t\u00eb brendshme, si Mali i Zi, Bosnje-Heregovina dhe Ukraina, duke v\u00ebn\u00eb theksin te nevoja p\u00ebr t\u00eb respektuar procesin demokratik lokal dhe ndarjet politike\u201d, shton autori(<a href=\"http:\/\/www.russia-direct.org\/opinion\/if-montenegro-joins-nato-get-ready-firm-russian-response?utm_source=Russia+Direct+free+weekly+newsletters&amp;utm_campaign=af54b0811a-RD_Newsletter_may_23_2016&amp;utm_medium=email&amp;utm_term=0_cd2cf54b82-af54b0811a-78559109\">http:\/\/www.russia-direct.org\/opinion\/if-montenegro-joins-nato-get-ready-&#8230;<\/a>). Mbetet p\u00ebr t\u2019u par\u00eb se \u00e7far\u00eb do t\u00eb ndodh\u00eb, por fakt \u00ebsht\u00eb se akti me vendin ton\u00eb fqinj nuk duket se do t\u00eb kaloj\u00eb leht\u00eb.<\/p>\n<p><strong>Burimi: Respublica.al<\/strong><\/p>\n<\/div>\n<\/div>\n<\/div>\n","protected":false},"excerpt":{"rendered":"<p>Mali i Zi n\u00eb NATO, n\u00eb Rusi flasin p\u00ebr asgj\u00ebsim t\u00eb \u00e7do neutraliteti. Paralajm\u00ebrohen turbullira politike n\u00eb rajon An\u00ebtar\u00ebsimi i Malit t\u00eb Zi n\u00eb NATo nuk \u00ebsht\u00eb pritur mir\u00eb n\u00eb Rusi. Moska zyrtare ka kund\u00ebrshtuar p\u00ebrher\u00eb politik\u00ebn e zgjerimit, q\u00eb Aleanca e Atlantikut t\u00eb Veriut ka ndjekur, gjithnj\u00eb me arsyetimin se zgjerimi n\u00eb kushtet e [&hellip;]<\/p>\n","protected":false},"author":1,"featured_media":0,"comment_status":"closed","ping_status":"closed","sticky":false,"template":"","format":"standard","meta":{"spay_email":"","jetpack_publicize_message":"","jetpack_is_tweetstorm":false,"jetpack_publicize_feature_enabled":true},"categories":[6950],"tags":[],"jetpack_publicize_connections":[],"yoast_head":"<!-- This site is optimized with the Yoast SEO plugin v19.1 - https:\/\/yoast.com\/wordpress\/plugins\/seo\/ -->\n<title>Mali i Zi n\u00eb NATO, Rusia paralajm\u00ebron turbullira politike n\u00eb rajon - Lajme nga Ulqini<\/title>\n<meta name=\"description\" content=\"Mali i Zi n\u00eb NATO, n\u00eb Rusi flasin p\u00ebr asgj\u00ebsim t\u00eb \u00e7do neutraliteti. Paralajm\u00ebrohen turbullira politike n\u00eb rajon An\u00ebtar\u00ebsimi i Malit t\u00eb Zi n\u00eb NATo nuk\" \/>\n<meta name=\"robots\" content=\"index, follow, max-snippet:-1, max-image-preview:large, max-video-preview:-1\" \/>\n<link rel=\"canonical\" href=\"https:\/\/www.visit-ulcinj.com\/blog\/2016\/05\/23\/mali-zi-ne-nato-rusia-paralajmeron-turbullira-politike-ne-rajon\/\" \/>\n<meta property=\"og:locale\" content=\"en_US\" \/>\n<meta property=\"og:type\" content=\"article\" \/>\n<meta property=\"og:title\" content=\"Mali i Zi n\u00eb NATO, Rusia paralajm\u00ebron turbullira politike n\u00eb rajon - Lajme nga Ulqini\" \/>\n<meta property=\"og:description\" content=\"Mali i Zi n\u00eb NATO, n\u00eb Rusi flasin p\u00ebr asgj\u00ebsim t\u00eb \u00e7do neutraliteti. Paralajm\u00ebrohen turbullira politike n\u00eb rajon An\u00ebtar\u00ebsimi i Malit t\u00eb Zi n\u00eb NATo nuk\" \/>\n<meta property=\"og:url\" content=\"https:\/\/www.visit-ulcinj.com\/blog\/2016\/05\/23\/mali-zi-ne-nato-rusia-paralajmeron-turbullira-politike-ne-rajon\/\" \/>\n<meta property=\"og:site_name\" content=\"Lajme nga Ulqini\" \/>\n<meta property=\"article:published_time\" content=\"2016-05-23T16:17:22+00:00\" \/>\n<meta name=\"twitter:label1\" content=\"Written by\" \/>\n\t<meta name=\"twitter:data1\" content=\"ulqini\" \/>\n\t<meta name=\"twitter:label2\" content=\"Est. reading time\" \/>\n\t<meta name=\"twitter:data2\" content=\"3 minutes\" \/>\n<script type=\"application\/ld+json\" class=\"yoast-schema-graph\">{\"@context\":\"https:\/\/schema.org\",\"@graph\":[{\"@type\":\"WebSite\",\"@id\":\"https:\/\/www.visit-ulcinj.com\/blog\/#website\",\"url\":\"https:\/\/www.visit-ulcinj.com\/blog\/\",\"name\":\"Lajme nga Ulqini\",\"description\":\"Lajme,Vijesti,Ulqini,Ulqin,Crna Gora,Mali i Zi\",\"potentialAction\":[{\"@type\":\"SearchAction\",\"target\":{\"@type\":\"EntryPoint\",\"urlTemplate\":\"https:\/\/www.visit-ulcinj.com\/blog\/?s={search_term_string}\"},\"query-input\":\"required name=search_term_string\"}],\"inLanguage\":\"en-US\"},{\"@type\":\"WebPage\",\"@id\":\"https:\/\/www.visit-ulcinj.com\/blog\/2016\/05\/23\/mali-zi-ne-nato-rusia-paralajmeron-turbullira-politike-ne-rajon\/#webpage\",\"url\":\"https:\/\/www.visit-ulcinj.com\/blog\/2016\/05\/23\/mali-zi-ne-nato-rusia-paralajmeron-turbullira-politike-ne-rajon\/\",\"name\":\"Mali i Zi n\u00eb NATO, Rusia paralajm\u00ebron turbullira politike n\u00eb rajon - Lajme nga Ulqini\",\"isPartOf\":{\"@id\":\"https:\/\/www.visit-ulcinj.com\/blog\/#website\"},\"datePublished\":\"2016-05-23T16:17:22+00:00\",\"dateModified\":\"2016-05-23T16:17:22+00:00\",\"author\":{\"@id\":\"https:\/\/www.visit-ulcinj.com\/blog\/#\/schema\/person\/dcab619c614d3038751c63bc2aadc06d\"},\"description\":\"Mali i Zi n\u00eb NATO, n\u00eb Rusi flasin p\u00ebr asgj\u00ebsim t\u00eb \u00e7do neutraliteti. Paralajm\u00ebrohen turbullira politike n\u00eb rajon An\u00ebtar\u00ebsimi i Malit t\u00eb Zi n\u00eb NATo nuk\",\"breadcrumb\":{\"@id\":\"https:\/\/www.visit-ulcinj.com\/blog\/2016\/05\/23\/mali-zi-ne-nato-rusia-paralajmeron-turbullira-politike-ne-rajon\/#breadcrumb\"},\"inLanguage\":\"en-US\",\"potentialAction\":[{\"@type\":\"ReadAction\",\"target\":[\"https:\/\/www.visit-ulcinj.com\/blog\/2016\/05\/23\/mali-zi-ne-nato-rusia-paralajmeron-turbullira-politike-ne-rajon\/\"]}]},{\"@type\":\"BreadcrumbList\",\"@id\":\"https:\/\/www.visit-ulcinj.com\/blog\/2016\/05\/23\/mali-zi-ne-nato-rusia-paralajmeron-turbullira-politike-ne-rajon\/#breadcrumb\",\"itemListElement\":[{\"@type\":\"ListItem\",\"position\":1,\"name\":\"Mali i Zi n\u00eb NATO, Rusia paralajm\u00ebron turbullira politike n\u00eb rajon\"}]},{\"@type\":\"Person\",\"@id\":\"https:\/\/www.visit-ulcinj.com\/blog\/#\/schema\/person\/dcab619c614d3038751c63bc2aadc06d\",\"name\":\"ulqini\",\"sameAs\":[\"http:\/\/www.visit-ulcinj.com\"],\"url\":\"https:\/\/www.visit-ulcinj.com\/blog\/author\/admin\/\"}]}<\/script>\n<!-- \/ Yoast SEO plugin. -->","yoast_head_json":{"title":"Mali i Zi n\u00eb NATO, Rusia paralajm\u00ebron turbullira politike n\u00eb rajon - Lajme nga Ulqini","description":"Mali i Zi n\u00eb NATO, n\u00eb Rusi flasin p\u00ebr asgj\u00ebsim t\u00eb \u00e7do neutraliteti. Paralajm\u00ebrohen turbullira politike n\u00eb rajon An\u00ebtar\u00ebsimi i Malit t\u00eb Zi n\u00eb NATo nuk","robots":{"index":"index","follow":"follow","max-snippet":"max-snippet:-1","max-image-preview":"max-image-preview:large","max-video-preview":"max-video-preview:-1"},"canonical":"https:\/\/www.visit-ulcinj.com\/blog\/2016\/05\/23\/mali-zi-ne-nato-rusia-paralajmeron-turbullira-politike-ne-rajon\/","og_locale":"en_US","og_type":"article","og_title":"Mali i Zi n\u00eb NATO, Rusia paralajm\u00ebron turbullira politike n\u00eb rajon - Lajme nga Ulqini","og_description":"Mali i Zi n\u00eb NATO, n\u00eb Rusi flasin p\u00ebr asgj\u00ebsim t\u00eb \u00e7do neutraliteti. Paralajm\u00ebrohen turbullira politike n\u00eb rajon An\u00ebtar\u00ebsimi i Malit t\u00eb Zi n\u00eb NATo nuk","og_url":"https:\/\/www.visit-ulcinj.com\/blog\/2016\/05\/23\/mali-zi-ne-nato-rusia-paralajmeron-turbullira-politike-ne-rajon\/","og_site_name":"Lajme nga Ulqini","article_published_time":"2016-05-23T16:17:22+00:00","twitter_misc":{"Written by":"ulqini","Est. reading time":"3 minutes"},"schema":{"@context":"https:\/\/schema.org","@graph":[{"@type":"WebSite","@id":"https:\/\/www.visit-ulcinj.com\/blog\/#website","url":"https:\/\/www.visit-ulcinj.com\/blog\/","name":"Lajme nga Ulqini","description":"Lajme,Vijesti,Ulqini,Ulqin,Crna Gora,Mali i Zi","potentialAction":[{"@type":"SearchAction","target":{"@type":"EntryPoint","urlTemplate":"https:\/\/www.visit-ulcinj.com\/blog\/?s={search_term_string}"},"query-input":"required name=search_term_string"}],"inLanguage":"en-US"},{"@type":"WebPage","@id":"https:\/\/www.visit-ulcinj.com\/blog\/2016\/05\/23\/mali-zi-ne-nato-rusia-paralajmeron-turbullira-politike-ne-rajon\/#webpage","url":"https:\/\/www.visit-ulcinj.com\/blog\/2016\/05\/23\/mali-zi-ne-nato-rusia-paralajmeron-turbullira-politike-ne-rajon\/","name":"Mali i Zi n\u00eb NATO, Rusia paralajm\u00ebron turbullira politike n\u00eb rajon - Lajme nga Ulqini","isPartOf":{"@id":"https:\/\/www.visit-ulcinj.com\/blog\/#website"},"datePublished":"2016-05-23T16:17:22+00:00","dateModified":"2016-05-23T16:17:22+00:00","author":{"@id":"https:\/\/www.visit-ulcinj.com\/blog\/#\/schema\/person\/dcab619c614d3038751c63bc2aadc06d"},"description":"Mali i Zi n\u00eb NATO, n\u00eb Rusi flasin p\u00ebr asgj\u00ebsim t\u00eb \u00e7do neutraliteti. Paralajm\u00ebrohen turbullira politike n\u00eb rajon An\u00ebtar\u00ebsimi i Malit t\u00eb Zi n\u00eb NATo nuk","breadcrumb":{"@id":"https:\/\/www.visit-ulcinj.com\/blog\/2016\/05\/23\/mali-zi-ne-nato-rusia-paralajmeron-turbullira-politike-ne-rajon\/#breadcrumb"},"inLanguage":"en-US","potentialAction":[{"@type":"ReadAction","target":["https:\/\/www.visit-ulcinj.com\/blog\/2016\/05\/23\/mali-zi-ne-nato-rusia-paralajmeron-turbullira-politike-ne-rajon\/"]}]},{"@type":"BreadcrumbList","@id":"https:\/\/www.visit-ulcinj.com\/blog\/2016\/05\/23\/mali-zi-ne-nato-rusia-paralajmeron-turbullira-politike-ne-rajon\/#breadcrumb","itemListElement":[{"@type":"ListItem","position":1,"name":"Mali i Zi n\u00eb NATO, Rusia paralajm\u00ebron turbullira politike n\u00eb rajon"}]},{"@type":"Person","@id":"https:\/\/www.visit-ulcinj.com\/blog\/#\/schema\/person\/dcab619c614d3038751c63bc2aadc06d","name":"ulqini","sameAs":["http:\/\/www.visit-ulcinj.com"],"url":"https:\/\/www.visit-ulcinj.com\/blog\/author\/admin\/"}]}},"jetpack_featured_media_url":"","jetpack_sharing_enabled":true,"jetpack_shortlink":"https:\/\/wp.me\/pe6lTn-pfV","_links":{"self":[{"href":"https:\/\/www.visit-ulcinj.com\/blog\/wp-json\/wp\/v2\/posts\/97087"}],"collection":[{"href":"https:\/\/www.visit-ulcinj.com\/blog\/wp-json\/wp\/v2\/posts"}],"about":[{"href":"https:\/\/www.visit-ulcinj.com\/blog\/wp-json\/wp\/v2\/types\/post"}],"author":[{"embeddable":true,"href":"https:\/\/www.visit-ulcinj.com\/blog\/wp-json\/wp\/v2\/users\/1"}],"replies":[{"embeddable":true,"href":"https:\/\/www.visit-ulcinj.com\/blog\/wp-json\/wp\/v2\/comments?post=97087"}],"version-history":[{"count":1,"href":"https:\/\/www.visit-ulcinj.com\/blog\/wp-json\/wp\/v2\/posts\/97087\/revisions"}],"predecessor-version":[{"id":97089,"href":"https:\/\/www.visit-ulcinj.com\/blog\/wp-json\/wp\/v2\/posts\/97087\/revisions\/97089"}],"wp:attachment":[{"href":"https:\/\/www.visit-ulcinj.com\/blog\/wp-json\/wp\/v2\/media?parent=97087"}],"wp:term":[{"taxonomy":"category","embeddable":true,"href":"https:\/\/www.visit-ulcinj.com\/blog\/wp-json\/wp\/v2\/categories?post=97087"},{"taxonomy":"post_tag","embeddable":true,"href":"https:\/\/www.visit-ulcinj.com\/blog\/wp-json\/wp\/v2\/tags?post=97087"}],"curies":[{"name":"wp","href":"https:\/\/api.w.org\/{rel}","templated":true}]}}