{"id":97094,"date":"2016-05-24T14:28:00","date_gmt":"2016-05-24T13:28:00","guid":{"rendered":"http:\/\/www.visit-ulcinj.com\/blog\/?p=97094"},"modified":"2016-05-24T17:39:36","modified_gmt":"2016-05-24T16:39:36","slug":"neser-nje-delegacion-prishtines-te-qendroje-per-vizite-pune-ne-ulqin","status":"publish","type":"post","link":"https:\/\/www.visit-ulcinj.com\/blog\/2016\/05\/24\/neser-nje-delegacion-prishtines-te-qendroje-per-vizite-pune-ne-ulqin\/","title":{"rendered":"Nes\u00ebr nj\u00eb delegacion i Prishtin\u00ebs do t\u00eb q\u00ebndroj\u00eb p\u00ebr vizit\u00eb pune ne Ulqin"},"content":{"rendered":"<p><a href=\"http:\/\/www.visit-ulcinj.com\/blog\/wp-content\/uploads\/2011\/03\/Opstina-Ulcinj-Press.jpg\"><img loading=\"lazy\" class=\"alignleft wp-image-45233\" src=\"http:\/\/www.visit-ulcinj.com\/blog\/wp-content\/uploads\/2011\/03\/Opstina-Ulcinj-Press.jpg\" alt=\"Opstina Ulcinj Press\" width=\"508\" height=\"406\" srcset=\"https:\/\/www.visit-ulcinj.com\/blog\/wp-content\/uploads\/2011\/03\/Opstina-Ulcinj-Press.jpg 720w, https:\/\/www.visit-ulcinj.com\/blog\/wp-content\/uploads\/2011\/03\/Opstina-Ulcinj-Press-300x240.jpg 300w\" sizes=\"(max-width: 508px) 100vw, 508px\" \/><\/a>Kryetari i Ulqinit Nazif Cungu dhe bashk<span lang=\"SQ\">\u00ebpun\u00ebtor\u00ebt e tij do t\u00eb presin\u00a0 nes\u00ebr\u00a0 nj\u00eb delegacion\u00a0\u00a0 nga Prishtina\u00a0 t\u00eb kryesuar nga Kryetari\u00a0 Shpend Ahmeti.\u00a0 N\u00eb takim\u00a0 do t\u00eb\u00a0 diskutohet p\u00ebr shk\u00ebmbimin e\u00a0 bashk\u00ebpunimit n\u00eb fusha t\u00eb ndryshme , ku komuna jon\u00eb\u00a0 mund t\u00eb\u00a0 p\u00ebrfitoj\u00eb\u00a0 nga praktika prishtinase. <\/span><\/p>\n<p><span lang=\"SQ\">Sekretar\u00ebt\u00a0 tan\u00eb\u00a0 me homolog\u00ebt\u00a0\u00a0 e tyre\u00a0 do t\u00eb fokusohen n\u00eb\u00a0 planifikimin\u00a0 urbanistik ,n\u00eb c\u00ebshtjen e legalizimeve , n\u00eb\u00a0 menaxhimin e mbetjeve , por edhe n\u00eb ceshtje te tjera sic \u00ebsht\u00eb bashk\u00ebpunimi\u00a0 n\u00eb fush\u00ebn e\u00a0 turizmit , c\u00ebshtja e\u00a0 parkingut ,por dhe n\u00eb\u00a0 mund\u00ebsin\u00eb\u00a0 e\u00a0 hartimit t\u00eb projekteve\u00a0 t\u00eb\u00a0\u00a0 perbashk\u00ebta nd\u00ebrkufitare IPA , si dhe projektet kulturore dhe sportive. Pas\u00a0 takimeve\u00a0 intenzive\u00a0 n\u00eb or\u00ebn 13 \u00ebsht\u00eb paralajm\u00ebruar\u00a0 konferenc\u00eb e p\u00ebrbashk\u00ebt\u00a0 me\u00a0 gazetar\u00eb.\u00a0\u00a0<\/span><\/p>\n","protected":false},"excerpt":{"rendered":"<p>Kryetari i Ulqinit Nazif Cungu dhe bashk\u00ebpun\u00ebtor\u00ebt e tij do t\u00eb presin\u00a0 nes\u00ebr\u00a0 nj\u00eb delegacion\u00a0\u00a0 nga Prishtina\u00a0 t\u00eb kryesuar nga Kryetari\u00a0 Shpend Ahmeti.\u00a0 N\u00eb takim\u00a0 do t\u00eb\u00a0 diskutohet p\u00ebr shk\u00ebmbimin e\u00a0 bashk\u00ebpunimit n\u00eb fusha t\u00eb ndryshme , ku komuna jon\u00eb\u00a0 mund t\u00eb\u00a0 p\u00ebrfitoj\u00eb\u00a0 nga praktika prishtinase. Sekretar\u00ebt\u00a0 tan\u00eb\u00a0 me homolog\u00ebt\u00a0\u00a0 e tyre\u00a0 do t\u00eb fokusohen [&hellip;]<\/p>\n","protected":false},"author":1,"featured_media":0,"comment_status":"closed","ping_status":"closed","sticky":false,"template":"","format":"standard","meta":{"spay_email":"","jetpack_publicize_message":"","jetpack_is_tweetstorm":false,"jetpack_publicize_feature_enabled":true},"categories":[1,6950],"tags":[],"jetpack_publicize_connections":[],"yoast_head":"<!-- This site is optimized with the Yoast SEO plugin v19.1 - https:\/\/yoast.com\/wordpress\/plugins\/seo\/ -->\n<title>Nes\u00ebr nj\u00eb delegacion i Prishtin\u00ebs do t\u00eb q\u00ebndroj\u00eb p\u00ebr vizit\u00eb pune ne Ulqin - Lajme nga Ulqini<\/title>\n<meta name=\"description\" content=\"Kryetari i Ulqinit Nazif Cungu dhe bashk\u00ebpun\u00ebtor\u00ebt e tij do t\u00eb presin\u00a0 nes\u00ebr\u00a0 nj\u00eb delegacion\u00a0\u00a0 nga Prishtina\u00a0 t\u00eb kryesuar nga Kryetari\u00a0 Shpend Ahmeti.\u00a0 N\u00eb\" \/>\n<meta name=\"robots\" content=\"index, follow, max-snippet:-1, max-image-preview:large, max-video-preview:-1\" \/>\n<link rel=\"canonical\" href=\"https:\/\/www.visit-ulcinj.com\/blog\/2016\/05\/24\/neser-nje-delegacion-prishtines-te-qendroje-per-vizite-pune-ne-ulqin\/\" \/>\n<meta property=\"og:locale\" content=\"en_US\" \/>\n<meta property=\"og:type\" content=\"article\" \/>\n<meta property=\"og:title\" content=\"Nes\u00ebr nj\u00eb delegacion i Prishtin\u00ebs do t\u00eb q\u00ebndroj\u00eb p\u00ebr vizit\u00eb pune ne Ulqin - Lajme nga Ulqini\" \/>\n<meta property=\"og:description\" content=\"Kryetari i Ulqinit Nazif Cungu dhe bashk\u00ebpun\u00ebtor\u00ebt e tij do t\u00eb presin\u00a0 nes\u00ebr\u00a0 nj\u00eb delegacion\u00a0\u00a0 nga Prishtina\u00a0 t\u00eb kryesuar nga Kryetari\u00a0 Shpend Ahmeti.\u00a0 N\u00eb\" \/>\n<meta property=\"og:url\" content=\"https:\/\/www.visit-ulcinj.com\/blog\/2016\/05\/24\/neser-nje-delegacion-prishtines-te-qendroje-per-vizite-pune-ne-ulqin\/\" \/>\n<meta property=\"og:site_name\" content=\"Lajme nga Ulqini\" \/>\n<meta property=\"article:published_time\" content=\"2016-05-24T13:28:00+00:00\" \/>\n<meta property=\"article:modified_time\" content=\"2016-05-24T16:39:36+00:00\" \/>\n<meta property=\"og:image\" content=\"http:\/\/www.visit-ulcinj.com\/blog\/wp-content\/uploads\/2011\/03\/Opstina-Ulcinj-Press.jpg\" \/>\n<meta name=\"twitter:label1\" content=\"Written by\" \/>\n\t<meta name=\"twitter:data1\" content=\"ulqini\" \/>\n\t<meta name=\"twitter:label2\" content=\"Est. reading time\" \/>\n\t<meta name=\"twitter:data2\" content=\"1 minute\" \/>\n<script type=\"application\/ld+json\" class=\"yoast-schema-graph\">{\"@context\":\"https:\/\/schema.org\",\"@graph\":[{\"@type\":\"WebSite\",\"@id\":\"https:\/\/www.visit-ulcinj.com\/blog\/#website\",\"url\":\"https:\/\/www.visit-ulcinj.com\/blog\/\",\"name\":\"Lajme nga Ulqini\",\"description\":\"Lajme,Vijesti,Ulqini,Ulqin,Crna Gora,Mali i Zi\",\"potentialAction\":[{\"@type\":\"SearchAction\",\"target\":{\"@type\":\"EntryPoint\",\"urlTemplate\":\"https:\/\/www.visit-ulcinj.com\/blog\/?s={search_term_string}\"},\"query-input\":\"required name=search_term_string\"}],\"inLanguage\":\"en-US\"},{\"@type\":\"ImageObject\",\"inLanguage\":\"en-US\",\"@id\":\"https:\/\/www.visit-ulcinj.com\/blog\/2016\/05\/24\/neser-nje-delegacion-prishtines-te-qendroje-per-vizite-pune-ne-ulqin\/#primaryimage\",\"url\":\"https:\/\/www.visit-ulcinj.com\/blog\/wp-content\/uploads\/2011\/03\/Opstina-Ulcinj-Press.jpg\",\"contentUrl\":\"https:\/\/www.visit-ulcinj.com\/blog\/wp-content\/uploads\/2011\/03\/Opstina-Ulcinj-Press.jpg\",\"width\":\"720\",\"height\":\"576\"},{\"@type\":\"WebPage\",\"@id\":\"https:\/\/www.visit-ulcinj.com\/blog\/2016\/05\/24\/neser-nje-delegacion-prishtines-te-qendroje-per-vizite-pune-ne-ulqin\/#webpage\",\"url\":\"https:\/\/www.visit-ulcinj.com\/blog\/2016\/05\/24\/neser-nje-delegacion-prishtines-te-qendroje-per-vizite-pune-ne-ulqin\/\",\"name\":\"Nes\u00ebr nj\u00eb delegacion i Prishtin\u00ebs do t\u00eb q\u00ebndroj\u00eb p\u00ebr vizit\u00eb pune ne Ulqin - Lajme nga Ulqini\",\"isPartOf\":{\"@id\":\"https:\/\/www.visit-ulcinj.com\/blog\/#website\"},\"primaryImageOfPage\":{\"@id\":\"https:\/\/www.visit-ulcinj.com\/blog\/2016\/05\/24\/neser-nje-delegacion-prishtines-te-qendroje-per-vizite-pune-ne-ulqin\/#primaryimage\"},\"datePublished\":\"2016-05-24T13:28:00+00:00\",\"dateModified\":\"2016-05-24T16:39:36+00:00\",\"author\":{\"@id\":\"https:\/\/www.visit-ulcinj.com\/blog\/#\/schema\/person\/dcab619c614d3038751c63bc2aadc06d\"},\"description\":\"Kryetari i Ulqinit Nazif Cungu dhe bashk\u00ebpun\u00ebtor\u00ebt e tij do t\u00eb presin\u00a0 nes\u00ebr\u00a0 nj\u00eb delegacion\u00a0\u00a0 nga Prishtina\u00a0 t\u00eb kryesuar nga Kryetari\u00a0 Shpend Ahmeti.\u00a0 N\u00eb\",\"breadcrumb\":{\"@id\":\"https:\/\/www.visit-ulcinj.com\/blog\/2016\/05\/24\/neser-nje-delegacion-prishtines-te-qendroje-per-vizite-pune-ne-ulqin\/#breadcrumb\"},\"inLanguage\":\"en-US\",\"potentialAction\":[{\"@type\":\"ReadAction\",\"target\":[\"https:\/\/www.visit-ulcinj.com\/blog\/2016\/05\/24\/neser-nje-delegacion-prishtines-te-qendroje-per-vizite-pune-ne-ulqin\/\"]}]},{\"@type\":\"BreadcrumbList\",\"@id\":\"https:\/\/www.visit-ulcinj.com\/blog\/2016\/05\/24\/neser-nje-delegacion-prishtines-te-qendroje-per-vizite-pune-ne-ulqin\/#breadcrumb\",\"itemListElement\":[{\"@type\":\"ListItem\",\"position\":1,\"name\":\"Nes\u00ebr nj\u00eb delegacion i Prishtin\u00ebs do t\u00eb q\u00ebndroj\u00eb p\u00ebr vizit\u00eb pune ne Ulqin\"}]},{\"@type\":\"Person\",\"@id\":\"https:\/\/www.visit-ulcinj.com\/blog\/#\/schema\/person\/dcab619c614d3038751c63bc2aadc06d\",\"name\":\"ulqini\",\"sameAs\":[\"http:\/\/www.visit-ulcinj.com\"],\"url\":\"https:\/\/www.visit-ulcinj.com\/blog\/author\/admin\/\"}]}<\/script>\n<!-- \/ Yoast SEO plugin. -->","yoast_head_json":{"title":"Nes\u00ebr nj\u00eb delegacion i Prishtin\u00ebs do t\u00eb q\u00ebndroj\u00eb p\u00ebr vizit\u00eb pune ne Ulqin - Lajme nga Ulqini","description":"Kryetari i Ulqinit Nazif Cungu dhe bashk\u00ebpun\u00ebtor\u00ebt e tij do t\u00eb presin\u00a0 nes\u00ebr\u00a0 nj\u00eb delegacion\u00a0\u00a0 nga Prishtina\u00a0 t\u00eb kryesuar nga Kryetari\u00a0 Shpend Ahmeti.\u00a0 N\u00eb","robots":{"index":"index","follow":"follow","max-snippet":"max-snippet:-1","max-image-preview":"max-image-preview:large","max-video-preview":"max-video-preview:-1"},"canonical":"https:\/\/www.visit-ulcinj.com\/blog\/2016\/05\/24\/neser-nje-delegacion-prishtines-te-qendroje-per-vizite-pune-ne-ulqin\/","og_locale":"en_US","og_type":"article","og_title":"Nes\u00ebr nj\u00eb delegacion i Prishtin\u00ebs do t\u00eb q\u00ebndroj\u00eb p\u00ebr vizit\u00eb pune ne Ulqin - Lajme nga Ulqini","og_description":"Kryetari i Ulqinit Nazif Cungu dhe bashk\u00ebpun\u00ebtor\u00ebt e tij do t\u00eb presin\u00a0 nes\u00ebr\u00a0 nj\u00eb delegacion\u00a0\u00a0 nga Prishtina\u00a0 t\u00eb kryesuar nga Kryetari\u00a0 Shpend Ahmeti.\u00a0 N\u00eb","og_url":"https:\/\/www.visit-ulcinj.com\/blog\/2016\/05\/24\/neser-nje-delegacion-prishtines-te-qendroje-per-vizite-pune-ne-ulqin\/","og_site_name":"Lajme nga Ulqini","article_published_time":"2016-05-24T13:28:00+00:00","article_modified_time":"2016-05-24T16:39:36+00:00","og_image":[{"url":"http:\/\/www.visit-ulcinj.com\/blog\/wp-content\/uploads\/2011\/03\/Opstina-Ulcinj-Press.jpg"}],"twitter_misc":{"Written by":"ulqini","Est. reading time":"1 minute"},"schema":{"@context":"https:\/\/schema.org","@graph":[{"@type":"WebSite","@id":"https:\/\/www.visit-ulcinj.com\/blog\/#website","url":"https:\/\/www.visit-ulcinj.com\/blog\/","name":"Lajme nga Ulqini","description":"Lajme,Vijesti,Ulqini,Ulqin,Crna Gora,Mali i Zi","potentialAction":[{"@type":"SearchAction","target":{"@type":"EntryPoint","urlTemplate":"https:\/\/www.visit-ulcinj.com\/blog\/?s={search_term_string}"},"query-input":"required name=search_term_string"}],"inLanguage":"en-US"},{"@type":"ImageObject","inLanguage":"en-US","@id":"https:\/\/www.visit-ulcinj.com\/blog\/2016\/05\/24\/neser-nje-delegacion-prishtines-te-qendroje-per-vizite-pune-ne-ulqin\/#primaryimage","url":"https:\/\/www.visit-ulcinj.com\/blog\/wp-content\/uploads\/2011\/03\/Opstina-Ulcinj-Press.jpg","contentUrl":"https:\/\/www.visit-ulcinj.com\/blog\/wp-content\/uploads\/2011\/03\/Opstina-Ulcinj-Press.jpg","width":"720","height":"576"},{"@type":"WebPage","@id":"https:\/\/www.visit-ulcinj.com\/blog\/2016\/05\/24\/neser-nje-delegacion-prishtines-te-qendroje-per-vizite-pune-ne-ulqin\/#webpage","url":"https:\/\/www.visit-ulcinj.com\/blog\/2016\/05\/24\/neser-nje-delegacion-prishtines-te-qendroje-per-vizite-pune-ne-ulqin\/","name":"Nes\u00ebr nj\u00eb delegacion i Prishtin\u00ebs do t\u00eb q\u00ebndroj\u00eb p\u00ebr vizit\u00eb pune ne Ulqin - Lajme nga Ulqini","isPartOf":{"@id":"https:\/\/www.visit-ulcinj.com\/blog\/#website"},"primaryImageOfPage":{"@id":"https:\/\/www.visit-ulcinj.com\/blog\/2016\/05\/24\/neser-nje-delegacion-prishtines-te-qendroje-per-vizite-pune-ne-ulqin\/#primaryimage"},"datePublished":"2016-05-24T13:28:00+00:00","dateModified":"2016-05-24T16:39:36+00:00","author":{"@id":"https:\/\/www.visit-ulcinj.com\/blog\/#\/schema\/person\/dcab619c614d3038751c63bc2aadc06d"},"description":"Kryetari i Ulqinit Nazif Cungu dhe bashk\u00ebpun\u00ebtor\u00ebt e tij do t\u00eb presin\u00a0 nes\u00ebr\u00a0 nj\u00eb delegacion\u00a0\u00a0 nga Prishtina\u00a0 t\u00eb kryesuar nga Kryetari\u00a0 Shpend Ahmeti.\u00a0 N\u00eb","breadcrumb":{"@id":"https:\/\/www.visit-ulcinj.com\/blog\/2016\/05\/24\/neser-nje-delegacion-prishtines-te-qendroje-per-vizite-pune-ne-ulqin\/#breadcrumb"},"inLanguage":"en-US","potentialAction":[{"@type":"ReadAction","target":["https:\/\/www.visit-ulcinj.com\/blog\/2016\/05\/24\/neser-nje-delegacion-prishtines-te-qendroje-per-vizite-pune-ne-ulqin\/"]}]},{"@type":"BreadcrumbList","@id":"https:\/\/www.visit-ulcinj.com\/blog\/2016\/05\/24\/neser-nje-delegacion-prishtines-te-qendroje-per-vizite-pune-ne-ulqin\/#breadcrumb","itemListElement":[{"@type":"ListItem","position":1,"name":"Nes\u00ebr nj\u00eb delegacion i Prishtin\u00ebs do t\u00eb q\u00ebndroj\u00eb p\u00ebr vizit\u00eb pune ne Ulqin"}]},{"@type":"Person","@id":"https:\/\/www.visit-ulcinj.com\/blog\/#\/schema\/person\/dcab619c614d3038751c63bc2aadc06d","name":"ulqini","sameAs":["http:\/\/www.visit-ulcinj.com"],"url":"https:\/\/www.visit-ulcinj.com\/blog\/author\/admin\/"}]}},"jetpack_featured_media_url":"","jetpack_sharing_enabled":true,"jetpack_shortlink":"https:\/\/wp.me\/pe6lTn-pg2","_links":{"self":[{"href":"https:\/\/www.visit-ulcinj.com\/blog\/wp-json\/wp\/v2\/posts\/97094"}],"collection":[{"href":"https:\/\/www.visit-ulcinj.com\/blog\/wp-json\/wp\/v2\/posts"}],"about":[{"href":"https:\/\/www.visit-ulcinj.com\/blog\/wp-json\/wp\/v2\/types\/post"}],"author":[{"embeddable":true,"href":"https:\/\/www.visit-ulcinj.com\/blog\/wp-json\/wp\/v2\/users\/1"}],"replies":[{"embeddable":true,"href":"https:\/\/www.visit-ulcinj.com\/blog\/wp-json\/wp\/v2\/comments?post=97094"}],"version-history":[{"count":1,"href":"https:\/\/www.visit-ulcinj.com\/blog\/wp-json\/wp\/v2\/posts\/97094\/revisions"}],"predecessor-version":[{"id":97095,"href":"https:\/\/www.visit-ulcinj.com\/blog\/wp-json\/wp\/v2\/posts\/97094\/revisions\/97095"}],"wp:attachment":[{"href":"https:\/\/www.visit-ulcinj.com\/blog\/wp-json\/wp\/v2\/media?parent=97094"}],"wp:term":[{"taxonomy":"category","embeddable":true,"href":"https:\/\/www.visit-ulcinj.com\/blog\/wp-json\/wp\/v2\/categories?post=97094"},{"taxonomy":"post_tag","embeddable":true,"href":"https:\/\/www.visit-ulcinj.com\/blog\/wp-json\/wp\/v2\/tags?post=97094"}],"curies":[{"name":"wp","href":"https:\/\/api.w.org\/{rel}","templated":true}]}}