{"id":97096,"date":"2016-05-24T14:41:19","date_gmt":"2016-05-24T13:41:19","guid":{"rendered":"http:\/\/www.visit-ulcinj.com\/blog\/?p=97096"},"modified":"2016-05-24T14:41:19","modified_gmt":"2016-05-24T13:41:19","slug":"ulcinjska-solana-dobija-novu-podrsku","status":"publish","type":"post","link":"https:\/\/www.visit-ulcinj.com\/blog\/2016\/05\/24\/ulcinjska-solana-dobija-novu-podrsku\/","title":{"rendered":"Ulcinjska solana dobija novu podr\u0161ku"},"content":{"rendered":"<p><a href=\"http:\/\/www.visit-ulcinj.com\/blog\/wp-content\/uploads\/2016\/05\/Martin-Snajdera-Jakobi.jpg\"><img loading=\"lazy\" class=\"alignleft wp-image-97097\" src=\"http:\/\/www.visit-ulcinj.com\/blog\/wp-content\/uploads\/2016\/05\/Martin-Snajdera-Jakobi.jpg\" alt=\"Martin Snajdera Jakobi\" width=\"508\" height=\"319\" \/><\/a>U spomen na \u010duvenog njema\u010dkog ekologa, botani\u010dara i ornitologa Martina \u0160najdera Jakobija, izuzetnog poznavaoca ulcinjske flore i faune, 29. maja bi\u0107e osnovano Udru\u017eenje &#8220;<strong>Dru\u0161tvo dr Martin \u0160najder Jakobi<\/strong>&#8220;.\u00a0Inicijatori osnivanja udru\u017eenja su Centar za za\u0161titu i prou\u010davanje ptica, Euronatur, ambasada Njema\u010dke i arhitektica Zenepa Lika.<\/p>\n<p>\u0160najder Jakobi je preminuo 15. avgusta 2012. u 56. godini, a posljednju deceniju \u017eivota proveo je u prou\u010davanju i za\u0161titi Solane i cijele delte Bojane.\u00a0Njegovom zaslugom je u Ulcinju 2009. godine organizovana velika me\u0111unarodna konferencija o migraciji ptica preko Jadrana \u010diji je rezultat usvajanje Ulcinjske deklaracije.\u00a0Jakobi je bio i istaknuti ekspert Euronatura. Njegov rad je zna\u010dajan i za o\u010duvanje rijeka Save i Drave i doline Neretve, a bio je i jedan od za\u010detnika ideje rezervata biosfere na podru\u010dju rijeka Mure, Drave i Dunava.<\/p>\n<p>Cilj Udru\u017eenja je da nastavi rad u okviru zaostav\u0161tine Jakobija na o\u010duvanju ulcinjske Solane i prirodnog naslje\u0111a u Ulcinju, kao i da pru\u017ei podr\u0161ku njenoj za\u0161titi i progla\u0161enju mo\u010dvarom od me\u0111unarodnog zna\u010daja prema standardima Ramsarske konvencije.\u00a0Nakon toga, Udru\u017eenje \u0107e pru\u017eati stru\u010dnu pomo\u0107 funkcionisanju Solane kao za\u0161ti\u0107enog podru\u010dja.$<\/p>\n<p><strong>Izvor: Czip.me<\/strong><\/p>\n","protected":false},"excerpt":{"rendered":"<p>U spomen na \u010duvenog njema\u010dkog ekologa, botani\u010dara i ornitologa Martina \u0160najdera Jakobija, izuzetnog poznavaoca ulcinjske flore i faune, 29. maja bi\u0107e osnovano Udru\u017eenje &#8220;Dru\u0161tvo dr Martin \u0160najder Jakobi&#8220;.\u00a0Inicijatori osnivanja udru\u017eenja su Centar za za\u0161titu i prou\u010davanje ptica, Euronatur, ambasada Njema\u010dke i arhitektica Zenepa Lika. \u0160najder Jakobi je preminuo 15. avgusta 2012. u 56. godini, a [&hellip;]<\/p>\n","protected":false},"author":1,"featured_media":0,"comment_status":"closed","ping_status":"closed","sticky":false,"template":"","format":"standard","meta":{"spay_email":"","jetpack_publicize_message":"","jetpack_is_tweetstorm":false,"jetpack_publicize_feature_enabled":true},"categories":[8337],"tags":[],"jetpack_publicize_connections":[],"yoast_head":"<!-- This site is optimized with the Yoast SEO plugin v19.1 - https:\/\/yoast.com\/wordpress\/plugins\/seo\/ -->\n<title>Ulcinjska solana dobija novu podr\u0161ku - Lajme nga Ulqini<\/title>\n<meta name=\"description\" content=\"U spomen na \u010duvenog njema\u010dkog ekologa, botani\u010dara i ornitologa Martina \u0160najdera Jakobija, izuzetnog poznavaoca ulcinjske flore i faune, 29. maja bi\u0107e\" \/>\n<meta name=\"robots\" content=\"index, follow, max-snippet:-1, max-image-preview:large, max-video-preview:-1\" \/>\n<link rel=\"canonical\" href=\"https:\/\/www.visit-ulcinj.com\/blog\/2016\/05\/24\/ulcinjska-solana-dobija-novu-podrsku\/\" \/>\n<meta property=\"og:locale\" content=\"en_US\" \/>\n<meta property=\"og:type\" content=\"article\" \/>\n<meta property=\"og:title\" content=\"Ulcinjska solana dobija novu podr\u0161ku - Lajme nga Ulqini\" \/>\n<meta property=\"og:description\" content=\"U spomen na \u010duvenog njema\u010dkog ekologa, botani\u010dara i ornitologa Martina \u0160najdera Jakobija, izuzetnog poznavaoca ulcinjske flore i faune, 29. maja bi\u0107e\" \/>\n<meta property=\"og:url\" content=\"https:\/\/www.visit-ulcinj.com\/blog\/2016\/05\/24\/ulcinjska-solana-dobija-novu-podrsku\/\" \/>\n<meta property=\"og:site_name\" content=\"Lajme nga Ulqini\" \/>\n<meta property=\"article:published_time\" content=\"2016-05-24T13:41:19+00:00\" \/>\n<meta property=\"og:image\" content=\"http:\/\/www.visit-ulcinj.com\/blog\/wp-content\/uploads\/2016\/05\/Martin-Snajdera-Jakobi.jpg\" \/>\n<meta name=\"twitter:label1\" content=\"Written by\" \/>\n\t<meta name=\"twitter:data1\" content=\"ulqini\" \/>\n\t<meta name=\"twitter:label2\" content=\"Est. reading time\" \/>\n\t<meta name=\"twitter:data2\" content=\"1 minute\" \/>\n<script type=\"application\/ld+json\" class=\"yoast-schema-graph\">{\"@context\":\"https:\/\/schema.org\",\"@graph\":[{\"@type\":\"WebSite\",\"@id\":\"https:\/\/www.visit-ulcinj.com\/blog\/#website\",\"url\":\"https:\/\/www.visit-ulcinj.com\/blog\/\",\"name\":\"Lajme nga Ulqini\",\"description\":\"Lajme,Vijesti,Ulqini,Ulqin,Crna Gora,Mali i Zi\",\"potentialAction\":[{\"@type\":\"SearchAction\",\"target\":{\"@type\":\"EntryPoint\",\"urlTemplate\":\"https:\/\/www.visit-ulcinj.com\/blog\/?s={search_term_string}\"},\"query-input\":\"required name=search_term_string\"}],\"inLanguage\":\"en-US\"},{\"@type\":\"ImageObject\",\"inLanguage\":\"en-US\",\"@id\":\"https:\/\/www.visit-ulcinj.com\/blog\/2016\/05\/24\/ulcinjska-solana-dobija-novu-podrsku\/#primaryimage\",\"url\":\"http:\/\/www.visit-ulcinj.com\/blog\/wp-content\/uploads\/2016\/05\/Martin-Snajdera-Jakobi.jpg\",\"contentUrl\":\"http:\/\/www.visit-ulcinj.com\/blog\/wp-content\/uploads\/2016\/05\/Martin-Snajdera-Jakobi.jpg\"},{\"@type\":\"WebPage\",\"@id\":\"https:\/\/www.visit-ulcinj.com\/blog\/2016\/05\/24\/ulcinjska-solana-dobija-novu-podrsku\/#webpage\",\"url\":\"https:\/\/www.visit-ulcinj.com\/blog\/2016\/05\/24\/ulcinjska-solana-dobija-novu-podrsku\/\",\"name\":\"Ulcinjska solana dobija novu podr\u0161ku - Lajme nga Ulqini\",\"isPartOf\":{\"@id\":\"https:\/\/www.visit-ulcinj.com\/blog\/#website\"},\"primaryImageOfPage\":{\"@id\":\"https:\/\/www.visit-ulcinj.com\/blog\/2016\/05\/24\/ulcinjska-solana-dobija-novu-podrsku\/#primaryimage\"},\"datePublished\":\"2016-05-24T13:41:19+00:00\",\"dateModified\":\"2016-05-24T13:41:19+00:00\",\"author\":{\"@id\":\"https:\/\/www.visit-ulcinj.com\/blog\/#\/schema\/person\/dcab619c614d3038751c63bc2aadc06d\"},\"description\":\"U spomen na \u010duvenog njema\u010dkog ekologa, botani\u010dara i ornitologa Martina \u0160najdera Jakobija, izuzetnog poznavaoca ulcinjske flore i faune, 29. maja bi\u0107e\",\"breadcrumb\":{\"@id\":\"https:\/\/www.visit-ulcinj.com\/blog\/2016\/05\/24\/ulcinjska-solana-dobija-novu-podrsku\/#breadcrumb\"},\"inLanguage\":\"en-US\",\"potentialAction\":[{\"@type\":\"ReadAction\",\"target\":[\"https:\/\/www.visit-ulcinj.com\/blog\/2016\/05\/24\/ulcinjska-solana-dobija-novu-podrsku\/\"]}]},{\"@type\":\"BreadcrumbList\",\"@id\":\"https:\/\/www.visit-ulcinj.com\/blog\/2016\/05\/24\/ulcinjska-solana-dobija-novu-podrsku\/#breadcrumb\",\"itemListElement\":[{\"@type\":\"ListItem\",\"position\":1,\"name\":\"Ulcinjska solana dobija novu podr\u0161ku\"}]},{\"@type\":\"Person\",\"@id\":\"https:\/\/www.visit-ulcinj.com\/blog\/#\/schema\/person\/dcab619c614d3038751c63bc2aadc06d\",\"name\":\"ulqini\",\"sameAs\":[\"http:\/\/www.visit-ulcinj.com\"],\"url\":\"https:\/\/www.visit-ulcinj.com\/blog\/author\/admin\/\"}]}<\/script>\n<!-- \/ Yoast SEO plugin. -->","yoast_head_json":{"title":"Ulcinjska solana dobija novu podr\u0161ku - Lajme nga Ulqini","description":"U spomen na \u010duvenog njema\u010dkog ekologa, botani\u010dara i ornitologa Martina \u0160najdera Jakobija, izuzetnog poznavaoca ulcinjske flore i faune, 29. maja bi\u0107e","robots":{"index":"index","follow":"follow","max-snippet":"max-snippet:-1","max-image-preview":"max-image-preview:large","max-video-preview":"max-video-preview:-1"},"canonical":"https:\/\/www.visit-ulcinj.com\/blog\/2016\/05\/24\/ulcinjska-solana-dobija-novu-podrsku\/","og_locale":"en_US","og_type":"article","og_title":"Ulcinjska solana dobija novu podr\u0161ku - Lajme nga Ulqini","og_description":"U spomen na \u010duvenog njema\u010dkog ekologa, botani\u010dara i ornitologa Martina \u0160najdera Jakobija, izuzetnog poznavaoca ulcinjske flore i faune, 29. maja bi\u0107e","og_url":"https:\/\/www.visit-ulcinj.com\/blog\/2016\/05\/24\/ulcinjska-solana-dobija-novu-podrsku\/","og_site_name":"Lajme nga Ulqini","article_published_time":"2016-05-24T13:41:19+00:00","og_image":[{"url":"http:\/\/www.visit-ulcinj.com\/blog\/wp-content\/uploads\/2016\/05\/Martin-Snajdera-Jakobi.jpg"}],"twitter_misc":{"Written by":"ulqini","Est. reading time":"1 minute"},"schema":{"@context":"https:\/\/schema.org","@graph":[{"@type":"WebSite","@id":"https:\/\/www.visit-ulcinj.com\/blog\/#website","url":"https:\/\/www.visit-ulcinj.com\/blog\/","name":"Lajme nga Ulqini","description":"Lajme,Vijesti,Ulqini,Ulqin,Crna Gora,Mali i Zi","potentialAction":[{"@type":"SearchAction","target":{"@type":"EntryPoint","urlTemplate":"https:\/\/www.visit-ulcinj.com\/blog\/?s={search_term_string}"},"query-input":"required name=search_term_string"}],"inLanguage":"en-US"},{"@type":"ImageObject","inLanguage":"en-US","@id":"https:\/\/www.visit-ulcinj.com\/blog\/2016\/05\/24\/ulcinjska-solana-dobija-novu-podrsku\/#primaryimage","url":"http:\/\/www.visit-ulcinj.com\/blog\/wp-content\/uploads\/2016\/05\/Martin-Snajdera-Jakobi.jpg","contentUrl":"http:\/\/www.visit-ulcinj.com\/blog\/wp-content\/uploads\/2016\/05\/Martin-Snajdera-Jakobi.jpg"},{"@type":"WebPage","@id":"https:\/\/www.visit-ulcinj.com\/blog\/2016\/05\/24\/ulcinjska-solana-dobija-novu-podrsku\/#webpage","url":"https:\/\/www.visit-ulcinj.com\/blog\/2016\/05\/24\/ulcinjska-solana-dobija-novu-podrsku\/","name":"Ulcinjska solana dobija novu podr\u0161ku - Lajme nga Ulqini","isPartOf":{"@id":"https:\/\/www.visit-ulcinj.com\/blog\/#website"},"primaryImageOfPage":{"@id":"https:\/\/www.visit-ulcinj.com\/blog\/2016\/05\/24\/ulcinjska-solana-dobija-novu-podrsku\/#primaryimage"},"datePublished":"2016-05-24T13:41:19+00:00","dateModified":"2016-05-24T13:41:19+00:00","author":{"@id":"https:\/\/www.visit-ulcinj.com\/blog\/#\/schema\/person\/dcab619c614d3038751c63bc2aadc06d"},"description":"U spomen na \u010duvenog njema\u010dkog ekologa, botani\u010dara i ornitologa Martina \u0160najdera Jakobija, izuzetnog poznavaoca ulcinjske flore i faune, 29. maja bi\u0107e","breadcrumb":{"@id":"https:\/\/www.visit-ulcinj.com\/blog\/2016\/05\/24\/ulcinjska-solana-dobija-novu-podrsku\/#breadcrumb"},"inLanguage":"en-US","potentialAction":[{"@type":"ReadAction","target":["https:\/\/www.visit-ulcinj.com\/blog\/2016\/05\/24\/ulcinjska-solana-dobija-novu-podrsku\/"]}]},{"@type":"BreadcrumbList","@id":"https:\/\/www.visit-ulcinj.com\/blog\/2016\/05\/24\/ulcinjska-solana-dobija-novu-podrsku\/#breadcrumb","itemListElement":[{"@type":"ListItem","position":1,"name":"Ulcinjska solana dobija novu podr\u0161ku"}]},{"@type":"Person","@id":"https:\/\/www.visit-ulcinj.com\/blog\/#\/schema\/person\/dcab619c614d3038751c63bc2aadc06d","name":"ulqini","sameAs":["http:\/\/www.visit-ulcinj.com"],"url":"https:\/\/www.visit-ulcinj.com\/blog\/author\/admin\/"}]}},"jetpack_featured_media_url":"","jetpack_sharing_enabled":true,"jetpack_shortlink":"https:\/\/wp.me\/pe6lTn-pg4","_links":{"self":[{"href":"https:\/\/www.visit-ulcinj.com\/blog\/wp-json\/wp\/v2\/posts\/97096"}],"collection":[{"href":"https:\/\/www.visit-ulcinj.com\/blog\/wp-json\/wp\/v2\/posts"}],"about":[{"href":"https:\/\/www.visit-ulcinj.com\/blog\/wp-json\/wp\/v2\/types\/post"}],"author":[{"embeddable":true,"href":"https:\/\/www.visit-ulcinj.com\/blog\/wp-json\/wp\/v2\/users\/1"}],"replies":[{"embeddable":true,"href":"https:\/\/www.visit-ulcinj.com\/blog\/wp-json\/wp\/v2\/comments?post=97096"}],"version-history":[{"count":1,"href":"https:\/\/www.visit-ulcinj.com\/blog\/wp-json\/wp\/v2\/posts\/97096\/revisions"}],"predecessor-version":[{"id":97098,"href":"https:\/\/www.visit-ulcinj.com\/blog\/wp-json\/wp\/v2\/posts\/97096\/revisions\/97098"}],"wp:attachment":[{"href":"https:\/\/www.visit-ulcinj.com\/blog\/wp-json\/wp\/v2\/media?parent=97096"}],"wp:term":[{"taxonomy":"category","embeddable":true,"href":"https:\/\/www.visit-ulcinj.com\/blog\/wp-json\/wp\/v2\/categories?post=97096"},{"taxonomy":"post_tag","embeddable":true,"href":"https:\/\/www.visit-ulcinj.com\/blog\/wp-json\/wp\/v2\/tags?post=97096"}],"curies":[{"name":"wp","href":"https:\/\/api.w.org\/{rel}","templated":true}]}}