{"id":97099,"date":"2016-05-24T17:37:37","date_gmt":"2016-05-24T16:37:37","guid":{"rendered":"http:\/\/www.visit-ulcinj.com\/blog\/?p=97099"},"modified":"2016-05-25T15:17:24","modified_gmt":"2016-05-25T14:17:24","slug":"fatmir-gjeka-shqiptaret-jetojne-keq-se-10-vitet-e-kaluara","status":"publish","type":"post","link":"https:\/\/www.visit-ulcinj.com\/blog\/2016\/05\/24\/fatmir-gjeka-shqiptaret-jetojne-keq-se-10-vitet-e-kaluara\/","title":{"rendered":"Fatmir Gjeka: Shqiptar\u00ebt jetojn\u00eb m\u00eb keq se 10 vitet e kaluara"},"content":{"rendered":"<p><strong><a href=\"http:\/\/www.visit-ulcinj.com\/blog\/wp-content\/uploads\/2016\/05\/Fatmir-Gjeka-Ulqin.jpg\"><img loading=\"lazy\" class=\"alignleft wp-image-97100\" src=\"http:\/\/www.visit-ulcinj.com\/blog\/wp-content\/uploads\/2016\/05\/Fatmir-Gjeka-Ulqin.jpg\" alt=\"Fatmir-Gjeka-Ulqin\" width=\"508\" height=\"389\" srcset=\"https:\/\/www.visit-ulcinj.com\/blog\/wp-content\/uploads\/2016\/05\/Fatmir-Gjeka-Ulqin.jpg 539w, https:\/\/www.visit-ulcinj.com\/blog\/wp-content\/uploads\/2016\/05\/Fatmir-Gjeka-Ulqin-300x230.jpg 300w\" sizes=\"(max-width: 508px) 100vw, 508px\" \/><\/a>N\u00eb emisionin javor &#8220;Mozaiku&#8221; Fatmir Gjeka\u00a0 deklaroi se shqip\u00ebtar\u00ebt e Mali t\u00eb Zi\u00a0 kan sh\u00ebnuar r\u00ebnien m\u00eb t\u00eb madhe t\u00eb pagave dhe t\u00eb papunsis\u00eb gjat\u00eb 10 viteve t\u00eb fundit, \u00e7ka p\u00ebrb\u00ebn nj\u00eb p\u00ebrkeq\u00ebsim t\u00eb ndjesh\u00ebm n\u00eb standardin e jetes\u00ebs.<br \/>\n<\/strong><\/p>\n<p>Kryetari i Partis\u00eb demokratike Fatmir Gjeka ka th\u00ebn\u00eb se nj\u00eb dekad\u00eb mbas rip\u00ebrt\u00ebritjes s\u00eb pavar\u00ebsis\u00eb s\u00eb Malit t\u00eb Zi gjendja e Shqiptar\u00ebve nuk \u00ebsht\u00eb aq e mir\u00eb sa pritej, sidomos n\u00eb sfer\u00ebn ekonomike, raporton portali Ul.info.<\/p>\n<p>Ai theksoi se gjat\u00eb procesit t\u00eb privatizimit shum\u00eb kompani kan\u00eb falimentuar dhe se qytetar\u00ebt me komb\u00ebsi shqiptare n\u00eb parim sot jetojn\u00eb m\u00eb keq se para dhjet\u00eb viteve.<\/p>\n<p>Sipas fjal\u00ebve t\u00eb tija, \u00ebsht\u00eb fakt tashm\u00eb i njohur q\u00eb Shqiptar\u00ebt kan\u00eb dh\u00ebn\u00eb kontribut t\u00eb fuqish\u00ebm n\u00eb rip\u00ebrt\u00ebritjen e pavar\u00ebsis\u00eb s\u00eb Malit t\u00eb Zi.<\/p>\n<p>\u201cP\u00ebr k\u00ebt\u00eb arsye, ne, si p\u00ebrfaq\u00ebsues t\u00eb subjekteve politike, duhet t\u00eb bashkojm\u00eb dhe koordinojm\u00eb k\u00ebrkesat t\u00eb cilat i kemi drejt pushtetit qendror, si dhe t\u00eb punojm\u00eb sinqerisht p\u00ebr t\u00eb mir\u00ebn e t\u00eb gjith\u00eb qytetar\u00ebve\u201d, shtoi Gjeka.<\/p>\n","protected":false},"excerpt":{"rendered":"<p>N\u00eb emisionin javor &#8220;Mozaiku&#8221; Fatmir Gjeka\u00a0 deklaroi se shqip\u00ebtar\u00ebt e Mali t\u00eb Zi\u00a0 kan sh\u00ebnuar r\u00ebnien m\u00eb t\u00eb madhe t\u00eb pagave dhe t\u00eb papunsis\u00eb gjat\u00eb 10 viteve t\u00eb fundit, \u00e7ka p\u00ebrb\u00ebn nj\u00eb p\u00ebrkeq\u00ebsim t\u00eb ndjesh\u00ebm n\u00eb standardin e jetes\u00ebs. Kryetari i Partis\u00eb demokratike Fatmir Gjeka ka th\u00ebn\u00eb se nj\u00eb dekad\u00eb mbas rip\u00ebrt\u00ebritjes s\u00eb pavar\u00ebsis\u00eb s\u00eb [&hellip;]<\/p>\n","protected":false},"author":1,"featured_media":0,"comment_status":"closed","ping_status":"closed","sticky":false,"template":"","format":"standard","meta":{"spay_email":"","jetpack_publicize_message":"","jetpack_is_tweetstorm":false,"jetpack_publicize_feature_enabled":true},"categories":[1,11],"tags":[],"jetpack_publicize_connections":[],"yoast_head":"<!-- This site is optimized with the Yoast SEO plugin v19.1 - https:\/\/yoast.com\/wordpress\/plugins\/seo\/ -->\n<title>Fatmir Gjeka: Shqiptar\u00ebt jetojn\u00eb m\u00eb keq se 10 vitet e kaluara - Lajme nga Ulqini<\/title>\n<meta name=\"description\" content=\"N\u00eb emisionin javor &quot;Mozaiku&quot; Fatmir Gjeka\u00a0 deklaroi se shqip\u00ebtar\u00ebt e Mali t\u00eb Zi\u00a0 kan sh\u00ebnuar r\u00ebnien m\u00eb t\u00eb madhe t\u00eb pagave dhe t\u00eb papunsis\u00eb gjat\u00eb 10 viteve\" \/>\n<meta name=\"robots\" content=\"index, follow, max-snippet:-1, max-image-preview:large, max-video-preview:-1\" \/>\n<link rel=\"canonical\" href=\"https:\/\/www.visit-ulcinj.com\/blog\/2016\/05\/24\/fatmir-gjeka-shqiptaret-jetojne-keq-se-10-vitet-e-kaluara\/\" \/>\n<meta property=\"og:locale\" content=\"en_US\" \/>\n<meta property=\"og:type\" content=\"article\" \/>\n<meta property=\"og:title\" content=\"Fatmir Gjeka: Shqiptar\u00ebt jetojn\u00eb m\u00eb keq se 10 vitet e kaluara - Lajme nga Ulqini\" \/>\n<meta property=\"og:description\" content=\"N\u00eb emisionin javor &quot;Mozaiku&quot; Fatmir Gjeka\u00a0 deklaroi se shqip\u00ebtar\u00ebt e Mali t\u00eb Zi\u00a0 kan sh\u00ebnuar r\u00ebnien m\u00eb t\u00eb madhe t\u00eb pagave dhe t\u00eb papunsis\u00eb gjat\u00eb 10 viteve\" \/>\n<meta property=\"og:url\" content=\"https:\/\/www.visit-ulcinj.com\/blog\/2016\/05\/24\/fatmir-gjeka-shqiptaret-jetojne-keq-se-10-vitet-e-kaluara\/\" \/>\n<meta property=\"og:site_name\" content=\"Lajme nga Ulqini\" \/>\n<meta property=\"article:published_time\" content=\"2016-05-24T16:37:37+00:00\" \/>\n<meta property=\"article:modified_time\" content=\"2016-05-25T14:17:24+00:00\" \/>\n<meta property=\"og:image\" content=\"http:\/\/www.visit-ulcinj.com\/blog\/wp-content\/uploads\/2016\/05\/Fatmir-Gjeka-Ulqin.jpg\" \/>\n<meta name=\"twitter:label1\" content=\"Written by\" \/>\n\t<meta name=\"twitter:data1\" content=\"ulqini\" \/>\n\t<meta name=\"twitter:label2\" content=\"Est. reading time\" \/>\n\t<meta name=\"twitter:data2\" content=\"1 minute\" \/>\n<script type=\"application\/ld+json\" class=\"yoast-schema-graph\">{\"@context\":\"https:\/\/schema.org\",\"@graph\":[{\"@type\":\"WebSite\",\"@id\":\"https:\/\/www.visit-ulcinj.com\/blog\/#website\",\"url\":\"https:\/\/www.visit-ulcinj.com\/blog\/\",\"name\":\"Lajme nga Ulqini\",\"description\":\"Lajme,Vijesti,Ulqini,Ulqin,Crna Gora,Mali i Zi\",\"potentialAction\":[{\"@type\":\"SearchAction\",\"target\":{\"@type\":\"EntryPoint\",\"urlTemplate\":\"https:\/\/www.visit-ulcinj.com\/blog\/?s={search_term_string}\"},\"query-input\":\"required name=search_term_string\"}],\"inLanguage\":\"en-US\"},{\"@type\":\"ImageObject\",\"inLanguage\":\"en-US\",\"@id\":\"https:\/\/www.visit-ulcinj.com\/blog\/2016\/05\/24\/fatmir-gjeka-shqiptaret-jetojne-keq-se-10-vitet-e-kaluara\/#primaryimage\",\"url\":\"https:\/\/www.visit-ulcinj.com\/blog\/wp-content\/uploads\/2016\/05\/Fatmir-Gjeka-Ulqin.jpg\",\"contentUrl\":\"https:\/\/www.visit-ulcinj.com\/blog\/wp-content\/uploads\/2016\/05\/Fatmir-Gjeka-Ulqin.jpg\",\"width\":539,\"height\":413},{\"@type\":\"WebPage\",\"@id\":\"https:\/\/www.visit-ulcinj.com\/blog\/2016\/05\/24\/fatmir-gjeka-shqiptaret-jetojne-keq-se-10-vitet-e-kaluara\/#webpage\",\"url\":\"https:\/\/www.visit-ulcinj.com\/blog\/2016\/05\/24\/fatmir-gjeka-shqiptaret-jetojne-keq-se-10-vitet-e-kaluara\/\",\"name\":\"Fatmir Gjeka: Shqiptar\u00ebt jetojn\u00eb m\u00eb keq se 10 vitet e kaluara - Lajme nga Ulqini\",\"isPartOf\":{\"@id\":\"https:\/\/www.visit-ulcinj.com\/blog\/#website\"},\"primaryImageOfPage\":{\"@id\":\"https:\/\/www.visit-ulcinj.com\/blog\/2016\/05\/24\/fatmir-gjeka-shqiptaret-jetojne-keq-se-10-vitet-e-kaluara\/#primaryimage\"},\"datePublished\":\"2016-05-24T16:37:37+00:00\",\"dateModified\":\"2016-05-25T14:17:24+00:00\",\"author\":{\"@id\":\"https:\/\/www.visit-ulcinj.com\/blog\/#\/schema\/person\/dcab619c614d3038751c63bc2aadc06d\"},\"description\":\"N\u00eb emisionin javor \\\"Mozaiku\\\" Fatmir Gjeka\u00a0 deklaroi se shqip\u00ebtar\u00ebt e Mali t\u00eb Zi\u00a0 kan sh\u00ebnuar r\u00ebnien m\u00eb t\u00eb madhe t\u00eb pagave dhe t\u00eb papunsis\u00eb gjat\u00eb 10 viteve\",\"breadcrumb\":{\"@id\":\"https:\/\/www.visit-ulcinj.com\/blog\/2016\/05\/24\/fatmir-gjeka-shqiptaret-jetojne-keq-se-10-vitet-e-kaluara\/#breadcrumb\"},\"inLanguage\":\"en-US\",\"potentialAction\":[{\"@type\":\"ReadAction\",\"target\":[\"https:\/\/www.visit-ulcinj.com\/blog\/2016\/05\/24\/fatmir-gjeka-shqiptaret-jetojne-keq-se-10-vitet-e-kaluara\/\"]}]},{\"@type\":\"BreadcrumbList\",\"@id\":\"https:\/\/www.visit-ulcinj.com\/blog\/2016\/05\/24\/fatmir-gjeka-shqiptaret-jetojne-keq-se-10-vitet-e-kaluara\/#breadcrumb\",\"itemListElement\":[{\"@type\":\"ListItem\",\"position\":1,\"name\":\"Fatmir Gjeka: Shqiptar\u00ebt jetojn\u00eb m\u00eb keq se 10 vitet e kaluara\"}]},{\"@type\":\"Person\",\"@id\":\"https:\/\/www.visit-ulcinj.com\/blog\/#\/schema\/person\/dcab619c614d3038751c63bc2aadc06d\",\"name\":\"ulqini\",\"sameAs\":[\"http:\/\/www.visit-ulcinj.com\"],\"url\":\"https:\/\/www.visit-ulcinj.com\/blog\/author\/admin\/\"}]}<\/script>\n<!-- \/ Yoast SEO plugin. -->","yoast_head_json":{"title":"Fatmir Gjeka: Shqiptar\u00ebt jetojn\u00eb m\u00eb keq se 10 vitet e kaluara - Lajme nga Ulqini","description":"N\u00eb emisionin javor \"Mozaiku\" Fatmir Gjeka\u00a0 deklaroi se shqip\u00ebtar\u00ebt e Mali t\u00eb Zi\u00a0 kan sh\u00ebnuar r\u00ebnien m\u00eb t\u00eb madhe t\u00eb pagave dhe t\u00eb papunsis\u00eb gjat\u00eb 10 viteve","robots":{"index":"index","follow":"follow","max-snippet":"max-snippet:-1","max-image-preview":"max-image-preview:large","max-video-preview":"max-video-preview:-1"},"canonical":"https:\/\/www.visit-ulcinj.com\/blog\/2016\/05\/24\/fatmir-gjeka-shqiptaret-jetojne-keq-se-10-vitet-e-kaluara\/","og_locale":"en_US","og_type":"article","og_title":"Fatmir Gjeka: Shqiptar\u00ebt jetojn\u00eb m\u00eb keq se 10 vitet e kaluara - Lajme nga Ulqini","og_description":"N\u00eb emisionin javor \"Mozaiku\" Fatmir Gjeka\u00a0 deklaroi se shqip\u00ebtar\u00ebt e Mali t\u00eb Zi\u00a0 kan sh\u00ebnuar r\u00ebnien m\u00eb t\u00eb madhe t\u00eb pagave dhe t\u00eb papunsis\u00eb gjat\u00eb 10 viteve","og_url":"https:\/\/www.visit-ulcinj.com\/blog\/2016\/05\/24\/fatmir-gjeka-shqiptaret-jetojne-keq-se-10-vitet-e-kaluara\/","og_site_name":"Lajme nga Ulqini","article_published_time":"2016-05-24T16:37:37+00:00","article_modified_time":"2016-05-25T14:17:24+00:00","og_image":[{"url":"http:\/\/www.visit-ulcinj.com\/blog\/wp-content\/uploads\/2016\/05\/Fatmir-Gjeka-Ulqin.jpg"}],"twitter_misc":{"Written by":"ulqini","Est. reading time":"1 minute"},"schema":{"@context":"https:\/\/schema.org","@graph":[{"@type":"WebSite","@id":"https:\/\/www.visit-ulcinj.com\/blog\/#website","url":"https:\/\/www.visit-ulcinj.com\/blog\/","name":"Lajme nga Ulqini","description":"Lajme,Vijesti,Ulqini,Ulqin,Crna Gora,Mali i Zi","potentialAction":[{"@type":"SearchAction","target":{"@type":"EntryPoint","urlTemplate":"https:\/\/www.visit-ulcinj.com\/blog\/?s={search_term_string}"},"query-input":"required name=search_term_string"}],"inLanguage":"en-US"},{"@type":"ImageObject","inLanguage":"en-US","@id":"https:\/\/www.visit-ulcinj.com\/blog\/2016\/05\/24\/fatmir-gjeka-shqiptaret-jetojne-keq-se-10-vitet-e-kaluara\/#primaryimage","url":"https:\/\/www.visit-ulcinj.com\/blog\/wp-content\/uploads\/2016\/05\/Fatmir-Gjeka-Ulqin.jpg","contentUrl":"https:\/\/www.visit-ulcinj.com\/blog\/wp-content\/uploads\/2016\/05\/Fatmir-Gjeka-Ulqin.jpg","width":539,"height":413},{"@type":"WebPage","@id":"https:\/\/www.visit-ulcinj.com\/blog\/2016\/05\/24\/fatmir-gjeka-shqiptaret-jetojne-keq-se-10-vitet-e-kaluara\/#webpage","url":"https:\/\/www.visit-ulcinj.com\/blog\/2016\/05\/24\/fatmir-gjeka-shqiptaret-jetojne-keq-se-10-vitet-e-kaluara\/","name":"Fatmir Gjeka: Shqiptar\u00ebt jetojn\u00eb m\u00eb keq se 10 vitet e kaluara - Lajme nga Ulqini","isPartOf":{"@id":"https:\/\/www.visit-ulcinj.com\/blog\/#website"},"primaryImageOfPage":{"@id":"https:\/\/www.visit-ulcinj.com\/blog\/2016\/05\/24\/fatmir-gjeka-shqiptaret-jetojne-keq-se-10-vitet-e-kaluara\/#primaryimage"},"datePublished":"2016-05-24T16:37:37+00:00","dateModified":"2016-05-25T14:17:24+00:00","author":{"@id":"https:\/\/www.visit-ulcinj.com\/blog\/#\/schema\/person\/dcab619c614d3038751c63bc2aadc06d"},"description":"N\u00eb emisionin javor \"Mozaiku\" Fatmir Gjeka\u00a0 deklaroi se shqip\u00ebtar\u00ebt e Mali t\u00eb Zi\u00a0 kan sh\u00ebnuar r\u00ebnien m\u00eb t\u00eb madhe t\u00eb pagave dhe t\u00eb papunsis\u00eb gjat\u00eb 10 viteve","breadcrumb":{"@id":"https:\/\/www.visit-ulcinj.com\/blog\/2016\/05\/24\/fatmir-gjeka-shqiptaret-jetojne-keq-se-10-vitet-e-kaluara\/#breadcrumb"},"inLanguage":"en-US","potentialAction":[{"@type":"ReadAction","target":["https:\/\/www.visit-ulcinj.com\/blog\/2016\/05\/24\/fatmir-gjeka-shqiptaret-jetojne-keq-se-10-vitet-e-kaluara\/"]}]},{"@type":"BreadcrumbList","@id":"https:\/\/www.visit-ulcinj.com\/blog\/2016\/05\/24\/fatmir-gjeka-shqiptaret-jetojne-keq-se-10-vitet-e-kaluara\/#breadcrumb","itemListElement":[{"@type":"ListItem","position":1,"name":"Fatmir Gjeka: Shqiptar\u00ebt jetojn\u00eb m\u00eb keq se 10 vitet e kaluara"}]},{"@type":"Person","@id":"https:\/\/www.visit-ulcinj.com\/blog\/#\/schema\/person\/dcab619c614d3038751c63bc2aadc06d","name":"ulqini","sameAs":["http:\/\/www.visit-ulcinj.com"],"url":"https:\/\/www.visit-ulcinj.com\/blog\/author\/admin\/"}]}},"jetpack_featured_media_url":"","jetpack_sharing_enabled":true,"jetpack_shortlink":"https:\/\/wp.me\/pe6lTn-pg7","_links":{"self":[{"href":"https:\/\/www.visit-ulcinj.com\/blog\/wp-json\/wp\/v2\/posts\/97099"}],"collection":[{"href":"https:\/\/www.visit-ulcinj.com\/blog\/wp-json\/wp\/v2\/posts"}],"about":[{"href":"https:\/\/www.visit-ulcinj.com\/blog\/wp-json\/wp\/v2\/types\/post"}],"author":[{"embeddable":true,"href":"https:\/\/www.visit-ulcinj.com\/blog\/wp-json\/wp\/v2\/users\/1"}],"replies":[{"embeddable":true,"href":"https:\/\/www.visit-ulcinj.com\/blog\/wp-json\/wp\/v2\/comments?post=97099"}],"version-history":[{"count":1,"href":"https:\/\/www.visit-ulcinj.com\/blog\/wp-json\/wp\/v2\/posts\/97099\/revisions"}],"predecessor-version":[{"id":97101,"href":"https:\/\/www.visit-ulcinj.com\/blog\/wp-json\/wp\/v2\/posts\/97099\/revisions\/97101"}],"wp:attachment":[{"href":"https:\/\/www.visit-ulcinj.com\/blog\/wp-json\/wp\/v2\/media?parent=97099"}],"wp:term":[{"taxonomy":"category","embeddable":true,"href":"https:\/\/www.visit-ulcinj.com\/blog\/wp-json\/wp\/v2\/categories?post=97099"},{"taxonomy":"post_tag","embeddable":true,"href":"https:\/\/www.visit-ulcinj.com\/blog\/wp-json\/wp\/v2\/tags?post=97099"}],"curies":[{"name":"wp","href":"https:\/\/api.w.org\/{rel}","templated":true}]}}