{"id":97108,"date":"2016-05-24T22:39:44","date_gmt":"2016-05-24T21:39:44","guid":{"rendered":"http:\/\/www.visit-ulcinj.com\/blog\/?p=97108"},"modified":"2016-05-24T22:39:44","modified_gmt":"2016-05-24T21:39:44","slug":"reagim-ne-ul-info-ura-ulqin-vezja-e-qyqes-e-forces","status":"publish","type":"post","link":"https:\/\/www.visit-ulcinj.com\/blog\/2016\/05\/24\/reagim-ne-ul-info-ura-ulqin-vezja-e-qyqes-e-forces\/","title":{"rendered":"Reagim n\u00eb Ul.info &#8211; URA Ulqin: Vezja e qyqes e Forc\u00ebs"},"content":{"rendered":"<p><strong><a href=\"http:\/\/www.visit-ulcinj.com\/blog\/wp-content\/uploads\/2016\/04\/Aida-Llunji-Lika-URA-Ulqin-Ulcinj-1.jpg\"><img loading=\"lazy\" class=\"alignleft wp-image-96318\" src=\"http:\/\/www.visit-ulcinj.com\/blog\/wp-content\/uploads\/2016\/04\/Aida-Llunji-Lika-URA-Ulqin-Ulcinj-1.jpg\" alt=\"Aida-Llunji-Lika-URA-Ulqin-Ulcinj-1\" width=\"508\" height=\"339\" srcset=\"https:\/\/www.visit-ulcinj.com\/blog\/wp-content\/uploads\/2016\/04\/Aida-Llunji-Lika-URA-Ulqin-Ulcinj-1.jpg 960w, https:\/\/www.visit-ulcinj.com\/blog\/wp-content\/uploads\/2016\/04\/Aida-Llunji-Lika-URA-Ulqin-Ulcinj-1-300x200.jpg 300w\" sizes=\"(max-width: 508px) 100vw, 508px\" \/><\/a>N\u00eb redaksin\u00eb ton\u00eb mb\u00ebrriti kumtesa e K\u00ebshillit komunal t\u00eb L\u00ebvizjes qytetare URA, t\u00eb cil\u00ebn e p\u00ebrcjellim n\u00eb t\u00ebr\u00ebsi:<\/strong><\/p>\n<p>Asnj\u00ebher\u00eb nuk kemi d\u00ebshiruar q\u00eb t\u00eb merremi me mashtrimet tendencioze, primitive dhe lokaliste t\u00eb nj\u00eb kuazi-medie t\u00eb cilin e udh\u00ebheqin krer\u00ebt e Forc\u00ebs, edhe pse p\u00ebr nj\u00eb gj\u00eb t\u00eb till\u00eb kishim mund\u00ebsi. Megjithat\u00eb, p\u00ebr publikun, e t\u00ebrheqim v\u00ebmendjen n\u00eb faktet vijuese.<\/p>\n<p>Reagimi i par\u00eb n\u00eb parlamentin shtet\u00ebror n\u00eb lidhje me \u00e7\u00ebshtjen \u201cFjalori\u201d erdhi nga deputeti dhe z\u00ebvend\u00ebskryetari i URA-s\u00eb, nd\u00ebrkoh\u00eb q\u00eb kryetarit t\u00eb K\u00ebshillit Komb\u00ebtar t\u00eb Shqiptar\u00ebve i\u2019u desh\u00ebn dy dit\u00eb. Ai, nd\u00ebrkaq, kishte pun\u00eb shum\u00eb m\u00eb t\u00eb r\u00ebnd\u00ebsishme: \u00ebsht\u00eb dashur edhe nj\u00eb her\u00eb ta shp\u00ebtoj\u00eb Qeverin\u00eb e Malit t\u00eb Zi, e cila, mbase kjo \u00ebsht\u00eb logjika tash 25 vite, me ndihm\u00ebn e pripejd-patriot\u00ebve t\u00eb mish\u00ebruar n\u00eb partin\u00eb e tij, krijon atmosfer\u00eb p\u00ebr\u00e7ar\u00ebse, e cila \u00ebsht\u00eb ve\u00e7an\u00ebrisht e dukshme tek Shqiptar\u00ebt.<\/p>\n<p>Jo, nuk ka r\u00ebnd\u00ebsi se kush ka reaguar i pari, sepse kjo gjithsesi nuk do t\u2019i ndryshoj\u00eb gj\u00ebrat. \u00cbsht\u00eb e r\u00ebnd\u00ebsishme se akuzat n\u00eb kuazi-portalin Lajm.me nuk kan\u00eb p\u00ebr q\u00ebllim korrigjimin e gabimeve t\u00eb ASHAMZ-it, por kan\u00eb p\u00ebr q\u00ebllim fitimin e pik\u00ebve politike, duke thirr n\u00eb mbrojtje t\u00eb rreme t\u00eb interesave komb\u00ebtare, e gjitha me d\u00ebshir\u00eb q\u00eb edhe m\u00eb tej t\u00eb shkat\u00ebrrohet habitusi i popullit shqiptar\u00eb, subjektiviteti i t\u00eb cilit \u00ebsht\u00eb v\u00ebn\u00eb n\u00eb pik\u00ebpyetje me veprimin e partive satelitore, sakt\u00ebsisht t\u00eb grupeve intereso-ekonomike-kolltukore t\u00eb ngjash\u00ebm me Forc\u00ebn.<\/p>\n<p>\u00cbsht\u00eb e kot\u00eb t\u00eb flasim p\u00ebr gazetarin\u00eb hulumtuese t\u00eb njer\u00ebzve partin\u00eb e t\u00eb cil\u00ebve, si\u00e7 shushuritet n\u00eb Podgoric\u00eb, joformalisht, e ka krijuar UDBA, por formalisht i ka kthyer n\u00eb pushtet n\u00eb Ulqin\u00a0 Dushko Markoviqi (ish-kreu i UDBA-s\u00eb). Prandaj nuk duhet t\u00eb habis\u00eb q\u00eb nx\u00ebn\u00ebsit e mir\u00eb i kan\u00eb m\u00ebsuar disa metoda t\u00eb provuara t\u00eb manipulimit nga mentor\u00ebt ose themeluesit e tyre nga Podgorica.<\/p>\n<p>Fjalori i ASHAMZ-s\u00eb n\u00eb pjes\u00ebn q\u00eb trajton konceptet q\u00eb lidhen me shqiptar\u00ebt dhe popullin shqiptar\u00eb \u00ebsht\u00eb skandaloz! Kjo \u00ebsht\u00eb th\u00ebn\u00eb dhe p\u00ebrs\u00ebritur n\u00eb m\u00ebnyr\u00eb t\u00eb qart\u00eb disa her\u00eb dhe kjo duhet t\u00eb ndryshohet, urgjentisht! Sa m\u00eb shpejt t\u00eb jet\u00eb e mundur! T\u00eb pohosh se URA p\u00ebr k\u00ebt\u00eb gj\u00eb \u00ebsht\u00eb fajtore, apo an\u00ebtar\u00ebt e saj \u00ebsht\u00eb, \u00a0t\u00eb pakt\u00ebn, hipokrizi dhe godet n\u00eb themelet e mendjes s\u00eb sh\u00ebndosh\u00eb. Sidomos n\u00ebse kemi parasysh se partit\u00eb nacionale shqiptare jan\u00eb var\u00ebse e PDS-s\u00eb, nd\u00ebrsa\u00a0 URA lufton p\u00ebr ndryshime n\u00eb shoq\u00ebrin\u00eb ton\u00eb nga viti 2015. \u00cbsht\u00eb e v\u00ebrtet\u00eb q\u00eb an\u00ebtar\u00ebt e ASHAMZ-s\u00eb (t\u00eb cilat jan\u00eb p\u00ebrmendur n\u00eb tekstin e kuazi-portalit Lajm.me) jan\u00eb an\u00ebtar\u00eb t\u00eb URA-s\u00eb (por nuk jan\u00eb t\u00eb vetmit), e cila me t\u00eb v\u00ebrtet\u00eb \u00ebsht\u00eb p\u00ebr respekt. Asnj\u00eb subjekt politik nuk mund t\u00eb mburret me kaq shum\u00eb an\u00ebtar\u00eb n\u00eb Akademi. Por k\u00ebto nuk jan\u00eb t\u00eb vetmit q\u00eb kan\u00eb shkruar Fjalorin, mbase kjo \u00ebsht\u00eb e qart\u00eb p\u00ebr t\u00eb gjith\u00eb, t\u00eb nj\u00ebjtit jan\u00eb gjetur vet\u00ebm n\u00eb K\u00ebshillin p\u00ebr p\u00ebrpilimin e fjalorit q\u00eb trajton m\u00eb shum\u00eb se 12.000 fjal\u00eb dhe q\u00eb ndoshta ka gabime tjera. N\u00ebse k\u00ebsaj i shtohet se p\u00ebr shkak t\u00eb ndarjeve q\u00eb ekzistojn\u00eb n\u00eb Mal t\u00eb Zi, deri koh\u00ebt e fundit, kan\u00eb qen\u00eb dy akademi, ASHAMZ dhe ASHAD, dhe se shumica e an\u00ebtar\u00ebve t\u00eb URA-s\u00eb ishin n\u00eb ASHAD, \u00ebsht\u00eb e qart\u00eb se ekzistojn\u00eb m\u00eb tep\u00ebr rryma dhe si pasoj\u00eb\u00a0 e k\u00ebsaj padyshim niveli i funksionalitetit ende nuk \u00ebsht\u00eb sjell\u00eb n\u00eb nivelin m\u00eb t\u00eb lart\u00eb, k\u00ebshtu q\u00eb\u00a0 konkluzionet e tilla t\u00eb pap\u00ebrshtatshme nuk mund logjikisht\u00a0 t\u00eb konstatohen. Sikur, ndoshta, t\u00eb gjith\u00eb e dim\u00eb se me k\u00ebt\u00eb nuk do bie dakord as Zuvdija Berisha-Hoxhiq, i cili po ashtu \u00ebsht\u00eb an\u00ebtar i K\u00ebshillit!<\/p>\n<p>Po t\u00eb ishte e mira dhe t\u00eb kishim politik\u00eb t\u00eb sh\u00ebndosh\u00eb, ekspert\u00ebt e Forc\u00ebs do t\u00eb pyesnin veten pse p\u00ebr 25 vite nuk \u00ebsht\u00eb as edhe nj\u00eb an\u00ebtar\u00eb i vet\u00ebm shqiptar n\u00eb Akademi, pse jan\u00eb vet\u00ebm disa n\u00eb universitet dhe se si ata mendojn\u00eb t\u00eb nd\u00ebrtojn\u00eb t\u00eb ardhmen e popullit t\u00eb tyre, pa elit\u00eb intelektuale t\u00eb inkorporuar n\u00eb shumic\u00ebn e institucioneve shkencore?! Sigurisht, ata heqin p\u00ebrgjegj\u00ebsin\u00eb nga vetja, sepse \u00ebsht\u00eb m\u00eb e leht\u00eb p\u00ebr t\u2019u marr\u00eb me faj\u00ebsim, manipulim dhe politik\u00eb kafeneske. Vet\u00ebm p\u00ebr k\u00ebt\u00eb jan\u00eb ekspert\u00eb.<\/p>\n<p>N\u00eb vend se t\u2019i vije turp q\u00eb\u00a0 instalohen politikisht nga Podgorica, p\u00ebr nj\u00eb cop\u00eb pushteti, do t\u00eb ishte m\u00eb mir\u00eb ta shikonin popullin e vet n\u00eb sy dhe t\u00eb tregojn\u00eb t\u00eb v\u00ebrtet\u00ebn. T\u2019i shpjegojn\u00eb atyre se si pjes\u00ebmarrja e tyre afatgjate n\u00eb qeveri u kuror\u00ebzua me r\u00ebnien e numrit t\u00eb\u00a0 Shqiptar\u00ebve m\u00eb shum\u00eb se 25% kumulativisht, q\u00eb na shkat\u00ebrruan hotelet, se nuk po na kthehet pron\u00ebsia, se nuk jemi t\u00eb p\u00ebrfaq\u00ebsuar n\u00eb num\u00ebr t\u00eb mjaftuesh\u00ebm n\u00eb institucione. E gjith\u00eb kjo ka ndodhur\u00a0 para marr\u00ebveshjeve t\u00eb tyre me PDS-n\u00eb, si\u00a0 aneks 1 dhe aneks 2 \u2026 Ndoshta dhe p\u00ebr k\u00ebt\u00eb \u00ebsht\u00eb fajtore URA , kurse pun\u00ebdh\u00ebn\u00ebsi i tyre PDS-\u00eb \u00ebsht\u00eb i pafajsh\u00ebm.<\/p>\n<p>N\u00ebse i\u2019a shtojm\u00eb k\u00ebsaj edhe faktin se KKSH-n\u00eb e kan\u00eb kthyer n\u00eb sh\u00ebrbimin e vet partiak, i cili merret me politik\u00ebn e \u00a0thashethemeve, kan\u00eb mashtruar dhe jan\u00eb \u00a0grind me pothuajse t\u00eb gjitha partit\u00eb t\u00eb r\u00ebnd\u00ebsishme shqiptare, duke shkat\u00ebrruar unitetin strategjik me t\u00eb gjith\u00eb, p\u00ebrve\u00e7 me mentor\u00ebt nga PDS-ja, me disa partner\u00eb edhe gjykohen, at\u00ebher\u00eb askush nuk duhet t\u00eb jet\u00eb i habitur me k\u00ebto mbishkrime. Koha do t\u00eb tregoj\u00eb: ata flasin m\u00eb shum\u00eb p\u00ebr vete sesa p\u00ebr ato p\u00ebr t\u00eb cil\u00ebt gjoja shkruajn\u00eb.<\/p>\n<p>Sa i p\u00ebrket LQ URA, gj\u00ebrat jan\u00eb t\u00eb qarta. Nuk ka asnj\u00eb subjekt politik n\u00eb sken\u00ebn politike q\u00eb \u00ebsht\u00eb mik m\u00eb i madh i popullit shqiptar\u00eb se ne. Kjo \u00ebsht\u00eb konfirmuar disa her\u00eb, por shembulli m\u00eb i qart\u00eb \u00ebsht\u00eb formimi i grupit parlamentar, edhe pse dy t\u00eb tretat e an\u00ebtar\u00ebve t\u00eb k\u00ebtij klubi i p\u00ebrb\u00ebn URA, pa asnj\u00eb problem dhe me krenari mban emrin Alternativa Shqiptare.<\/p>\n<p>D\u00ebshirojm\u00eb ta informojm\u00eb publikun se ne kemi marr\u00eb masa n\u00eb lidhje me fjalorin skandaloz, dhe se presim q\u00eb shum\u00eb shpejt t\u00eb marr\u00eb epilogun e duhur. Ne e kuptojm\u00eb ankthin e Forc\u00ebs q\u00eb t\u00eb gjith\u00eb i ka zhg\u00ebnjyer dhe befasuar, dhe fakti se zgjedhjet jan\u00eb af\u00ebr, pra, do t\u00eb ishte m\u00eb mir\u00eb p\u00ebr ta n\u00eb qoft\u00eb se n\u00eb vend q\u00eb t\u00eb merren me manipulime q\u00eb nuk i sh\u00ebrbejn\u00eb askujt asgj\u00eb, p\u00ebrve\u00e7 se ushqejn\u00eb kot\u00ebsin\u00eb e tyre, t\u00eb pakt\u00ebn t\u00eb b\u00ebj\u00eb di\u00e7ka p\u00ebr qytetar\u00ebt, e jo vet\u00ebm n\u00eb favorin dhe n\u00eb interesin e tyre.<\/p>\n<p>Dhe n\u00eb fund, ftojm\u00eb deputetin e Forc\u00eb n\u00eb Parlamentin e Shtetit n\u00eb qoft\u00eb se e ka trondit\u00eb p\u00ebrmbajtja e\u00a0 fjalorit, ta bojkotoj\u00eb institucionin sikurse kolegu i tij Nik Gjeloshaj dhe ta anuloj\u00eb besimin ndaj qeveris\u00eb s\u00eb tanishme. Ne presim q\u00eb n\u00eb lidhje me k\u00ebt\u00eb t\u00eb deklarohet publikisht dhe t\u00eb ndaloj\u00eb s\u00eb fshehuri pas mbishkrimeve tendencioze, analfabete dhe mashtruese t\u00eb kuazi-portalit Lajm.me.<\/p>\n<p>N\u00eb fund t\u00eb fundit, askush n\u00eb Ulqin nuk ka m\u00eb nevoj\u00eb ta bind dik\u00eb se \u00e7far\u00eb do t\u00eb \u00e7elin k\u00ebto vez\u00eb t\u00eb qyqes.<\/p>\n<p>&nbsp;<\/p>\n<p><strong>KK URA ULQIN<\/strong><\/p>\n","protected":false},"excerpt":{"rendered":"<p>N\u00eb redaksin\u00eb ton\u00eb mb\u00ebrriti kumtesa e K\u00ebshillit komunal t\u00eb L\u00ebvizjes qytetare URA, t\u00eb cil\u00ebn e p\u00ebrcjellim n\u00eb t\u00ebr\u00ebsi: Asnj\u00ebher\u00eb nuk kemi d\u00ebshiruar q\u00eb t\u00eb merremi me mashtrimet tendencioze, primitive dhe lokaliste t\u00eb nj\u00eb kuazi-medie t\u00eb cilin e udh\u00ebheqin krer\u00ebt e Forc\u00ebs, edhe pse p\u00ebr nj\u00eb gj\u00eb t\u00eb till\u00eb kishim mund\u00ebsi. Megjithat\u00eb, p\u00ebr publikun, e t\u00ebrheqim [&hellip;]<\/p>\n","protected":false},"author":1,"featured_media":0,"comment_status":"closed","ping_status":"closed","sticky":false,"template":"","format":"standard","meta":{"spay_email":"","jetpack_publicize_message":"","jetpack_is_tweetstorm":false,"jetpack_publicize_feature_enabled":true},"categories":[12],"tags":[],"jetpack_publicize_connections":[],"yoast_head":"<!-- This site is optimized with the Yoast SEO plugin v19.1 - https:\/\/yoast.com\/wordpress\/plugins\/seo\/ -->\n<title>Reagim n\u00eb Ul.info - URA Ulqin: Vezja e qyqes e Forc\u00ebs - Lajme nga Ulqini<\/title>\n<meta name=\"description\" content=\"N\u00eb redaksin\u00eb ton\u00eb mb\u00ebrriti kumtesa e K\u00ebshillit komunal t\u00eb L\u00ebvizjes qytetare URA, t\u00eb cil\u00ebn e p\u00ebrcjellim n\u00eb t\u00ebr\u00ebsi: Asnj\u00ebher\u00eb nuk kemi d\u00ebshiruar q\u00eb t\u00eb\" \/>\n<meta name=\"robots\" content=\"index, follow, max-snippet:-1, max-image-preview:large, max-video-preview:-1\" \/>\n<link rel=\"canonical\" href=\"https:\/\/www.visit-ulcinj.com\/blog\/2016\/05\/24\/reagim-ne-ul-info-ura-ulqin-vezja-e-qyqes-e-forces\/\" \/>\n<meta property=\"og:locale\" content=\"en_US\" \/>\n<meta property=\"og:type\" content=\"article\" \/>\n<meta property=\"og:title\" content=\"Reagim n\u00eb Ul.info - URA Ulqin: Vezja e qyqes e Forc\u00ebs - Lajme nga Ulqini\" \/>\n<meta property=\"og:description\" content=\"N\u00eb redaksin\u00eb ton\u00eb mb\u00ebrriti kumtesa e K\u00ebshillit komunal t\u00eb L\u00ebvizjes qytetare URA, t\u00eb cil\u00ebn e p\u00ebrcjellim n\u00eb t\u00ebr\u00ebsi: Asnj\u00ebher\u00eb nuk kemi d\u00ebshiruar q\u00eb t\u00eb\" \/>\n<meta property=\"og:url\" content=\"https:\/\/www.visit-ulcinj.com\/blog\/2016\/05\/24\/reagim-ne-ul-info-ura-ulqin-vezja-e-qyqes-e-forces\/\" \/>\n<meta property=\"og:site_name\" content=\"Lajme nga Ulqini\" \/>\n<meta property=\"article:published_time\" content=\"2016-05-24T21:39:44+00:00\" \/>\n<meta property=\"og:image\" content=\"http:\/\/www.visit-ulcinj.com\/blog\/wp-content\/uploads\/2016\/04\/Aida-Llunji-Lika-URA-Ulqin-Ulcinj-1.jpg\" \/>\n<meta name=\"twitter:label1\" content=\"Written by\" \/>\n\t<meta name=\"twitter:data1\" content=\"ulqini\" \/>\n\t<meta name=\"twitter:label2\" content=\"Est. reading time\" \/>\n\t<meta name=\"twitter:data2\" content=\"6 minutes\" \/>\n<script type=\"application\/ld+json\" class=\"yoast-schema-graph\">{\"@context\":\"https:\/\/schema.org\",\"@graph\":[{\"@type\":\"WebSite\",\"@id\":\"https:\/\/www.visit-ulcinj.com\/blog\/#website\",\"url\":\"https:\/\/www.visit-ulcinj.com\/blog\/\",\"name\":\"Lajme nga Ulqini\",\"description\":\"Lajme,Vijesti,Ulqini,Ulqin,Crna Gora,Mali i Zi\",\"potentialAction\":[{\"@type\":\"SearchAction\",\"target\":{\"@type\":\"EntryPoint\",\"urlTemplate\":\"https:\/\/www.visit-ulcinj.com\/blog\/?s={search_term_string}\"},\"query-input\":\"required name=search_term_string\"}],\"inLanguage\":\"en-US\"},{\"@type\":\"ImageObject\",\"inLanguage\":\"en-US\",\"@id\":\"https:\/\/www.visit-ulcinj.com\/blog\/2016\/05\/24\/reagim-ne-ul-info-ura-ulqin-vezja-e-qyqes-e-forces\/#primaryimage\",\"url\":\"https:\/\/www.visit-ulcinj.com\/blog\/wp-content\/uploads\/2016\/04\/Aida-Llunji-Lika-URA-Ulqin-Ulcinj-1.jpg\",\"contentUrl\":\"https:\/\/www.visit-ulcinj.com\/blog\/wp-content\/uploads\/2016\/04\/Aida-Llunji-Lika-URA-Ulqin-Ulcinj-1.jpg\",\"width\":960,\"height\":640},{\"@type\":\"WebPage\",\"@id\":\"https:\/\/www.visit-ulcinj.com\/blog\/2016\/05\/24\/reagim-ne-ul-info-ura-ulqin-vezja-e-qyqes-e-forces\/#webpage\",\"url\":\"https:\/\/www.visit-ulcinj.com\/blog\/2016\/05\/24\/reagim-ne-ul-info-ura-ulqin-vezja-e-qyqes-e-forces\/\",\"name\":\"Reagim n\u00eb Ul.info - URA Ulqin: Vezja e qyqes e Forc\u00ebs - Lajme nga Ulqini\",\"isPartOf\":{\"@id\":\"https:\/\/www.visit-ulcinj.com\/blog\/#website\"},\"primaryImageOfPage\":{\"@id\":\"https:\/\/www.visit-ulcinj.com\/blog\/2016\/05\/24\/reagim-ne-ul-info-ura-ulqin-vezja-e-qyqes-e-forces\/#primaryimage\"},\"datePublished\":\"2016-05-24T21:39:44+00:00\",\"dateModified\":\"2016-05-24T21:39:44+00:00\",\"author\":{\"@id\":\"https:\/\/www.visit-ulcinj.com\/blog\/#\/schema\/person\/dcab619c614d3038751c63bc2aadc06d\"},\"description\":\"N\u00eb redaksin\u00eb ton\u00eb mb\u00ebrriti kumtesa e K\u00ebshillit komunal t\u00eb L\u00ebvizjes qytetare URA, t\u00eb cil\u00ebn e p\u00ebrcjellim n\u00eb t\u00ebr\u00ebsi: Asnj\u00ebher\u00eb nuk kemi d\u00ebshiruar q\u00eb t\u00eb\",\"breadcrumb\":{\"@id\":\"https:\/\/www.visit-ulcinj.com\/blog\/2016\/05\/24\/reagim-ne-ul-info-ura-ulqin-vezja-e-qyqes-e-forces\/#breadcrumb\"},\"inLanguage\":\"en-US\",\"potentialAction\":[{\"@type\":\"ReadAction\",\"target\":[\"https:\/\/www.visit-ulcinj.com\/blog\/2016\/05\/24\/reagim-ne-ul-info-ura-ulqin-vezja-e-qyqes-e-forces\/\"]}]},{\"@type\":\"BreadcrumbList\",\"@id\":\"https:\/\/www.visit-ulcinj.com\/blog\/2016\/05\/24\/reagim-ne-ul-info-ura-ulqin-vezja-e-qyqes-e-forces\/#breadcrumb\",\"itemListElement\":[{\"@type\":\"ListItem\",\"position\":1,\"name\":\"Reagim n\u00eb Ul.info &#8211; URA Ulqin: Vezja e qyqes e Forc\u00ebs\"}]},{\"@type\":\"Person\",\"@id\":\"https:\/\/www.visit-ulcinj.com\/blog\/#\/schema\/person\/dcab619c614d3038751c63bc2aadc06d\",\"name\":\"ulqini\",\"sameAs\":[\"http:\/\/www.visit-ulcinj.com\"],\"url\":\"https:\/\/www.visit-ulcinj.com\/blog\/author\/admin\/\"}]}<\/script>\n<!-- \/ Yoast SEO plugin. -->","yoast_head_json":{"title":"Reagim n\u00eb Ul.info - URA Ulqin: Vezja e qyqes e Forc\u00ebs - Lajme nga Ulqini","description":"N\u00eb redaksin\u00eb ton\u00eb mb\u00ebrriti kumtesa e K\u00ebshillit komunal t\u00eb L\u00ebvizjes qytetare URA, t\u00eb cil\u00ebn e p\u00ebrcjellim n\u00eb t\u00ebr\u00ebsi: Asnj\u00ebher\u00eb nuk kemi d\u00ebshiruar q\u00eb t\u00eb","robots":{"index":"index","follow":"follow","max-snippet":"max-snippet:-1","max-image-preview":"max-image-preview:large","max-video-preview":"max-video-preview:-1"},"canonical":"https:\/\/www.visit-ulcinj.com\/blog\/2016\/05\/24\/reagim-ne-ul-info-ura-ulqin-vezja-e-qyqes-e-forces\/","og_locale":"en_US","og_type":"article","og_title":"Reagim n\u00eb Ul.info - URA Ulqin: Vezja e qyqes e Forc\u00ebs - Lajme nga Ulqini","og_description":"N\u00eb redaksin\u00eb ton\u00eb mb\u00ebrriti kumtesa e K\u00ebshillit komunal t\u00eb L\u00ebvizjes qytetare URA, t\u00eb cil\u00ebn e p\u00ebrcjellim n\u00eb t\u00ebr\u00ebsi: Asnj\u00ebher\u00eb nuk kemi d\u00ebshiruar q\u00eb t\u00eb","og_url":"https:\/\/www.visit-ulcinj.com\/blog\/2016\/05\/24\/reagim-ne-ul-info-ura-ulqin-vezja-e-qyqes-e-forces\/","og_site_name":"Lajme nga Ulqini","article_published_time":"2016-05-24T21:39:44+00:00","og_image":[{"url":"http:\/\/www.visit-ulcinj.com\/blog\/wp-content\/uploads\/2016\/04\/Aida-Llunji-Lika-URA-Ulqin-Ulcinj-1.jpg"}],"twitter_misc":{"Written by":"ulqini","Est. reading time":"6 minutes"},"schema":{"@context":"https:\/\/schema.org","@graph":[{"@type":"WebSite","@id":"https:\/\/www.visit-ulcinj.com\/blog\/#website","url":"https:\/\/www.visit-ulcinj.com\/blog\/","name":"Lajme nga Ulqini","description":"Lajme,Vijesti,Ulqini,Ulqin,Crna Gora,Mali i Zi","potentialAction":[{"@type":"SearchAction","target":{"@type":"EntryPoint","urlTemplate":"https:\/\/www.visit-ulcinj.com\/blog\/?s={search_term_string}"},"query-input":"required name=search_term_string"}],"inLanguage":"en-US"},{"@type":"ImageObject","inLanguage":"en-US","@id":"https:\/\/www.visit-ulcinj.com\/blog\/2016\/05\/24\/reagim-ne-ul-info-ura-ulqin-vezja-e-qyqes-e-forces\/#primaryimage","url":"https:\/\/www.visit-ulcinj.com\/blog\/wp-content\/uploads\/2016\/04\/Aida-Llunji-Lika-URA-Ulqin-Ulcinj-1.jpg","contentUrl":"https:\/\/www.visit-ulcinj.com\/blog\/wp-content\/uploads\/2016\/04\/Aida-Llunji-Lika-URA-Ulqin-Ulcinj-1.jpg","width":960,"height":640},{"@type":"WebPage","@id":"https:\/\/www.visit-ulcinj.com\/blog\/2016\/05\/24\/reagim-ne-ul-info-ura-ulqin-vezja-e-qyqes-e-forces\/#webpage","url":"https:\/\/www.visit-ulcinj.com\/blog\/2016\/05\/24\/reagim-ne-ul-info-ura-ulqin-vezja-e-qyqes-e-forces\/","name":"Reagim n\u00eb Ul.info - URA Ulqin: Vezja e qyqes e Forc\u00ebs - Lajme nga Ulqini","isPartOf":{"@id":"https:\/\/www.visit-ulcinj.com\/blog\/#website"},"primaryImageOfPage":{"@id":"https:\/\/www.visit-ulcinj.com\/blog\/2016\/05\/24\/reagim-ne-ul-info-ura-ulqin-vezja-e-qyqes-e-forces\/#primaryimage"},"datePublished":"2016-05-24T21:39:44+00:00","dateModified":"2016-05-24T21:39:44+00:00","author":{"@id":"https:\/\/www.visit-ulcinj.com\/blog\/#\/schema\/person\/dcab619c614d3038751c63bc2aadc06d"},"description":"N\u00eb redaksin\u00eb ton\u00eb mb\u00ebrriti kumtesa e K\u00ebshillit komunal t\u00eb L\u00ebvizjes qytetare URA, t\u00eb cil\u00ebn e p\u00ebrcjellim n\u00eb t\u00ebr\u00ebsi: Asnj\u00ebher\u00eb nuk kemi d\u00ebshiruar q\u00eb t\u00eb","breadcrumb":{"@id":"https:\/\/www.visit-ulcinj.com\/blog\/2016\/05\/24\/reagim-ne-ul-info-ura-ulqin-vezja-e-qyqes-e-forces\/#breadcrumb"},"inLanguage":"en-US","potentialAction":[{"@type":"ReadAction","target":["https:\/\/www.visit-ulcinj.com\/blog\/2016\/05\/24\/reagim-ne-ul-info-ura-ulqin-vezja-e-qyqes-e-forces\/"]}]},{"@type":"BreadcrumbList","@id":"https:\/\/www.visit-ulcinj.com\/blog\/2016\/05\/24\/reagim-ne-ul-info-ura-ulqin-vezja-e-qyqes-e-forces\/#breadcrumb","itemListElement":[{"@type":"ListItem","position":1,"name":"Reagim n\u00eb Ul.info &#8211; URA Ulqin: Vezja e qyqes e Forc\u00ebs"}]},{"@type":"Person","@id":"https:\/\/www.visit-ulcinj.com\/blog\/#\/schema\/person\/dcab619c614d3038751c63bc2aadc06d","name":"ulqini","sameAs":["http:\/\/www.visit-ulcinj.com"],"url":"https:\/\/www.visit-ulcinj.com\/blog\/author\/admin\/"}]}},"jetpack_featured_media_url":"","jetpack_sharing_enabled":true,"jetpack_shortlink":"https:\/\/wp.me\/pe6lTn-pgg","_links":{"self":[{"href":"https:\/\/www.visit-ulcinj.com\/blog\/wp-json\/wp\/v2\/posts\/97108"}],"collection":[{"href":"https:\/\/www.visit-ulcinj.com\/blog\/wp-json\/wp\/v2\/posts"}],"about":[{"href":"https:\/\/www.visit-ulcinj.com\/blog\/wp-json\/wp\/v2\/types\/post"}],"author":[{"embeddable":true,"href":"https:\/\/www.visit-ulcinj.com\/blog\/wp-json\/wp\/v2\/users\/1"}],"replies":[{"embeddable":true,"href":"https:\/\/www.visit-ulcinj.com\/blog\/wp-json\/wp\/v2\/comments?post=97108"}],"version-history":[{"count":1,"href":"https:\/\/www.visit-ulcinj.com\/blog\/wp-json\/wp\/v2\/posts\/97108\/revisions"}],"predecessor-version":[{"id":97109,"href":"https:\/\/www.visit-ulcinj.com\/blog\/wp-json\/wp\/v2\/posts\/97108\/revisions\/97109"}],"wp:attachment":[{"href":"https:\/\/www.visit-ulcinj.com\/blog\/wp-json\/wp\/v2\/media?parent=97108"}],"wp:term":[{"taxonomy":"category","embeddable":true,"href":"https:\/\/www.visit-ulcinj.com\/blog\/wp-json\/wp\/v2\/categories?post=97108"},{"taxonomy":"post_tag","embeddable":true,"href":"https:\/\/www.visit-ulcinj.com\/blog\/wp-json\/wp\/v2\/tags?post=97108"}],"curies":[{"name":"wp","href":"https:\/\/api.w.org\/{rel}","templated":true}]}}