{"id":97112,"date":"2016-05-25T15:05:07","date_gmt":"2016-05-25T14:05:07","guid":{"rendered":"http:\/\/www.visit-ulcinj.com\/blog\/?p=97112"},"modified":"2016-05-26T14:27:54","modified_gmt":"2016-05-26T13:27:54","slug":"banoret-e-shtojit-i-ankohen-kryetarit-cungu","status":"publish","type":"post","link":"https:\/\/www.visit-ulcinj.com\/blog\/2016\/05\/25\/banoret-e-shtojit-i-ankohen-kryetarit-cungu\/","title":{"rendered":"Banor\u00ebt e Shtojit i ankohen kryetarit Cungu"},"content":{"rendered":"<p id=\":11r\" class=\"hP\" tabindex=\"-1\"><strong><a href=\"http:\/\/www.visit-ulcinj.com\/blog\/wp-content\/uploads\/2016\/05\/Nazif-Cungu-me-banor\u00ebt-e-Shtojit-.jpg\"><img loading=\"lazy\" class=\"alignleft wp-image-97113\" src=\"http:\/\/www.visit-ulcinj.com\/blog\/wp-content\/uploads\/2016\/05\/Nazif-Cungu-me-banor\u00ebt-e-Shtojit-.jpg\" alt=\"Nazif-Cungu-me banor\u00ebt e Shtojit-\" width=\"508\" height=\"243\" srcset=\"https:\/\/www.visit-ulcinj.com\/blog\/wp-content\/uploads\/2016\/05\/Nazif-Cungu-me-banor\u00ebt-e-Shtojit-.jpg 702w, https:\/\/www.visit-ulcinj.com\/blog\/wp-content\/uploads\/2016\/05\/Nazif-Cungu-me-banor\u00ebt-e-Shtojit--300x144.jpg 300w\" sizes=\"(max-width: 508px) 100vw, 508px\" \/><\/a>Udh\u00ebheq\u00ebsit komunal takohen me banor\u00ebt e Shtojit<\/strong><\/p>\n<p>N\u00eb kuad\u00ebr t\u00eb takimeve q\u00eb kryetari i Ulqinit Nazif Cungu dhe bashk\u00ebpun\u00ebtor\u00ebt e tij\u00a0 po organizojn\u00eb me banor\u00ebt e bashk\u00ebsive lokale n\u00eb prag t\u00eb sezonit turistik stacioni i rradh\u00ebs ishte n\u00eb Bashk\u00ebsin\u00eb lokale t\u00eb Shtoit.<\/p>\n<p>&nbsp;<\/p>\n<p>Disa dhjetra qytetar\u00eb kishin ardhur n\u00eb takimin me kryetarin Cungu ku p\u00ebr af\u00ebr tre or\u00eb u trajtuan nj\u00eb s\u00ebr\u00eb \u00e7\u00ebshtjesh q\u00eb preukupojn\u00eb banor\u00ebt e atjesh\u00ebm, por edhe\u00a0 komun\u00ebn.<\/p>\n<p>&nbsp;<\/p>\n<p>Kryetari i Komun\u00ebs Nazif Cungu dhe me k\u00ebt\u00eb takim p\u00ebrs\u00ebriti se angazhohet p\u00ebr\u00a0 pun\u00eb, transparenc\u00eb dhe komunikim t\u00eb drejt\u00ebp\u00ebrdrejt\u00eb me qytetar\u00ebt.<\/p>\n<p>Pal\u00ebt shpreh\u00ebn shqet\u00ebsime p\u00ebr \u00e7\u00ebshtjen e past\u00ebrtis\u00eb ku u tha q\u00eb bashk\u00ebpunimi\u00a0 duhet t\u00eb jet\u00eb reciprok. Nga banor\u00ebt e Shtojit u k\u00ebrkua q\u00eb t\u00eb shlyejn\u00eb obligimet e tyre p\u00ebrsa i p\u00ebrket paraqitjes s\u00eb mysafir\u00ebve, tatimeve etj., nd\u00ebrkoh\u00eb q\u00eb komuna\u00a0 nga ana tjet\u00ebr merr p\u00ebrsip\u00ebr q\u00eb nga mjetet e akumuluara t\u00eb investoj\u00eb n\u00eb Shtoj. Poashtu u tha q\u00eb Komuna n\u00ebp\u00ebrmes vendimeve q\u00eb do t\u00eb miratoj\u00eb n\u00eb Kuvend do\u00a0 ti dal\u00eb n\u00eb ndihm\u00eb realizimit t\u00eb k\u00ebrkesave t\u00eb banor\u00ebve t\u00eb Shtojit.<\/p>\n<p>Q\u00ebllimi dhe synimi i t\u00eb gjith\u00ebve \u00ebsht\u00eb q\u00eb sezoni i k\u00ebtij viti t\u00eb na gjej\u00eb sa m\u00eb t\u00eb p\u00ebrgatitur, e sa m\u00eb shum\u00eb mjete t\u00eb grumbullojm\u00eb kjo \u00ebsht\u00eb n\u00eb interes t\u00eb p\u00ebrbashk\u00ebt &#8211; u tha n\u00eb takimin e hapur dhe miq\u00ebsor me banor\u00ebt e Bashk\u00ebsis\u00eb Lokale t\u00eb Shtoj.<\/p>\n","protected":false},"excerpt":{"rendered":"<p>Udh\u00ebheq\u00ebsit komunal takohen me banor\u00ebt e Shtojit N\u00eb kuad\u00ebr t\u00eb takimeve q\u00eb kryetari i Ulqinit Nazif Cungu dhe bashk\u00ebpun\u00ebtor\u00ebt e tij\u00a0 po organizojn\u00eb me banor\u00ebt e bashk\u00ebsive lokale n\u00eb prag t\u00eb sezonit turistik stacioni i rradh\u00ebs ishte n\u00eb Bashk\u00ebsin\u00eb lokale t\u00eb Shtoit. &nbsp; Disa dhjetra qytetar\u00eb kishin ardhur n\u00eb takimin me kryetarin Cungu ku p\u00ebr [&hellip;]<\/p>\n","protected":false},"author":1,"featured_media":0,"comment_status":"closed","ping_status":"closed","sticky":false,"template":"","format":"standard","meta":{"spay_email":"","jetpack_publicize_message":"","jetpack_is_tweetstorm":false,"jetpack_publicize_feature_enabled":true},"categories":[1,11],"tags":[],"jetpack_publicize_connections":[],"yoast_head":"<!-- This site is optimized with the Yoast SEO plugin v19.1 - https:\/\/yoast.com\/wordpress\/plugins\/seo\/ -->\n<title>Banor\u00ebt e Shtojit i ankohen kryetarit Cungu - Lajme nga Ulqini<\/title>\n<meta name=\"description\" content=\"Udh\u00ebheq\u00ebsit komunal takohen me banor\u00ebt e Shtojit N\u00eb kuad\u00ebr t\u00eb takimeve q\u00eb kryetari i Ulqinit Nazif Cungu dhe bashk\u00ebpun\u00ebtor\u00ebt e tij\u00a0 po organizojn\u00eb me\" \/>\n<meta name=\"robots\" content=\"index, follow, max-snippet:-1, max-image-preview:large, max-video-preview:-1\" \/>\n<link rel=\"canonical\" href=\"https:\/\/www.visit-ulcinj.com\/blog\/2016\/05\/25\/banoret-e-shtojit-i-ankohen-kryetarit-cungu\/\" \/>\n<meta property=\"og:locale\" content=\"en_US\" \/>\n<meta property=\"og:type\" content=\"article\" \/>\n<meta property=\"og:title\" content=\"Banor\u00ebt e Shtojit i ankohen kryetarit Cungu - Lajme nga Ulqini\" \/>\n<meta property=\"og:description\" content=\"Udh\u00ebheq\u00ebsit komunal takohen me banor\u00ebt e Shtojit N\u00eb kuad\u00ebr t\u00eb takimeve q\u00eb kryetari i Ulqinit Nazif Cungu dhe bashk\u00ebpun\u00ebtor\u00ebt e tij\u00a0 po organizojn\u00eb me\" \/>\n<meta property=\"og:url\" content=\"https:\/\/www.visit-ulcinj.com\/blog\/2016\/05\/25\/banoret-e-shtojit-i-ankohen-kryetarit-cungu\/\" \/>\n<meta property=\"og:site_name\" content=\"Lajme nga Ulqini\" \/>\n<meta property=\"article:published_time\" content=\"2016-05-25T14:05:07+00:00\" \/>\n<meta property=\"article:modified_time\" content=\"2016-05-26T13:27:54+00:00\" \/>\n<meta name=\"twitter:label1\" content=\"Written by\" \/>\n\t<meta name=\"twitter:data1\" content=\"ulqini\" \/>\n\t<meta name=\"twitter:label2\" content=\"Est. reading time\" \/>\n\t<meta name=\"twitter:data2\" content=\"1 minute\" \/>\n<script type=\"application\/ld+json\" class=\"yoast-schema-graph\">{\"@context\":\"https:\/\/schema.org\",\"@graph\":[{\"@type\":\"WebSite\",\"@id\":\"https:\/\/www.visit-ulcinj.com\/blog\/#website\",\"url\":\"https:\/\/www.visit-ulcinj.com\/blog\/\",\"name\":\"Lajme nga Ulqini\",\"description\":\"Lajme,Vijesti,Ulqini,Ulqin,Crna Gora,Mali i Zi\",\"potentialAction\":[{\"@type\":\"SearchAction\",\"target\":{\"@type\":\"EntryPoint\",\"urlTemplate\":\"https:\/\/www.visit-ulcinj.com\/blog\/?s={search_term_string}\"},\"query-input\":\"required name=search_term_string\"}],\"inLanguage\":\"en-US\"},{\"@type\":\"WebPage\",\"@id\":\"https:\/\/www.visit-ulcinj.com\/blog\/2016\/05\/25\/banoret-e-shtojit-i-ankohen-kryetarit-cungu\/#webpage\",\"url\":\"https:\/\/www.visit-ulcinj.com\/blog\/2016\/05\/25\/banoret-e-shtojit-i-ankohen-kryetarit-cungu\/\",\"name\":\"Banor\u00ebt e Shtojit i ankohen kryetarit Cungu - Lajme nga Ulqini\",\"isPartOf\":{\"@id\":\"https:\/\/www.visit-ulcinj.com\/blog\/#website\"},\"datePublished\":\"2016-05-25T14:05:07+00:00\",\"dateModified\":\"2016-05-26T13:27:54+00:00\",\"author\":{\"@id\":\"https:\/\/www.visit-ulcinj.com\/blog\/#\/schema\/person\/dcab619c614d3038751c63bc2aadc06d\"},\"description\":\"Udh\u00ebheq\u00ebsit komunal takohen me banor\u00ebt e Shtojit N\u00eb kuad\u00ebr t\u00eb takimeve q\u00eb kryetari i Ulqinit Nazif Cungu dhe bashk\u00ebpun\u00ebtor\u00ebt e tij\u00a0 po organizojn\u00eb me\",\"breadcrumb\":{\"@id\":\"https:\/\/www.visit-ulcinj.com\/blog\/2016\/05\/25\/banoret-e-shtojit-i-ankohen-kryetarit-cungu\/#breadcrumb\"},\"inLanguage\":\"en-US\",\"potentialAction\":[{\"@type\":\"ReadAction\",\"target\":[\"https:\/\/www.visit-ulcinj.com\/blog\/2016\/05\/25\/banoret-e-shtojit-i-ankohen-kryetarit-cungu\/\"]}]},{\"@type\":\"BreadcrumbList\",\"@id\":\"https:\/\/www.visit-ulcinj.com\/blog\/2016\/05\/25\/banoret-e-shtojit-i-ankohen-kryetarit-cungu\/#breadcrumb\",\"itemListElement\":[{\"@type\":\"ListItem\",\"position\":1,\"name\":\"Banor\u00ebt e Shtojit i ankohen kryetarit Cungu\"}]},{\"@type\":\"Person\",\"@id\":\"https:\/\/www.visit-ulcinj.com\/blog\/#\/schema\/person\/dcab619c614d3038751c63bc2aadc06d\",\"name\":\"ulqini\",\"sameAs\":[\"http:\/\/www.visit-ulcinj.com\"],\"url\":\"https:\/\/www.visit-ulcinj.com\/blog\/author\/admin\/\"}]}<\/script>\n<!-- \/ Yoast SEO plugin. -->","yoast_head_json":{"title":"Banor\u00ebt e Shtojit i ankohen kryetarit Cungu - Lajme nga Ulqini","description":"Udh\u00ebheq\u00ebsit komunal takohen me banor\u00ebt e Shtojit N\u00eb kuad\u00ebr t\u00eb takimeve q\u00eb kryetari i Ulqinit Nazif Cungu dhe bashk\u00ebpun\u00ebtor\u00ebt e tij\u00a0 po organizojn\u00eb me","robots":{"index":"index","follow":"follow","max-snippet":"max-snippet:-1","max-image-preview":"max-image-preview:large","max-video-preview":"max-video-preview:-1"},"canonical":"https:\/\/www.visit-ulcinj.com\/blog\/2016\/05\/25\/banoret-e-shtojit-i-ankohen-kryetarit-cungu\/","og_locale":"en_US","og_type":"article","og_title":"Banor\u00ebt e Shtojit i ankohen kryetarit Cungu - Lajme nga Ulqini","og_description":"Udh\u00ebheq\u00ebsit komunal takohen me banor\u00ebt e Shtojit N\u00eb kuad\u00ebr t\u00eb takimeve q\u00eb kryetari i Ulqinit Nazif Cungu dhe bashk\u00ebpun\u00ebtor\u00ebt e tij\u00a0 po organizojn\u00eb me","og_url":"https:\/\/www.visit-ulcinj.com\/blog\/2016\/05\/25\/banoret-e-shtojit-i-ankohen-kryetarit-cungu\/","og_site_name":"Lajme nga Ulqini","article_published_time":"2016-05-25T14:05:07+00:00","article_modified_time":"2016-05-26T13:27:54+00:00","twitter_misc":{"Written by":"ulqini","Est. reading time":"1 minute"},"schema":{"@context":"https:\/\/schema.org","@graph":[{"@type":"WebSite","@id":"https:\/\/www.visit-ulcinj.com\/blog\/#website","url":"https:\/\/www.visit-ulcinj.com\/blog\/","name":"Lajme nga Ulqini","description":"Lajme,Vijesti,Ulqini,Ulqin,Crna Gora,Mali i Zi","potentialAction":[{"@type":"SearchAction","target":{"@type":"EntryPoint","urlTemplate":"https:\/\/www.visit-ulcinj.com\/blog\/?s={search_term_string}"},"query-input":"required name=search_term_string"}],"inLanguage":"en-US"},{"@type":"WebPage","@id":"https:\/\/www.visit-ulcinj.com\/blog\/2016\/05\/25\/banoret-e-shtojit-i-ankohen-kryetarit-cungu\/#webpage","url":"https:\/\/www.visit-ulcinj.com\/blog\/2016\/05\/25\/banoret-e-shtojit-i-ankohen-kryetarit-cungu\/","name":"Banor\u00ebt e Shtojit i ankohen kryetarit Cungu - Lajme nga Ulqini","isPartOf":{"@id":"https:\/\/www.visit-ulcinj.com\/blog\/#website"},"datePublished":"2016-05-25T14:05:07+00:00","dateModified":"2016-05-26T13:27:54+00:00","author":{"@id":"https:\/\/www.visit-ulcinj.com\/blog\/#\/schema\/person\/dcab619c614d3038751c63bc2aadc06d"},"description":"Udh\u00ebheq\u00ebsit komunal takohen me banor\u00ebt e Shtojit N\u00eb kuad\u00ebr t\u00eb takimeve q\u00eb kryetari i Ulqinit Nazif Cungu dhe bashk\u00ebpun\u00ebtor\u00ebt e tij\u00a0 po organizojn\u00eb me","breadcrumb":{"@id":"https:\/\/www.visit-ulcinj.com\/blog\/2016\/05\/25\/banoret-e-shtojit-i-ankohen-kryetarit-cungu\/#breadcrumb"},"inLanguage":"en-US","potentialAction":[{"@type":"ReadAction","target":["https:\/\/www.visit-ulcinj.com\/blog\/2016\/05\/25\/banoret-e-shtojit-i-ankohen-kryetarit-cungu\/"]}]},{"@type":"BreadcrumbList","@id":"https:\/\/www.visit-ulcinj.com\/blog\/2016\/05\/25\/banoret-e-shtojit-i-ankohen-kryetarit-cungu\/#breadcrumb","itemListElement":[{"@type":"ListItem","position":1,"name":"Banor\u00ebt e Shtojit i ankohen kryetarit Cungu"}]},{"@type":"Person","@id":"https:\/\/www.visit-ulcinj.com\/blog\/#\/schema\/person\/dcab619c614d3038751c63bc2aadc06d","name":"ulqini","sameAs":["http:\/\/www.visit-ulcinj.com"],"url":"https:\/\/www.visit-ulcinj.com\/blog\/author\/admin\/"}]}},"jetpack_featured_media_url":"","jetpack_sharing_enabled":true,"jetpack_shortlink":"https:\/\/wp.me\/pe6lTn-pgk","_links":{"self":[{"href":"https:\/\/www.visit-ulcinj.com\/blog\/wp-json\/wp\/v2\/posts\/97112"}],"collection":[{"href":"https:\/\/www.visit-ulcinj.com\/blog\/wp-json\/wp\/v2\/posts"}],"about":[{"href":"https:\/\/www.visit-ulcinj.com\/blog\/wp-json\/wp\/v2\/types\/post"}],"author":[{"embeddable":true,"href":"https:\/\/www.visit-ulcinj.com\/blog\/wp-json\/wp\/v2\/users\/1"}],"replies":[{"embeddable":true,"href":"https:\/\/www.visit-ulcinj.com\/blog\/wp-json\/wp\/v2\/comments?post=97112"}],"version-history":[{"count":1,"href":"https:\/\/www.visit-ulcinj.com\/blog\/wp-json\/wp\/v2\/posts\/97112\/revisions"}],"predecessor-version":[{"id":97114,"href":"https:\/\/www.visit-ulcinj.com\/blog\/wp-json\/wp\/v2\/posts\/97112\/revisions\/97114"}],"wp:attachment":[{"href":"https:\/\/www.visit-ulcinj.com\/blog\/wp-json\/wp\/v2\/media?parent=97112"}],"wp:term":[{"taxonomy":"category","embeddable":true,"href":"https:\/\/www.visit-ulcinj.com\/blog\/wp-json\/wp\/v2\/categories?post=97112"},{"taxonomy":"post_tag","embeddable":true,"href":"https:\/\/www.visit-ulcinj.com\/blog\/wp-json\/wp\/v2\/tags?post=97112"}],"curies":[{"name":"wp","href":"https:\/\/api.w.org\/{rel}","templated":true}]}}