{"id":97115,"date":"2016-05-25T15:15:06","date_gmt":"2016-05-25T14:15:06","guid":{"rendered":"http:\/\/www.visit-ulcinj.com\/blog\/?p=97115"},"modified":"2016-05-25T15:15:06","modified_gmt":"2016-05-25T14:15:06","slug":"prishtina-dhe-ulqini-te-ndertojne-ura-bashkepunimi","status":"publish","type":"post","link":"https:\/\/www.visit-ulcinj.com\/blog\/2016\/05\/25\/prishtina-dhe-ulqini-te-ndertojne-ura-bashkepunimi\/","title":{"rendered":"Prishtina dhe Ulqini, t\u00eb nd\u00ebrtojn\u00eb ura bashk\u00ebpunimi"},"content":{"rendered":"<p id=\":13u\" class=\"hP\" tabindex=\"-1\"><strong><a href=\"http:\/\/www.visit-ulcinj.com\/blog\/wp-content\/uploads\/2016\/05\/Prishtina-dhe-Ulqini-t\u00eb-nd\u00ebrtojn\u00eb-ura-bashk\u00ebpunimi-Ahmeti-Cungu-.jpg\"><img loading=\"lazy\" class=\"alignleft wp-image-97116\" src=\"http:\/\/www.visit-ulcinj.com\/blog\/wp-content\/uploads\/2016\/05\/Prishtina-dhe-Ulqini-t\u00eb-nd\u00ebrtojn\u00eb-ura-bashk\u00ebpunimi-Ahmeti-Cungu-.jpg\" alt=\"Prishtina dhe Ulqini, t\u00eb nd\u00ebrtojn\u00eb ura bashk\u00ebpunimi -Ahmeti-Cungu-\" width=\"508\" height=\"337\" srcset=\"https:\/\/www.visit-ulcinj.com\/blog\/wp-content\/uploads\/2016\/05\/Prishtina-dhe-Ulqini-t\u00eb-nd\u00ebrtojn\u00eb-ura-bashk\u00ebpunimi-Ahmeti-Cungu-.jpg 750w, https:\/\/www.visit-ulcinj.com\/blog\/wp-content\/uploads\/2016\/05\/Prishtina-dhe-Ulqini-t\u00eb-nd\u00ebrtojn\u00eb-ura-bashk\u00ebpunimi-Ahmeti-Cungu--300x199.jpg 300w\" sizes=\"(max-width: 508px) 100vw, 508px\" \/><\/a>Komuna e Ulqinit dhe ajo e Prishtin\u00ebs do t\u00eb shk\u00ebmbejn\u00eb bashk\u00ebpunim n\u00eb fusha t\u00eb ndryshme<\/strong><\/p>\n<p><span lang=\"SR-LATN-ME\">Nj<\/span><span lang=\"SQ\">\u00eb delegacion i Komun\u00ebs s\u00eb Prishtin\u00ebs\u00a0 me n\u00eb\u00a0 krye Kryetarin e Komun\u00ebs ,Shpend Ahmeti vizitoi\u00a0\u00a0 Ulqinin\u00a0 dhe u prit\u00a0 nga Kryetari\u00a0 Nazif Cungu, Kryetari i Kuvendit\u00a0 Loro Ndrekiqi dhe bashk\u00ebpun\u00ebtor\u00eb t\u00eb\u00a0 tjer\u00eb. Gjat\u00eb takimit\u00a0 miq\u00ebsor\u00eb , t\u00eb dy kryetar\u00ebt\u00a0 potencuan\u00a0 se\u00a0 Ulqini dhe Prishtina\u00a0\u00a0 p\u00ebrher\u00eb\u00a0 kan\u00eb\u00a0 pasur\u00a0 lidhje\u00a0 fisnore, emocionale dhe\u00a0 lidhje t\u00eb\u00a0 tjera\u00a0 andaj\u00a0 \u00ebsht\u00eb koha q\u00eb\u00a0 t\u00eb fillojm\u00eb bashk\u00ebpunimin ton\u00eb\u00a0 me hapa konkret , pasi\u00a0 t\u00eb dy qytetet\u00a0 edhep\u00ebrkundrejte\u00a0 teritorit dhe\u00a0 numrit te\u00a0 banor\u00ebve kan\u00eb\u00a0 se\u00a0 cfar\u00eb\u00a0\u00a0 te shk\u00ebmbejn\u00eb. N\u00eb\u00a0 takim u prek\u00ebn shum\u00eb\u00a0 fusha\u00a0 ku komuna\u00a0 jon\u00eb mund\u00a0 t\u00eb\u00a0 p\u00ebrfitoj\u00eb\u00a0 nga praktika e Prishtin\u00ebs.P\u00ebrsa i p\u00ebrket\u00a0 c\u00ebshtjeve t\u00eb\u00a0 urbanizmit, legalizimit , parcelizimit etj,\u00a0 u la qe\u00a0\u00a0 fillimisht nje\u00a0 delegacion\u00a0\u00a0 i\u00a0 yni t\u00eb\u00a0\u00a0 vizitoj\u00eb\u00a0 Drejtorine e\u00a0\u00a0 urbanizmit\u00a0 n\u00eb Prishtine e\u00a0 te njoftohen konkretisht me\u00a0 zhvilimin e punes\u00a0 dhe modernizimin e atjesh\u00ebm\u00a0 e\u00a0 me pas eksperte te\u00a0\u00a0 kesaj\u00a0 Drejtorie\u00a0 te\u00a0 vijn\u00eb\u00a0 n\u00eb\u00a0 Ulqin\u00a0 e\u00a0 t\u00eb propozojne\u00a0 masa konkrete\u00a0\u00a0 p\u00ebr\u00a0\u00a0 problemet q\u00eb\u00a0 paraqiten\u00a0 n\u00eb terren tek ne.Mysafir\u00ebt\u00a0 nga\u00a0 Prishtina shpreh\u00ebn gadishm\u00ebri q\u00eb\u00a0 t\u00eb na ndihmojn\u00eb\u00a0 Ulqinin , edhe n\u00eb\u00a0 p\u00ebrvojat q\u00eb kajn\u00eb\u00a0 n\u00eb\u00a0 t\u00eb\u00a0 ashtuquajturat\u00a0 shkollat profesionale q\u00eb\u00a0 t\u00eb\u00a0 rinjve\u00a0 u mund\u00ebsojn\u00eb\u00a0 pun\u00ebsim\u00a0 m\u00eb\u00a0 t\u00eb shpejt\u00eb. Krahas\u00a0 kesaj\u00a0 u fol dhe per\u00a0 shk\u00ebmbimin e pervojave\u00a0 ne\u00a0 zhvillimin ekonomik , vecmas\u00a0 kjo\u00a0 tem\u00eb\u00a0 u\u00a0 b\u00eb\u00a0 objekt shqyrtimi\u00a0\u00a0\u00a0 me\u00a0\u00a0 perfaqesuesit e biznesit, nderkohe qe Komuna e Prishtines esht\u00eb e gatshme q\u00eb\u00a0 t\u00eb ndihmoje dhe ne\u00a0 realizimin e projekteve\u00a0 t\u00eb\u00a0 p\u00ebrbashk\u00ebta. N\u00eb konferencen e p\u00ebrbashk\u00ebt\u00a0 me gazetar\u00eb nikoqiri Cungu\u00a0 dhe homologu i tij Ahmeti\u00a0 vleresuan lart\u00eb takimin dhe\u00a0 premtuan se takime t\u00eb\u00a0\u00a0 ketij lloji do t\u00eb\u00a0 jen\u00eb\u00a0\u00a0 gjithnje e m\u00eb\u00a0 t\u00eb shpeshta .\u00a0 <\/span><\/p>\n<p><a href=\"http:\/\/www.visit-ulcinj.com\/blog\/wp-content\/uploads\/2016\/05\/Prishtina-dhe-Ulqini-t\u00eb-nd\u00ebrtojn\u00eb-ura-bashk\u00ebpunimi-Ahmeti-Cungu-2.jpg\"><img loading=\"lazy\" class=\"alignleft wp-image-97117\" src=\"http:\/\/www.visit-ulcinj.com\/blog\/wp-content\/uploads\/2016\/05\/Prishtina-dhe-Ulqini-t\u00eb-nd\u00ebrtojn\u00eb-ura-bashk\u00ebpunimi-Ahmeti-Cungu-2.jpg\" alt=\"Prishtina dhe Ulqini, t\u00eb nd\u00ebrtojn\u00eb ura bashk\u00ebpunimi -Ahmeti-Cungu-2\" width=\"508\" height=\"337\" srcset=\"https:\/\/www.visit-ulcinj.com\/blog\/wp-content\/uploads\/2016\/05\/Prishtina-dhe-Ulqini-t\u00eb-nd\u00ebrtojn\u00eb-ura-bashk\u00ebpunimi-Ahmeti-Cungu-2.jpg 750w, https:\/\/www.visit-ulcinj.com\/blog\/wp-content\/uploads\/2016\/05\/Prishtina-dhe-Ulqini-t\u00eb-nd\u00ebrtojn\u00eb-ura-bashk\u00ebpunimi-Ahmeti-Cungu-2-300x199.jpg 300w\" sizes=\"(max-width: 508px) 100vw, 508px\" \/><\/a> <a href=\"http:\/\/www.visit-ulcinj.com\/blog\/wp-content\/uploads\/2016\/05\/Prishtina-dhe-Ulqini-t\u00eb-nd\u00ebrtojn\u00eb-ura-bashk\u00ebpunimi-Ahmeti-Cungu-3.jpg\"><img loading=\"lazy\" class=\"alignleft wp-image-97118\" src=\"http:\/\/www.visit-ulcinj.com\/blog\/wp-content\/uploads\/2016\/05\/Prishtina-dhe-Ulqini-t\u00eb-nd\u00ebrtojn\u00eb-ura-bashk\u00ebpunimi-Ahmeti-Cungu-3.jpg\" alt=\"Prishtina dhe Ulqini, t\u00eb nd\u00ebrtojn\u00eb ura bashk\u00ebpunimi -Ahmeti-Cungu-3\" width=\"508\" height=\"337\" srcset=\"https:\/\/www.visit-ulcinj.com\/blog\/wp-content\/uploads\/2016\/05\/Prishtina-dhe-Ulqini-t\u00eb-nd\u00ebrtojn\u00eb-ura-bashk\u00ebpunimi-Ahmeti-Cungu-3.jpg 750w, https:\/\/www.visit-ulcinj.com\/blog\/wp-content\/uploads\/2016\/05\/Prishtina-dhe-Ulqini-t\u00eb-nd\u00ebrtojn\u00eb-ura-bashk\u00ebpunimi-Ahmeti-Cungu-3-300x199.jpg 300w\" sizes=\"(max-width: 508px) 100vw, 508px\" \/><\/a> <a href=\"http:\/\/www.visit-ulcinj.com\/blog\/wp-content\/uploads\/2016\/05\/Prishtina-dhe-Ulqini-t\u00eb-nd\u00ebrtojn\u00eb-ura-bashk\u00ebpunimi-Ahmeti-Cungu-4.jpg\"><img loading=\"lazy\" class=\"alignleft wp-image-97119\" src=\"http:\/\/www.visit-ulcinj.com\/blog\/wp-content\/uploads\/2016\/05\/Prishtina-dhe-Ulqini-t\u00eb-nd\u00ebrtojn\u00eb-ura-bashk\u00ebpunimi-Ahmeti-Cungu-4.jpg\" alt=\"Prishtina dhe Ulqini, t\u00eb nd\u00ebrtojn\u00eb ura bashk\u00ebpunimi -Ahmeti-Cungu-4\" width=\"508\" height=\"337\" srcset=\"https:\/\/www.visit-ulcinj.com\/blog\/wp-content\/uploads\/2016\/05\/Prishtina-dhe-Ulqini-t\u00eb-nd\u00ebrtojn\u00eb-ura-bashk\u00ebpunimi-Ahmeti-Cungu-4.jpg 750w, https:\/\/www.visit-ulcinj.com\/blog\/wp-content\/uploads\/2016\/05\/Prishtina-dhe-Ulqini-t\u00eb-nd\u00ebrtojn\u00eb-ura-bashk\u00ebpunimi-Ahmeti-Cungu-4-300x199.jpg 300w\" sizes=\"(max-width: 508px) 100vw, 508px\" \/><\/a> <a href=\"http:\/\/www.visit-ulcinj.com\/blog\/wp-content\/uploads\/2016\/05\/Prishtina-dhe-Ulqini-t\u00eb-nd\u00ebrtojn\u00eb-ura-bashk\u00ebpunimi-Ahmeti-Cungu-1.jpg\"><img loading=\"lazy\" class=\"alignleft wp-image-97120\" src=\"http:\/\/www.visit-ulcinj.com\/blog\/wp-content\/uploads\/2016\/05\/Prishtina-dhe-Ulqini-t\u00eb-nd\u00ebrtojn\u00eb-ura-bashk\u00ebpunimi-Ahmeti-Cungu-1.jpg\" alt=\"Prishtina dhe Ulqini, t\u00eb nd\u00ebrtojn\u00eb ura bashk\u00ebpunimi -Ahmeti-Cungu-1\" width=\"508\" height=\"337\" srcset=\"https:\/\/www.visit-ulcinj.com\/blog\/wp-content\/uploads\/2016\/05\/Prishtina-dhe-Ulqini-t\u00eb-nd\u00ebrtojn\u00eb-ura-bashk\u00ebpunimi-Ahmeti-Cungu-1.jpg 750w, https:\/\/www.visit-ulcinj.com\/blog\/wp-content\/uploads\/2016\/05\/Prishtina-dhe-Ulqini-t\u00eb-nd\u00ebrtojn\u00eb-ura-bashk\u00ebpunimi-Ahmeti-Cungu-1-300x199.jpg 300w\" sizes=\"(max-width: 508px) 100vw, 508px\" \/><\/a><\/p>\n","protected":false},"excerpt":{"rendered":"<p>Komuna e Ulqinit dhe ajo e Prishtin\u00ebs do t\u00eb shk\u00ebmbejn\u00eb bashk\u00ebpunim n\u00eb fusha t\u00eb ndryshme Nj\u00eb delegacion i Komun\u00ebs s\u00eb Prishtin\u00ebs\u00a0 me n\u00eb\u00a0 krye Kryetarin e Komun\u00ebs ,Shpend Ahmeti vizitoi\u00a0\u00a0 Ulqinin\u00a0 dhe u prit\u00a0 nga Kryetari\u00a0 Nazif Cungu, Kryetari i Kuvendit\u00a0 Loro Ndrekiqi dhe bashk\u00ebpun\u00ebtor\u00eb t\u00eb\u00a0 tjer\u00eb. Gjat\u00eb takimit\u00a0 miq\u00ebsor\u00eb , t\u00eb dy kryetar\u00ebt\u00a0 potencuan\u00a0 [&hellip;]<\/p>\n","protected":false},"author":1,"featured_media":0,"comment_status":"closed","ping_status":"closed","sticky":false,"template":"","format":"standard","meta":{"spay_email":"","jetpack_publicize_message":"","jetpack_is_tweetstorm":false,"jetpack_publicize_feature_enabled":true},"categories":[10],"tags":[],"jetpack_publicize_connections":[],"yoast_head":"<!-- This site is optimized with the Yoast SEO plugin v19.1 - https:\/\/yoast.com\/wordpress\/plugins\/seo\/ -->\n<title>Prishtina dhe Ulqini, t\u00eb nd\u00ebrtojn\u00eb ura bashk\u00ebpunimi - Lajme nga Ulqini<\/title>\n<meta name=\"description\" content=\"Komuna e Ulqinit dhe ajo e Prishtin\u00ebs do t\u00eb shk\u00ebmbejn\u00eb bashk\u00ebpunim n\u00eb fusha t\u00eb ndryshme Nj\u00eb delegacion i Komun\u00ebs s\u00eb Prishtin\u00ebs\u00a0 me n\u00eb\u00a0 krye Kryetarin e\" \/>\n<meta name=\"robots\" content=\"index, follow, max-snippet:-1, max-image-preview:large, max-video-preview:-1\" \/>\n<link rel=\"canonical\" href=\"https:\/\/www.visit-ulcinj.com\/blog\/2016\/05\/25\/prishtina-dhe-ulqini-te-ndertojne-ura-bashkepunimi\/\" \/>\n<meta property=\"og:locale\" content=\"en_US\" \/>\n<meta property=\"og:type\" content=\"article\" \/>\n<meta property=\"og:title\" content=\"Prishtina dhe Ulqini, t\u00eb nd\u00ebrtojn\u00eb ura bashk\u00ebpunimi - Lajme nga Ulqini\" \/>\n<meta property=\"og:description\" content=\"Komuna e Ulqinit dhe ajo e Prishtin\u00ebs do t\u00eb shk\u00ebmbejn\u00eb bashk\u00ebpunim n\u00eb fusha t\u00eb ndryshme Nj\u00eb delegacion i Komun\u00ebs s\u00eb Prishtin\u00ebs\u00a0 me n\u00eb\u00a0 krye Kryetarin e\" \/>\n<meta property=\"og:url\" content=\"https:\/\/www.visit-ulcinj.com\/blog\/2016\/05\/25\/prishtina-dhe-ulqini-te-ndertojne-ura-bashkepunimi\/\" \/>\n<meta property=\"og:site_name\" content=\"Lajme nga Ulqini\" \/>\n<meta property=\"article:published_time\" content=\"2016-05-25T14:15:06+00:00\" \/>\n<meta name=\"twitter:label1\" content=\"Written by\" \/>\n\t<meta name=\"twitter:data1\" content=\"ulqini\" \/>\n\t<meta name=\"twitter:label2\" content=\"Est. reading time\" \/>\n\t<meta name=\"twitter:data2\" content=\"2 minutes\" \/>\n<script type=\"application\/ld+json\" class=\"yoast-schema-graph\">{\"@context\":\"https:\/\/schema.org\",\"@graph\":[{\"@type\":\"WebSite\",\"@id\":\"https:\/\/www.visit-ulcinj.com\/blog\/#website\",\"url\":\"https:\/\/www.visit-ulcinj.com\/blog\/\",\"name\":\"Lajme nga Ulqini\",\"description\":\"Lajme,Vijesti,Ulqini,Ulqin,Crna Gora,Mali i Zi\",\"potentialAction\":[{\"@type\":\"SearchAction\",\"target\":{\"@type\":\"EntryPoint\",\"urlTemplate\":\"https:\/\/www.visit-ulcinj.com\/blog\/?s={search_term_string}\"},\"query-input\":\"required name=search_term_string\"}],\"inLanguage\":\"en-US\"},{\"@type\":\"WebPage\",\"@id\":\"https:\/\/www.visit-ulcinj.com\/blog\/2016\/05\/25\/prishtina-dhe-ulqini-te-ndertojne-ura-bashkepunimi\/#webpage\",\"url\":\"https:\/\/www.visit-ulcinj.com\/blog\/2016\/05\/25\/prishtina-dhe-ulqini-te-ndertojne-ura-bashkepunimi\/\",\"name\":\"Prishtina dhe Ulqini, t\u00eb nd\u00ebrtojn\u00eb ura bashk\u00ebpunimi - Lajme nga Ulqini\",\"isPartOf\":{\"@id\":\"https:\/\/www.visit-ulcinj.com\/blog\/#website\"},\"datePublished\":\"2016-05-25T14:15:06+00:00\",\"dateModified\":\"2016-05-25T14:15:06+00:00\",\"author\":{\"@id\":\"https:\/\/www.visit-ulcinj.com\/blog\/#\/schema\/person\/dcab619c614d3038751c63bc2aadc06d\"},\"description\":\"Komuna e Ulqinit dhe ajo e Prishtin\u00ebs do t\u00eb shk\u00ebmbejn\u00eb bashk\u00ebpunim n\u00eb fusha t\u00eb ndryshme Nj\u00eb delegacion i Komun\u00ebs s\u00eb Prishtin\u00ebs\u00a0 me n\u00eb\u00a0 krye Kryetarin e\",\"breadcrumb\":{\"@id\":\"https:\/\/www.visit-ulcinj.com\/blog\/2016\/05\/25\/prishtina-dhe-ulqini-te-ndertojne-ura-bashkepunimi\/#breadcrumb\"},\"inLanguage\":\"en-US\",\"potentialAction\":[{\"@type\":\"ReadAction\",\"target\":[\"https:\/\/www.visit-ulcinj.com\/blog\/2016\/05\/25\/prishtina-dhe-ulqini-te-ndertojne-ura-bashkepunimi\/\"]}]},{\"@type\":\"BreadcrumbList\",\"@id\":\"https:\/\/www.visit-ulcinj.com\/blog\/2016\/05\/25\/prishtina-dhe-ulqini-te-ndertojne-ura-bashkepunimi\/#breadcrumb\",\"itemListElement\":[{\"@type\":\"ListItem\",\"position\":1,\"name\":\"Prishtina dhe Ulqini, t\u00eb nd\u00ebrtojn\u00eb ura bashk\u00ebpunimi\"}]},{\"@type\":\"Person\",\"@id\":\"https:\/\/www.visit-ulcinj.com\/blog\/#\/schema\/person\/dcab619c614d3038751c63bc2aadc06d\",\"name\":\"ulqini\",\"sameAs\":[\"http:\/\/www.visit-ulcinj.com\"],\"url\":\"https:\/\/www.visit-ulcinj.com\/blog\/author\/admin\/\"}]}<\/script>\n<!-- \/ Yoast SEO plugin. -->","yoast_head_json":{"title":"Prishtina dhe Ulqini, t\u00eb nd\u00ebrtojn\u00eb ura bashk\u00ebpunimi - Lajme nga Ulqini","description":"Komuna e Ulqinit dhe ajo e Prishtin\u00ebs do t\u00eb shk\u00ebmbejn\u00eb bashk\u00ebpunim n\u00eb fusha t\u00eb ndryshme Nj\u00eb delegacion i Komun\u00ebs s\u00eb Prishtin\u00ebs\u00a0 me n\u00eb\u00a0 krye Kryetarin e","robots":{"index":"index","follow":"follow","max-snippet":"max-snippet:-1","max-image-preview":"max-image-preview:large","max-video-preview":"max-video-preview:-1"},"canonical":"https:\/\/www.visit-ulcinj.com\/blog\/2016\/05\/25\/prishtina-dhe-ulqini-te-ndertojne-ura-bashkepunimi\/","og_locale":"en_US","og_type":"article","og_title":"Prishtina dhe Ulqini, t\u00eb nd\u00ebrtojn\u00eb ura bashk\u00ebpunimi - Lajme nga Ulqini","og_description":"Komuna e Ulqinit dhe ajo e Prishtin\u00ebs do t\u00eb shk\u00ebmbejn\u00eb bashk\u00ebpunim n\u00eb fusha t\u00eb ndryshme Nj\u00eb delegacion i Komun\u00ebs s\u00eb Prishtin\u00ebs\u00a0 me n\u00eb\u00a0 krye Kryetarin e","og_url":"https:\/\/www.visit-ulcinj.com\/blog\/2016\/05\/25\/prishtina-dhe-ulqini-te-ndertojne-ura-bashkepunimi\/","og_site_name":"Lajme nga Ulqini","article_published_time":"2016-05-25T14:15:06+00:00","twitter_misc":{"Written by":"ulqini","Est. reading time":"2 minutes"},"schema":{"@context":"https:\/\/schema.org","@graph":[{"@type":"WebSite","@id":"https:\/\/www.visit-ulcinj.com\/blog\/#website","url":"https:\/\/www.visit-ulcinj.com\/blog\/","name":"Lajme nga Ulqini","description":"Lajme,Vijesti,Ulqini,Ulqin,Crna Gora,Mali i Zi","potentialAction":[{"@type":"SearchAction","target":{"@type":"EntryPoint","urlTemplate":"https:\/\/www.visit-ulcinj.com\/blog\/?s={search_term_string}"},"query-input":"required name=search_term_string"}],"inLanguage":"en-US"},{"@type":"WebPage","@id":"https:\/\/www.visit-ulcinj.com\/blog\/2016\/05\/25\/prishtina-dhe-ulqini-te-ndertojne-ura-bashkepunimi\/#webpage","url":"https:\/\/www.visit-ulcinj.com\/blog\/2016\/05\/25\/prishtina-dhe-ulqini-te-ndertojne-ura-bashkepunimi\/","name":"Prishtina dhe Ulqini, t\u00eb nd\u00ebrtojn\u00eb ura bashk\u00ebpunimi - Lajme nga Ulqini","isPartOf":{"@id":"https:\/\/www.visit-ulcinj.com\/blog\/#website"},"datePublished":"2016-05-25T14:15:06+00:00","dateModified":"2016-05-25T14:15:06+00:00","author":{"@id":"https:\/\/www.visit-ulcinj.com\/blog\/#\/schema\/person\/dcab619c614d3038751c63bc2aadc06d"},"description":"Komuna e Ulqinit dhe ajo e Prishtin\u00ebs do t\u00eb shk\u00ebmbejn\u00eb bashk\u00ebpunim n\u00eb fusha t\u00eb ndryshme Nj\u00eb delegacion i Komun\u00ebs s\u00eb Prishtin\u00ebs\u00a0 me n\u00eb\u00a0 krye Kryetarin e","breadcrumb":{"@id":"https:\/\/www.visit-ulcinj.com\/blog\/2016\/05\/25\/prishtina-dhe-ulqini-te-ndertojne-ura-bashkepunimi\/#breadcrumb"},"inLanguage":"en-US","potentialAction":[{"@type":"ReadAction","target":["https:\/\/www.visit-ulcinj.com\/blog\/2016\/05\/25\/prishtina-dhe-ulqini-te-ndertojne-ura-bashkepunimi\/"]}]},{"@type":"BreadcrumbList","@id":"https:\/\/www.visit-ulcinj.com\/blog\/2016\/05\/25\/prishtina-dhe-ulqini-te-ndertojne-ura-bashkepunimi\/#breadcrumb","itemListElement":[{"@type":"ListItem","position":1,"name":"Prishtina dhe Ulqini, t\u00eb nd\u00ebrtojn\u00eb ura bashk\u00ebpunimi"}]},{"@type":"Person","@id":"https:\/\/www.visit-ulcinj.com\/blog\/#\/schema\/person\/dcab619c614d3038751c63bc2aadc06d","name":"ulqini","sameAs":["http:\/\/www.visit-ulcinj.com"],"url":"https:\/\/www.visit-ulcinj.com\/blog\/author\/admin\/"}]}},"jetpack_featured_media_url":"","jetpack_sharing_enabled":true,"jetpack_shortlink":"https:\/\/wp.me\/pe6lTn-pgn","_links":{"self":[{"href":"https:\/\/www.visit-ulcinj.com\/blog\/wp-json\/wp\/v2\/posts\/97115"}],"collection":[{"href":"https:\/\/www.visit-ulcinj.com\/blog\/wp-json\/wp\/v2\/posts"}],"about":[{"href":"https:\/\/www.visit-ulcinj.com\/blog\/wp-json\/wp\/v2\/types\/post"}],"author":[{"embeddable":true,"href":"https:\/\/www.visit-ulcinj.com\/blog\/wp-json\/wp\/v2\/users\/1"}],"replies":[{"embeddable":true,"href":"https:\/\/www.visit-ulcinj.com\/blog\/wp-json\/wp\/v2\/comments?post=97115"}],"version-history":[{"count":1,"href":"https:\/\/www.visit-ulcinj.com\/blog\/wp-json\/wp\/v2\/posts\/97115\/revisions"}],"predecessor-version":[{"id":97121,"href":"https:\/\/www.visit-ulcinj.com\/blog\/wp-json\/wp\/v2\/posts\/97115\/revisions\/97121"}],"wp:attachment":[{"href":"https:\/\/www.visit-ulcinj.com\/blog\/wp-json\/wp\/v2\/media?parent=97115"}],"wp:term":[{"taxonomy":"category","embeddable":true,"href":"https:\/\/www.visit-ulcinj.com\/blog\/wp-json\/wp\/v2\/categories?post=97115"},{"taxonomy":"post_tag","embeddable":true,"href":"https:\/\/www.visit-ulcinj.com\/blog\/wp-json\/wp\/v2\/tags?post=97115"}],"curies":[{"name":"wp","href":"https:\/\/api.w.org\/{rel}","templated":true}]}}