{"id":97129,"date":"2016-05-25T17:18:41","date_gmt":"2016-05-25T16:18:41","guid":{"rendered":"http:\/\/www.visit-ulcinj.com\/blog\/?p=97129"},"modified":"2016-05-25T17:21:41","modified_gmt":"2016-05-25T16:21:41","slug":"zavicajni-muzej-grada-ulcinj","status":"publish","type":"post","link":"https:\/\/www.visit-ulcinj.com\/blog\/2016\/05\/25\/zavicajni-muzej-grada-ulcinj\/","title":{"rendered":"Zavi\u010dajni muzej Grada Ulcinj"},"content":{"rendered":"<p><strong><a href=\"http:\/\/www.visit-ulcinj.com\/blog\/wp-content\/uploads\/2016\/05\/Muzej-Grada-Ulcinj.jpg\"><img loading=\"lazy\" class=\"alignleft wp-image-97130\" src=\"http:\/\/www.visit-ulcinj.com\/blog\/wp-content\/uploads\/2016\/05\/Muzej-Grada-Ulcinj.jpg\" alt=\"Muzej Grada Ulcinj\" width=\"508\" height=\"339\" srcset=\"https:\/\/www.visit-ulcinj.com\/blog\/wp-content\/uploads\/2016\/05\/Muzej-Grada-Ulcinj.jpg 1024w, https:\/\/www.visit-ulcinj.com\/blog\/wp-content\/uploads\/2016\/05\/Muzej-Grada-Ulcinj-300x200.jpg 300w, https:\/\/www.visit-ulcinj.com\/blog\/wp-content\/uploads\/2016\/05\/Muzej-Grada-Ulcinj-768x512.jpg 768w\" sizes=\"(max-width: 508px) 100vw, 508px\" \/><\/a>Adresa: Stari grad, Ulcinj Telefon: E-mail: Radno vrijeme: Zimi &#8211; od 7 do 14 \u010dasova. Ljeti &#8211; od 7 do 12 \u010dasova i od 15 do 20 \u010dasova<\/strong><\/p>\n<div id=\"articleContent\">\n<p>Centar za kulturu Ulcinj formiran je 1994. godine, integracijom ustanova iz oblasti kulture sa podru\u010dja op\u0161tine.<\/p>\n<p>U njegovom sastavu je i Muzej, \u010diji je kompletan fond sistematizovan u nekoliko zbirki: arheolo\u0161ku, etnolo\u0161ku i umjetni\u010dku. Sastoji se iz tri objekta: crkve \u2013 d\u017eamije u kojoj je smje\u0161tena arheolo\u0161ka zbirka; objekta u kome je izlo\u017een etnografski materijal i Kule Bal\u0161i\u0107a, koja je prilago\u0111ena galerijskom prostoru. Naro\u010dito interesantan izlo\u017ebeni prostor predstavlja nekada\u0161nji Trg robova, na kome se nalazi i crkva \u2013 d\u017eamija.<\/p>\n<p>Arheolo\u0161ka zbirka izlo\u017eena je u renesansnoj crkvi iz 1510. godine, koja je 1693. godine pretvorena u d\u017eamiju. U svom sinkretisti\u010dkom izgledu, ona je sama po sebi neponovljiv spomenik pro\u017eimanja kultura Zapada i Istoka.<\/p>\n<p>Predmeti iz preistorijskog, helenskog, helenisti\u010dkog, rimskog, srednjevjekovnog i turskog peroda, otkriveni su u samom gradu. Izlo\u017eena keramika obuhvata ilirske zemljane posude, gr\u010dke crvenofiguralne vaze i lekite, helenisti\u010dke hidrije, kratere, amfore, rimsko posu\u0111e,<\/p>\n<p>srednjovjekovne \u010dinije, lonce, mleta\u010dke bokale i tanjire, turske kr\u010dage i ibrike i drugo raznovrsno posu\u0111e. Naro\u010dito su vrijedni: anti\u010dko postolje sa gr\u010dkim natpisom, posve\u0107eno<\/p>\n<p>boginji Artemidi i jedna anti\u010dka kameja.<\/p>\n<p>Izlo\u017eeni su fragmenti vratnica iz kasne antike, jonski kapitel, djelovi ciborijuma male crkve s po\u010detka IX vijeka, kapiteli istubovi katedrale i drugih crkava od XIII do XVI vijeka, kao i spomenici s latinskim i arapskim natpisima.<\/p>\n<p>U postavci je izdvojena vrijedna kolekcija srednjovjekovnog novca sa primjercima ulcinjskog folara \u2013 na aversu: predstava tvr\u0111ave sa tri kule i gradskim vratima i natpis CIVITAS DUCIGNI; na reversu: predstava jagnjeta, amblem grada, ili Bogorodica<\/p>\n<p>\u2013 za\u0161titnica Ulcinja.<\/p>\n<p>Kula Bal\u0161i\u0107a namijenjena je likovnim izlo\u017ebama. Na posljednjem spratu ovog zdanja nalazi se mala izlo\u017eba posve\u0107ena Sabataj Cevi, \u010duvenom pokreta\u010du reforme Talmuda.<\/p>\n<p>U etnografskom odjeljenju, izborom karakteristi\u010dnog materijala, prikazan je razvoj duhovne i materijalne kulture i osobenost etnografskog naslje\u0111a ulcinjskog kraja, u koji su skladno utkani i povezani razli\u010diti uticaji.<\/p>\n<p><strong>Izvor: PortalAnalitika<\/strong><\/p>\n<\/div>\n<div id=\"gmapGoodsCG\" data-type=\"blago-crne-gore\"><\/div>\n<div><\/div>\n<div><\/div>\n<div><\/div>\n<div><\/div>\n<div><\/div>\n<div><\/div>\n<div><\/div>\n<div><\/div>\n<div><\/div>\n","protected":false},"excerpt":{"rendered":"<p>Adresa: Stari grad, Ulcinj Telefon: E-mail: Radno vrijeme: Zimi &#8211; od 7 do 14 \u010dasova. Ljeti &#8211; od 7 do 12 \u010dasova i od 15 do 20 \u010dasova Centar za kulturu Ulcinj formiran je 1994. godine, integracijom ustanova iz oblasti kulture sa podru\u010dja op\u0161tine. U njegovom sastavu je i Muzej, \u010diji je kompletan fond sistematizovan [&hellip;]<\/p>\n","protected":false},"author":1,"featured_media":0,"comment_status":"closed","ping_status":"closed","sticky":false,"template":"","format":"standard","meta":{"spay_email":"","jetpack_publicize_message":"","jetpack_is_tweetstorm":false,"jetpack_publicize_feature_enabled":true},"categories":[6950],"tags":[],"jetpack_publicize_connections":[],"yoast_head":"<!-- This site is optimized with the Yoast SEO plugin v19.1 - https:\/\/yoast.com\/wordpress\/plugins\/seo\/ -->\n<title>Zavi\u010dajni muzej Grada Ulcinj - Lajme nga Ulqini<\/title>\n<meta name=\"description\" content=\"Adresa: Stari grad, Ulcinj Telefon: E-mail: Radno vrijeme: Zimi - od 7 do 14 \u010dasova. Ljeti - od 7 do 12 \u010dasova i od 15 do 20 \u010dasova Centar za kulturu\" \/>\n<meta name=\"robots\" content=\"index, follow, max-snippet:-1, max-image-preview:large, max-video-preview:-1\" \/>\n<link rel=\"canonical\" href=\"https:\/\/www.visit-ulcinj.com\/blog\/2016\/05\/25\/zavicajni-muzej-grada-ulcinj\/\" \/>\n<meta property=\"og:locale\" content=\"en_US\" \/>\n<meta property=\"og:type\" content=\"article\" \/>\n<meta property=\"og:title\" content=\"Zavi\u010dajni muzej Grada Ulcinj - Lajme nga Ulqini\" \/>\n<meta property=\"og:description\" content=\"Adresa: Stari grad, Ulcinj Telefon: E-mail: Radno vrijeme: Zimi - od 7 do 14 \u010dasova. Ljeti - od 7 do 12 \u010dasova i od 15 do 20 \u010dasova Centar za kulturu\" \/>\n<meta property=\"og:url\" content=\"https:\/\/www.visit-ulcinj.com\/blog\/2016\/05\/25\/zavicajni-muzej-grada-ulcinj\/\" \/>\n<meta property=\"og:site_name\" content=\"Lajme nga Ulqini\" \/>\n<meta property=\"article:published_time\" content=\"2016-05-25T16:18:41+00:00\" \/>\n<meta property=\"article:modified_time\" content=\"2016-05-25T16:21:41+00:00\" \/>\n<meta property=\"og:image\" content=\"http:\/\/www.visit-ulcinj.com\/blog\/wp-content\/uploads\/2016\/05\/Muzej-Grada-Ulcinj.jpg\" \/>\n<meta name=\"twitter:label1\" content=\"Written by\" \/>\n\t<meta name=\"twitter:data1\" content=\"ulqini\" \/>\n\t<meta name=\"twitter:label2\" content=\"Est. reading time\" \/>\n\t<meta name=\"twitter:data2\" content=\"2 minutes\" \/>\n<script type=\"application\/ld+json\" class=\"yoast-schema-graph\">{\"@context\":\"https:\/\/schema.org\",\"@graph\":[{\"@type\":\"WebSite\",\"@id\":\"https:\/\/www.visit-ulcinj.com\/blog\/#website\",\"url\":\"https:\/\/www.visit-ulcinj.com\/blog\/\",\"name\":\"Lajme nga Ulqini\",\"description\":\"Lajme,Vijesti,Ulqini,Ulqin,Crna Gora,Mali i Zi\",\"potentialAction\":[{\"@type\":\"SearchAction\",\"target\":{\"@type\":\"EntryPoint\",\"urlTemplate\":\"https:\/\/www.visit-ulcinj.com\/blog\/?s={search_term_string}\"},\"query-input\":\"required name=search_term_string\"}],\"inLanguage\":\"en-US\"},{\"@type\":\"ImageObject\",\"inLanguage\":\"en-US\",\"@id\":\"https:\/\/www.visit-ulcinj.com\/blog\/2016\/05\/25\/zavicajni-muzej-grada-ulcinj\/#primaryimage\",\"url\":\"https:\/\/www.visit-ulcinj.com\/blog\/wp-content\/uploads\/2016\/05\/Muzej-Grada-Ulcinj.jpg\",\"contentUrl\":\"https:\/\/www.visit-ulcinj.com\/blog\/wp-content\/uploads\/2016\/05\/Muzej-Grada-Ulcinj.jpg\",\"width\":1024,\"height\":683},{\"@type\":\"WebPage\",\"@id\":\"https:\/\/www.visit-ulcinj.com\/blog\/2016\/05\/25\/zavicajni-muzej-grada-ulcinj\/#webpage\",\"url\":\"https:\/\/www.visit-ulcinj.com\/blog\/2016\/05\/25\/zavicajni-muzej-grada-ulcinj\/\",\"name\":\"Zavi\u010dajni muzej Grada Ulcinj - Lajme nga Ulqini\",\"isPartOf\":{\"@id\":\"https:\/\/www.visit-ulcinj.com\/blog\/#website\"},\"primaryImageOfPage\":{\"@id\":\"https:\/\/www.visit-ulcinj.com\/blog\/2016\/05\/25\/zavicajni-muzej-grada-ulcinj\/#primaryimage\"},\"datePublished\":\"2016-05-25T16:18:41+00:00\",\"dateModified\":\"2016-05-25T16:21:41+00:00\",\"author\":{\"@id\":\"https:\/\/www.visit-ulcinj.com\/blog\/#\/schema\/person\/dcab619c614d3038751c63bc2aadc06d\"},\"description\":\"Adresa: Stari grad, Ulcinj Telefon: E-mail: Radno vrijeme: Zimi - od 7 do 14 \u010dasova. Ljeti - od 7 do 12 \u010dasova i od 15 do 20 \u010dasova Centar za kulturu\",\"breadcrumb\":{\"@id\":\"https:\/\/www.visit-ulcinj.com\/blog\/2016\/05\/25\/zavicajni-muzej-grada-ulcinj\/#breadcrumb\"},\"inLanguage\":\"en-US\",\"potentialAction\":[{\"@type\":\"ReadAction\",\"target\":[\"https:\/\/www.visit-ulcinj.com\/blog\/2016\/05\/25\/zavicajni-muzej-grada-ulcinj\/\"]}]},{\"@type\":\"BreadcrumbList\",\"@id\":\"https:\/\/www.visit-ulcinj.com\/blog\/2016\/05\/25\/zavicajni-muzej-grada-ulcinj\/#breadcrumb\",\"itemListElement\":[{\"@type\":\"ListItem\",\"position\":1,\"name\":\"Zavi\u010dajni muzej Grada Ulcinj\"}]},{\"@type\":\"Person\",\"@id\":\"https:\/\/www.visit-ulcinj.com\/blog\/#\/schema\/person\/dcab619c614d3038751c63bc2aadc06d\",\"name\":\"ulqini\",\"sameAs\":[\"http:\/\/www.visit-ulcinj.com\"],\"url\":\"https:\/\/www.visit-ulcinj.com\/blog\/author\/admin\/\"}]}<\/script>\n<!-- \/ Yoast SEO plugin. -->","yoast_head_json":{"title":"Zavi\u010dajni muzej Grada Ulcinj - Lajme nga Ulqini","description":"Adresa: Stari grad, Ulcinj Telefon: E-mail: Radno vrijeme: Zimi - od 7 do 14 \u010dasova. Ljeti - od 7 do 12 \u010dasova i od 15 do 20 \u010dasova Centar za kulturu","robots":{"index":"index","follow":"follow","max-snippet":"max-snippet:-1","max-image-preview":"max-image-preview:large","max-video-preview":"max-video-preview:-1"},"canonical":"https:\/\/www.visit-ulcinj.com\/blog\/2016\/05\/25\/zavicajni-muzej-grada-ulcinj\/","og_locale":"en_US","og_type":"article","og_title":"Zavi\u010dajni muzej Grada Ulcinj - Lajme nga Ulqini","og_description":"Adresa: Stari grad, Ulcinj Telefon: E-mail: Radno vrijeme: Zimi - od 7 do 14 \u010dasova. Ljeti - od 7 do 12 \u010dasova i od 15 do 20 \u010dasova Centar za kulturu","og_url":"https:\/\/www.visit-ulcinj.com\/blog\/2016\/05\/25\/zavicajni-muzej-grada-ulcinj\/","og_site_name":"Lajme nga Ulqini","article_published_time":"2016-05-25T16:18:41+00:00","article_modified_time":"2016-05-25T16:21:41+00:00","og_image":[{"url":"http:\/\/www.visit-ulcinj.com\/blog\/wp-content\/uploads\/2016\/05\/Muzej-Grada-Ulcinj.jpg"}],"twitter_misc":{"Written by":"ulqini","Est. reading time":"2 minutes"},"schema":{"@context":"https:\/\/schema.org","@graph":[{"@type":"WebSite","@id":"https:\/\/www.visit-ulcinj.com\/blog\/#website","url":"https:\/\/www.visit-ulcinj.com\/blog\/","name":"Lajme nga Ulqini","description":"Lajme,Vijesti,Ulqini,Ulqin,Crna Gora,Mali i Zi","potentialAction":[{"@type":"SearchAction","target":{"@type":"EntryPoint","urlTemplate":"https:\/\/www.visit-ulcinj.com\/blog\/?s={search_term_string}"},"query-input":"required name=search_term_string"}],"inLanguage":"en-US"},{"@type":"ImageObject","inLanguage":"en-US","@id":"https:\/\/www.visit-ulcinj.com\/blog\/2016\/05\/25\/zavicajni-muzej-grada-ulcinj\/#primaryimage","url":"https:\/\/www.visit-ulcinj.com\/blog\/wp-content\/uploads\/2016\/05\/Muzej-Grada-Ulcinj.jpg","contentUrl":"https:\/\/www.visit-ulcinj.com\/blog\/wp-content\/uploads\/2016\/05\/Muzej-Grada-Ulcinj.jpg","width":1024,"height":683},{"@type":"WebPage","@id":"https:\/\/www.visit-ulcinj.com\/blog\/2016\/05\/25\/zavicajni-muzej-grada-ulcinj\/#webpage","url":"https:\/\/www.visit-ulcinj.com\/blog\/2016\/05\/25\/zavicajni-muzej-grada-ulcinj\/","name":"Zavi\u010dajni muzej Grada Ulcinj - Lajme nga Ulqini","isPartOf":{"@id":"https:\/\/www.visit-ulcinj.com\/blog\/#website"},"primaryImageOfPage":{"@id":"https:\/\/www.visit-ulcinj.com\/blog\/2016\/05\/25\/zavicajni-muzej-grada-ulcinj\/#primaryimage"},"datePublished":"2016-05-25T16:18:41+00:00","dateModified":"2016-05-25T16:21:41+00:00","author":{"@id":"https:\/\/www.visit-ulcinj.com\/blog\/#\/schema\/person\/dcab619c614d3038751c63bc2aadc06d"},"description":"Adresa: Stari grad, Ulcinj Telefon: E-mail: Radno vrijeme: Zimi - od 7 do 14 \u010dasova. Ljeti - od 7 do 12 \u010dasova i od 15 do 20 \u010dasova Centar za kulturu","breadcrumb":{"@id":"https:\/\/www.visit-ulcinj.com\/blog\/2016\/05\/25\/zavicajni-muzej-grada-ulcinj\/#breadcrumb"},"inLanguage":"en-US","potentialAction":[{"@type":"ReadAction","target":["https:\/\/www.visit-ulcinj.com\/blog\/2016\/05\/25\/zavicajni-muzej-grada-ulcinj\/"]}]},{"@type":"BreadcrumbList","@id":"https:\/\/www.visit-ulcinj.com\/blog\/2016\/05\/25\/zavicajni-muzej-grada-ulcinj\/#breadcrumb","itemListElement":[{"@type":"ListItem","position":1,"name":"Zavi\u010dajni muzej Grada Ulcinj"}]},{"@type":"Person","@id":"https:\/\/www.visit-ulcinj.com\/blog\/#\/schema\/person\/dcab619c614d3038751c63bc2aadc06d","name":"ulqini","sameAs":["http:\/\/www.visit-ulcinj.com"],"url":"https:\/\/www.visit-ulcinj.com\/blog\/author\/admin\/"}]}},"jetpack_featured_media_url":"","jetpack_sharing_enabled":true,"jetpack_shortlink":"https:\/\/wp.me\/pe6lTn-pgB","_links":{"self":[{"href":"https:\/\/www.visit-ulcinj.com\/blog\/wp-json\/wp\/v2\/posts\/97129"}],"collection":[{"href":"https:\/\/www.visit-ulcinj.com\/blog\/wp-json\/wp\/v2\/posts"}],"about":[{"href":"https:\/\/www.visit-ulcinj.com\/blog\/wp-json\/wp\/v2\/types\/post"}],"author":[{"embeddable":true,"href":"https:\/\/www.visit-ulcinj.com\/blog\/wp-json\/wp\/v2\/users\/1"}],"replies":[{"embeddable":true,"href":"https:\/\/www.visit-ulcinj.com\/blog\/wp-json\/wp\/v2\/comments?post=97129"}],"version-history":[{"count":2,"href":"https:\/\/www.visit-ulcinj.com\/blog\/wp-json\/wp\/v2\/posts\/97129\/revisions"}],"predecessor-version":[{"id":97132,"href":"https:\/\/www.visit-ulcinj.com\/blog\/wp-json\/wp\/v2\/posts\/97129\/revisions\/97132"}],"wp:attachment":[{"href":"https:\/\/www.visit-ulcinj.com\/blog\/wp-json\/wp\/v2\/media?parent=97129"}],"wp:term":[{"taxonomy":"category","embeddable":true,"href":"https:\/\/www.visit-ulcinj.com\/blog\/wp-json\/wp\/v2\/categories?post=97129"},{"taxonomy":"post_tag","embeddable":true,"href":"https:\/\/www.visit-ulcinj.com\/blog\/wp-json\/wp\/v2\/tags?post=97129"}],"curies":[{"name":"wp","href":"https:\/\/api.w.org\/{rel}","templated":true}]}}