{"id":97146,"date":"2016-05-26T14:25:49","date_gmt":"2016-05-26T13:25:49","guid":{"rendered":"http:\/\/www.visit-ulcinj.com\/blog\/?p=97146"},"modified":"2016-05-26T17:06:03","modified_gmt":"2016-05-26T16:06:03","slug":"fillojne-punimet-e-elektro-ekonomise-ne-ulqin","status":"publish","type":"post","link":"https:\/\/www.visit-ulcinj.com\/blog\/2016\/05\/26\/fillojne-punimet-e-elektro-ekonomise-ne-ulqin\/","title":{"rendered":"Fillojn\u00eb punimet e Elektro-Ekonomis\u00eb n\u00eb Ulqin"},"content":{"rendered":"<p><strong><a href=\"http:\/\/www.visit-ulcinj.com\/blog\/wp-content\/uploads\/2016\/05\/fillojn\u00eb-punimet-n\u00eb-instalimin-e-kabllove-ne-Ulqin-Cungu.jpg\"><img loading=\"lazy\" class=\"alignleft wp-image-97147\" src=\"http:\/\/www.visit-ulcinj.com\/blog\/wp-content\/uploads\/2016\/05\/fillojn\u00eb-punimet-n\u00eb-instalimin-e-kabllove-ne-Ulqin-Cungu.jpg\" alt=\"fillojn\u00eb punimet n\u00eb instalimin e kabllove ne Ulqin-Cungu\" width=\"508\" height=\"336\" srcset=\"https:\/\/www.visit-ulcinj.com\/blog\/wp-content\/uploads\/2016\/05\/fillojn\u00eb-punimet-n\u00eb-instalimin-e-kabllove-ne-Ulqin-Cungu.jpg 986w, https:\/\/www.visit-ulcinj.com\/blog\/wp-content\/uploads\/2016\/05\/fillojn\u00eb-punimet-n\u00eb-instalimin-e-kabllove-ne-Ulqin-Cungu-300x199.jpg 300w, https:\/\/www.visit-ulcinj.com\/blog\/wp-content\/uploads\/2016\/05\/fillojn\u00eb-punimet-n\u00eb-instalimin-e-kabllove-ne-Ulqin-Cungu-768x509.jpg 768w\" sizes=\"(max-width: 508px) 100vw, 508px\" \/><\/a>T\u00eb h\u00ebn\u00ebn fillojn\u00eb punimet n\u00eb instalimin e kabllove<\/strong><\/p>\n<p>Dit\u00ebn e h\u00ebn\u00eb Elektroekonomia e Malit t\u00eb Zi do t\u00eb filloj\u00eb punimet n\u00eb\u00a0 instalimin e kabllove n\u00eb disa pjes\u00eb t\u00eb qytetit ton\u00eb me q\u00ebllim t\u00eb p\u00ebrmir\u00ebsimit t\u00eb furnizimit me energji elektrike &#8211; k\u00ebshtu u ra dakort n\u00eb takimin q\u00eb u zhvillua\u00a0 nd\u00ebrmjet kryetarit t\u00eb komun\u00ebs Nazif Cungu dhe bashk\u00ebpun\u00ebtor\u00ebve t\u00eb tij nga\u00a0 nj\u00ebra an\u00eb dhe zyrtar\u00ebve t\u00eb lart\u00eb t\u00eb Elektroekonomis\u00eb nga ana tjeter.<\/p>\n<p>Punimet do t\u00eb p\u00ebrfshijn\u00eb rrug\u00ebt nga nd\u00ebrtesa e Elektrodistribucionit drejt\u00eb stacionit t\u00eb autobus\u00ebve n\u00eb drejtim t\u00eb lagjes Totosh p\u00ebr t\u00eb vazhduar drejt\u00eb unaz\u00ebs dhe do t\u00eb vazhdojn\u00eb deri tek trafostacioni n\u00eb M\u00ebhall\u00eb t\u00eb Re.<\/p>\n<p>Kryetari Cungu lut qytetar\u00ebt q\u00eb t\u00eb ken\u00eb durim dhe t\u00eb japin kontributin e tyre duke m\u00ebnjanuar automjetet me q\u00ebllim q\u00eb punimet t\u00eb kryhen sa m\u00eb par\u00eb. Theksojm\u00eb se k\u00ebto punime jan\u00eb t\u00eb domosdoshme dhe do t\u00eb eleminojn\u00eb nd\u00ebrprerjet e shpeshta t\u00eb energjis\u00eb elektrike. Edhe pse me kontrat\u00eb parashihet q\u00eb punimet t\u00eb kryhen n\u00eb afat prej 45-90 dit\u00eb, pal\u00ebt u angazhuar q\u00eb \u00e7do gj\u00eb t\u00eb kryhet sa m\u00eb par\u00eb.<\/p>\n","protected":false},"excerpt":{"rendered":"<p>T\u00eb h\u00ebn\u00ebn fillojn\u00eb punimet n\u00eb instalimin e kabllove Dit\u00ebn e h\u00ebn\u00eb Elektroekonomia e Malit t\u00eb Zi do t\u00eb filloj\u00eb punimet n\u00eb\u00a0 instalimin e kabllove n\u00eb disa pjes\u00eb t\u00eb qytetit ton\u00eb me q\u00ebllim t\u00eb p\u00ebrmir\u00ebsimit t\u00eb furnizimit me energji elektrike &#8211; k\u00ebshtu u ra dakort n\u00eb takimin q\u00eb u zhvillua\u00a0 nd\u00ebrmjet kryetarit t\u00eb komun\u00ebs Nazif Cungu [&hellip;]<\/p>\n","protected":false},"author":1,"featured_media":0,"comment_status":"closed","ping_status":"closed","sticky":false,"template":"","format":"standard","meta":{"spay_email":"","jetpack_publicize_message":"","jetpack_is_tweetstorm":false,"jetpack_publicize_feature_enabled":true},"categories":[1,6950],"tags":[],"jetpack_publicize_connections":[],"yoast_head":"<!-- This site is optimized with the Yoast SEO plugin v19.1 - https:\/\/yoast.com\/wordpress\/plugins\/seo\/ -->\n<title>Fillojn\u00eb punimet e Elektro-Ekonomis\u00eb n\u00eb Ulqin - Lajme nga Ulqini<\/title>\n<meta name=\"description\" content=\"T\u00eb h\u00ebn\u00ebn fillojn\u00eb punimet n\u00eb instalimin e kabllove Dit\u00ebn e h\u00ebn\u00eb Elektroekonomia e Malit t\u00eb Zi do t\u00eb filloj\u00eb punimet n\u00eb\u00a0 instalimin e kabllove n\u00eb disa\" \/>\n<meta name=\"robots\" content=\"index, follow, max-snippet:-1, max-image-preview:large, max-video-preview:-1\" \/>\n<link rel=\"canonical\" href=\"https:\/\/www.visit-ulcinj.com\/blog\/2016\/05\/26\/fillojne-punimet-e-elektro-ekonomise-ne-ulqin\/\" \/>\n<meta property=\"og:locale\" content=\"en_US\" \/>\n<meta property=\"og:type\" content=\"article\" \/>\n<meta property=\"og:title\" content=\"Fillojn\u00eb punimet e Elektro-Ekonomis\u00eb n\u00eb Ulqin - Lajme nga Ulqini\" \/>\n<meta property=\"og:description\" content=\"T\u00eb h\u00ebn\u00ebn fillojn\u00eb punimet n\u00eb instalimin e kabllove Dit\u00ebn e h\u00ebn\u00eb Elektroekonomia e Malit t\u00eb Zi do t\u00eb filloj\u00eb punimet n\u00eb\u00a0 instalimin e kabllove n\u00eb disa\" \/>\n<meta property=\"og:url\" content=\"https:\/\/www.visit-ulcinj.com\/blog\/2016\/05\/26\/fillojne-punimet-e-elektro-ekonomise-ne-ulqin\/\" \/>\n<meta property=\"og:site_name\" content=\"Lajme nga Ulqini\" \/>\n<meta property=\"article:published_time\" content=\"2016-05-26T13:25:49+00:00\" \/>\n<meta property=\"article:modified_time\" content=\"2016-05-26T16:06:03+00:00\" \/>\n<meta name=\"twitter:label1\" content=\"Written by\" \/>\n\t<meta name=\"twitter:data1\" content=\"ulqini\" \/>\n\t<meta name=\"twitter:label2\" content=\"Est. reading time\" \/>\n\t<meta name=\"twitter:data2\" content=\"1 minute\" \/>\n<script type=\"application\/ld+json\" class=\"yoast-schema-graph\">{\"@context\":\"https:\/\/schema.org\",\"@graph\":[{\"@type\":\"WebSite\",\"@id\":\"https:\/\/www.visit-ulcinj.com\/blog\/#website\",\"url\":\"https:\/\/www.visit-ulcinj.com\/blog\/\",\"name\":\"Lajme nga Ulqini\",\"description\":\"Lajme,Vijesti,Ulqini,Ulqin,Crna Gora,Mali i Zi\",\"potentialAction\":[{\"@type\":\"SearchAction\",\"target\":{\"@type\":\"EntryPoint\",\"urlTemplate\":\"https:\/\/www.visit-ulcinj.com\/blog\/?s={search_term_string}\"},\"query-input\":\"required name=search_term_string\"}],\"inLanguage\":\"en-US\"},{\"@type\":\"WebPage\",\"@id\":\"https:\/\/www.visit-ulcinj.com\/blog\/2016\/05\/26\/fillojne-punimet-e-elektro-ekonomise-ne-ulqin\/#webpage\",\"url\":\"https:\/\/www.visit-ulcinj.com\/blog\/2016\/05\/26\/fillojne-punimet-e-elektro-ekonomise-ne-ulqin\/\",\"name\":\"Fillojn\u00eb punimet e Elektro-Ekonomis\u00eb n\u00eb Ulqin - Lajme nga Ulqini\",\"isPartOf\":{\"@id\":\"https:\/\/www.visit-ulcinj.com\/blog\/#website\"},\"datePublished\":\"2016-05-26T13:25:49+00:00\",\"dateModified\":\"2016-05-26T16:06:03+00:00\",\"author\":{\"@id\":\"https:\/\/www.visit-ulcinj.com\/blog\/#\/schema\/person\/dcab619c614d3038751c63bc2aadc06d\"},\"description\":\"T\u00eb h\u00ebn\u00ebn fillojn\u00eb punimet n\u00eb instalimin e kabllove Dit\u00ebn e h\u00ebn\u00eb Elektroekonomia e Malit t\u00eb Zi do t\u00eb filloj\u00eb punimet n\u00eb\u00a0 instalimin e kabllove n\u00eb disa\",\"breadcrumb\":{\"@id\":\"https:\/\/www.visit-ulcinj.com\/blog\/2016\/05\/26\/fillojne-punimet-e-elektro-ekonomise-ne-ulqin\/#breadcrumb\"},\"inLanguage\":\"en-US\",\"potentialAction\":[{\"@type\":\"ReadAction\",\"target\":[\"https:\/\/www.visit-ulcinj.com\/blog\/2016\/05\/26\/fillojne-punimet-e-elektro-ekonomise-ne-ulqin\/\"]}]},{\"@type\":\"BreadcrumbList\",\"@id\":\"https:\/\/www.visit-ulcinj.com\/blog\/2016\/05\/26\/fillojne-punimet-e-elektro-ekonomise-ne-ulqin\/#breadcrumb\",\"itemListElement\":[{\"@type\":\"ListItem\",\"position\":1,\"name\":\"Fillojn\u00eb punimet e Elektro-Ekonomis\u00eb n\u00eb Ulqin\"}]},{\"@type\":\"Person\",\"@id\":\"https:\/\/www.visit-ulcinj.com\/blog\/#\/schema\/person\/dcab619c614d3038751c63bc2aadc06d\",\"name\":\"ulqini\",\"sameAs\":[\"http:\/\/www.visit-ulcinj.com\"],\"url\":\"https:\/\/www.visit-ulcinj.com\/blog\/author\/admin\/\"}]}<\/script>\n<!-- \/ Yoast SEO plugin. -->","yoast_head_json":{"title":"Fillojn\u00eb punimet e Elektro-Ekonomis\u00eb n\u00eb Ulqin - Lajme nga Ulqini","description":"T\u00eb h\u00ebn\u00ebn fillojn\u00eb punimet n\u00eb instalimin e kabllove Dit\u00ebn e h\u00ebn\u00eb Elektroekonomia e Malit t\u00eb Zi do t\u00eb filloj\u00eb punimet n\u00eb\u00a0 instalimin e kabllove n\u00eb disa","robots":{"index":"index","follow":"follow","max-snippet":"max-snippet:-1","max-image-preview":"max-image-preview:large","max-video-preview":"max-video-preview:-1"},"canonical":"https:\/\/www.visit-ulcinj.com\/blog\/2016\/05\/26\/fillojne-punimet-e-elektro-ekonomise-ne-ulqin\/","og_locale":"en_US","og_type":"article","og_title":"Fillojn\u00eb punimet e Elektro-Ekonomis\u00eb n\u00eb Ulqin - Lajme nga Ulqini","og_description":"T\u00eb h\u00ebn\u00ebn fillojn\u00eb punimet n\u00eb instalimin e kabllove Dit\u00ebn e h\u00ebn\u00eb Elektroekonomia e Malit t\u00eb Zi do t\u00eb filloj\u00eb punimet n\u00eb\u00a0 instalimin e kabllove n\u00eb disa","og_url":"https:\/\/www.visit-ulcinj.com\/blog\/2016\/05\/26\/fillojne-punimet-e-elektro-ekonomise-ne-ulqin\/","og_site_name":"Lajme nga Ulqini","article_published_time":"2016-05-26T13:25:49+00:00","article_modified_time":"2016-05-26T16:06:03+00:00","twitter_misc":{"Written by":"ulqini","Est. reading time":"1 minute"},"schema":{"@context":"https:\/\/schema.org","@graph":[{"@type":"WebSite","@id":"https:\/\/www.visit-ulcinj.com\/blog\/#website","url":"https:\/\/www.visit-ulcinj.com\/blog\/","name":"Lajme nga Ulqini","description":"Lajme,Vijesti,Ulqini,Ulqin,Crna Gora,Mali i Zi","potentialAction":[{"@type":"SearchAction","target":{"@type":"EntryPoint","urlTemplate":"https:\/\/www.visit-ulcinj.com\/blog\/?s={search_term_string}"},"query-input":"required name=search_term_string"}],"inLanguage":"en-US"},{"@type":"WebPage","@id":"https:\/\/www.visit-ulcinj.com\/blog\/2016\/05\/26\/fillojne-punimet-e-elektro-ekonomise-ne-ulqin\/#webpage","url":"https:\/\/www.visit-ulcinj.com\/blog\/2016\/05\/26\/fillojne-punimet-e-elektro-ekonomise-ne-ulqin\/","name":"Fillojn\u00eb punimet e Elektro-Ekonomis\u00eb n\u00eb Ulqin - Lajme nga Ulqini","isPartOf":{"@id":"https:\/\/www.visit-ulcinj.com\/blog\/#website"},"datePublished":"2016-05-26T13:25:49+00:00","dateModified":"2016-05-26T16:06:03+00:00","author":{"@id":"https:\/\/www.visit-ulcinj.com\/blog\/#\/schema\/person\/dcab619c614d3038751c63bc2aadc06d"},"description":"T\u00eb h\u00ebn\u00ebn fillojn\u00eb punimet n\u00eb instalimin e kabllove Dit\u00ebn e h\u00ebn\u00eb Elektroekonomia e Malit t\u00eb Zi do t\u00eb filloj\u00eb punimet n\u00eb\u00a0 instalimin e kabllove n\u00eb disa","breadcrumb":{"@id":"https:\/\/www.visit-ulcinj.com\/blog\/2016\/05\/26\/fillojne-punimet-e-elektro-ekonomise-ne-ulqin\/#breadcrumb"},"inLanguage":"en-US","potentialAction":[{"@type":"ReadAction","target":["https:\/\/www.visit-ulcinj.com\/blog\/2016\/05\/26\/fillojne-punimet-e-elektro-ekonomise-ne-ulqin\/"]}]},{"@type":"BreadcrumbList","@id":"https:\/\/www.visit-ulcinj.com\/blog\/2016\/05\/26\/fillojne-punimet-e-elektro-ekonomise-ne-ulqin\/#breadcrumb","itemListElement":[{"@type":"ListItem","position":1,"name":"Fillojn\u00eb punimet e Elektro-Ekonomis\u00eb n\u00eb Ulqin"}]},{"@type":"Person","@id":"https:\/\/www.visit-ulcinj.com\/blog\/#\/schema\/person\/dcab619c614d3038751c63bc2aadc06d","name":"ulqini","sameAs":["http:\/\/www.visit-ulcinj.com"],"url":"https:\/\/www.visit-ulcinj.com\/blog\/author\/admin\/"}]}},"jetpack_featured_media_url":"","jetpack_sharing_enabled":true,"jetpack_shortlink":"https:\/\/wp.me\/pe6lTn-pgS","_links":{"self":[{"href":"https:\/\/www.visit-ulcinj.com\/blog\/wp-json\/wp\/v2\/posts\/97146"}],"collection":[{"href":"https:\/\/www.visit-ulcinj.com\/blog\/wp-json\/wp\/v2\/posts"}],"about":[{"href":"https:\/\/www.visit-ulcinj.com\/blog\/wp-json\/wp\/v2\/types\/post"}],"author":[{"embeddable":true,"href":"https:\/\/www.visit-ulcinj.com\/blog\/wp-json\/wp\/v2\/users\/1"}],"replies":[{"embeddable":true,"href":"https:\/\/www.visit-ulcinj.com\/blog\/wp-json\/wp\/v2\/comments?post=97146"}],"version-history":[{"count":1,"href":"https:\/\/www.visit-ulcinj.com\/blog\/wp-json\/wp\/v2\/posts\/97146\/revisions"}],"predecessor-version":[{"id":97148,"href":"https:\/\/www.visit-ulcinj.com\/blog\/wp-json\/wp\/v2\/posts\/97146\/revisions\/97148"}],"wp:attachment":[{"href":"https:\/\/www.visit-ulcinj.com\/blog\/wp-json\/wp\/v2\/media?parent=97146"}],"wp:term":[{"taxonomy":"category","embeddable":true,"href":"https:\/\/www.visit-ulcinj.com\/blog\/wp-json\/wp\/v2\/categories?post=97146"},{"taxonomy":"post_tag","embeddable":true,"href":"https:\/\/www.visit-ulcinj.com\/blog\/wp-json\/wp\/v2\/tags?post=97146"}],"curies":[{"name":"wp","href":"https:\/\/api.w.org\/{rel}","templated":true}]}}