{"id":97159,"date":"2016-05-26T17:53:15","date_gmt":"2016-05-26T16:53:15","guid":{"rendered":"http:\/\/www.visit-ulcinj.com\/blog\/?p=97159"},"modified":"2016-05-26T17:53:15","modified_gmt":"2016-05-26T16:53:15","slug":"gvozdenovic-zastita-ulcinjske-solane-prioritet","status":"publish","type":"post","link":"https:\/\/www.visit-ulcinj.com\/blog\/2016\/05\/26\/gvozdenovic-zastita-ulcinjske-solane-prioritet\/","title":{"rendered":"Gvozdenovic: Za\u0161tita ulcinjske Solane prioritet"},"content":{"rendered":"<p><strong><a href=\"http:\/\/www.visit-ulcinj.com\/blog\/wp-content\/uploads\/2016\/05\/Gvozdenovic-.jpg\"><img loading=\"lazy\" class=\"alignleft wp-image-97160\" src=\"http:\/\/www.visit-ulcinj.com\/blog\/wp-content\/uploads\/2016\/05\/Gvozdenovic-.jpg\" alt=\"Gvozdenovic-\" width=\"508\" height=\"361\" srcset=\"https:\/\/www.visit-ulcinj.com\/blog\/wp-content\/uploads\/2016\/05\/Gvozdenovic-.jpg 676w, https:\/\/www.visit-ulcinj.com\/blog\/wp-content\/uploads\/2016\/05\/Gvozdenovic--300x213.jpg 300w\" sizes=\"(max-width: 508px) 100vw, 508px\" \/><\/a>Crna Gora \u0107e na Bijenalu arhitekture u Veneciji pokazati da se \u017eivot i budu\u0107nost Solane mo\u017ee usmjeriti u vi\u0161e pravaca i da svaki od njih podrazumijeva o\u010duvanje vrijednosti koje to podru\u010dje ima, poru\u010dio je minstar odr\u017eivog razvoja i turizma, Branimir Gvozdenovi\u0107.<\/strong><\/p>\n<p>On je kazao da je za\u0161tita ulcinjske Solane pitanje kojem je Ministarstvo dalo poseban prioritet i kojim se posve\u0107eno bavi.<\/p>\n<p>\u201cNaime, nakon intenzivnih aktivnosti na sanaciji pumpne infrastukture na Solani i nakon uspostavljanja sistema upravljanja preko Javnog predze\u0107a za nacionalne parkove tokom pro\u0161le godine, mo\u017eemo konstatovati da nije bilo ozbiljnijih degradacija prirodnih vrijednosti na ovom prostoru\u201d, rekao je Gvozdenovi\u0107 agenciji MINA.<\/p>\n<p>On je naveo da je u me\u0111uvremenu, otpo\u010deta procedura za progla\u0161enje Ulcinjske Solane za\u0161ti\u0107enim podru\u010djem sa akcentom na nacionalnu za\u0161titu, kako bi se obezbijedilo odr\u017eivo upravljanje tim vrijednim ekosistemom.<\/p>\n<p>\u201cTako\u0111e, uputili smo na\u0161em Nacionalnom koordinatoru za IPA podr\u0161ku, a nakon obavljenih konsultacija sa \u0161efom Jedinice za Crnu Goru u Generalnom direktoratu za pro\u0161irenje u EK, molbu za obezbje\u0111enje ekspertske podr\u0161ke za finalizaciju studije za\u0161tite Ulcinjske solane\u201d, dodao je Gvozdenovi\u0107.<\/p>\n<p><strong>Za\u0161tita da bude odr\u017eiva<\/strong><\/p>\n<p>Ministartvo turizma, kako je kazao, priprema Biznis plan uz kori\u0161\u0107enje najbolje evropske prakse za model upravljanja u solanama, u namjeri da se pored Biznis plana do\u0111e do najboljeg mogu\u0107eg koncepta upravljanja na nacionalnom nivou.<\/p>\n<p>\u201cFunkcioni\u0161e i Savjet u okviru Nacionalnih parkova Crne Gore koji prati realizaciju svih relevantnih aktivnosti na za\u0161titi i valorizaciji Solane, a u \u010dijem sastavu participiraju predstavnici dvije nevladine organizacije, lokalne uprave Ulcinj, Agencije za za\u0161titu \u017eivotne sredine i Ministarstva odr\u017eivog razvoja i turizma, a predsjedava direktor Nacionalnih parkova\u201d, pojasnio je Gvozdenovi\u0107.<\/p>\n<p>On je rekao da je Ministarstvo odr\u017eivog razvoja i turizma pokrenuo izuzetno va\u017enu aktivnost na dodatnoj arhitektonskoj i kulturnoj valorizaciji Solane kroz pripremu u\u010de\u0161\u0107a na ovogodi\u0161njem Bijenalu arhitekture u Veneciji, na kojem \u0107e biti predstavljen novi pogled i istra\u017eivanje koje se bavi odr\u017eivo\u0161\u0107u Ulcinjske Solane i time doprinijeti prepoznatljivosti ideje o njenoj za\u0161titi i odr\u017eivosti na vi\u0161em me\u0111unarodnom nivou.<\/p>\n<p>\u201cKlju\u010dna stvar kod Solane je obezbijediti da za\u0161tita bude odr\u017eiva. \u010citav proces vezan za upravljanje na nacionalnom nivou nastavi\u0107emo transparentno da vodimo\u201d, poru\u010dio je Gvozdenovi\u0107.<\/p>\n<p>On je ocijenio da je pogre\u0161no smatrati da je samo pukom za\u0161titom i konzervacijom pitanje Solane apsolvirano. \u201dSolani treba \u017eivot \u2013 ne konzervacija\u201d.<\/p>\n<p>Solana je, prema njegovim rije\u010dima, postala to \u0161to jeste pored naslije\u0111enih karakteristika zoganjskog blata, \u010dovjekovim djelovanjem koje je dovelo do formiranja specifi\u010dnosti njenog biodiverziteta, dakle, do dana\u0161nje izuzetne vrijednosti.<\/p>\n<p>\u201cU Veneciji \u0107emo pokazati da se \u017eivot i budu\u0107nost Solane mo\u017ee usmjeriti u vi\u0161e pravaca i da svaki od njih, kao obavezuju\u0107e polazi\u0161te, podrazumijeva o\u010duvanje vrijednosti koje ovo podru\u010dje sada ima uz isticanje njenih izuzetnih potencijala\u201d, poru\u010dio je Gvozdenovi\u0107.<\/p>\n<p>On je ukazao da Solana nije samo pitanje Bijenala.<\/p>\n<p>\u201cSolana je i par-excelance pitanje na\u0161eg odnosa prema globalnoj odr\u017eivosti, zatim ekonomsko pitanje, onda pitanje kroz koje Crna Gora treba da doka\u017ee uva\u017eavanje evropskih na\u010dela odnosa prema specifi\u010dnim, a naravno i izuzetno vrijednim, biodivezitetima\u201d, poru\u010dio je Gvozdenovi\u0107.<\/p>\n<p><strong>Skrenuli pa\u017enju<\/strong><\/p>\n<p>On smatra da nije slu\u010dajno ba\u0161 Solana odabrana za temu Crne Gore nastupa u Veneciji.<\/p>\n<p>\u201cTo govori o na\u0161em temeljnom razumijevanju va\u017enosti ovog pitanja, shvatanju njegove vi\u0161ezna\u010dnosti i, vi\u0161e od svega, odricanju od prava na gre\u0161ku u planiranju budu\u0107nosti ove oblasti. Ovom temom Crna Gora odlu\u010dno odgovara na temu Bijenala \u201dIzvje\u0161tavanje sa fronta\u201d, kojom se \u017eeli pokazati koliku snagu arhitektura mo\u017ee imati u rje\u0161avanju problema u na\u0161em okru\u017eenju i na koji na\u010din korespondira sa drugim disciplinama\u201d, kazao je Gvozdenovi\u0107.<\/p>\n<p>On je podsjetio da se Crna Gora ve\u0107 nekoliko puta predstavljala na Bijenalu arhitekture u Veneciji, najpresti\u017enijoj me\u0111unarodnoj izlo\u017ebi arhitekture i mjestu na kojem, ne samo arhitekte, ve\u0107 i drugi profesionalci, umjetnici i nau\u010dnici istra\u017euju mogu\u0107nosti i domete arhitekture i nude rje\u0161enja.<\/p>\n<p>\u201cPokazalo se da je upravo takva prezentacija dobra smjernica za pronala\u017eenje dobrih ideja u smislu valorizacije prostora za koje smo, mo\u017eda, mislili da su izgubljeni\u201d, kazao je Gvozdenovi\u0107.<\/p>\n<p>On je podsjetio da su 2014. godine na Bijenalu otvorene teme \u010detiri napu\u0161tena \u2013 zapostavljena objekta poslijeratne jugoslovenske arhitekture.<\/p>\n<p>\u201cDanas mogu da ka\u017eem da smo ostvarili cilj i da smo skrenuli pa\u017enju na ove zapostavljene objekte i po\u010deli da tra\u017eimo konkretna rje\u0161enja\u201d, kazao je Gvozdenovi\u0107.<\/p>\n<p>On je dodao da je jedan od njih i Dom revolucije u Nik\u0161i\u0107u koji \u0107e postepeno biti stavljen u funkciju i od gradskog problema prerasti u novu \u0161ansu i izazov za Nik\u0161i\u0107.<\/p>\n<p>\u201cUpravo to je smisao nastupa Crne Gore na Bijenalu\u2013 na\u0161im postavkama \u017eelimo da iskoristimo Bijenale kao dodatni podsticaj za aktuelne teme i da preko svjetske smotre arhitekture naglasimo njihove potencijale i ponudimo nova rje\u0161enja koja \u0107e biti mogu\u0107e realizovati ili koja mogu dati smjernice za budu\u0107u realizaciju\u201d, naveo je Gvozdenovi\u0107.<\/p>\n<p>Upitan za\u0161to se MORT opredijelilo da crnogorske predstavnike na Bijenalu arhitekture bira putem javnog konkursa, Gvozdenovi\u0107 je kazao da je to iz razloga \u0161to je konkurs najtransparentniji mogu\u0107i format odlu\u010divanja u ovakvim slu\u010dajevima kada u Crnoj Gori ne postoji praksa koja se ve\u0107 bavila ovakvim pitanjima i ima preporuke i reference za sli\u010dan projekat.<\/p>\n<p>\u201cZatim, tu su i mnogi drugi efekti, poput o\u017eivljavanja doma\u0107e arhitektonske i urbanisti\u010dke scene, otvaranje novih \u0161ansi za mlade stru\u010dnjake, lak\u0161e upore\u0111ivanje i saradnja sa najboljom me\u0111unarodnom praksom\u201d, pojasnio je Gvozdenovi\u0107.<\/p>\n<p>On je dodao da je sprovo\u0111enje konkursa bio veoma kompleksan proces.<\/p>\n<p>\u201cVjerujem da smo zahvaljuju\u0107i takvom procesu kakav je bio konkurs, na kome je u\u010destovalo 17 timova sa 60 \u010dlanova, do\u0161li do najreprezentativnijih ideja za Bijenale, koje su uradili crnogorski autorski tim Marko Stjep\u010devi\u0107 i Nemanja Mili\u0107evi\u0107\u201d, rekao je Gvozdenovi\u0107.<\/p>\n<p><strong>Okupili iskusne stru\u010dnjake<\/strong><\/p>\n<p>On je dodao da su pored ovog, rje\u0161enja za Solanu ponudilii EcoLogicStudio iz Londona, LOLA Landscape Architects iz Roterdama i LAAC Architects iz Inzbruka.<\/p>\n<p>Prema njegovim rije\u010dima, pored autora i kustosa u cijelom procesu je u\u010destvovalo vi\u0161e doma\u0107ih i stranih stru\u010dnjaka za pejza\u017e, za\u0161titu, urbanizam, ekologiju, biodiverzitet i druge relevantneo blasti.<\/p>\n<p>\u201cTakav pristup je samo potvrda na\u0161eg opredjeljenja da ostvarimo sinergiju doma\u0107ih i inostranih kapaciteta\u201d, kazao je Gvozdenovi\u0107.<\/p>\n<p>On je naveo da podatak, sa koliko pa\u017enje se pristupa pitanju Solane govori \u0161to postavka na Bijenalu nije jedina forma preispitivanja ovog posla, ve\u0107 su u februaru organizovani seminari u Ulcinju, 29. maja u Veneciji u okviru Bijenala, a APSS u junu u Kotoru, koji \u0107e tako\u0111e biti prilika da se na me\u0111unarodnom nivou razgovara o Solani.<\/p>\n<p>Gvozdenovi\u0107 je dodao da su se oko tog projekta okupili zna\u010dajni iskusni i mladi stru\u010dnjaci koji se bave arhitekturom, pejza\u017enom arhitekturom, ekologijom, biologijom, ekonomijom. &#8220;Upravo jer mislimo da je multidisciplinarni pristup ovoj temi klju\u010dni princip za budu\u0107nost lokacije&#8221;.<\/p>\n<p>\u201cOvo je bio jedan potpuno transparentan, veoma temeljan i komplikovan proces koji se uporedo odvijao u nekoliko zemalja, a koji je otvorio mnoga pitanja ali i koji \u0107e dati smjernice i preporuke za dalji razvoj i odr\u017eivost ove lokacije\u201d, naveo je Gvozdenovi\u0107.<\/p>\n<p>On je precizirao da su sva rje\u0161enja razli\u010ditih timova bazirana na za\u0161titi i valorizaciji ove lokacije sa proizvodnjom soli i odr\u017eivim turizmom, baziranim na resursima lokacije, kao osnovnim djelatnostima.<\/p>\n<p>\u201cZadovoljni smo jer smo uspjeli da motivi\u0161emo u\u010desnike koji arhitekturi i urbanizmu pristupaju sa stanovi\u0161ta istra\u017eivanja, temeljnih analiza i multidisciplinarnog pristupa\u201d, poru\u010dio je Gvozdenovi\u0107.<\/p>\n<p><strong>Izvor: TVCG<\/strong><\/p>\n","protected":false},"excerpt":{"rendered":"<p>Crna Gora \u0107e na Bijenalu arhitekture u Veneciji pokazati da se \u017eivot i budu\u0107nost Solane mo\u017ee usmjeriti u vi\u0161e pravaca i da svaki od njih podrazumijeva o\u010duvanje vrijednosti koje to podru\u010dje ima, poru\u010dio je minstar odr\u017eivog razvoja i turizma, Branimir Gvozdenovi\u0107. On je kazao da je za\u0161tita ulcinjske Solane pitanje kojem je Ministarstvo dalo poseban [&hellip;]<\/p>\n","protected":false},"author":1,"featured_media":0,"comment_status":"closed","ping_status":"closed","sticky":false,"template":"","format":"standard","meta":{"spay_email":"","jetpack_publicize_message":"","jetpack_is_tweetstorm":false,"jetpack_publicize_feature_enabled":true},"categories":[6950],"tags":[],"jetpack_publicize_connections":[],"yoast_head":"<!-- This site is optimized with the Yoast SEO plugin v19.1 - https:\/\/yoast.com\/wordpress\/plugins\/seo\/ -->\n<title>Gvozdenovic: Za\u0161tita ulcinjske Solane prioritet - Lajme nga Ulqini<\/title>\n<meta name=\"description\" content=\"Crna Gora \u0107e na Bijenalu arhitekture u Veneciji pokazati da se \u017eivot i budu\u0107nost Solane mo\u017ee usmjeriti u vi\u0161e pravaca i da svaki od njih podrazumijeva\" \/>\n<meta name=\"robots\" content=\"index, follow, max-snippet:-1, max-image-preview:large, max-video-preview:-1\" \/>\n<link rel=\"canonical\" href=\"https:\/\/www.visit-ulcinj.com\/blog\/2016\/05\/26\/gvozdenovic-zastita-ulcinjske-solane-prioritet\/\" \/>\n<meta property=\"og:locale\" content=\"en_US\" \/>\n<meta property=\"og:type\" content=\"article\" \/>\n<meta property=\"og:title\" content=\"Gvozdenovic: Za\u0161tita ulcinjske Solane prioritet - Lajme nga Ulqini\" \/>\n<meta property=\"og:description\" content=\"Crna Gora \u0107e na Bijenalu arhitekture u Veneciji pokazati da se \u017eivot i budu\u0107nost Solane mo\u017ee usmjeriti u vi\u0161e pravaca i da svaki od njih podrazumijeva\" \/>\n<meta property=\"og:url\" content=\"https:\/\/www.visit-ulcinj.com\/blog\/2016\/05\/26\/gvozdenovic-zastita-ulcinjske-solane-prioritet\/\" \/>\n<meta property=\"og:site_name\" content=\"Lajme nga Ulqini\" \/>\n<meta property=\"article:published_time\" content=\"2016-05-26T16:53:15+00:00\" \/>\n<meta property=\"og:image\" content=\"http:\/\/www.visit-ulcinj.com\/blog\/wp-content\/uploads\/2016\/05\/Gvozdenovic-.jpg\" \/>\n<meta name=\"twitter:label1\" content=\"Written by\" \/>\n\t<meta name=\"twitter:data1\" content=\"ulqini\" \/>\n\t<meta name=\"twitter:label2\" content=\"Est. reading time\" \/>\n\t<meta name=\"twitter:data2\" content=\"7 minutes\" \/>\n<script type=\"application\/ld+json\" class=\"yoast-schema-graph\">{\"@context\":\"https:\/\/schema.org\",\"@graph\":[{\"@type\":\"WebSite\",\"@id\":\"https:\/\/www.visit-ulcinj.com\/blog\/#website\",\"url\":\"https:\/\/www.visit-ulcinj.com\/blog\/\",\"name\":\"Lajme nga Ulqini\",\"description\":\"Lajme,Vijesti,Ulqini,Ulqin,Crna Gora,Mali i Zi\",\"potentialAction\":[{\"@type\":\"SearchAction\",\"target\":{\"@type\":\"EntryPoint\",\"urlTemplate\":\"https:\/\/www.visit-ulcinj.com\/blog\/?s={search_term_string}\"},\"query-input\":\"required name=search_term_string\"}],\"inLanguage\":\"en-US\"},{\"@type\":\"ImageObject\",\"inLanguage\":\"en-US\",\"@id\":\"https:\/\/www.visit-ulcinj.com\/blog\/2016\/05\/26\/gvozdenovic-zastita-ulcinjske-solane-prioritet\/#primaryimage\",\"url\":\"https:\/\/www.visit-ulcinj.com\/blog\/wp-content\/uploads\/2016\/05\/Gvozdenovic-.jpg\",\"contentUrl\":\"https:\/\/www.visit-ulcinj.com\/blog\/wp-content\/uploads\/2016\/05\/Gvozdenovic-.jpg\",\"width\":676,\"height\":480},{\"@type\":\"WebPage\",\"@id\":\"https:\/\/www.visit-ulcinj.com\/blog\/2016\/05\/26\/gvozdenovic-zastita-ulcinjske-solane-prioritet\/#webpage\",\"url\":\"https:\/\/www.visit-ulcinj.com\/blog\/2016\/05\/26\/gvozdenovic-zastita-ulcinjske-solane-prioritet\/\",\"name\":\"Gvozdenovic: Za\u0161tita ulcinjske Solane prioritet - Lajme nga Ulqini\",\"isPartOf\":{\"@id\":\"https:\/\/www.visit-ulcinj.com\/blog\/#website\"},\"primaryImageOfPage\":{\"@id\":\"https:\/\/www.visit-ulcinj.com\/blog\/2016\/05\/26\/gvozdenovic-zastita-ulcinjske-solane-prioritet\/#primaryimage\"},\"datePublished\":\"2016-05-26T16:53:15+00:00\",\"dateModified\":\"2016-05-26T16:53:15+00:00\",\"author\":{\"@id\":\"https:\/\/www.visit-ulcinj.com\/blog\/#\/schema\/person\/dcab619c614d3038751c63bc2aadc06d\"},\"description\":\"Crna Gora \u0107e na Bijenalu arhitekture u Veneciji pokazati da se \u017eivot i budu\u0107nost Solane mo\u017ee usmjeriti u vi\u0161e pravaca i da svaki od njih podrazumijeva\",\"breadcrumb\":{\"@id\":\"https:\/\/www.visit-ulcinj.com\/blog\/2016\/05\/26\/gvozdenovic-zastita-ulcinjske-solane-prioritet\/#breadcrumb\"},\"inLanguage\":\"en-US\",\"potentialAction\":[{\"@type\":\"ReadAction\",\"target\":[\"https:\/\/www.visit-ulcinj.com\/blog\/2016\/05\/26\/gvozdenovic-zastita-ulcinjske-solane-prioritet\/\"]}]},{\"@type\":\"BreadcrumbList\",\"@id\":\"https:\/\/www.visit-ulcinj.com\/blog\/2016\/05\/26\/gvozdenovic-zastita-ulcinjske-solane-prioritet\/#breadcrumb\",\"itemListElement\":[{\"@type\":\"ListItem\",\"position\":1,\"name\":\"Gvozdenovic: Za\u0161tita ulcinjske Solane prioritet\"}]},{\"@type\":\"Person\",\"@id\":\"https:\/\/www.visit-ulcinj.com\/blog\/#\/schema\/person\/dcab619c614d3038751c63bc2aadc06d\",\"name\":\"ulqini\",\"sameAs\":[\"http:\/\/www.visit-ulcinj.com\"],\"url\":\"https:\/\/www.visit-ulcinj.com\/blog\/author\/admin\/\"}]}<\/script>\n<!-- \/ Yoast SEO plugin. -->","yoast_head_json":{"title":"Gvozdenovic: Za\u0161tita ulcinjske Solane prioritet - Lajme nga Ulqini","description":"Crna Gora \u0107e na Bijenalu arhitekture u Veneciji pokazati da se \u017eivot i budu\u0107nost Solane mo\u017ee usmjeriti u vi\u0161e pravaca i da svaki od njih podrazumijeva","robots":{"index":"index","follow":"follow","max-snippet":"max-snippet:-1","max-image-preview":"max-image-preview:large","max-video-preview":"max-video-preview:-1"},"canonical":"https:\/\/www.visit-ulcinj.com\/blog\/2016\/05\/26\/gvozdenovic-zastita-ulcinjske-solane-prioritet\/","og_locale":"en_US","og_type":"article","og_title":"Gvozdenovic: Za\u0161tita ulcinjske Solane prioritet - Lajme nga Ulqini","og_description":"Crna Gora \u0107e na Bijenalu arhitekture u Veneciji pokazati da se \u017eivot i budu\u0107nost Solane mo\u017ee usmjeriti u vi\u0161e pravaca i da svaki od njih podrazumijeva","og_url":"https:\/\/www.visit-ulcinj.com\/blog\/2016\/05\/26\/gvozdenovic-zastita-ulcinjske-solane-prioritet\/","og_site_name":"Lajme nga Ulqini","article_published_time":"2016-05-26T16:53:15+00:00","og_image":[{"url":"http:\/\/www.visit-ulcinj.com\/blog\/wp-content\/uploads\/2016\/05\/Gvozdenovic-.jpg"}],"twitter_misc":{"Written by":"ulqini","Est. reading time":"7 minutes"},"schema":{"@context":"https:\/\/schema.org","@graph":[{"@type":"WebSite","@id":"https:\/\/www.visit-ulcinj.com\/blog\/#website","url":"https:\/\/www.visit-ulcinj.com\/blog\/","name":"Lajme nga Ulqini","description":"Lajme,Vijesti,Ulqini,Ulqin,Crna Gora,Mali i Zi","potentialAction":[{"@type":"SearchAction","target":{"@type":"EntryPoint","urlTemplate":"https:\/\/www.visit-ulcinj.com\/blog\/?s={search_term_string}"},"query-input":"required name=search_term_string"}],"inLanguage":"en-US"},{"@type":"ImageObject","inLanguage":"en-US","@id":"https:\/\/www.visit-ulcinj.com\/blog\/2016\/05\/26\/gvozdenovic-zastita-ulcinjske-solane-prioritet\/#primaryimage","url":"https:\/\/www.visit-ulcinj.com\/blog\/wp-content\/uploads\/2016\/05\/Gvozdenovic-.jpg","contentUrl":"https:\/\/www.visit-ulcinj.com\/blog\/wp-content\/uploads\/2016\/05\/Gvozdenovic-.jpg","width":676,"height":480},{"@type":"WebPage","@id":"https:\/\/www.visit-ulcinj.com\/blog\/2016\/05\/26\/gvozdenovic-zastita-ulcinjske-solane-prioritet\/#webpage","url":"https:\/\/www.visit-ulcinj.com\/blog\/2016\/05\/26\/gvozdenovic-zastita-ulcinjske-solane-prioritet\/","name":"Gvozdenovic: Za\u0161tita ulcinjske Solane prioritet - Lajme nga Ulqini","isPartOf":{"@id":"https:\/\/www.visit-ulcinj.com\/blog\/#website"},"primaryImageOfPage":{"@id":"https:\/\/www.visit-ulcinj.com\/blog\/2016\/05\/26\/gvozdenovic-zastita-ulcinjske-solane-prioritet\/#primaryimage"},"datePublished":"2016-05-26T16:53:15+00:00","dateModified":"2016-05-26T16:53:15+00:00","author":{"@id":"https:\/\/www.visit-ulcinj.com\/blog\/#\/schema\/person\/dcab619c614d3038751c63bc2aadc06d"},"description":"Crna Gora \u0107e na Bijenalu arhitekture u Veneciji pokazati da se \u017eivot i budu\u0107nost Solane mo\u017ee usmjeriti u vi\u0161e pravaca i da svaki od njih podrazumijeva","breadcrumb":{"@id":"https:\/\/www.visit-ulcinj.com\/blog\/2016\/05\/26\/gvozdenovic-zastita-ulcinjske-solane-prioritet\/#breadcrumb"},"inLanguage":"en-US","potentialAction":[{"@type":"ReadAction","target":["https:\/\/www.visit-ulcinj.com\/blog\/2016\/05\/26\/gvozdenovic-zastita-ulcinjske-solane-prioritet\/"]}]},{"@type":"BreadcrumbList","@id":"https:\/\/www.visit-ulcinj.com\/blog\/2016\/05\/26\/gvozdenovic-zastita-ulcinjske-solane-prioritet\/#breadcrumb","itemListElement":[{"@type":"ListItem","position":1,"name":"Gvozdenovic: Za\u0161tita ulcinjske Solane prioritet"}]},{"@type":"Person","@id":"https:\/\/www.visit-ulcinj.com\/blog\/#\/schema\/person\/dcab619c614d3038751c63bc2aadc06d","name":"ulqini","sameAs":["http:\/\/www.visit-ulcinj.com"],"url":"https:\/\/www.visit-ulcinj.com\/blog\/author\/admin\/"}]}},"jetpack_featured_media_url":"","jetpack_sharing_enabled":true,"jetpack_shortlink":"https:\/\/wp.me\/pe6lTn-ph5","_links":{"self":[{"href":"https:\/\/www.visit-ulcinj.com\/blog\/wp-json\/wp\/v2\/posts\/97159"}],"collection":[{"href":"https:\/\/www.visit-ulcinj.com\/blog\/wp-json\/wp\/v2\/posts"}],"about":[{"href":"https:\/\/www.visit-ulcinj.com\/blog\/wp-json\/wp\/v2\/types\/post"}],"author":[{"embeddable":true,"href":"https:\/\/www.visit-ulcinj.com\/blog\/wp-json\/wp\/v2\/users\/1"}],"replies":[{"embeddable":true,"href":"https:\/\/www.visit-ulcinj.com\/blog\/wp-json\/wp\/v2\/comments?post=97159"}],"version-history":[{"count":1,"href":"https:\/\/www.visit-ulcinj.com\/blog\/wp-json\/wp\/v2\/posts\/97159\/revisions"}],"predecessor-version":[{"id":97161,"href":"https:\/\/www.visit-ulcinj.com\/blog\/wp-json\/wp\/v2\/posts\/97159\/revisions\/97161"}],"wp:attachment":[{"href":"https:\/\/www.visit-ulcinj.com\/blog\/wp-json\/wp\/v2\/media?parent=97159"}],"wp:term":[{"taxonomy":"category","embeddable":true,"href":"https:\/\/www.visit-ulcinj.com\/blog\/wp-json\/wp\/v2\/categories?post=97159"},{"taxonomy":"post_tag","embeddable":true,"href":"https:\/\/www.visit-ulcinj.com\/blog\/wp-json\/wp\/v2\/tags?post=97159"}],"curies":[{"name":"wp","href":"https:\/\/api.w.org\/{rel}","templated":true}]}}