{"id":97162,"date":"2016-05-27T15:46:08","date_gmt":"2016-05-27T14:46:08","guid":{"rendered":"http:\/\/www.visit-ulcinj.com\/blog\/?p=97162"},"modified":"2016-05-27T16:56:45","modified_gmt":"2016-05-27T15:56:45","slug":"bregdeti-ulqinit-perla-e-rrezikuar-nga-plehrat-foto","status":"publish","type":"post","link":"https:\/\/www.visit-ulcinj.com\/blog\/2016\/05\/27\/bregdeti-ulqinit-perla-e-rrezikuar-nga-plehrat-foto\/","title":{"rendered":"Bregdeti i Ulqinit, perla e rrezikuar nga plehrat + Foto"},"content":{"rendered":"<p><strong><a href=\"http:\/\/www.visit-ulcinj.com\/blog\/wp-content\/uploads\/2016\/05\/Bregdeti-Ulqinit-i-rezikuar-nga-plehrat-.jpg\"><img loading=\"lazy\" class=\"alignleft wp-image-97163\" src=\"http:\/\/www.visit-ulcinj.com\/blog\/wp-content\/uploads\/2016\/05\/Bregdeti-Ulqinit-i-rezikuar-nga-plehrat-.jpg\" alt=\"Bregdeti Ulqinit-i rezikuar nga plehrat-\" width=\"508\" height=\"286\" srcset=\"https:\/\/www.visit-ulcinj.com\/blog\/wp-content\/uploads\/2016\/05\/Bregdeti-Ulqinit-i-rezikuar-nga-plehrat-.jpg 960w, https:\/\/www.visit-ulcinj.com\/blog\/wp-content\/uploads\/2016\/05\/Bregdeti-Ulqinit-i-rezikuar-nga-plehrat--300x169.jpg 300w, https:\/\/www.visit-ulcinj.com\/blog\/wp-content\/uploads\/2016\/05\/Bregdeti-Ulqinit-i-rezikuar-nga-plehrat--768x432.jpg 768w\" sizes=\"(max-width: 508px) 100vw, 508px\" \/><\/a>Deti p\u00ebrplot mbeturina!<\/strong><\/p>\n<p>N\u00ebn iniciativ\u00ebn e Shoqat\u00ebs s\u00eb Komunave, organizuar nga NP &#8220;Veprimtarit\u00eb Komunale&#8221;, n\u00eb bashk\u00ebpunim me Zyr\u00ebn p\u00ebr Mar\u00ebdh\u00ebnie Nd\u00ebrkomb\u00ebtare dhe Projekte, vazhdon pastrimi i vij\u00ebs bregdetare t\u00eb Komun\u00ebs ton\u00eb. N\u00eb aksion asistuan edhe pronar\u00ebt e anijeve \u201cSuka\u201d dhe \u201cTeuta\u201d.<br \/>\nU pastruan dy plazhe n\u00eb per\u00ebndim t\u00eb Kalas\u00eb, gjegj\u00ebsisht \u201cLugu i Xhemiles\u201d si dhe plazhi \u201cOpalike\u201d.<\/p>\n<div class=\"text_exposed_show\">\n<p>Si rezultat i aksionit t\u00eb pastrimit, u mblodh\u00ebn rreth 850 kg &#8211; kryesisht mbeturina t\u00eb llojeve plastike dhe ambalazhe t\u00eb ndryshme, t\u00eb cilat n\u00eb k\u00ebto sip\u00ebrfaqe akumulohen drejt\u00ebp\u00ebrdrejt\u00eb nga veprimi i val\u00ebve t\u00eb detit, pra burojn\u00eb drejt\u00ebp\u00ebrdrejt\u00eb nga sip\u00ebrfaqja e detit.<\/p>\n<p>Vet\u00eb fakti se b\u00ebhet fjal\u00eb p\u00ebr afro nj\u00eb tonelat\u00eb mbeturina q\u00eb burojn\u00eb nga deti, tregon se n\u00eb sip\u00ebrfaqe t\u00eb detit qarkullon sasi marramend\u00ebse e mbeturinave t\u00eb cilat ndikojn\u00eb negativisht n\u00eb ekosistemin detar, dhe n\u00eb m\u00ebnyr\u00eb indirekte, d\u00ebp\u00ebrtojn\u00eb edhe n\u00eb organizmin tone, n\u00ebp\u00ebrmes konzumimit t\u00eb ushqimit nga deti.<\/p>\n<p>Nj\u00eb fakt i till\u00eb \u00ebsht\u00eb alarmant, gj\u00eb q\u00eb na shtyen t\u00eb apelojm\u00eb n\u00eb mbar\u00eb popullat\u00ebn q\u00eb mos t\u00eb deponojn\u00eb mbeturina n\u00eb det, pasiq\u00eb b\u00ebhet fjal\u00eb p\u00ebr nj\u00eb veprim tejet t\u00eb d\u00ebmsh\u00ebm.<\/p>\n<p><strong><a id=\"js_5k\" class=\"_hli\" href=\"https:\/\/www.facebook.com\/Ulcinj-Marine-Fauna-Protection-and-Cultivation-1573152122962758\/?fref=photo\" data-ft=\"{&quot;tn&quot;:&quot;k&quot;}\" data-hovercard=\"\/ajax\/hovercard\/page.php?id=1573152122962758\">Ulcinj Marine Fauna Protection and Cultivation <\/a>Facebook<\/strong><\/p>\n\n\t\t<style type=\"text\/css\">\n\t\t\t#gallery-1 {\n\t\t\t\tmargin: auto;\n\t\t\t}\n\t\t\t#gallery-1 .gallery-item {\n\t\t\t\tfloat: left;\n\t\t\t\tmargin-top: 10px;\n\t\t\t\ttext-align: center;\n\t\t\t\twidth: 33%;\n\t\t\t}\n\t\t\t#gallery-1 img {\n\t\t\t\tborder: 2px solid #cfcfcf;\n\t\t\t}\n\t\t\t#gallery-1 .gallery-caption {\n\t\t\t\tmargin-left: 0;\n\t\t\t}\n\t\t\t\/* see gallery_shortcode() in wp-includes\/media.php *\/\n\t\t<\/style>\n\t\t<div id='gallery-1' class='gallery galleryid-97162 gallery-columns-3 gallery-size-thumbnail'><dl class='gallery-item'>\n\t\t\t<dt class='gallery-icon landscape'>\n\t\t\t\t<a href='https:\/\/www.visit-ulcinj.com\/blog\/2016\/05\/27\/bregdeti-ulqinit-perla-e-rrezikuar-nga-plehrat-foto\/bregdeti-ulqinit-i-rezikuar-nga-plehrat-1\/'><img width=\"150\" height=\"150\" src=\"https:\/\/www.visit-ulcinj.com\/blog\/wp-content\/uploads\/2016\/05\/Bregdeti-Ulqinit-i-rezikuar-nga-plehrat-1-150x150.jpg\" class=\"attachment-thumbnail size-thumbnail\" alt=\"\" loading=\"lazy\" \/><\/a>\n\t\t\t<\/dt><\/dl><dl class='gallery-item'>\n\t\t\t<dt class='gallery-icon landscape'>\n\t\t\t\t<a href='https:\/\/www.visit-ulcinj.com\/blog\/2016\/05\/27\/bregdeti-ulqinit-perla-e-rrezikuar-nga-plehrat-foto\/bregdeti-ulqinit-i-rezikuar-nga-plehrat-2\/'><img width=\"150\" height=\"150\" src=\"https:\/\/www.visit-ulcinj.com\/blog\/wp-content\/uploads\/2016\/05\/Bregdeti-Ulqinit-i-rezikuar-nga-plehrat-2-150x150.jpg\" class=\"attachment-thumbnail size-thumbnail\" alt=\"\" loading=\"lazy\" \/><\/a>\n\t\t\t<\/dt><\/dl><dl class='gallery-item'>\n\t\t\t<dt class='gallery-icon landscape'>\n\t\t\t\t<a href='https:\/\/www.visit-ulcinj.com\/blog\/2016\/05\/27\/bregdeti-ulqinit-perla-e-rrezikuar-nga-plehrat-foto\/bregdeti-ulqinit-i-rezikuar-nga-plehrat-3\/'><img width=\"150\" height=\"150\" src=\"https:\/\/www.visit-ulcinj.com\/blog\/wp-content\/uploads\/2016\/05\/Bregdeti-Ulqinit-i-rezikuar-nga-plehrat-3-150x150.jpg\" class=\"attachment-thumbnail size-thumbnail\" alt=\"\" loading=\"lazy\" \/><\/a>\n\t\t\t<\/dt><\/dl><br style=\"clear: both\" \/><dl class='gallery-item'>\n\t\t\t<dt class='gallery-icon landscape'>\n\t\t\t\t<a href='https:\/\/www.visit-ulcinj.com\/blog\/2016\/05\/27\/bregdeti-ulqinit-perla-e-rrezikuar-nga-plehrat-foto\/bregdeti-ulqinit-i-rezikuar-nga-plehrat-4\/'><img width=\"150\" height=\"150\" src=\"https:\/\/www.visit-ulcinj.com\/blog\/wp-content\/uploads\/2016\/05\/Bregdeti-Ulqinit-i-rezikuar-nga-plehrat-4-150x150.jpg\" class=\"attachment-thumbnail size-thumbnail\" alt=\"\" loading=\"lazy\" \/><\/a>\n\t\t\t<\/dt><\/dl><dl class='gallery-item'>\n\t\t\t<dt class='gallery-icon landscape'>\n\t\t\t\t<a href='https:\/\/www.visit-ulcinj.com\/blog\/2016\/05\/27\/bregdeti-ulqinit-perla-e-rrezikuar-nga-plehrat-foto\/bregdeti-ulqinit-i-rezikuar-nga-plehrat-5\/'><img width=\"150\" height=\"150\" src=\"https:\/\/www.visit-ulcinj.com\/blog\/wp-content\/uploads\/2016\/05\/Bregdeti-Ulqinit-i-rezikuar-nga-plehrat-5-150x150.jpg\" class=\"attachment-thumbnail size-thumbnail\" alt=\"\" loading=\"lazy\" \/><\/a>\n\t\t\t<\/dt><\/dl><dl class='gallery-item'>\n\t\t\t<dt class='gallery-icon landscape'>\n\t\t\t\t<a href='https:\/\/www.visit-ulcinj.com\/blog\/2016\/05\/27\/bregdeti-ulqinit-perla-e-rrezikuar-nga-plehrat-foto\/bregdeti-ulqinit-i-rezikuar-nga-plehrat-6\/'><img width=\"150\" height=\"150\" src=\"https:\/\/www.visit-ulcinj.com\/blog\/wp-content\/uploads\/2016\/05\/Bregdeti-Ulqinit-i-rezikuar-nga-plehrat-6-150x150.jpg\" class=\"attachment-thumbnail size-thumbnail\" alt=\"\" loading=\"lazy\" \/><\/a>\n\t\t\t<\/dt><\/dl><br style=\"clear: both\" \/>\n\t\t<\/div>\n\n<\/div>\n","protected":false},"excerpt":{"rendered":"<p>Deti p\u00ebrplot mbeturina! N\u00ebn iniciativ\u00ebn e Shoqat\u00ebs s\u00eb Komunave, organizuar nga NP &#8220;Veprimtarit\u00eb Komunale&#8221;, n\u00eb bashk\u00ebpunim me Zyr\u00ebn p\u00ebr Mar\u00ebdh\u00ebnie Nd\u00ebrkomb\u00ebtare dhe Projekte, vazhdon pastrimi i vij\u00ebs bregdetare t\u00eb Komun\u00ebs ton\u00eb. N\u00eb aksion asistuan edhe pronar\u00ebt e anijeve \u201cSuka\u201d dhe \u201cTeuta\u201d. U pastruan dy plazhe n\u00eb per\u00ebndim t\u00eb Kalas\u00eb, gjegj\u00ebsisht \u201cLugu i Xhemiles\u201d si dhe [&hellip;]<\/p>\n","protected":false},"author":1,"featured_media":0,"comment_status":"closed","ping_status":"closed","sticky":false,"template":"","format":"standard","meta":{"spay_email":"","jetpack_publicize_message":"","jetpack_is_tweetstorm":false,"jetpack_publicize_feature_enabled":true},"categories":[1,15],"tags":[],"jetpack_publicize_connections":[],"yoast_head":"<!-- This site is optimized with the Yoast SEO plugin v19.1 - https:\/\/yoast.com\/wordpress\/plugins\/seo\/ -->\n<title>Bregdeti i Ulqinit, perla e rrezikuar nga plehrat + Foto - Lajme nga Ulqini<\/title>\n<meta name=\"description\" content=\"Deti p\u00ebrplot mbeturina! N\u00ebn iniciativ\u00ebn e Shoqat\u00ebs s\u00eb Komunave, organizuar nga NP &quot;Veprimtarit\u00eb Komunale&quot;, n\u00eb bashk\u00ebpunim me Zyr\u00ebn p\u00ebr Mar\u00ebdh\u00ebnie\" \/>\n<meta name=\"robots\" content=\"index, follow, max-snippet:-1, max-image-preview:large, max-video-preview:-1\" \/>\n<link rel=\"canonical\" href=\"https:\/\/www.visit-ulcinj.com\/blog\/2016\/05\/27\/bregdeti-ulqinit-perla-e-rrezikuar-nga-plehrat-foto\/\" \/>\n<meta property=\"og:locale\" content=\"en_US\" \/>\n<meta property=\"og:type\" content=\"article\" \/>\n<meta property=\"og:title\" content=\"Bregdeti i Ulqinit, perla e rrezikuar nga plehrat + Foto - Lajme nga Ulqini\" \/>\n<meta property=\"og:description\" content=\"Deti p\u00ebrplot mbeturina! N\u00ebn iniciativ\u00ebn e Shoqat\u00ebs s\u00eb Komunave, organizuar nga NP &quot;Veprimtarit\u00eb Komunale&quot;, n\u00eb bashk\u00ebpunim me Zyr\u00ebn p\u00ebr Mar\u00ebdh\u00ebnie\" \/>\n<meta property=\"og:url\" content=\"https:\/\/www.visit-ulcinj.com\/blog\/2016\/05\/27\/bregdeti-ulqinit-perla-e-rrezikuar-nga-plehrat-foto\/\" \/>\n<meta property=\"og:site_name\" content=\"Lajme nga Ulqini\" \/>\n<meta property=\"article:published_time\" content=\"2016-05-27T14:46:08+00:00\" \/>\n<meta property=\"article:modified_time\" content=\"2016-05-27T15:56:45+00:00\" \/>\n<meta property=\"og:image\" content=\"https:\/\/www.visit-ulcinj.com\/blog\/wp-content\/uploads\/2016\/05\/Bregdeti-Ulqinit-i-rezikuar-nga-plehrat-1-150x150.jpg\" \/>\n<meta name=\"twitter:label1\" content=\"Written by\" \/>\n\t<meta name=\"twitter:data1\" content=\"ulqini\" \/>\n\t<meta name=\"twitter:label2\" content=\"Est. reading time\" \/>\n\t<meta name=\"twitter:data2\" content=\"1 minute\" \/>\n<script type=\"application\/ld+json\" class=\"yoast-schema-graph\">{\"@context\":\"https:\/\/schema.org\",\"@graph\":[{\"@type\":\"WebSite\",\"@id\":\"https:\/\/www.visit-ulcinj.com\/blog\/#website\",\"url\":\"https:\/\/www.visit-ulcinj.com\/blog\/\",\"name\":\"Lajme nga Ulqini\",\"description\":\"Lajme,Vijesti,Ulqini,Ulqin,Crna Gora,Mali i Zi\",\"potentialAction\":[{\"@type\":\"SearchAction\",\"target\":{\"@type\":\"EntryPoint\",\"urlTemplate\":\"https:\/\/www.visit-ulcinj.com\/blog\/?s={search_term_string}\"},\"query-input\":\"required name=search_term_string\"}],\"inLanguage\":\"en-US\"},{\"@type\":\"ImageObject\",\"inLanguage\":\"en-US\",\"@id\":\"https:\/\/www.visit-ulcinj.com\/blog\/2016\/05\/27\/bregdeti-ulqinit-perla-e-rrezikuar-nga-plehrat-foto\/#primaryimage\",\"url\":\"https:\/\/www.visit-ulcinj.com\/blog\/wp-content\/uploads\/2016\/05\/Bregdeti-Ulqinit-i-rezikuar-nga-plehrat-.jpg\",\"contentUrl\":\"https:\/\/www.visit-ulcinj.com\/blog\/wp-content\/uploads\/2016\/05\/Bregdeti-Ulqinit-i-rezikuar-nga-plehrat-.jpg\",\"width\":960,\"height\":540},{\"@type\":\"WebPage\",\"@id\":\"https:\/\/www.visit-ulcinj.com\/blog\/2016\/05\/27\/bregdeti-ulqinit-perla-e-rrezikuar-nga-plehrat-foto\/#webpage\",\"url\":\"https:\/\/www.visit-ulcinj.com\/blog\/2016\/05\/27\/bregdeti-ulqinit-perla-e-rrezikuar-nga-plehrat-foto\/\",\"name\":\"Bregdeti i Ulqinit, perla e rrezikuar nga plehrat + Foto - Lajme nga Ulqini\",\"isPartOf\":{\"@id\":\"https:\/\/www.visit-ulcinj.com\/blog\/#website\"},\"primaryImageOfPage\":{\"@id\":\"https:\/\/www.visit-ulcinj.com\/blog\/2016\/05\/27\/bregdeti-ulqinit-perla-e-rrezikuar-nga-plehrat-foto\/#primaryimage\"},\"datePublished\":\"2016-05-27T14:46:08+00:00\",\"dateModified\":\"2016-05-27T15:56:45+00:00\",\"author\":{\"@id\":\"https:\/\/www.visit-ulcinj.com\/blog\/#\/schema\/person\/dcab619c614d3038751c63bc2aadc06d\"},\"description\":\"Deti p\u00ebrplot mbeturina! N\u00ebn iniciativ\u00ebn e Shoqat\u00ebs s\u00eb Komunave, organizuar nga NP \\\"Veprimtarit\u00eb Komunale\\\", n\u00eb bashk\u00ebpunim me Zyr\u00ebn p\u00ebr Mar\u00ebdh\u00ebnie\",\"breadcrumb\":{\"@id\":\"https:\/\/www.visit-ulcinj.com\/blog\/2016\/05\/27\/bregdeti-ulqinit-perla-e-rrezikuar-nga-plehrat-foto\/#breadcrumb\"},\"inLanguage\":\"en-US\",\"potentialAction\":[{\"@type\":\"ReadAction\",\"target\":[\"https:\/\/www.visit-ulcinj.com\/blog\/2016\/05\/27\/bregdeti-ulqinit-perla-e-rrezikuar-nga-plehrat-foto\/\"]}]},{\"@type\":\"BreadcrumbList\",\"@id\":\"https:\/\/www.visit-ulcinj.com\/blog\/2016\/05\/27\/bregdeti-ulqinit-perla-e-rrezikuar-nga-plehrat-foto\/#breadcrumb\",\"itemListElement\":[{\"@type\":\"ListItem\",\"position\":1,\"name\":\"Bregdeti i Ulqinit, perla e rrezikuar nga plehrat + Foto\"}]},{\"@type\":\"Person\",\"@id\":\"https:\/\/www.visit-ulcinj.com\/blog\/#\/schema\/person\/dcab619c614d3038751c63bc2aadc06d\",\"name\":\"ulqini\",\"sameAs\":[\"http:\/\/www.visit-ulcinj.com\"],\"url\":\"https:\/\/www.visit-ulcinj.com\/blog\/author\/admin\/\"}]}<\/script>\n<!-- \/ Yoast SEO plugin. -->","yoast_head_json":{"title":"Bregdeti i Ulqinit, perla e rrezikuar nga plehrat + Foto - Lajme nga Ulqini","description":"Deti p\u00ebrplot mbeturina! N\u00ebn iniciativ\u00ebn e Shoqat\u00ebs s\u00eb Komunave, organizuar nga NP \"Veprimtarit\u00eb Komunale\", n\u00eb bashk\u00ebpunim me Zyr\u00ebn p\u00ebr Mar\u00ebdh\u00ebnie","robots":{"index":"index","follow":"follow","max-snippet":"max-snippet:-1","max-image-preview":"max-image-preview:large","max-video-preview":"max-video-preview:-1"},"canonical":"https:\/\/www.visit-ulcinj.com\/blog\/2016\/05\/27\/bregdeti-ulqinit-perla-e-rrezikuar-nga-plehrat-foto\/","og_locale":"en_US","og_type":"article","og_title":"Bregdeti i Ulqinit, perla e rrezikuar nga plehrat + Foto - Lajme nga Ulqini","og_description":"Deti p\u00ebrplot mbeturina! N\u00ebn iniciativ\u00ebn e Shoqat\u00ebs s\u00eb Komunave, organizuar nga NP \"Veprimtarit\u00eb Komunale\", n\u00eb bashk\u00ebpunim me Zyr\u00ebn p\u00ebr Mar\u00ebdh\u00ebnie","og_url":"https:\/\/www.visit-ulcinj.com\/blog\/2016\/05\/27\/bregdeti-ulqinit-perla-e-rrezikuar-nga-plehrat-foto\/","og_site_name":"Lajme nga Ulqini","article_published_time":"2016-05-27T14:46:08+00:00","article_modified_time":"2016-05-27T15:56:45+00:00","og_image":[{"url":"https:\/\/www.visit-ulcinj.com\/blog\/wp-content\/uploads\/2016\/05\/Bregdeti-Ulqinit-i-rezikuar-nga-plehrat-1-150x150.jpg"}],"twitter_misc":{"Written by":"ulqini","Est. reading time":"1 minute"},"schema":{"@context":"https:\/\/schema.org","@graph":[{"@type":"WebSite","@id":"https:\/\/www.visit-ulcinj.com\/blog\/#website","url":"https:\/\/www.visit-ulcinj.com\/blog\/","name":"Lajme nga Ulqini","description":"Lajme,Vijesti,Ulqini,Ulqin,Crna Gora,Mali i Zi","potentialAction":[{"@type":"SearchAction","target":{"@type":"EntryPoint","urlTemplate":"https:\/\/www.visit-ulcinj.com\/blog\/?s={search_term_string}"},"query-input":"required name=search_term_string"}],"inLanguage":"en-US"},{"@type":"ImageObject","inLanguage":"en-US","@id":"https:\/\/www.visit-ulcinj.com\/blog\/2016\/05\/27\/bregdeti-ulqinit-perla-e-rrezikuar-nga-plehrat-foto\/#primaryimage","url":"https:\/\/www.visit-ulcinj.com\/blog\/wp-content\/uploads\/2016\/05\/Bregdeti-Ulqinit-i-rezikuar-nga-plehrat-.jpg","contentUrl":"https:\/\/www.visit-ulcinj.com\/blog\/wp-content\/uploads\/2016\/05\/Bregdeti-Ulqinit-i-rezikuar-nga-plehrat-.jpg","width":960,"height":540},{"@type":"WebPage","@id":"https:\/\/www.visit-ulcinj.com\/blog\/2016\/05\/27\/bregdeti-ulqinit-perla-e-rrezikuar-nga-plehrat-foto\/#webpage","url":"https:\/\/www.visit-ulcinj.com\/blog\/2016\/05\/27\/bregdeti-ulqinit-perla-e-rrezikuar-nga-plehrat-foto\/","name":"Bregdeti i Ulqinit, perla e rrezikuar nga plehrat + Foto - Lajme nga Ulqini","isPartOf":{"@id":"https:\/\/www.visit-ulcinj.com\/blog\/#website"},"primaryImageOfPage":{"@id":"https:\/\/www.visit-ulcinj.com\/blog\/2016\/05\/27\/bregdeti-ulqinit-perla-e-rrezikuar-nga-plehrat-foto\/#primaryimage"},"datePublished":"2016-05-27T14:46:08+00:00","dateModified":"2016-05-27T15:56:45+00:00","author":{"@id":"https:\/\/www.visit-ulcinj.com\/blog\/#\/schema\/person\/dcab619c614d3038751c63bc2aadc06d"},"description":"Deti p\u00ebrplot mbeturina! N\u00ebn iniciativ\u00ebn e Shoqat\u00ebs s\u00eb Komunave, organizuar nga NP \"Veprimtarit\u00eb Komunale\", n\u00eb bashk\u00ebpunim me Zyr\u00ebn p\u00ebr Mar\u00ebdh\u00ebnie","breadcrumb":{"@id":"https:\/\/www.visit-ulcinj.com\/blog\/2016\/05\/27\/bregdeti-ulqinit-perla-e-rrezikuar-nga-plehrat-foto\/#breadcrumb"},"inLanguage":"en-US","potentialAction":[{"@type":"ReadAction","target":["https:\/\/www.visit-ulcinj.com\/blog\/2016\/05\/27\/bregdeti-ulqinit-perla-e-rrezikuar-nga-plehrat-foto\/"]}]},{"@type":"BreadcrumbList","@id":"https:\/\/www.visit-ulcinj.com\/blog\/2016\/05\/27\/bregdeti-ulqinit-perla-e-rrezikuar-nga-plehrat-foto\/#breadcrumb","itemListElement":[{"@type":"ListItem","position":1,"name":"Bregdeti i Ulqinit, perla e rrezikuar nga plehrat + Foto"}]},{"@type":"Person","@id":"https:\/\/www.visit-ulcinj.com\/blog\/#\/schema\/person\/dcab619c614d3038751c63bc2aadc06d","name":"ulqini","sameAs":["http:\/\/www.visit-ulcinj.com"],"url":"https:\/\/www.visit-ulcinj.com\/blog\/author\/admin\/"}]}},"jetpack_featured_media_url":"","jetpack_sharing_enabled":true,"jetpack_shortlink":"https:\/\/wp.me\/pe6lTn-ph8","_links":{"self":[{"href":"https:\/\/www.visit-ulcinj.com\/blog\/wp-json\/wp\/v2\/posts\/97162"}],"collection":[{"href":"https:\/\/www.visit-ulcinj.com\/blog\/wp-json\/wp\/v2\/posts"}],"about":[{"href":"https:\/\/www.visit-ulcinj.com\/blog\/wp-json\/wp\/v2\/types\/post"}],"author":[{"embeddable":true,"href":"https:\/\/www.visit-ulcinj.com\/blog\/wp-json\/wp\/v2\/users\/1"}],"replies":[{"embeddable":true,"href":"https:\/\/www.visit-ulcinj.com\/blog\/wp-json\/wp\/v2\/comments?post=97162"}],"version-history":[{"count":1,"href":"https:\/\/www.visit-ulcinj.com\/blog\/wp-json\/wp\/v2\/posts\/97162\/revisions"}],"predecessor-version":[{"id":97170,"href":"https:\/\/www.visit-ulcinj.com\/blog\/wp-json\/wp\/v2\/posts\/97162\/revisions\/97170"}],"wp:attachment":[{"href":"https:\/\/www.visit-ulcinj.com\/blog\/wp-json\/wp\/v2\/media?parent=97162"}],"wp:term":[{"taxonomy":"category","embeddable":true,"href":"https:\/\/www.visit-ulcinj.com\/blog\/wp-json\/wp\/v2\/categories?post=97162"},{"taxonomy":"post_tag","embeddable":true,"href":"https:\/\/www.visit-ulcinj.com\/blog\/wp-json\/wp\/v2\/tags?post=97162"}],"curies":[{"name":"wp","href":"https:\/\/api.w.org\/{rel}","templated":true}]}}