{"id":97171,"date":"2016-05-27T15:54:55","date_gmt":"2016-05-27T14:54:55","guid":{"rendered":"http:\/\/www.visit-ulcinj.com\/blog\/?p=97171"},"modified":"2016-05-27T15:59:18","modified_gmt":"2016-05-27T14:59:18","slug":"ne-tetor-nis-ndertimi-kanalizimit-ne-ulqin","status":"publish","type":"post","link":"https:\/\/www.visit-ulcinj.com\/blog\/2016\/05\/27\/ne-tetor-nis-ndertimi-kanalizimit-ne-ulqin\/","title":{"rendered":"N\u00eb tetor nis nd\u00ebrtimi i kanalizimit n\u00eb Ulqin"},"content":{"rendered":"<p><strong><a href=\"http:\/\/www.visit-ulcinj.com\/blog\/wp-content\/uploads\/2016\/05\/Mbledhja-nd\u00ebrtimi-i-kanalizimit-n\u00eb-Ulqin-Cungu.jpg\"><img loading=\"lazy\" class=\"alignleft wp-image-97172\" src=\"http:\/\/www.visit-ulcinj.com\/blog\/wp-content\/uploads\/2016\/05\/Mbledhja-nd\u00ebrtimi-i-kanalizimit-n\u00eb-Ulqin-Cungu.jpg\" alt=\"Mbledhja -nd\u00ebrtimi i kanalizimit n\u00eb Ulqin-Cungu\" width=\"508\" height=\"336\" srcset=\"https:\/\/www.visit-ulcinj.com\/blog\/wp-content\/uploads\/2016\/05\/Mbledhja-nd\u00ebrtimi-i-kanalizimit-n\u00eb-Ulqin-Cungu.jpg 986w, https:\/\/www.visit-ulcinj.com\/blog\/wp-content\/uploads\/2016\/05\/Mbledhja-nd\u00ebrtimi-i-kanalizimit-n\u00eb-Ulqin-Cungu-300x199.jpg 300w, https:\/\/www.visit-ulcinj.com\/blog\/wp-content\/uploads\/2016\/05\/Mbledhja-nd\u00ebrtimi-i-kanalizimit-n\u00eb-Ulqin-Cungu-768x509.jpg 768w\" sizes=\"(max-width: 508px) 100vw, 508px\" \/><\/a>Ndertimi i kanalizimit per lagjet Kodra, Totosh, Malin e Bardhe dhe Braticen fillon ne tetor<\/strong><\/p>\n<p>Zyrtar\u00ebt komunal dhe p\u00ebrfaqesuesit e NP\u00a0\u201cUj\u00ebsjell\u00ebs dhe kanalizim\u201c zhvilluan nj\u00eb takim pune\u00a0 me p\u00ebrfaqesuesit e Agjencise shtet\u00ebrore\u00a0\u201cProcom\u201c ku n\u00eb fokus ishte implementimi i projektit p\u00ebr nd\u00ebrtimin e rrjetit t\u00eb kanalizimit n\u00eb lagjet Kodra, Totosh, Mali i Bardh\u00eb dhe Bratica e ep\u00ebrme.<\/p>\n<p>Kryetari i Ulqinit Nazif Cungu, duke folur p\u00ebr r\u00ebnd\u00ebsin\u00eb e k\u00ebtij projekti p\u00ebr komun\u00ebn ton\u00eb\u00a0 insistoi q\u00eb mos t\u00eb ket\u00eb m\u00eb vonesa dhe tha q\u00eb organet komunale t\u00eb gjitha do t\u00eb jen\u00eb n\u00eb sh\u00ebrbim t\u00eb jet\u00ebsimit sa m\u00eb par\u00eb t\u00eb k\u00ebtij projekti.<\/p>\n<p>Nga ana tjeter drejtoresha e Procomit Sanja Mugosha tha se jemi shum\u00eb af\u00ebr fillimit t\u00eb punimeve\u00a0 t\u00eb k\u00ebtij projekti dhe n\u00ebnvizoi q\u00eb komuna t\u00eb\u00a0 ky\u00e7et n\u00eb \u00e7eshtjet e ekspopriimit t\u00eb tok\u00ebs n\u00eb zonat e parapara p\u00ebr punime si dhe n\u00eb sigurimin e dh\u00ebnies s\u00eb p\u00eblqimit p\u00ebr impaktin e ndikimit n\u00eb\u00a0 ruajtjen e ambientit, nd\u00ebrkoh\u00eb q\u00eb sekteraiati p\u00ebr urbaniz\u00ebm t\u00eb l\u00ebshoj\u00eb lejen p\u00ebr nd\u00ebrtimin e k\u00ebtij projekti. U la q\u00eb t\u00eb formohet nj\u00eb grup i p\u00ebrbashk\u00ebt punues i cili do t\u00eb p\u00ebrcillte implementimin e t\u00eb gjitha punimeve.<\/p>\n<p>Lidhur me k\u00ebt\u00eb menaxheri i projektit Stojan Vulletiq prezantoi nj\u00eb tabele ku krahas aktiviteteve,\u00a0 parashihen afatet e pun\u00ebve dhe bart\u00ebsit e tyre. Nga ajo q\u00eb u d\u00ebgjua n\u00eb takim mund t\u00eb thuhet se gurthemeli\u00a0 n\u00eb k\u00ebt\u00eb projekt t\u00eb r\u00ebnd\u00ebsish\u00ebm pritet t\u00eb vihet pas sezonit turistik, respektivisht n\u00eb muajin tetor. Vlera e projektit llogaritet n\u00eb 4 milion e 230 mij\u00eb euro, mjete k\u00ebto q\u00eb jane siguruar nga Banka Evropiane p\u00ebr Zhvillim, nd\u00ebrsa 240 mij\u00eb euro p\u00ebr mbikqyrjen e \u00a0punimeve.<\/p>\n","protected":false},"excerpt":{"rendered":"<p>Ndertimi i kanalizimit per lagjet Kodra, Totosh, Malin e Bardhe dhe Braticen fillon ne tetor Zyrtar\u00ebt komunal dhe p\u00ebrfaqesuesit e NP\u00a0\u201cUj\u00ebsjell\u00ebs dhe kanalizim\u201c zhvilluan nj\u00eb takim pune\u00a0 me p\u00ebrfaqesuesit e Agjencise shtet\u00ebrore\u00a0\u201cProcom\u201c ku n\u00eb fokus ishte implementimi i projektit p\u00ebr nd\u00ebrtimin e rrjetit t\u00eb kanalizimit n\u00eb lagjet Kodra, Totosh, Mali i Bardh\u00eb dhe Bratica e [&hellip;]<\/p>\n","protected":false},"author":1,"featured_media":0,"comment_status":"closed","ping_status":"closed","sticky":false,"template":"","format":"standard","meta":{"spay_email":"","jetpack_publicize_message":"","jetpack_is_tweetstorm":false,"jetpack_publicize_feature_enabled":true},"categories":[13],"tags":[],"jetpack_publicize_connections":[],"yoast_head":"<!-- This site is optimized with the Yoast SEO plugin v19.1 - https:\/\/yoast.com\/wordpress\/plugins\/seo\/ -->\n<title>N\u00eb tetor nis nd\u00ebrtimi i kanalizimit n\u00eb Ulqin - Lajme nga Ulqini<\/title>\n<meta name=\"description\" content=\"Ndertimi i kanalizimit per lagjet Kodra, Totosh, Malin e Bardhe dhe Braticen fillon ne tetor Zyrtar\u00ebt komunal dhe p\u00ebrfaqesuesit e NP\u00a0\u201cUj\u00ebsjell\u00ebs dhe\" \/>\n<meta name=\"robots\" content=\"index, follow, max-snippet:-1, max-image-preview:large, max-video-preview:-1\" \/>\n<link rel=\"canonical\" href=\"https:\/\/www.visit-ulcinj.com\/blog\/2016\/05\/27\/ne-tetor-nis-ndertimi-kanalizimit-ne-ulqin\/\" \/>\n<meta property=\"og:locale\" content=\"en_US\" \/>\n<meta property=\"og:type\" content=\"article\" \/>\n<meta property=\"og:title\" content=\"N\u00eb tetor nis nd\u00ebrtimi i kanalizimit n\u00eb Ulqin - Lajme nga Ulqini\" \/>\n<meta property=\"og:description\" content=\"Ndertimi i kanalizimit per lagjet Kodra, Totosh, Malin e Bardhe dhe Braticen fillon ne tetor Zyrtar\u00ebt komunal dhe p\u00ebrfaqesuesit e NP\u00a0\u201cUj\u00ebsjell\u00ebs dhe\" \/>\n<meta property=\"og:url\" content=\"https:\/\/www.visit-ulcinj.com\/blog\/2016\/05\/27\/ne-tetor-nis-ndertimi-kanalizimit-ne-ulqin\/\" \/>\n<meta property=\"og:site_name\" content=\"Lajme nga Ulqini\" \/>\n<meta property=\"article:published_time\" content=\"2016-05-27T14:54:55+00:00\" \/>\n<meta property=\"article:modified_time\" content=\"2016-05-27T14:59:18+00:00\" \/>\n<meta name=\"twitter:label1\" content=\"Written by\" \/>\n\t<meta name=\"twitter:data1\" content=\"ulqini\" \/>\n\t<meta name=\"twitter:label2\" content=\"Est. reading time\" \/>\n\t<meta name=\"twitter:data2\" content=\"2 minutes\" \/>\n<script type=\"application\/ld+json\" class=\"yoast-schema-graph\">{\"@context\":\"https:\/\/schema.org\",\"@graph\":[{\"@type\":\"WebSite\",\"@id\":\"https:\/\/www.visit-ulcinj.com\/blog\/#website\",\"url\":\"https:\/\/www.visit-ulcinj.com\/blog\/\",\"name\":\"Lajme nga Ulqini\",\"description\":\"Lajme,Vijesti,Ulqini,Ulqin,Crna Gora,Mali i Zi\",\"potentialAction\":[{\"@type\":\"SearchAction\",\"target\":{\"@type\":\"EntryPoint\",\"urlTemplate\":\"https:\/\/www.visit-ulcinj.com\/blog\/?s={search_term_string}\"},\"query-input\":\"required name=search_term_string\"}],\"inLanguage\":\"en-US\"},{\"@type\":\"WebPage\",\"@id\":\"https:\/\/www.visit-ulcinj.com\/blog\/2016\/05\/27\/ne-tetor-nis-ndertimi-kanalizimit-ne-ulqin\/#webpage\",\"url\":\"https:\/\/www.visit-ulcinj.com\/blog\/2016\/05\/27\/ne-tetor-nis-ndertimi-kanalizimit-ne-ulqin\/\",\"name\":\"N\u00eb tetor nis nd\u00ebrtimi i kanalizimit n\u00eb Ulqin - Lajme nga Ulqini\",\"isPartOf\":{\"@id\":\"https:\/\/www.visit-ulcinj.com\/blog\/#website\"},\"datePublished\":\"2016-05-27T14:54:55+00:00\",\"dateModified\":\"2016-05-27T14:59:18+00:00\",\"author\":{\"@id\":\"https:\/\/www.visit-ulcinj.com\/blog\/#\/schema\/person\/dcab619c614d3038751c63bc2aadc06d\"},\"description\":\"Ndertimi i kanalizimit per lagjet Kodra, Totosh, Malin e Bardhe dhe Braticen fillon ne tetor Zyrtar\u00ebt komunal dhe p\u00ebrfaqesuesit e NP\u00a0\u201cUj\u00ebsjell\u00ebs dhe\",\"breadcrumb\":{\"@id\":\"https:\/\/www.visit-ulcinj.com\/blog\/2016\/05\/27\/ne-tetor-nis-ndertimi-kanalizimit-ne-ulqin\/#breadcrumb\"},\"inLanguage\":\"en-US\",\"potentialAction\":[{\"@type\":\"ReadAction\",\"target\":[\"https:\/\/www.visit-ulcinj.com\/blog\/2016\/05\/27\/ne-tetor-nis-ndertimi-kanalizimit-ne-ulqin\/\"]}]},{\"@type\":\"BreadcrumbList\",\"@id\":\"https:\/\/www.visit-ulcinj.com\/blog\/2016\/05\/27\/ne-tetor-nis-ndertimi-kanalizimit-ne-ulqin\/#breadcrumb\",\"itemListElement\":[{\"@type\":\"ListItem\",\"position\":1,\"name\":\"N\u00eb tetor nis nd\u00ebrtimi i kanalizimit n\u00eb Ulqin\"}]},{\"@type\":\"Person\",\"@id\":\"https:\/\/www.visit-ulcinj.com\/blog\/#\/schema\/person\/dcab619c614d3038751c63bc2aadc06d\",\"name\":\"ulqini\",\"sameAs\":[\"http:\/\/www.visit-ulcinj.com\"],\"url\":\"https:\/\/www.visit-ulcinj.com\/blog\/author\/admin\/\"}]}<\/script>\n<!-- \/ Yoast SEO plugin. -->","yoast_head_json":{"title":"N\u00eb tetor nis nd\u00ebrtimi i kanalizimit n\u00eb Ulqin - Lajme nga Ulqini","description":"Ndertimi i kanalizimit per lagjet Kodra, Totosh, Malin e Bardhe dhe Braticen fillon ne tetor Zyrtar\u00ebt komunal dhe p\u00ebrfaqesuesit e NP\u00a0\u201cUj\u00ebsjell\u00ebs dhe","robots":{"index":"index","follow":"follow","max-snippet":"max-snippet:-1","max-image-preview":"max-image-preview:large","max-video-preview":"max-video-preview:-1"},"canonical":"https:\/\/www.visit-ulcinj.com\/blog\/2016\/05\/27\/ne-tetor-nis-ndertimi-kanalizimit-ne-ulqin\/","og_locale":"en_US","og_type":"article","og_title":"N\u00eb tetor nis nd\u00ebrtimi i kanalizimit n\u00eb Ulqin - Lajme nga Ulqini","og_description":"Ndertimi i kanalizimit per lagjet Kodra, Totosh, Malin e Bardhe dhe Braticen fillon ne tetor Zyrtar\u00ebt komunal dhe p\u00ebrfaqesuesit e NP\u00a0\u201cUj\u00ebsjell\u00ebs dhe","og_url":"https:\/\/www.visit-ulcinj.com\/blog\/2016\/05\/27\/ne-tetor-nis-ndertimi-kanalizimit-ne-ulqin\/","og_site_name":"Lajme nga Ulqini","article_published_time":"2016-05-27T14:54:55+00:00","article_modified_time":"2016-05-27T14:59:18+00:00","twitter_misc":{"Written by":"ulqini","Est. reading time":"2 minutes"},"schema":{"@context":"https:\/\/schema.org","@graph":[{"@type":"WebSite","@id":"https:\/\/www.visit-ulcinj.com\/blog\/#website","url":"https:\/\/www.visit-ulcinj.com\/blog\/","name":"Lajme nga Ulqini","description":"Lajme,Vijesti,Ulqini,Ulqin,Crna Gora,Mali i Zi","potentialAction":[{"@type":"SearchAction","target":{"@type":"EntryPoint","urlTemplate":"https:\/\/www.visit-ulcinj.com\/blog\/?s={search_term_string}"},"query-input":"required name=search_term_string"}],"inLanguage":"en-US"},{"@type":"WebPage","@id":"https:\/\/www.visit-ulcinj.com\/blog\/2016\/05\/27\/ne-tetor-nis-ndertimi-kanalizimit-ne-ulqin\/#webpage","url":"https:\/\/www.visit-ulcinj.com\/blog\/2016\/05\/27\/ne-tetor-nis-ndertimi-kanalizimit-ne-ulqin\/","name":"N\u00eb tetor nis nd\u00ebrtimi i kanalizimit n\u00eb Ulqin - Lajme nga Ulqini","isPartOf":{"@id":"https:\/\/www.visit-ulcinj.com\/blog\/#website"},"datePublished":"2016-05-27T14:54:55+00:00","dateModified":"2016-05-27T14:59:18+00:00","author":{"@id":"https:\/\/www.visit-ulcinj.com\/blog\/#\/schema\/person\/dcab619c614d3038751c63bc2aadc06d"},"description":"Ndertimi i kanalizimit per lagjet Kodra, Totosh, Malin e Bardhe dhe Braticen fillon ne tetor Zyrtar\u00ebt komunal dhe p\u00ebrfaqesuesit e NP\u00a0\u201cUj\u00ebsjell\u00ebs dhe","breadcrumb":{"@id":"https:\/\/www.visit-ulcinj.com\/blog\/2016\/05\/27\/ne-tetor-nis-ndertimi-kanalizimit-ne-ulqin\/#breadcrumb"},"inLanguage":"en-US","potentialAction":[{"@type":"ReadAction","target":["https:\/\/www.visit-ulcinj.com\/blog\/2016\/05\/27\/ne-tetor-nis-ndertimi-kanalizimit-ne-ulqin\/"]}]},{"@type":"BreadcrumbList","@id":"https:\/\/www.visit-ulcinj.com\/blog\/2016\/05\/27\/ne-tetor-nis-ndertimi-kanalizimit-ne-ulqin\/#breadcrumb","itemListElement":[{"@type":"ListItem","position":1,"name":"N\u00eb tetor nis nd\u00ebrtimi i kanalizimit n\u00eb Ulqin"}]},{"@type":"Person","@id":"https:\/\/www.visit-ulcinj.com\/blog\/#\/schema\/person\/dcab619c614d3038751c63bc2aadc06d","name":"ulqini","sameAs":["http:\/\/www.visit-ulcinj.com"],"url":"https:\/\/www.visit-ulcinj.com\/blog\/author\/admin\/"}]}},"jetpack_featured_media_url":"","jetpack_sharing_enabled":true,"jetpack_shortlink":"https:\/\/wp.me\/pe6lTn-phh","_links":{"self":[{"href":"https:\/\/www.visit-ulcinj.com\/blog\/wp-json\/wp\/v2\/posts\/97171"}],"collection":[{"href":"https:\/\/www.visit-ulcinj.com\/blog\/wp-json\/wp\/v2\/posts"}],"about":[{"href":"https:\/\/www.visit-ulcinj.com\/blog\/wp-json\/wp\/v2\/types\/post"}],"author":[{"embeddable":true,"href":"https:\/\/www.visit-ulcinj.com\/blog\/wp-json\/wp\/v2\/users\/1"}],"replies":[{"embeddable":true,"href":"https:\/\/www.visit-ulcinj.com\/blog\/wp-json\/wp\/v2\/comments?post=97171"}],"version-history":[{"count":1,"href":"https:\/\/www.visit-ulcinj.com\/blog\/wp-json\/wp\/v2\/posts\/97171\/revisions"}],"predecessor-version":[{"id":97173,"href":"https:\/\/www.visit-ulcinj.com\/blog\/wp-json\/wp\/v2\/posts\/97171\/revisions\/97173"}],"wp:attachment":[{"href":"https:\/\/www.visit-ulcinj.com\/blog\/wp-json\/wp\/v2\/media?parent=97171"}],"wp:term":[{"taxonomy":"category","embeddable":true,"href":"https:\/\/www.visit-ulcinj.com\/blog\/wp-json\/wp\/v2\/categories?post=97171"},{"taxonomy":"post_tag","embeddable":true,"href":"https:\/\/www.visit-ulcinj.com\/blog\/wp-json\/wp\/v2\/tags?post=97171"}],"curies":[{"name":"wp","href":"https:\/\/api.w.org\/{rel}","templated":true}]}}