{"id":97178,"date":"2016-05-27T16:11:12","date_gmt":"2016-05-27T15:11:12","guid":{"rendered":"http:\/\/www.visit-ulcinj.com\/blog\/?p=97178"},"modified":"2016-06-15T11:24:27","modified_gmt":"2016-06-15T10:24:27","slug":"gvozdenoviq-ben-prezantimin-e-kater-projekteve-per-kriporen-e-ulqinit","status":"publish","type":"post","link":"https:\/\/www.visit-ulcinj.com\/blog\/2016\/05\/27\/gvozdenoviq-ben-prezantimin-e-kater-projekteve-per-kriporen-e-ulqinit\/","title":{"rendered":"Gvozdenoviq b\u00ebn prezantimin e kat\u00ebr projekteve p\u00ebr kriporen e Ulqinit"},"content":{"rendered":"<p><a href=\"http:\/\/www.visit-ulcinj.com\/blog\/wp-content\/uploads\/2016\/05\/Kriporja-e-Ulqinit.jpg\"><img loading=\"lazy\" class=\"alignleft wp-image-97179\" src=\"http:\/\/www.visit-ulcinj.com\/blog\/wp-content\/uploads\/2016\/05\/Kriporja-e-Ulqinit.jpg\" alt=\"Kriporja e Ulqinit\" width=\"508\" height=\"309\" srcset=\"https:\/\/www.visit-ulcinj.com\/blog\/wp-content\/uploads\/2016\/05\/Kriporja-e-Ulqinit.jpg 960w, https:\/\/www.visit-ulcinj.com\/blog\/wp-content\/uploads\/2016\/05\/Kriporja-e-Ulqinit-300x182.jpg 300w, https:\/\/www.visit-ulcinj.com\/blog\/wp-content\/uploads\/2016\/05\/Kriporja-e-Ulqinit-768x466.jpg 768w\" sizes=\"(max-width: 508px) 100vw, 508px\" \/><\/a>Ministri i zhvillimit t\u00eb q\u00ebndruesh\u00ebm dhe turizmit Branimir Gvozdenoviq e hap nes\u00ebr n\u00eb Palazzo \u201cMalipero\u201d n\u00eb Venecie, Pavijonin e Malit t\u00eb Zi n\u00eb Bienalen e XV-t\u00eb t\u00eb arkitektur\u00ebs, u kumtua nga Qeveria e Malit t\u00eb Zi. Tema e Pavijonit t\u00eb Malit t\u00eb Zi do t\u00eb jet\u00eb Projekti \u201cKriporja e Ulqinit\u201d, i cili korrespondon me tem\u00ebn e Bienalit \u201cRaportimi nga fronti\u201d.<\/p>\n<p>Me t\u00eb, si\u00e7 thuhet, theksohet r\u00ebnd\u00ebsia e gjetjes s\u00eb simbioz\u00ebs s\u00eb njeriut dhe natyr\u00ebs dhe jepen propozime t\u00eb q\u00ebndrueshme lidhur me t\u00eb ardhmen e Kripores. Ndryshe, n\u00eb Venecie pasnes\u00ebr do t\u00eb mbahet simpoziumi \u201cRaportimi nga Mali i Zi\u201d, i cili merret me projektin Kriporja e Ulqinit.<\/p>\n<p>RTCG<\/p>\n","protected":false},"excerpt":{"rendered":"<p>Ministri i zhvillimit t\u00eb q\u00ebndruesh\u00ebm dhe turizmit Branimir Gvozdenoviq e hap nes\u00ebr n\u00eb Palazzo \u201cMalipero\u201d n\u00eb Venecie, Pavijonin e Malit t\u00eb Zi n\u00eb Bienalen e XV-t\u00eb t\u00eb arkitektur\u00ebs, u kumtua nga Qeveria e Malit t\u00eb Zi. Tema e Pavijonit t\u00eb Malit t\u00eb Zi do t\u00eb jet\u00eb Projekti \u201cKriporja e Ulqinit\u201d, i cili korrespondon me tem\u00ebn [&hellip;]<\/p>\n","protected":false},"author":1,"featured_media":0,"comment_status":"closed","ping_status":"closed","sticky":false,"template":"","format":"standard","meta":{"spay_email":"","jetpack_publicize_message":"","jetpack_is_tweetstorm":false,"jetpack_publicize_feature_enabled":true},"categories":[10],"tags":[],"jetpack_publicize_connections":[],"yoast_head":"<!-- This site is optimized with the Yoast SEO plugin v19.1 - https:\/\/yoast.com\/wordpress\/plugins\/seo\/ -->\n<title>Gvozdenoviq b\u00ebn prezantimin e kat\u00ebr projekteve p\u00ebr kriporen e Ulqinit - Lajme nga Ulqini<\/title>\n<meta name=\"description\" content=\"Ministri i zhvillimit t\u00eb q\u00ebndruesh\u00ebm dhe turizmit Branimir Gvozdenoviq e hap nes\u00ebr n\u00eb Palazzo \u201cMalipero\u201d n\u00eb Venecie, Pavijonin e Malit t\u00eb Zi n\u00eb Bienalen e\" \/>\n<meta name=\"robots\" content=\"index, follow, max-snippet:-1, max-image-preview:large, max-video-preview:-1\" \/>\n<link rel=\"canonical\" href=\"https:\/\/www.visit-ulcinj.com\/blog\/2016\/05\/27\/gvozdenoviq-ben-prezantimin-e-kater-projekteve-per-kriporen-e-ulqinit\/\" \/>\n<meta property=\"og:locale\" content=\"en_US\" \/>\n<meta property=\"og:type\" content=\"article\" \/>\n<meta property=\"og:title\" content=\"Gvozdenoviq b\u00ebn prezantimin e kat\u00ebr projekteve p\u00ebr kriporen e Ulqinit - Lajme nga Ulqini\" \/>\n<meta property=\"og:description\" content=\"Ministri i zhvillimit t\u00eb q\u00ebndruesh\u00ebm dhe turizmit Branimir Gvozdenoviq e hap nes\u00ebr n\u00eb Palazzo \u201cMalipero\u201d n\u00eb Venecie, Pavijonin e Malit t\u00eb Zi n\u00eb Bienalen e\" \/>\n<meta property=\"og:url\" content=\"https:\/\/www.visit-ulcinj.com\/blog\/2016\/05\/27\/gvozdenoviq-ben-prezantimin-e-kater-projekteve-per-kriporen-e-ulqinit\/\" \/>\n<meta property=\"og:site_name\" content=\"Lajme nga Ulqini\" \/>\n<meta property=\"article:published_time\" content=\"2016-05-27T15:11:12+00:00\" \/>\n<meta property=\"article:modified_time\" content=\"2016-06-15T10:24:27+00:00\" \/>\n<meta property=\"og:image\" content=\"http:\/\/www.visit-ulcinj.com\/blog\/wp-content\/uploads\/2016\/05\/Kriporja-e-Ulqinit.jpg\" \/>\n<meta name=\"twitter:label1\" content=\"Written by\" \/>\n\t<meta name=\"twitter:data1\" content=\"ulqini\" \/>\n\t<meta name=\"twitter:label2\" content=\"Est. reading time\" \/>\n\t<meta name=\"twitter:data2\" content=\"1 minute\" \/>\n<script type=\"application\/ld+json\" class=\"yoast-schema-graph\">{\"@context\":\"https:\/\/schema.org\",\"@graph\":[{\"@type\":\"WebSite\",\"@id\":\"https:\/\/www.visit-ulcinj.com\/blog\/#website\",\"url\":\"https:\/\/www.visit-ulcinj.com\/blog\/\",\"name\":\"Lajme nga Ulqini\",\"description\":\"Lajme,Vijesti,Ulqini,Ulqin,Crna Gora,Mali i Zi\",\"potentialAction\":[{\"@type\":\"SearchAction\",\"target\":{\"@type\":\"EntryPoint\",\"urlTemplate\":\"https:\/\/www.visit-ulcinj.com\/blog\/?s={search_term_string}\"},\"query-input\":\"required name=search_term_string\"}],\"inLanguage\":\"en-US\"},{\"@type\":\"ImageObject\",\"inLanguage\":\"en-US\",\"@id\":\"https:\/\/www.visit-ulcinj.com\/blog\/2016\/05\/27\/gvozdenoviq-ben-prezantimin-e-kater-projekteve-per-kriporen-e-ulqinit\/#primaryimage\",\"url\":\"https:\/\/www.visit-ulcinj.com\/blog\/wp-content\/uploads\/2016\/05\/Kriporja-e-Ulqinit.jpg\",\"contentUrl\":\"https:\/\/www.visit-ulcinj.com\/blog\/wp-content\/uploads\/2016\/05\/Kriporja-e-Ulqinit.jpg\",\"width\":960,\"height\":583},{\"@type\":\"WebPage\",\"@id\":\"https:\/\/www.visit-ulcinj.com\/blog\/2016\/05\/27\/gvozdenoviq-ben-prezantimin-e-kater-projekteve-per-kriporen-e-ulqinit\/#webpage\",\"url\":\"https:\/\/www.visit-ulcinj.com\/blog\/2016\/05\/27\/gvozdenoviq-ben-prezantimin-e-kater-projekteve-per-kriporen-e-ulqinit\/\",\"name\":\"Gvozdenoviq b\u00ebn prezantimin e kat\u00ebr projekteve p\u00ebr kriporen e Ulqinit - Lajme nga Ulqini\",\"isPartOf\":{\"@id\":\"https:\/\/www.visit-ulcinj.com\/blog\/#website\"},\"primaryImageOfPage\":{\"@id\":\"https:\/\/www.visit-ulcinj.com\/blog\/2016\/05\/27\/gvozdenoviq-ben-prezantimin-e-kater-projekteve-per-kriporen-e-ulqinit\/#primaryimage\"},\"datePublished\":\"2016-05-27T15:11:12+00:00\",\"dateModified\":\"2016-06-15T10:24:27+00:00\",\"author\":{\"@id\":\"https:\/\/www.visit-ulcinj.com\/blog\/#\/schema\/person\/dcab619c614d3038751c63bc2aadc06d\"},\"description\":\"Ministri i zhvillimit t\u00eb q\u00ebndruesh\u00ebm dhe turizmit Branimir Gvozdenoviq e hap nes\u00ebr n\u00eb Palazzo \u201cMalipero\u201d n\u00eb Venecie, Pavijonin e Malit t\u00eb Zi n\u00eb Bienalen e\",\"breadcrumb\":{\"@id\":\"https:\/\/www.visit-ulcinj.com\/blog\/2016\/05\/27\/gvozdenoviq-ben-prezantimin-e-kater-projekteve-per-kriporen-e-ulqinit\/#breadcrumb\"},\"inLanguage\":\"en-US\",\"potentialAction\":[{\"@type\":\"ReadAction\",\"target\":[\"https:\/\/www.visit-ulcinj.com\/blog\/2016\/05\/27\/gvozdenoviq-ben-prezantimin-e-kater-projekteve-per-kriporen-e-ulqinit\/\"]}]},{\"@type\":\"BreadcrumbList\",\"@id\":\"https:\/\/www.visit-ulcinj.com\/blog\/2016\/05\/27\/gvozdenoviq-ben-prezantimin-e-kater-projekteve-per-kriporen-e-ulqinit\/#breadcrumb\",\"itemListElement\":[{\"@type\":\"ListItem\",\"position\":1,\"name\":\"Gvozdenoviq b\u00ebn prezantimin e kat\u00ebr projekteve p\u00ebr kriporen e Ulqinit\"}]},{\"@type\":\"Person\",\"@id\":\"https:\/\/www.visit-ulcinj.com\/blog\/#\/schema\/person\/dcab619c614d3038751c63bc2aadc06d\",\"name\":\"ulqini\",\"sameAs\":[\"http:\/\/www.visit-ulcinj.com\"],\"url\":\"https:\/\/www.visit-ulcinj.com\/blog\/author\/admin\/\"}]}<\/script>\n<!-- \/ Yoast SEO plugin. -->","yoast_head_json":{"title":"Gvozdenoviq b\u00ebn prezantimin e kat\u00ebr projekteve p\u00ebr kriporen e Ulqinit - Lajme nga Ulqini","description":"Ministri i zhvillimit t\u00eb q\u00ebndruesh\u00ebm dhe turizmit Branimir Gvozdenoviq e hap nes\u00ebr n\u00eb Palazzo \u201cMalipero\u201d n\u00eb Venecie, Pavijonin e Malit t\u00eb Zi n\u00eb Bienalen e","robots":{"index":"index","follow":"follow","max-snippet":"max-snippet:-1","max-image-preview":"max-image-preview:large","max-video-preview":"max-video-preview:-1"},"canonical":"https:\/\/www.visit-ulcinj.com\/blog\/2016\/05\/27\/gvozdenoviq-ben-prezantimin-e-kater-projekteve-per-kriporen-e-ulqinit\/","og_locale":"en_US","og_type":"article","og_title":"Gvozdenoviq b\u00ebn prezantimin e kat\u00ebr projekteve p\u00ebr kriporen e Ulqinit - Lajme nga Ulqini","og_description":"Ministri i zhvillimit t\u00eb q\u00ebndruesh\u00ebm dhe turizmit Branimir Gvozdenoviq e hap nes\u00ebr n\u00eb Palazzo \u201cMalipero\u201d n\u00eb Venecie, Pavijonin e Malit t\u00eb Zi n\u00eb Bienalen e","og_url":"https:\/\/www.visit-ulcinj.com\/blog\/2016\/05\/27\/gvozdenoviq-ben-prezantimin-e-kater-projekteve-per-kriporen-e-ulqinit\/","og_site_name":"Lajme nga Ulqini","article_published_time":"2016-05-27T15:11:12+00:00","article_modified_time":"2016-06-15T10:24:27+00:00","og_image":[{"url":"http:\/\/www.visit-ulcinj.com\/blog\/wp-content\/uploads\/2016\/05\/Kriporja-e-Ulqinit.jpg"}],"twitter_misc":{"Written by":"ulqini","Est. reading time":"1 minute"},"schema":{"@context":"https:\/\/schema.org","@graph":[{"@type":"WebSite","@id":"https:\/\/www.visit-ulcinj.com\/blog\/#website","url":"https:\/\/www.visit-ulcinj.com\/blog\/","name":"Lajme nga Ulqini","description":"Lajme,Vijesti,Ulqini,Ulqin,Crna Gora,Mali i Zi","potentialAction":[{"@type":"SearchAction","target":{"@type":"EntryPoint","urlTemplate":"https:\/\/www.visit-ulcinj.com\/blog\/?s={search_term_string}"},"query-input":"required name=search_term_string"}],"inLanguage":"en-US"},{"@type":"ImageObject","inLanguage":"en-US","@id":"https:\/\/www.visit-ulcinj.com\/blog\/2016\/05\/27\/gvozdenoviq-ben-prezantimin-e-kater-projekteve-per-kriporen-e-ulqinit\/#primaryimage","url":"https:\/\/www.visit-ulcinj.com\/blog\/wp-content\/uploads\/2016\/05\/Kriporja-e-Ulqinit.jpg","contentUrl":"https:\/\/www.visit-ulcinj.com\/blog\/wp-content\/uploads\/2016\/05\/Kriporja-e-Ulqinit.jpg","width":960,"height":583},{"@type":"WebPage","@id":"https:\/\/www.visit-ulcinj.com\/blog\/2016\/05\/27\/gvozdenoviq-ben-prezantimin-e-kater-projekteve-per-kriporen-e-ulqinit\/#webpage","url":"https:\/\/www.visit-ulcinj.com\/blog\/2016\/05\/27\/gvozdenoviq-ben-prezantimin-e-kater-projekteve-per-kriporen-e-ulqinit\/","name":"Gvozdenoviq b\u00ebn prezantimin e kat\u00ebr projekteve p\u00ebr kriporen e Ulqinit - Lajme nga Ulqini","isPartOf":{"@id":"https:\/\/www.visit-ulcinj.com\/blog\/#website"},"primaryImageOfPage":{"@id":"https:\/\/www.visit-ulcinj.com\/blog\/2016\/05\/27\/gvozdenoviq-ben-prezantimin-e-kater-projekteve-per-kriporen-e-ulqinit\/#primaryimage"},"datePublished":"2016-05-27T15:11:12+00:00","dateModified":"2016-06-15T10:24:27+00:00","author":{"@id":"https:\/\/www.visit-ulcinj.com\/blog\/#\/schema\/person\/dcab619c614d3038751c63bc2aadc06d"},"description":"Ministri i zhvillimit t\u00eb q\u00ebndruesh\u00ebm dhe turizmit Branimir Gvozdenoviq e hap nes\u00ebr n\u00eb Palazzo \u201cMalipero\u201d n\u00eb Venecie, Pavijonin e Malit t\u00eb Zi n\u00eb Bienalen e","breadcrumb":{"@id":"https:\/\/www.visit-ulcinj.com\/blog\/2016\/05\/27\/gvozdenoviq-ben-prezantimin-e-kater-projekteve-per-kriporen-e-ulqinit\/#breadcrumb"},"inLanguage":"en-US","potentialAction":[{"@type":"ReadAction","target":["https:\/\/www.visit-ulcinj.com\/blog\/2016\/05\/27\/gvozdenoviq-ben-prezantimin-e-kater-projekteve-per-kriporen-e-ulqinit\/"]}]},{"@type":"BreadcrumbList","@id":"https:\/\/www.visit-ulcinj.com\/blog\/2016\/05\/27\/gvozdenoviq-ben-prezantimin-e-kater-projekteve-per-kriporen-e-ulqinit\/#breadcrumb","itemListElement":[{"@type":"ListItem","position":1,"name":"Gvozdenoviq b\u00ebn prezantimin e kat\u00ebr projekteve p\u00ebr kriporen e Ulqinit"}]},{"@type":"Person","@id":"https:\/\/www.visit-ulcinj.com\/blog\/#\/schema\/person\/dcab619c614d3038751c63bc2aadc06d","name":"ulqini","sameAs":["http:\/\/www.visit-ulcinj.com"],"url":"https:\/\/www.visit-ulcinj.com\/blog\/author\/admin\/"}]}},"jetpack_featured_media_url":"","jetpack_sharing_enabled":true,"jetpack_shortlink":"https:\/\/wp.me\/pe6lTn-pho","_links":{"self":[{"href":"https:\/\/www.visit-ulcinj.com\/blog\/wp-json\/wp\/v2\/posts\/97178"}],"collection":[{"href":"https:\/\/www.visit-ulcinj.com\/blog\/wp-json\/wp\/v2\/posts"}],"about":[{"href":"https:\/\/www.visit-ulcinj.com\/blog\/wp-json\/wp\/v2\/types\/post"}],"author":[{"embeddable":true,"href":"https:\/\/www.visit-ulcinj.com\/blog\/wp-json\/wp\/v2\/users\/1"}],"replies":[{"embeddable":true,"href":"https:\/\/www.visit-ulcinj.com\/blog\/wp-json\/wp\/v2\/comments?post=97178"}],"version-history":[{"count":1,"href":"https:\/\/www.visit-ulcinj.com\/blog\/wp-json\/wp\/v2\/posts\/97178\/revisions"}],"predecessor-version":[{"id":97180,"href":"https:\/\/www.visit-ulcinj.com\/blog\/wp-json\/wp\/v2\/posts\/97178\/revisions\/97180"}],"wp:attachment":[{"href":"https:\/\/www.visit-ulcinj.com\/blog\/wp-json\/wp\/v2\/media?parent=97178"}],"wp:term":[{"taxonomy":"category","embeddable":true,"href":"https:\/\/www.visit-ulcinj.com\/blog\/wp-json\/wp\/v2\/categories?post=97178"},{"taxonomy":"post_tag","embeddable":true,"href":"https:\/\/www.visit-ulcinj.com\/blog\/wp-json\/wp\/v2\/tags?post=97178"}],"curies":[{"name":"wp","href":"https:\/\/api.w.org\/{rel}","templated":true}]}}