{"id":97197,"date":"2016-05-27T17:33:12","date_gmt":"2016-05-27T16:33:12","guid":{"rendered":"http:\/\/www.visit-ulcinj.com\/blog\/?p=97197"},"modified":"2016-05-27T17:33:12","modified_gmt":"2016-05-27T16:33:12","slug":"automobilistet-kosovare-ne-garen-nderkombetare-ne-kotor","status":"publish","type":"post","link":"https:\/\/www.visit-ulcinj.com\/blog\/2016\/05\/27\/automobilistet-kosovare-ne-garen-nderkombetare-ne-kotor\/","title":{"rendered":"Automobilist\u00ebt kosovar\u00eb n\u00eb gar\u00ebn nd\u00ebrkomb\u00ebtare n\u00eb Kotor"},"content":{"rendered":"<h4><a href=\"http:\/\/www.visit-ulcinj.com\/blog\/wp-content\/uploads\/2016\/05\/Automobilist\u00ebt-kosovar\u00eb-ne-garen-e-Kotorrit-mali-zi-.jpg\"><img loading=\"lazy\" class=\"alignleft wp-image-97198\" src=\"http:\/\/www.visit-ulcinj.com\/blog\/wp-content\/uploads\/2016\/05\/Automobilist\u00ebt-kosovar\u00eb-ne-garen-e-Kotorrit-mali-zi-.jpg\" alt=\"Automobilist\u00ebt kosovar\u00eb ne garen e Kotorrit-mali-zi-\" width=\"508\" height=\"719\" srcset=\"https:\/\/www.visit-ulcinj.com\/blog\/wp-content\/uploads\/2016\/05\/Automobilist\u00ebt-kosovar\u00eb-ne-garen-e-Kotorrit-mali-zi-.jpg 450w, https:\/\/www.visit-ulcinj.com\/blog\/wp-content\/uploads\/2016\/05\/Automobilist\u00ebt-kosovar\u00eb-ne-garen-e-Kotorrit-mali-zi--212x300.jpg 212w\" sizes=\"(max-width: 508px) 100vw, 508px\" \/><\/a>Federata e Autosport\u00ebve t\u00eb Kosov\u00ebs do t\u00eb marr\u00eb pjes\u00eb k\u00ebt\u00eb vikend n\u00eb gar\u00ebn malore n\u00eb Kotor t\u00eb Malit t\u00eb Zi.<\/h4>\n<p>Vozit\u00ebsit kosovar\u00eb do t\u00eb garojn\u00eb m\u00eb 28 dhe 29 maj.<\/p>\n<p>Kosova do t\u00eb p\u00ebrfaq\u00ebsohet me pilot\u00ebt:<\/p>\n<p>P\u00ebrparim Dushi- PRT,<br \/>\nValdet Krasniqi- PRT<br \/>\nNaim Dashaj- PRT<br \/>\nArbnor Musliu- RCP<br \/>\nBardhyl Canolli- PRT<br \/>\nBlerand Hasanaj- DTM<br \/>\nGedek Ihtiman- AK Prizreni<br \/>\nIsmail Smoni- AK D&amp;G<br \/>\nVilson Ndrecaj- AK Gjakova 137<br \/>\nArber Rexhepi- AK Ferizaj<\/p>\n<p><strong>Koha Net<\/strong><\/p>\n","protected":false},"excerpt":{"rendered":"<p>Federata e Autosport\u00ebve t\u00eb Kosov\u00ebs do t\u00eb marr\u00eb pjes\u00eb k\u00ebt\u00eb vikend n\u00eb gar\u00ebn malore n\u00eb Kotor t\u00eb Malit t\u00eb Zi. Vozit\u00ebsit kosovar\u00eb do t\u00eb garojn\u00eb m\u00eb 28 dhe 29 maj. Kosova do t\u00eb p\u00ebrfaq\u00ebsohet me pilot\u00ebt: P\u00ebrparim Dushi- PRT, Valdet Krasniqi- PRT Naim Dashaj- PRT Arbnor Musliu- RCP Bardhyl Canolli- PRT Blerand Hasanaj- DTM Gedek [&hellip;]<\/p>\n","protected":false},"author":1,"featured_media":0,"comment_status":"closed","ping_status":"closed","sticky":false,"template":"","format":"standard","meta":{"spay_email":"","jetpack_publicize_message":"","jetpack_is_tweetstorm":false,"jetpack_publicize_feature_enabled":true},"categories":[6950],"tags":[],"jetpack_publicize_connections":[],"yoast_head":"<!-- This site is optimized with the Yoast SEO plugin v19.1 - https:\/\/yoast.com\/wordpress\/plugins\/seo\/ -->\n<title>Automobilist\u00ebt kosovar\u00eb n\u00eb gar\u00ebn nd\u00ebrkomb\u00ebtare n\u00eb Kotor - Lajme nga Ulqini<\/title>\n<meta name=\"description\" content=\"Federata e Autosport\u00ebve t\u00eb Kosov\u00ebs do t\u00eb marr\u00eb pjes\u00eb k\u00ebt\u00eb vikend n\u00eb gar\u00ebn malore n\u00eb Kotor t\u00eb Malit t\u00eb Zi. Vozit\u00ebsit kosovar\u00eb do t\u00eb garojn\u00eb m\u00eb 28 dhe 29\" \/>\n<meta name=\"robots\" content=\"index, follow, max-snippet:-1, max-image-preview:large, max-video-preview:-1\" \/>\n<link rel=\"canonical\" href=\"https:\/\/www.visit-ulcinj.com\/blog\/2016\/05\/27\/automobilistet-kosovare-ne-garen-nderkombetare-ne-kotor\/\" \/>\n<meta property=\"og:locale\" content=\"en_US\" \/>\n<meta property=\"og:type\" content=\"article\" \/>\n<meta property=\"og:title\" content=\"Automobilist\u00ebt kosovar\u00eb n\u00eb gar\u00ebn nd\u00ebrkomb\u00ebtare n\u00eb Kotor - Lajme nga Ulqini\" \/>\n<meta property=\"og:description\" content=\"Federata e Autosport\u00ebve t\u00eb Kosov\u00ebs do t\u00eb marr\u00eb pjes\u00eb k\u00ebt\u00eb vikend n\u00eb gar\u00ebn malore n\u00eb Kotor t\u00eb Malit t\u00eb Zi. Vozit\u00ebsit kosovar\u00eb do t\u00eb garojn\u00eb m\u00eb 28 dhe 29\" \/>\n<meta property=\"og:url\" content=\"https:\/\/www.visit-ulcinj.com\/blog\/2016\/05\/27\/automobilistet-kosovare-ne-garen-nderkombetare-ne-kotor\/\" \/>\n<meta property=\"og:site_name\" content=\"Lajme nga Ulqini\" \/>\n<meta property=\"article:published_time\" content=\"2016-05-27T16:33:12+00:00\" \/>\n<meta name=\"twitter:label1\" content=\"Written by\" \/>\n\t<meta name=\"twitter:data1\" content=\"ulqini\" \/>\n<script type=\"application\/ld+json\" class=\"yoast-schema-graph\">{\"@context\":\"https:\/\/schema.org\",\"@graph\":[{\"@type\":\"WebSite\",\"@id\":\"https:\/\/www.visit-ulcinj.com\/blog\/#website\",\"url\":\"https:\/\/www.visit-ulcinj.com\/blog\/\",\"name\":\"Lajme nga Ulqini\",\"description\":\"Lajme,Vijesti,Ulqini,Ulqin,Crna Gora,Mali i Zi\",\"potentialAction\":[{\"@type\":\"SearchAction\",\"target\":{\"@type\":\"EntryPoint\",\"urlTemplate\":\"https:\/\/www.visit-ulcinj.com\/blog\/?s={search_term_string}\"},\"query-input\":\"required name=search_term_string\"}],\"inLanguage\":\"en-US\"},{\"@type\":\"WebPage\",\"@id\":\"https:\/\/www.visit-ulcinj.com\/blog\/2016\/05\/27\/automobilistet-kosovare-ne-garen-nderkombetare-ne-kotor\/#webpage\",\"url\":\"https:\/\/www.visit-ulcinj.com\/blog\/2016\/05\/27\/automobilistet-kosovare-ne-garen-nderkombetare-ne-kotor\/\",\"name\":\"Automobilist\u00ebt kosovar\u00eb n\u00eb gar\u00ebn nd\u00ebrkomb\u00ebtare n\u00eb Kotor - Lajme nga Ulqini\",\"isPartOf\":{\"@id\":\"https:\/\/www.visit-ulcinj.com\/blog\/#website\"},\"datePublished\":\"2016-05-27T16:33:12+00:00\",\"dateModified\":\"2016-05-27T16:33:12+00:00\",\"author\":{\"@id\":\"https:\/\/www.visit-ulcinj.com\/blog\/#\/schema\/person\/dcab619c614d3038751c63bc2aadc06d\"},\"description\":\"Federata e Autosport\u00ebve t\u00eb Kosov\u00ebs do t\u00eb marr\u00eb pjes\u00eb k\u00ebt\u00eb vikend n\u00eb gar\u00ebn malore n\u00eb Kotor t\u00eb Malit t\u00eb Zi. Vozit\u00ebsit kosovar\u00eb do t\u00eb garojn\u00eb m\u00eb 28 dhe 29\",\"breadcrumb\":{\"@id\":\"https:\/\/www.visit-ulcinj.com\/blog\/2016\/05\/27\/automobilistet-kosovare-ne-garen-nderkombetare-ne-kotor\/#breadcrumb\"},\"inLanguage\":\"en-US\",\"potentialAction\":[{\"@type\":\"ReadAction\",\"target\":[\"https:\/\/www.visit-ulcinj.com\/blog\/2016\/05\/27\/automobilistet-kosovare-ne-garen-nderkombetare-ne-kotor\/\"]}]},{\"@type\":\"BreadcrumbList\",\"@id\":\"https:\/\/www.visit-ulcinj.com\/blog\/2016\/05\/27\/automobilistet-kosovare-ne-garen-nderkombetare-ne-kotor\/#breadcrumb\",\"itemListElement\":[{\"@type\":\"ListItem\",\"position\":1,\"name\":\"Automobilist\u00ebt kosovar\u00eb n\u00eb gar\u00ebn nd\u00ebrkomb\u00ebtare n\u00eb Kotor\"}]},{\"@type\":\"Person\",\"@id\":\"https:\/\/www.visit-ulcinj.com\/blog\/#\/schema\/person\/dcab619c614d3038751c63bc2aadc06d\",\"name\":\"ulqini\",\"sameAs\":[\"http:\/\/www.visit-ulcinj.com\"],\"url\":\"https:\/\/www.visit-ulcinj.com\/blog\/author\/admin\/\"}]}<\/script>\n<!-- \/ Yoast SEO plugin. -->","yoast_head_json":{"title":"Automobilist\u00ebt kosovar\u00eb n\u00eb gar\u00ebn nd\u00ebrkomb\u00ebtare n\u00eb Kotor - Lajme nga Ulqini","description":"Federata e Autosport\u00ebve t\u00eb Kosov\u00ebs do t\u00eb marr\u00eb pjes\u00eb k\u00ebt\u00eb vikend n\u00eb gar\u00ebn malore n\u00eb Kotor t\u00eb Malit t\u00eb Zi. Vozit\u00ebsit kosovar\u00eb do t\u00eb garojn\u00eb m\u00eb 28 dhe 29","robots":{"index":"index","follow":"follow","max-snippet":"max-snippet:-1","max-image-preview":"max-image-preview:large","max-video-preview":"max-video-preview:-1"},"canonical":"https:\/\/www.visit-ulcinj.com\/blog\/2016\/05\/27\/automobilistet-kosovare-ne-garen-nderkombetare-ne-kotor\/","og_locale":"en_US","og_type":"article","og_title":"Automobilist\u00ebt kosovar\u00eb n\u00eb gar\u00ebn nd\u00ebrkomb\u00ebtare n\u00eb Kotor - Lajme nga Ulqini","og_description":"Federata e Autosport\u00ebve t\u00eb Kosov\u00ebs do t\u00eb marr\u00eb pjes\u00eb k\u00ebt\u00eb vikend n\u00eb gar\u00ebn malore n\u00eb Kotor t\u00eb Malit t\u00eb Zi. Vozit\u00ebsit kosovar\u00eb do t\u00eb garojn\u00eb m\u00eb 28 dhe 29","og_url":"https:\/\/www.visit-ulcinj.com\/blog\/2016\/05\/27\/automobilistet-kosovare-ne-garen-nderkombetare-ne-kotor\/","og_site_name":"Lajme nga Ulqini","article_published_time":"2016-05-27T16:33:12+00:00","twitter_misc":{"Written by":"ulqini"},"schema":{"@context":"https:\/\/schema.org","@graph":[{"@type":"WebSite","@id":"https:\/\/www.visit-ulcinj.com\/blog\/#website","url":"https:\/\/www.visit-ulcinj.com\/blog\/","name":"Lajme nga Ulqini","description":"Lajme,Vijesti,Ulqini,Ulqin,Crna Gora,Mali i Zi","potentialAction":[{"@type":"SearchAction","target":{"@type":"EntryPoint","urlTemplate":"https:\/\/www.visit-ulcinj.com\/blog\/?s={search_term_string}"},"query-input":"required name=search_term_string"}],"inLanguage":"en-US"},{"@type":"WebPage","@id":"https:\/\/www.visit-ulcinj.com\/blog\/2016\/05\/27\/automobilistet-kosovare-ne-garen-nderkombetare-ne-kotor\/#webpage","url":"https:\/\/www.visit-ulcinj.com\/blog\/2016\/05\/27\/automobilistet-kosovare-ne-garen-nderkombetare-ne-kotor\/","name":"Automobilist\u00ebt kosovar\u00eb n\u00eb gar\u00ebn nd\u00ebrkomb\u00ebtare n\u00eb Kotor - Lajme nga Ulqini","isPartOf":{"@id":"https:\/\/www.visit-ulcinj.com\/blog\/#website"},"datePublished":"2016-05-27T16:33:12+00:00","dateModified":"2016-05-27T16:33:12+00:00","author":{"@id":"https:\/\/www.visit-ulcinj.com\/blog\/#\/schema\/person\/dcab619c614d3038751c63bc2aadc06d"},"description":"Federata e Autosport\u00ebve t\u00eb Kosov\u00ebs do t\u00eb marr\u00eb pjes\u00eb k\u00ebt\u00eb vikend n\u00eb gar\u00ebn malore n\u00eb Kotor t\u00eb Malit t\u00eb Zi. Vozit\u00ebsit kosovar\u00eb do t\u00eb garojn\u00eb m\u00eb 28 dhe 29","breadcrumb":{"@id":"https:\/\/www.visit-ulcinj.com\/blog\/2016\/05\/27\/automobilistet-kosovare-ne-garen-nderkombetare-ne-kotor\/#breadcrumb"},"inLanguage":"en-US","potentialAction":[{"@type":"ReadAction","target":["https:\/\/www.visit-ulcinj.com\/blog\/2016\/05\/27\/automobilistet-kosovare-ne-garen-nderkombetare-ne-kotor\/"]}]},{"@type":"BreadcrumbList","@id":"https:\/\/www.visit-ulcinj.com\/blog\/2016\/05\/27\/automobilistet-kosovare-ne-garen-nderkombetare-ne-kotor\/#breadcrumb","itemListElement":[{"@type":"ListItem","position":1,"name":"Automobilist\u00ebt kosovar\u00eb n\u00eb gar\u00ebn nd\u00ebrkomb\u00ebtare n\u00eb Kotor"}]},{"@type":"Person","@id":"https:\/\/www.visit-ulcinj.com\/blog\/#\/schema\/person\/dcab619c614d3038751c63bc2aadc06d","name":"ulqini","sameAs":["http:\/\/www.visit-ulcinj.com"],"url":"https:\/\/www.visit-ulcinj.com\/blog\/author\/admin\/"}]}},"jetpack_featured_media_url":"","jetpack_sharing_enabled":true,"jetpack_shortlink":"https:\/\/wp.me\/pe6lTn-phH","_links":{"self":[{"href":"https:\/\/www.visit-ulcinj.com\/blog\/wp-json\/wp\/v2\/posts\/97197"}],"collection":[{"href":"https:\/\/www.visit-ulcinj.com\/blog\/wp-json\/wp\/v2\/posts"}],"about":[{"href":"https:\/\/www.visit-ulcinj.com\/blog\/wp-json\/wp\/v2\/types\/post"}],"author":[{"embeddable":true,"href":"https:\/\/www.visit-ulcinj.com\/blog\/wp-json\/wp\/v2\/users\/1"}],"replies":[{"embeddable":true,"href":"https:\/\/www.visit-ulcinj.com\/blog\/wp-json\/wp\/v2\/comments?post=97197"}],"version-history":[{"count":1,"href":"https:\/\/www.visit-ulcinj.com\/blog\/wp-json\/wp\/v2\/posts\/97197\/revisions"}],"predecessor-version":[{"id":97199,"href":"https:\/\/www.visit-ulcinj.com\/blog\/wp-json\/wp\/v2\/posts\/97197\/revisions\/97199"}],"wp:attachment":[{"href":"https:\/\/www.visit-ulcinj.com\/blog\/wp-json\/wp\/v2\/media?parent=97197"}],"wp:term":[{"taxonomy":"category","embeddable":true,"href":"https:\/\/www.visit-ulcinj.com\/blog\/wp-json\/wp\/v2\/categories?post=97197"},{"taxonomy":"post_tag","embeddable":true,"href":"https:\/\/www.visit-ulcinj.com\/blog\/wp-json\/wp\/v2\/tags?post=97197"}],"curies":[{"name":"wp","href":"https:\/\/api.w.org\/{rel}","templated":true}]}}