{"id":97244,"date":"2016-05-31T12:17:46","date_gmt":"2016-05-31T11:17:46","guid":{"rendered":"http:\/\/www.visit-ulcinj.com\/blog\/?p=97244"},"modified":"2016-05-31T12:35:43","modified_gmt":"2016-05-31T11:35:43","slug":"shkrime-neper-mure-te-kalas-se-ulqinit","status":"publish","type":"post","link":"https:\/\/www.visit-ulcinj.com\/blog\/2016\/05\/31\/shkrime-neper-mure-te-kalas-se-ulqinit\/","title":{"rendered":"Shkrime n\u00ebp\u00ebr mure t\u00eb kalas s\u00eb Ulqinit"},"content":{"rendered":"<p><a href=\"http:\/\/www.visit-ulcinj.com\/blog\/wp-content\/uploads\/2016\/05\/Shkrime-n\u00ebp\u00ebr-mure-t\u00eb-kalas-s\u00eb-Ulqinit-3.jpg\"><img loading=\"lazy\" class=\"alignleft wp-image-97248\" src=\"http:\/\/www.visit-ulcinj.com\/blog\/wp-content\/uploads\/2016\/05\/Shkrime-n\u00ebp\u00ebr-mure-t\u00eb-kalas-s\u00eb-Ulqinit-3.jpg\" alt=\"Shkrime n\u00ebp\u00ebr mure t\u00eb kalas s\u00eb Ulqinit -3\" width=\"508\" height=\"381\" srcset=\"https:\/\/www.visit-ulcinj.com\/blog\/wp-content\/uploads\/2016\/05\/Shkrime-n\u00ebp\u00ebr-mure-t\u00eb-kalas-s\u00eb-Ulqinit-3.jpg 960w, https:\/\/www.visit-ulcinj.com\/blog\/wp-content\/uploads\/2016\/05\/Shkrime-n\u00ebp\u00ebr-mure-t\u00eb-kalas-s\u00eb-Ulqinit-3-300x225.jpg 300w, https:\/\/www.visit-ulcinj.com\/blog\/wp-content\/uploads\/2016\/05\/Shkrime-n\u00ebp\u00ebr-mure-t\u00eb-kalas-s\u00eb-Ulqinit-3-768x576.jpg 768w\" sizes=\"(max-width: 508px) 100vw, 508px\" \/><\/a>K\u00ebto jan\u00eb pamjet n\u00eb mure t\u00eb kalas s\u00eb Ulqinit. N\u00eb faqen e Facebookut te Ismet Karamanag\u00ebs mund t\u00eb shifen, shkarravina e shkrime t\u00eb ndryshme n\u00eb muret e kalas.<\/p>\n<p>P\u00ebrve\u00e7 shkrimeve n\u00eb bedenet e Kalas\u00eb nga ana e sip\u00ebrme, shkrime edhe n\u00eb Port\u00ebn e Kalas\u00eb nga ana e jugut, pastaj n\u00eb bedenin kryesor me Ravelin, shkrime me ngjyr\u00eb t\u00eb kuqe t\u00eb cilat nuk kan\u00eb q\u00ebllim p\u00ebr ti drejtuar mysafir\u00ebt n\u00eb drejtim t\u00eb muzeut..<\/p>\n<p>E plot\u00ebsuar<\/p>\n<p>Autor\u00ebt e k\u00ebtyre shkrimeve apo grafiteve vazhdojn\u00eb t\u00eb mbeten anonim derisa shkrime t\u00eb tilla n\u00ebp\u00ebr muret e kalas shekullore fillimisht kishin nisur t\u00eb shkruheshin sikur para shum\u00eb vitesh.<\/p>\n<p>Edhe pse autor\u00eb t\u00eb gjith\u00eb k\u00ebtyre \u201ckreacioneve\u201d jan\u00eb vet\u00eb nx\u00ebn\u00ebsit apo vet\u00eb populli i k\u00ebtij\u00eb qyteti , disa nga ata shprehin pak\u00ebnaq\u00ebsin\u00eb q\u00eb askush nuk po merr p\u00ebrgjegj\u00ebsin\u00eb t\u2019i pastroj\u00eb ato.<\/p>\n<p>Duhet cekur se vandalizimi i nj\u00eb monumenti t\u00eb trash\u00ebgimis\u00eb kulturore si\u00e7 asht\u00eb kalaja Ulqinit nuk i kontribuon nd\u00ebrtimit t\u00eb mir\u00ebbesimit mes komuniteteve dhe bie ndesh me vlerat e toleranc\u00ebs nd\u00ebrfetare dhe etnike q\u00eb jan\u00eb v\u00ebn\u00eb n\u00eb gurthemelin e shoq\u00ebris n\u00eb Ulqin dhe m\u00eb gjer\u00eb.<\/p>\n<p>Ismet Karamanaga inkurajon organet e drejt\u00ebsis\u00eb q\u00eb t\u00eb nd\u00ebrmarrin masa ndaj kryesve t\u00eb k\u00ebsaj vepre.<\/p>\n<p><a href=\"https:\/\/www.facebook.com\/ismet.karamanaga?fref=ts\"><strong>Foto: Ismet Karamanaga Facebook<\/strong><\/a><\/p>\n<p><strong><a href=\"http:\/\/www.visit-ulcinj.com\/blog\/wp-content\/uploads\/2016\/05\/Shkrime-n\u00ebp\u00ebr-mure-t\u00eb-kalas-s\u00eb-Ulqinit-.jpg\"><img loading=\"lazy\" class=\"alignleft wp-image-97245\" src=\"http:\/\/www.visit-ulcinj.com\/blog\/wp-content\/uploads\/2016\/05\/Shkrime-n\u00ebp\u00ebr-mure-t\u00eb-kalas-s\u00eb-Ulqinit-.jpg\" alt=\"Shkrime n\u00ebp\u00ebr mure t\u00eb kalas s\u00eb Ulqinit -\" width=\"508\" height=\"381\" srcset=\"https:\/\/www.visit-ulcinj.com\/blog\/wp-content\/uploads\/2016\/05\/Shkrime-n\u00ebp\u00ebr-mure-t\u00eb-kalas-s\u00eb-Ulqinit-.jpg 960w, https:\/\/www.visit-ulcinj.com\/blog\/wp-content\/uploads\/2016\/05\/Shkrime-n\u00ebp\u00ebr-mure-t\u00eb-kalas-s\u00eb-Ulqinit--300x225.jpg 300w, https:\/\/www.visit-ulcinj.com\/blog\/wp-content\/uploads\/2016\/05\/Shkrime-n\u00ebp\u00ebr-mure-t\u00eb-kalas-s\u00eb-Ulqinit--768x576.jpg 768w\" sizes=\"(max-width: 508px) 100vw, 508px\" \/><\/a> <a href=\"http:\/\/www.visit-ulcinj.com\/blog\/wp-content\/uploads\/2016\/05\/Shkrime-n\u00ebp\u00ebr-mure-t\u00eb-kalas-s\u00eb-Ulqinit-1.jpg\"><img loading=\"lazy\" class=\"alignleft wp-image-97246\" src=\"http:\/\/www.visit-ulcinj.com\/blog\/wp-content\/uploads\/2016\/05\/Shkrime-n\u00ebp\u00ebr-mure-t\u00eb-kalas-s\u00eb-Ulqinit-1.jpg\" alt=\"Shkrime n\u00ebp\u00ebr mure t\u00eb kalas s\u00eb Ulqinit -1\" width=\"508\" height=\"381\" srcset=\"https:\/\/www.visit-ulcinj.com\/blog\/wp-content\/uploads\/2016\/05\/Shkrime-n\u00ebp\u00ebr-mure-t\u00eb-kalas-s\u00eb-Ulqinit-1.jpg 960w, https:\/\/www.visit-ulcinj.com\/blog\/wp-content\/uploads\/2016\/05\/Shkrime-n\u00ebp\u00ebr-mure-t\u00eb-kalas-s\u00eb-Ulqinit-1-300x225.jpg 300w, https:\/\/www.visit-ulcinj.com\/blog\/wp-content\/uploads\/2016\/05\/Shkrime-n\u00ebp\u00ebr-mure-t\u00eb-kalas-s\u00eb-Ulqinit-1-768x576.jpg 768w\" sizes=\"(max-width: 508px) 100vw, 508px\" \/><\/a> <a href=\"http:\/\/www.visit-ulcinj.com\/blog\/wp-content\/uploads\/2016\/05\/Shkrime-n\u00ebp\u00ebr-mure-t\u00eb-kalas-s\u00eb-Ulqinit-2.jpg\"><img loading=\"lazy\" class=\"alignleft wp-image-97247\" src=\"http:\/\/www.visit-ulcinj.com\/blog\/wp-content\/uploads\/2016\/05\/Shkrime-n\u00ebp\u00ebr-mure-t\u00eb-kalas-s\u00eb-Ulqinit-2.jpg\" alt=\"Shkrime n\u00ebp\u00ebr mure t\u00eb kalas s\u00eb Ulqinit -2\" width=\"508\" height=\"381\" srcset=\"https:\/\/www.visit-ulcinj.com\/blog\/wp-content\/uploads\/2016\/05\/Shkrime-n\u00ebp\u00ebr-mure-t\u00eb-kalas-s\u00eb-Ulqinit-2.jpg 960w, https:\/\/www.visit-ulcinj.com\/blog\/wp-content\/uploads\/2016\/05\/Shkrime-n\u00ebp\u00ebr-mure-t\u00eb-kalas-s\u00eb-Ulqinit-2-300x225.jpg 300w, https:\/\/www.visit-ulcinj.com\/blog\/wp-content\/uploads\/2016\/05\/Shkrime-n\u00ebp\u00ebr-mure-t\u00eb-kalas-s\u00eb-Ulqinit-2-768x576.jpg 768w\" sizes=\"(max-width: 508px) 100vw, 508px\" \/><\/a> <a href=\"http:\/\/www.visit-ulcinj.com\/blog\/wp-content\/uploads\/2016\/05\/Shkrime-n\u00ebp\u00ebr-mure-t\u00eb-kalas-s\u00eb-Ulqinit-3.jpg\"><img loading=\"lazy\" class=\"alignleft wp-image-97248\" src=\"http:\/\/www.visit-ulcinj.com\/blog\/wp-content\/uploads\/2016\/05\/Shkrime-n\u00ebp\u00ebr-mure-t\u00eb-kalas-s\u00eb-Ulqinit-3.jpg\" alt=\"Shkrime n\u00ebp\u00ebr mure t\u00eb kalas s\u00eb Ulqinit -3\" width=\"508\" height=\"381\" srcset=\"https:\/\/www.visit-ulcinj.com\/blog\/wp-content\/uploads\/2016\/05\/Shkrime-n\u00ebp\u00ebr-mure-t\u00eb-kalas-s\u00eb-Ulqinit-3.jpg 960w, https:\/\/www.visit-ulcinj.com\/blog\/wp-content\/uploads\/2016\/05\/Shkrime-n\u00ebp\u00ebr-mure-t\u00eb-kalas-s\u00eb-Ulqinit-3-300x225.jpg 300w, https:\/\/www.visit-ulcinj.com\/blog\/wp-content\/uploads\/2016\/05\/Shkrime-n\u00ebp\u00ebr-mure-t\u00eb-kalas-s\u00eb-Ulqinit-3-768x576.jpg 768w\" sizes=\"(max-width: 508px) 100vw, 508px\" \/><\/a> <a href=\"http:\/\/www.visit-ulcinj.com\/blog\/wp-content\/uploads\/2016\/05\/Shkrime-n\u00ebp\u00ebr-mure-t\u00eb-kalas-s\u00eb-Ulqinit-4.jpg\"><img loading=\"lazy\" class=\"alignleft wp-image-97249\" src=\"http:\/\/www.visit-ulcinj.com\/blog\/wp-content\/uploads\/2016\/05\/Shkrime-n\u00ebp\u00ebr-mure-t\u00eb-kalas-s\u00eb-Ulqinit-4.jpg\" alt=\"Shkrime n\u00ebp\u00ebr mure t\u00eb kalas s\u00eb Ulqinit -4\" width=\"508\" height=\"381\" srcset=\"https:\/\/www.visit-ulcinj.com\/blog\/wp-content\/uploads\/2016\/05\/Shkrime-n\u00ebp\u00ebr-mure-t\u00eb-kalas-s\u00eb-Ulqinit-4.jpg 960w, https:\/\/www.visit-ulcinj.com\/blog\/wp-content\/uploads\/2016\/05\/Shkrime-n\u00ebp\u00ebr-mure-t\u00eb-kalas-s\u00eb-Ulqinit-4-300x225.jpg 300w, https:\/\/www.visit-ulcinj.com\/blog\/wp-content\/uploads\/2016\/05\/Shkrime-n\u00ebp\u00ebr-mure-t\u00eb-kalas-s\u00eb-Ulqinit-4-768x576.jpg 768w\" sizes=\"(max-width: 508px) 100vw, 508px\" \/><\/a> <a href=\"http:\/\/www.visit-ulcinj.com\/blog\/wp-content\/uploads\/2016\/05\/Shkrime-n\u00ebp\u00ebr-mure-t\u00eb-kalas-s\u00eb-Ulqinit-5.jpg\"><img loading=\"lazy\" class=\"alignleft wp-image-97250\" src=\"http:\/\/www.visit-ulcinj.com\/blog\/wp-content\/uploads\/2016\/05\/Shkrime-n\u00ebp\u00ebr-mure-t\u00eb-kalas-s\u00eb-Ulqinit-5.jpg\" alt=\"Shkrime n\u00ebp\u00ebr mure t\u00eb kalas s\u00eb Ulqinit -5\" width=\"508\" height=\"381\" srcset=\"https:\/\/www.visit-ulcinj.com\/blog\/wp-content\/uploads\/2016\/05\/Shkrime-n\u00ebp\u00ebr-mure-t\u00eb-kalas-s\u00eb-Ulqinit-5.jpg 960w, https:\/\/www.visit-ulcinj.com\/blog\/wp-content\/uploads\/2016\/05\/Shkrime-n\u00ebp\u00ebr-mure-t\u00eb-kalas-s\u00eb-Ulqinit-5-300x225.jpg 300w, https:\/\/www.visit-ulcinj.com\/blog\/wp-content\/uploads\/2016\/05\/Shkrime-n\u00ebp\u00ebr-mure-t\u00eb-kalas-s\u00eb-Ulqinit-5-768x576.jpg 768w\" sizes=\"(max-width: 508px) 100vw, 508px\" \/><\/a> <a href=\"http:\/\/www.visit-ulcinj.com\/blog\/wp-content\/uploads\/2016\/05\/Shkrime-n\u00ebp\u00ebr-mure-t\u00eb-kalas-s\u00eb-Ulqinit-6.jpg\"><img loading=\"lazy\" class=\"alignleft wp-image-97251\" src=\"http:\/\/www.visit-ulcinj.com\/blog\/wp-content\/uploads\/2016\/05\/Shkrime-n\u00ebp\u00ebr-mure-t\u00eb-kalas-s\u00eb-Ulqinit-6.jpg\" alt=\"Shkrime n\u00ebp\u00ebr mure t\u00eb kalas s\u00eb Ulqinit -6\" width=\"508\" height=\"381\" srcset=\"https:\/\/www.visit-ulcinj.com\/blog\/wp-content\/uploads\/2016\/05\/Shkrime-n\u00ebp\u00ebr-mure-t\u00eb-kalas-s\u00eb-Ulqinit-6.jpg 960w, https:\/\/www.visit-ulcinj.com\/blog\/wp-content\/uploads\/2016\/05\/Shkrime-n\u00ebp\u00ebr-mure-t\u00eb-kalas-s\u00eb-Ulqinit-6-300x225.jpg 300w, https:\/\/www.visit-ulcinj.com\/blog\/wp-content\/uploads\/2016\/05\/Shkrime-n\u00ebp\u00ebr-mure-t\u00eb-kalas-s\u00eb-Ulqinit-6-768x576.jpg 768w\" sizes=\"(max-width: 508px) 100vw, 508px\" \/><\/a><\/strong><\/p>\n","protected":false},"excerpt":{"rendered":"<p>K\u00ebto jan\u00eb pamjet n\u00eb mure t\u00eb kalas s\u00eb Ulqinit. N\u00eb faqen e Facebookut te Ismet Karamanag\u00ebs mund t\u00eb shifen, shkarravina e shkrime t\u00eb ndryshme n\u00eb muret e kalas. P\u00ebrve\u00e7 shkrimeve n\u00eb bedenet e Kalas\u00eb nga ana e sip\u00ebrme, shkrime edhe n\u00eb Port\u00ebn e Kalas\u00eb nga ana e jugut, pastaj n\u00eb bedenin kryesor me Ravelin, shkrime [&hellip;]<\/p>\n","protected":false},"author":1,"featured_media":0,"comment_status":"closed","ping_status":"closed","sticky":false,"template":"","format":"standard","meta":{"spay_email":"","jetpack_publicize_message":"","jetpack_is_tweetstorm":false,"jetpack_publicize_feature_enabled":true},"categories":[11],"tags":[],"jetpack_publicize_connections":[],"yoast_head":"<!-- This site is optimized with the Yoast SEO plugin v19.1 - https:\/\/yoast.com\/wordpress\/plugins\/seo\/ -->\n<title>Shkrime n\u00ebp\u00ebr mure t\u00eb kalas s\u00eb Ulqinit - Lajme nga Ulqini<\/title>\n<meta name=\"description\" content=\"K\u00ebto jan\u00eb pamjet n\u00eb mure t\u00eb kalas s\u00eb Ulqinit. N\u00eb faqen e Facebookut te Ismet Karamanag\u00ebs mund t\u00eb shifen, shkarravina e shkrime t\u00eb ndryshme n\u00eb muret e\" \/>\n<meta name=\"robots\" content=\"index, follow, max-snippet:-1, max-image-preview:large, max-video-preview:-1\" \/>\n<link rel=\"canonical\" href=\"https:\/\/www.visit-ulcinj.com\/blog\/2016\/05\/31\/shkrime-neper-mure-te-kalas-se-ulqinit\/\" \/>\n<meta property=\"og:locale\" content=\"en_US\" \/>\n<meta property=\"og:type\" content=\"article\" \/>\n<meta property=\"og:title\" content=\"Shkrime n\u00ebp\u00ebr mure t\u00eb kalas s\u00eb Ulqinit - Lajme nga Ulqini\" \/>\n<meta property=\"og:description\" content=\"K\u00ebto jan\u00eb pamjet n\u00eb mure t\u00eb kalas s\u00eb Ulqinit. N\u00eb faqen e Facebookut te Ismet Karamanag\u00ebs mund t\u00eb shifen, shkarravina e shkrime t\u00eb ndryshme n\u00eb muret e\" \/>\n<meta property=\"og:url\" content=\"https:\/\/www.visit-ulcinj.com\/blog\/2016\/05\/31\/shkrime-neper-mure-te-kalas-se-ulqinit\/\" \/>\n<meta property=\"og:site_name\" content=\"Lajme nga Ulqini\" \/>\n<meta property=\"article:published_time\" content=\"2016-05-31T11:17:46+00:00\" \/>\n<meta property=\"article:modified_time\" content=\"2016-05-31T11:35:43+00:00\" \/>\n<meta name=\"twitter:label1\" content=\"Written by\" \/>\n\t<meta name=\"twitter:data1\" content=\"ulqini\" \/>\n\t<meta name=\"twitter:label2\" content=\"Est. reading time\" \/>\n\t<meta name=\"twitter:data2\" content=\"1 minute\" \/>\n<script type=\"application\/ld+json\" class=\"yoast-schema-graph\">{\"@context\":\"https:\/\/schema.org\",\"@graph\":[{\"@type\":\"WebSite\",\"@id\":\"https:\/\/www.visit-ulcinj.com\/blog\/#website\",\"url\":\"https:\/\/www.visit-ulcinj.com\/blog\/\",\"name\":\"Lajme nga Ulqini\",\"description\":\"Lajme,Vijesti,Ulqini,Ulqin,Crna Gora,Mali i Zi\",\"potentialAction\":[{\"@type\":\"SearchAction\",\"target\":{\"@type\":\"EntryPoint\",\"urlTemplate\":\"https:\/\/www.visit-ulcinj.com\/blog\/?s={search_term_string}\"},\"query-input\":\"required name=search_term_string\"}],\"inLanguage\":\"en-US\"},{\"@type\":\"WebPage\",\"@id\":\"https:\/\/www.visit-ulcinj.com\/blog\/2016\/05\/31\/shkrime-neper-mure-te-kalas-se-ulqinit\/#webpage\",\"url\":\"https:\/\/www.visit-ulcinj.com\/blog\/2016\/05\/31\/shkrime-neper-mure-te-kalas-se-ulqinit\/\",\"name\":\"Shkrime n\u00ebp\u00ebr mure t\u00eb kalas s\u00eb Ulqinit - Lajme nga Ulqini\",\"isPartOf\":{\"@id\":\"https:\/\/www.visit-ulcinj.com\/blog\/#website\"},\"datePublished\":\"2016-05-31T11:17:46+00:00\",\"dateModified\":\"2016-05-31T11:35:43+00:00\",\"author\":{\"@id\":\"https:\/\/www.visit-ulcinj.com\/blog\/#\/schema\/person\/dcab619c614d3038751c63bc2aadc06d\"},\"description\":\"K\u00ebto jan\u00eb pamjet n\u00eb mure t\u00eb kalas s\u00eb Ulqinit. N\u00eb faqen e Facebookut te Ismet Karamanag\u00ebs mund t\u00eb shifen, shkarravina e shkrime t\u00eb ndryshme n\u00eb muret e\",\"breadcrumb\":{\"@id\":\"https:\/\/www.visit-ulcinj.com\/blog\/2016\/05\/31\/shkrime-neper-mure-te-kalas-se-ulqinit\/#breadcrumb\"},\"inLanguage\":\"en-US\",\"potentialAction\":[{\"@type\":\"ReadAction\",\"target\":[\"https:\/\/www.visit-ulcinj.com\/blog\/2016\/05\/31\/shkrime-neper-mure-te-kalas-se-ulqinit\/\"]}]},{\"@type\":\"BreadcrumbList\",\"@id\":\"https:\/\/www.visit-ulcinj.com\/blog\/2016\/05\/31\/shkrime-neper-mure-te-kalas-se-ulqinit\/#breadcrumb\",\"itemListElement\":[{\"@type\":\"ListItem\",\"position\":1,\"name\":\"Shkrime n\u00ebp\u00ebr mure t\u00eb kalas s\u00eb Ulqinit\"}]},{\"@type\":\"Person\",\"@id\":\"https:\/\/www.visit-ulcinj.com\/blog\/#\/schema\/person\/dcab619c614d3038751c63bc2aadc06d\",\"name\":\"ulqini\",\"sameAs\":[\"http:\/\/www.visit-ulcinj.com\"],\"url\":\"https:\/\/www.visit-ulcinj.com\/blog\/author\/admin\/\"}]}<\/script>\n<!-- \/ Yoast SEO plugin. -->","yoast_head_json":{"title":"Shkrime n\u00ebp\u00ebr mure t\u00eb kalas s\u00eb Ulqinit - Lajme nga Ulqini","description":"K\u00ebto jan\u00eb pamjet n\u00eb mure t\u00eb kalas s\u00eb Ulqinit. N\u00eb faqen e Facebookut te Ismet Karamanag\u00ebs mund t\u00eb shifen, shkarravina e shkrime t\u00eb ndryshme n\u00eb muret e","robots":{"index":"index","follow":"follow","max-snippet":"max-snippet:-1","max-image-preview":"max-image-preview:large","max-video-preview":"max-video-preview:-1"},"canonical":"https:\/\/www.visit-ulcinj.com\/blog\/2016\/05\/31\/shkrime-neper-mure-te-kalas-se-ulqinit\/","og_locale":"en_US","og_type":"article","og_title":"Shkrime n\u00ebp\u00ebr mure t\u00eb kalas s\u00eb Ulqinit - Lajme nga Ulqini","og_description":"K\u00ebto jan\u00eb pamjet n\u00eb mure t\u00eb kalas s\u00eb Ulqinit. N\u00eb faqen e Facebookut te Ismet Karamanag\u00ebs mund t\u00eb shifen, shkarravina e shkrime t\u00eb ndryshme n\u00eb muret e","og_url":"https:\/\/www.visit-ulcinj.com\/blog\/2016\/05\/31\/shkrime-neper-mure-te-kalas-se-ulqinit\/","og_site_name":"Lajme nga Ulqini","article_published_time":"2016-05-31T11:17:46+00:00","article_modified_time":"2016-05-31T11:35:43+00:00","twitter_misc":{"Written by":"ulqini","Est. reading time":"1 minute"},"schema":{"@context":"https:\/\/schema.org","@graph":[{"@type":"WebSite","@id":"https:\/\/www.visit-ulcinj.com\/blog\/#website","url":"https:\/\/www.visit-ulcinj.com\/blog\/","name":"Lajme nga Ulqini","description":"Lajme,Vijesti,Ulqini,Ulqin,Crna Gora,Mali i Zi","potentialAction":[{"@type":"SearchAction","target":{"@type":"EntryPoint","urlTemplate":"https:\/\/www.visit-ulcinj.com\/blog\/?s={search_term_string}"},"query-input":"required name=search_term_string"}],"inLanguage":"en-US"},{"@type":"WebPage","@id":"https:\/\/www.visit-ulcinj.com\/blog\/2016\/05\/31\/shkrime-neper-mure-te-kalas-se-ulqinit\/#webpage","url":"https:\/\/www.visit-ulcinj.com\/blog\/2016\/05\/31\/shkrime-neper-mure-te-kalas-se-ulqinit\/","name":"Shkrime n\u00ebp\u00ebr mure t\u00eb kalas s\u00eb Ulqinit - Lajme nga Ulqini","isPartOf":{"@id":"https:\/\/www.visit-ulcinj.com\/blog\/#website"},"datePublished":"2016-05-31T11:17:46+00:00","dateModified":"2016-05-31T11:35:43+00:00","author":{"@id":"https:\/\/www.visit-ulcinj.com\/blog\/#\/schema\/person\/dcab619c614d3038751c63bc2aadc06d"},"description":"K\u00ebto jan\u00eb pamjet n\u00eb mure t\u00eb kalas s\u00eb Ulqinit. N\u00eb faqen e Facebookut te Ismet Karamanag\u00ebs mund t\u00eb shifen, shkarravina e shkrime t\u00eb ndryshme n\u00eb muret e","breadcrumb":{"@id":"https:\/\/www.visit-ulcinj.com\/blog\/2016\/05\/31\/shkrime-neper-mure-te-kalas-se-ulqinit\/#breadcrumb"},"inLanguage":"en-US","potentialAction":[{"@type":"ReadAction","target":["https:\/\/www.visit-ulcinj.com\/blog\/2016\/05\/31\/shkrime-neper-mure-te-kalas-se-ulqinit\/"]}]},{"@type":"BreadcrumbList","@id":"https:\/\/www.visit-ulcinj.com\/blog\/2016\/05\/31\/shkrime-neper-mure-te-kalas-se-ulqinit\/#breadcrumb","itemListElement":[{"@type":"ListItem","position":1,"name":"Shkrime n\u00ebp\u00ebr mure t\u00eb kalas s\u00eb Ulqinit"}]},{"@type":"Person","@id":"https:\/\/www.visit-ulcinj.com\/blog\/#\/schema\/person\/dcab619c614d3038751c63bc2aadc06d","name":"ulqini","sameAs":["http:\/\/www.visit-ulcinj.com"],"url":"https:\/\/www.visit-ulcinj.com\/blog\/author\/admin\/"}]}},"jetpack_featured_media_url":"","jetpack_sharing_enabled":true,"jetpack_shortlink":"https:\/\/wp.me\/pe6lTn-pis","_links":{"self":[{"href":"https:\/\/www.visit-ulcinj.com\/blog\/wp-json\/wp\/v2\/posts\/97244"}],"collection":[{"href":"https:\/\/www.visit-ulcinj.com\/blog\/wp-json\/wp\/v2\/posts"}],"about":[{"href":"https:\/\/www.visit-ulcinj.com\/blog\/wp-json\/wp\/v2\/types\/post"}],"author":[{"embeddable":true,"href":"https:\/\/www.visit-ulcinj.com\/blog\/wp-json\/wp\/v2\/users\/1"}],"replies":[{"embeddable":true,"href":"https:\/\/www.visit-ulcinj.com\/blog\/wp-json\/wp\/v2\/comments?post=97244"}],"version-history":[{"count":7,"href":"https:\/\/www.visit-ulcinj.com\/blog\/wp-json\/wp\/v2\/posts\/97244\/revisions"}],"predecessor-version":[{"id":97258,"href":"https:\/\/www.visit-ulcinj.com\/blog\/wp-json\/wp\/v2\/posts\/97244\/revisions\/97258"}],"wp:attachment":[{"href":"https:\/\/www.visit-ulcinj.com\/blog\/wp-json\/wp\/v2\/media?parent=97244"}],"wp:term":[{"taxonomy":"category","embeddable":true,"href":"https:\/\/www.visit-ulcinj.com\/blog\/wp-json\/wp\/v2\/categories?post=97244"},{"taxonomy":"post_tag","embeddable":true,"href":"https:\/\/www.visit-ulcinj.com\/blog\/wp-json\/wp\/v2\/tags?post=97244"}],"curies":[{"name":"wp","href":"https:\/\/api.w.org\/{rel}","templated":true}]}}