{"id":97267,"date":"2016-05-31T13:11:15","date_gmt":"2016-05-31T12:11:15","guid":{"rendered":"http:\/\/www.visit-ulcinj.com\/blog\/?p=97267"},"modified":"2016-05-31T14:39:45","modified_gmt":"2016-05-31T13:39:45","slug":"flet-luljeta-avdiu-cura-nje-shpirt-plot-art-e-kulture","status":"publish","type":"post","link":"https:\/\/www.visit-ulcinj.com\/blog\/2016\/05\/31\/flet-luljeta-avdiu-cura-nje-shpirt-plot-art-e-kulture\/","title":{"rendered":"Flet Luljeta Avdiu-Cura, nj\u00eb shpirt plot me art e kultur\u00eb"},"content":{"rendered":"<p><strong>Bised\u00eb me Luljeta Avdiu-Cura, kryetare e Shoqat\u00ebs \u201cLabeat\u00ebt\u201d dhe e Shoq\u00ebris\u00eb Kulturore-Artistike \u201cAna e Malit\u201d Ulqin<\/strong><\/p>\n<p><b>Nga: Prof.Murat Gecaj publicist e studiues<\/b><\/p>\n<p><strong>\u201cShpirtin e kam p\u00ebrrher\u00eb te k\u00ebto veprimtari dhe aty gjej k\u00ebnaq\u00ebsi\u2026\u201d<\/strong><\/p>\n<p><a href=\"http:\/\/www.visit-ulcinj.com\/blog\/wp-content\/uploads\/2016\/05\/Luljeta-Avdiu-Cura.jpg\"><img loading=\"lazy\" class=\"alignleft wp-image-97268\" src=\"http:\/\/www.visit-ulcinj.com\/blog\/wp-content\/uploads\/2016\/05\/Luljeta-Avdiu-Cura.jpg\" alt=\"Luljeta Avdiu-Cura\" width=\"508\" height=\"706\" srcset=\"https:\/\/www.visit-ulcinj.com\/blog\/wp-content\/uploads\/2016\/05\/Luljeta-Avdiu-Cura.jpg 645w, https:\/\/www.visit-ulcinj.com\/blog\/wp-content\/uploads\/2016\/05\/Luljeta-Avdiu-Cura-216x300.jpg 216w\" sizes=\"(max-width: 508px) 100vw, 508px\" \/><\/a><\/p>\n<p>1.Shprehi k\u00ebnaq\u00ebsin\u00eb p\u00ebr k\u00ebt\u00eb bised\u00eb edhe nga fakti se ti, Luljeta, jeton n\u00eb Ulqin, qytet q\u00eb un\u00eb e kam vizituar dy her\u00eb dhe ruaj p\u00ebrshtypjet m\u00eb t\u00eb mira\u2026A mund t\u00eb m\u00eb tregosh, se cilat jan\u00eb ve\u00e7orit\u00eb kryesore t\u00eb k\u00ebtij vendbanimi shqiptar, sidomos n\u00eb fush\u00ebn e arsimit e kultur\u00ebs?<\/p>\n<p>-Edhe pse Ulqini \u00ebsht\u00eb qytet me num\u00ebr t\u00eb vog\u00ebl t\u00eb banor\u00ebve, njer\u00ebzit e arsimuar nuk mungojn\u00eb. T\u00eb rinjt\u00eb e t\u00eb rejat, pasi i mbarojn\u00eb k\u00ebtu shkollat e mesme, dita-dit\u00ebs diplomohen n\u00eb fakultete t\u00eb vendeve t\u00eb ndryshme.<\/p>\n<p>Funksionojn\u00eb disa institucione, si: shkolla t\u00eb ndryshme, qendra e kultur\u00ebs, nj\u00eb bibliotek\u00eb e pasur, muzeu historik me kalan\u00eb e tij t\u00eb lasht\u00eb etj. Po ashtu, banor\u00ebt e qytetit ton\u00eb i ndjekin me d\u00ebshir\u00eb veprimtarit\u00eb e larmishme dhe t\u00eb bukura kulturore-artistike, q\u00eb organizohen, si nga vend\u00ebsit, por dhe nga grupe, q\u00eb vijn\u00eb t\u00eb ftuar k\u00ebtu.<\/p>\n<p>2.Ti je m\u00ebsuese n\u00eb nj\u00eb fshat af\u00ebr Ulqinit\u2026D\u00ebshirojm\u00eb t\u00eb na thuash ndonj\u00eb gj\u00eb p\u00ebr jet\u00ebn m\u00ebsimore-edukative aty, p\u00ebr veprimtarit\u00eb q\u00eb organizohen etj.<\/p>\n<p>-Po, kam af\u00ebr 10 vite, q\u00eb punoj n\u00eb arsim.(N\u00eb vitet 2000-2005, kam qen\u00eb spikere n\u00eb Radio-Ulqini). Krahas m\u00ebsimit, n\u00eb shkoll\u00ebn ton\u00eb t\u00eb fshatit Kat\u00ebrkoll\u00eb, zhvillohen edhe veprimtari kulturore-artistike, sidomos n\u00eb data t\u00eb caktuara. N\u00eb kuad\u00ebr t\u00eb or\u00ebve t\u00eb lira, un\u00eb vet\u00eb kam d\u00ebshir\u00eb q\u00eb me nx\u00ebn\u00ebsit t\u00eb organizoj veprimtari sa m\u00eb t\u00ebrheq\u00ebse p\u00ebr ata. Sepse jam e bindur q\u00eb, veprimtari t\u00eb tilla, i ndihmojn\u00eb nx\u00ebn\u00ebsit n\u00eb zgjerimin e njohurive t\u00eb tyre dhe p\u00ebr lidhjen e m\u00ebsimit me jet\u00ebn e p\u00ebrdit\u00ebshme.<\/p>\n<p><a href=\"http:\/\/www.visit-ulcinj.com\/blog\/wp-content\/uploads\/2016\/05\/Ana-e-Malit-1.jpg\"><img loading=\"lazy\" class=\"alignleft wp-image-97269\" src=\"http:\/\/www.visit-ulcinj.com\/blog\/wp-content\/uploads\/2016\/05\/Ana-e-Malit-1.jpg\" alt=\"Ana-e-Malit-1\" width=\"508\" height=\"216\" srcset=\"https:\/\/www.visit-ulcinj.com\/blog\/wp-content\/uploads\/2016\/05\/Ana-e-Malit-1.jpg 848w, https:\/\/www.visit-ulcinj.com\/blog\/wp-content\/uploads\/2016\/05\/Ana-e-Malit-1-300x127.jpg 300w, https:\/\/www.visit-ulcinj.com\/blog\/wp-content\/uploads\/2016\/05\/Ana-e-Malit-1-768x326.jpg 768w\" sizes=\"(max-width: 508px) 100vw, 508px\" \/><\/a><\/p>\n<p>3.Sidomos, p\u00ebrmes t\u00eb dh\u00ebnave n\u00eb FB, por dhe nga shk\u00ebmbimi i mesazheve tona, kam m\u00ebsuar se ti je nj\u00eb veprimtare aktive n\u00eb jet\u00ebn e qytetit t\u00eb Ulqinit, gj\u00eb p\u00ebr t\u00eb cil\u00ebn t\u00eb p\u00ebrg\u00ebzoj, sinqerisht! Prandaj lexuesit duan t\u00eb din\u00eb di\u00e7ka m\u00eb tep\u00ebr n\u00eb k\u00ebt\u00eb drejtim\u2026Pra, cila \u00ebsht\u00eb shoqata, q\u00eb ti drejton dhe kur u krijua e \u00e7far\u00eb veprimtarish\u00eb keni zhvilluar, q\u00eb nga krijimi i saj?<\/p>\n<p>-P\u00ebrve\u00e7 pun\u00ebs n\u00eb arsim, i p\u00ebrkushtohem edhe veprimtarive kulturore-artistike. Me k\u00ebt\u00eb gj\u00eb, kam qen\u00eb e pasionuar q\u00eb n\u00eb f\u00ebmij\u00ebri dhe k\u00ebt\u00eb pun\u00eb e vazhdoj, deri sot. Kam vepruar si individ, por edhe n\u00eb p\u00ebrb\u00ebrje t\u00eb nj\u00eb shoqate joqevritare. Me nism\u00ebn time, n\u00eb vitin 2012 u themelua Shoqata Kulturore &#8220;Labeat\u00ebt&#8221;. N\u00eb kuader t\u00eb saj, n\u00eb bashk\u00ebpunim me Shoqat\u00ebn e Artizan\u00ebve n\u00eb An\u00eb t\u00eb Malit, p\u00ebr nder t\u00eb 100-vjetorit t\u00eb Pavar\u00ebsis\u00eb s\u00eb Shqip\u00ebris\u00eb, organizuam me sukses \u201cPanairin Mbar\u00ebkomb\u00ebtar t\u00eb Artizanatit\u201d.<\/p>\n<p>M\u00eb tej, n\u00eb vitin 2013, n\u00eb Galerin\u00eb e Qendr\u00ebs s\u00eb Kultur\u00ebs, realizuam ekspoziten me punime t\u00eb fotografit t\u00eb par\u00eb, nga treva e jon\u00eb, t\u00eb ndjerit Dan Xhurret\u00ebs. P\u00ebr koh\u00ebn, kur ka punuar dhe vepruar, ai ka qen\u00eb i ve\u00e7ant\u00eb n\u00eb stilin e tij.<\/p>\n<p>K\u00ebt\u00eb vit, me rastin e 7 Marsit, \u201cDit\u00ebs s\u00eb Arsimit Komb\u00ebtar Shqiptar\u201d, Shoqata jon\u00eb mblodhi veteran\u00ebt e arsimit t\u00eb trev\u00ebs son\u00eb. Aty u nderuan figurat e atyre m\u00ebsuesve, t\u00eb cil\u00ebt, n\u00eb kushte t\u00eb v\u00ebshtira shoq\u00ebrore-politike dhe ekonomike, dhan\u00eb shum\u00eb p\u00ebr zhvillimin e arsimit shqip.<\/p>\n<p>Nd\u00ebrsa veprimtaria m\u00eb e fundit, e shoqat\u00ebs son\u00eb \u201cLabeat\u00ebt\u201d, ishte organizimi i sfilat\u00ebs me veshje popullore komb\u00ebtare. Pjes\u00ebmarr\u00ebsit ishin nga disa treva t\u00eb Kosov\u00ebs dhe Shqip\u00ebris\u00eb, p\u00ebrfshir\u00eb k\u00ebtu edhe veshjet e shqiptar\u00ebve nga Mali i Zi.<\/p>\n<p>4.Po jasht\u00eb Ulqinit a keni udh\u00ebtuar, me an\u00ebtar\u00ebt e Shoqat\u00ebs suaj dhe \u00e7far\u00eb p\u00ebrshtypjesh u kan\u00eb l\u00ebn\u00eb ato?<\/p>\n<p>-P\u00ebr shkak t\u00eb detyrime me f\u00ebmij\u00ebt e mi dhe sidomos me djalin tim t\u00eb vog\u00ebl, Albanin (20 muajsh), nuk kam mundur t\u2019i ndjek fizikisht, n\u00eb \u00e7do hap, veprimtarit\u00eb e zhvilluara jasht\u00eb Ulqinit nga Shoq\u00ebria Kulturore-Artstike \u201cAna e Malit\u201d, ku jam kryetare. Nd\u00ebrsa, shpirt\u00ebrisht, kam qen\u00eb me ata, n\u00eb \u00e7do \u00e7ast. Por dhe kam patur k\u00ebnaq\u00ebsin\u00eb t\u00eb udh\u00ebtoj e t\u00eb shoh nga af\u00ebr, vitin e kaluar, Festivalin e organizuar n\u00eb Ka\u00e7anik dhe jam kthyer me p\u00ebrshtypjet m\u00eb t\u00eb mira.<\/p>\n<p><a href=\"http:\/\/www.visit-ulcinj.com\/blog\/wp-content\/uploads\/2016\/05\/Ne-gjirokaster-Ana-Malit.jpg\"><img loading=\"lazy\" class=\"alignleft wp-image-97270\" src=\"http:\/\/www.visit-ulcinj.com\/blog\/wp-content\/uploads\/2016\/05\/Ne-gjirokaster-Ana-Malit.jpg\" alt=\"Ne-gjirokaster-Ana-Malit\" width=\"508\" height=\"198\" srcset=\"https:\/\/www.visit-ulcinj.com\/blog\/wp-content\/uploads\/2016\/05\/Ne-gjirokaster-Ana-Malit.jpg 960w, https:\/\/www.visit-ulcinj.com\/blog\/wp-content\/uploads\/2016\/05\/Ne-gjirokaster-Ana-Malit-300x117.jpg 300w, https:\/\/www.visit-ulcinj.com\/blog\/wp-content\/uploads\/2016\/05\/Ne-gjirokaster-Ana-Malit-768x300.jpg 768w\" sizes=\"(max-width: 508px) 100vw, 508px\" \/><\/a><br \/>\n5.Kam lexuar se ju, n\u00eb Ulqin, u ka ardhur nj\u00eb ftes\u00eb, p\u00ebr n\u00eb \u201cFestivalin e kultur\u00ebs shqiptare, n\u00eb Mantova-Itali\u201d\u2026A do t\u00eb shkoni atje dhe \u00e7far\u00eb p\u00ebrgatitjesh po b\u00ebhen tani, se koha erdhi?<br \/>\n-Po, ishte pik\u00ebrisht miku Ndue Lazri, i cili ishte i gatsh\u00ebm p\u00ebr bashk\u00ebpunim dhe Shoq\u00ebria Kulturore \u201cAna e Malit\u201d mori ftes\u00ebn p\u00ebr t\u00eb qen\u00eb e pranishme n\u00eb \u201cDitet e Kultur\u00ebs Shqiptare\u201d, n\u00eb Mantova. Q\u00ebllimi \u00ebsht\u00eb p\u00ebr t\u00eb paraqitur atje folklorin tradicional t\u00eb trev\u00ebs son\u00eb, pse jo, edhe nga ndonj\u00eb trev\u00eb tjeter shqiptare. Si\u00e7 dihet, p\u00ebr veprimtari t\u00eb tilla duhet p\u00ebrkrahje financiare, sepse zakonisht oraganizator\u00ebt mbulojn\u00eb vet\u00ebm shpenzimet e fjetjes e ushqimit, nd\u00ebrsa p\u00ebr udh\u00ebtimin dhe \u00e7\u00ebshtje t\u00eb tjera duhet t\u00eb gjindet mb\u00ebshtetje, n\u00eb rastin konkret, nga institucionet p\u00ebrgjegj\u00ebse n\u00eb Ulqin.<br \/>\n6.Sigurisht, t\u00ebr\u00eb kjo pun\u00eb vullnetare dhe e papaguar \u00ebsht\u00eb \u00e7muar e vler\u00ebsuar, jo vet\u00ebm nga banor\u00ebt e Ulqinit, por dhe m\u00eb gjer\u00eb\u2026\u00c7far\u00eb mund t\u00eb tregosh, n\u00eb k\u00ebt\u00eb drejtim?<\/p>\n<p>-Kam sakrifikuar shum\u00eb nga vetja, kur kam dashur t\u00eb realizoj di\u00e7ka. Prandaj shpirtin e kam p\u00ebrher\u00eb te k\u00ebto veprimtari kulturore-artistike dhe aty gjej k\u00ebnaq\u00ebsi. Jam ndier e vler\u00ebsuar, kur kam marr\u00eb \u201cMir\u00ebnjohje\u201d p\u00ebr pun\u00ebn time, n\u00eb ruajtjen e tradit\u00ebs dhe vlerave kulturore. Kjo gj\u00eb m\u00eb ka motivuar q\u00eb t\u00eb punoj edhe m\u00eb shum\u00eb.Ne ia kemi borxh vendlindjes, q\u00eb ta japim gjith\u00eb ndihmes\u00ebn tone, p\u00ebr traditat tona komb\u00ebtare shqiptare.<\/p>\n<p>7.K\u00ebrkesa ime e fundit, por jo nga rend\u00ebsia e saj, \u00ebsht\u00eb: \u00c7far\u00eb mund t\u00eb na thuash p\u00ebr jet\u00ebn t\u00ebnde, si vetjake dhe familjare?<\/p>\n<p>-U tregova n\u00eb fillim t\u00eb bised\u00ebs son\u00eb, q\u00eb jam m\u00ebsuese n\u00eb nj\u00eb shkoll\u00eb, n\u00eb af\u00ebrsi t\u00eb qytetit Ulqin. Jam n\u00ebn\u00eb e dy f\u00ebmij\u00ebve, Arban\u00ebs (shtat\u00eb vjet e gjys\u00ebm) dhe Albanit (20 muajsh). Pas orarit t\u00eb pun\u00ebs, m\u00eb pelqen t\u2019i p\u00ebrkushtohem familjes sime. Gjithmon\u00eb kam menduar, se nj\u00eb fem\u00ebr nuk mund t\u00eb jet\u00eb e suksesshme, n\u00ebse nuk ka n\u00eb krah nj\u00eb bashk\u00ebshort, q\u00eb e p\u00ebrkrah\u00eb vazhdimisht. Pra, nj\u00eb pjes\u00eb t\u00eb arritjeve t\u00eb mia modeste, ia kushtoj edhe bashk\u00ebshortit tim, Besimit. Shpresoj q\u00eb femij\u00ebt tan\u00eb, kur t\u00eb rriten, do t\u00eb marrin m\u00eb t\u00eb mirat, nga prind\u00ebrit e tyre.<\/p>\n<p>Ju faleminderit p\u00ebr ftes\u00ebn tuaj dhe ishte k\u00ebnaq\u00ebsi, q\u00eb pata privilegjin ta b\u00ebjm\u00eb k\u00ebt\u00eb bised\u00eb s\u00ebbashku!<\/p>\n<p>Tiran\u00eb-Ulqin, 30 maj 2016<\/p>\n<p>Botasot.info<\/p>\n<p><strong>\u00a0<\/strong><\/p>\n","protected":false},"excerpt":{"rendered":"<p>Bised\u00eb me Luljeta Avdiu-Cura, kryetare e Shoqat\u00ebs \u201cLabeat\u00ebt\u201d dhe e Shoq\u00ebris\u00eb Kulturore-Artistike \u201cAna e Malit\u201d Ulqin Nga: Prof.Murat Gecaj publicist e studiues \u201cShpirtin e kam p\u00ebrrher\u00eb te k\u00ebto veprimtari dhe aty gjej k\u00ebnaq\u00ebsi\u2026\u201d 1.Shprehi k\u00ebnaq\u00ebsin\u00eb p\u00ebr k\u00ebt\u00eb bised\u00eb edhe nga fakti se ti, Luljeta, jeton n\u00eb Ulqin, qytet q\u00eb un\u00eb e kam vizituar dy her\u00eb [&hellip;]<\/p>\n","protected":false},"author":1,"featured_media":0,"comment_status":"closed","ping_status":"closed","sticky":false,"template":"","format":"standard","meta":{"spay_email":"","jetpack_publicize_message":"","jetpack_is_tweetstorm":false,"jetpack_publicize_feature_enabled":true},"categories":[5],"tags":[],"jetpack_publicize_connections":[],"yoast_head":"<!-- This site is optimized with the Yoast SEO plugin v19.1 - https:\/\/yoast.com\/wordpress\/plugins\/seo\/ -->\n<title>Flet Luljeta Avdiu-Cura, nj\u00eb shpirt plot me art e kultur\u00eb - Lajme nga Ulqini<\/title>\n<meta name=\"description\" content=\"Bised\u00eb me Luljeta Avdiu-Cura, kryetare e Shoqat\u00ebs \u201cLabeat\u00ebt\u201d dhe e Shoq\u00ebris\u00eb Kulturore-Artistike \u201cAna e Malit\u201d Ulqin Nga: Prof.Murat Gecaj publicist e\" \/>\n<meta name=\"robots\" content=\"index, follow, max-snippet:-1, max-image-preview:large, max-video-preview:-1\" \/>\n<link rel=\"canonical\" href=\"https:\/\/www.visit-ulcinj.com\/blog\/2016\/05\/31\/flet-luljeta-avdiu-cura-nje-shpirt-plot-art-e-kulture\/\" \/>\n<meta property=\"og:locale\" content=\"en_US\" \/>\n<meta property=\"og:type\" content=\"article\" \/>\n<meta property=\"og:title\" content=\"Flet Luljeta Avdiu-Cura, nj\u00eb shpirt plot me art e kultur\u00eb - Lajme nga Ulqini\" \/>\n<meta property=\"og:description\" content=\"Bised\u00eb me Luljeta Avdiu-Cura, kryetare e Shoqat\u00ebs \u201cLabeat\u00ebt\u201d dhe e Shoq\u00ebris\u00eb Kulturore-Artistike \u201cAna e Malit\u201d Ulqin Nga: Prof.Murat Gecaj publicist e\" \/>\n<meta property=\"og:url\" content=\"https:\/\/www.visit-ulcinj.com\/blog\/2016\/05\/31\/flet-luljeta-avdiu-cura-nje-shpirt-plot-art-e-kulture\/\" \/>\n<meta property=\"og:site_name\" content=\"Lajme nga Ulqini\" \/>\n<meta property=\"article:published_time\" content=\"2016-05-31T12:11:15+00:00\" \/>\n<meta property=\"article:modified_time\" content=\"2016-05-31T13:39:45+00:00\" \/>\n<meta property=\"og:image\" content=\"http:\/\/www.visit-ulcinj.com\/blog\/wp-content\/uploads\/2016\/05\/Luljeta-Avdiu-Cura.jpg\" \/>\n<meta name=\"twitter:label1\" content=\"Written by\" \/>\n\t<meta name=\"twitter:data1\" content=\"ulqini\" \/>\n\t<meta name=\"twitter:label2\" content=\"Est. reading time\" \/>\n\t<meta name=\"twitter:data2\" content=\"6 minutes\" \/>\n<script type=\"application\/ld+json\" class=\"yoast-schema-graph\">{\"@context\":\"https:\/\/schema.org\",\"@graph\":[{\"@type\":\"WebSite\",\"@id\":\"https:\/\/www.visit-ulcinj.com\/blog\/#website\",\"url\":\"https:\/\/www.visit-ulcinj.com\/blog\/\",\"name\":\"Lajme nga Ulqini\",\"description\":\"Lajme,Vijesti,Ulqini,Ulqin,Crna Gora,Mali i Zi\",\"potentialAction\":[{\"@type\":\"SearchAction\",\"target\":{\"@type\":\"EntryPoint\",\"urlTemplate\":\"https:\/\/www.visit-ulcinj.com\/blog\/?s={search_term_string}\"},\"query-input\":\"required name=search_term_string\"}],\"inLanguage\":\"en-US\"},{\"@type\":\"ImageObject\",\"inLanguage\":\"en-US\",\"@id\":\"https:\/\/www.visit-ulcinj.com\/blog\/2016\/05\/31\/flet-luljeta-avdiu-cura-nje-shpirt-plot-art-e-kulture\/#primaryimage\",\"url\":\"https:\/\/www.visit-ulcinj.com\/blog\/wp-content\/uploads\/2016\/05\/Luljeta-Avdiu-Cura.jpg\",\"contentUrl\":\"https:\/\/www.visit-ulcinj.com\/blog\/wp-content\/uploads\/2016\/05\/Luljeta-Avdiu-Cura.jpg\",\"width\":645,\"height\":896},{\"@type\":\"WebPage\",\"@id\":\"https:\/\/www.visit-ulcinj.com\/blog\/2016\/05\/31\/flet-luljeta-avdiu-cura-nje-shpirt-plot-art-e-kulture\/#webpage\",\"url\":\"https:\/\/www.visit-ulcinj.com\/blog\/2016\/05\/31\/flet-luljeta-avdiu-cura-nje-shpirt-plot-art-e-kulture\/\",\"name\":\"Flet Luljeta Avdiu-Cura, nj\u00eb shpirt plot me art e kultur\u00eb - Lajme nga Ulqini\",\"isPartOf\":{\"@id\":\"https:\/\/www.visit-ulcinj.com\/blog\/#website\"},\"primaryImageOfPage\":{\"@id\":\"https:\/\/www.visit-ulcinj.com\/blog\/2016\/05\/31\/flet-luljeta-avdiu-cura-nje-shpirt-plot-art-e-kulture\/#primaryimage\"},\"datePublished\":\"2016-05-31T12:11:15+00:00\",\"dateModified\":\"2016-05-31T13:39:45+00:00\",\"author\":{\"@id\":\"https:\/\/www.visit-ulcinj.com\/blog\/#\/schema\/person\/dcab619c614d3038751c63bc2aadc06d\"},\"description\":\"Bised\u00eb me Luljeta Avdiu-Cura, kryetare e Shoqat\u00ebs \u201cLabeat\u00ebt\u201d dhe e Shoq\u00ebris\u00eb Kulturore-Artistike \u201cAna e Malit\u201d Ulqin Nga: Prof.Murat Gecaj publicist e\",\"breadcrumb\":{\"@id\":\"https:\/\/www.visit-ulcinj.com\/blog\/2016\/05\/31\/flet-luljeta-avdiu-cura-nje-shpirt-plot-art-e-kulture\/#breadcrumb\"},\"inLanguage\":\"en-US\",\"potentialAction\":[{\"@type\":\"ReadAction\",\"target\":[\"https:\/\/www.visit-ulcinj.com\/blog\/2016\/05\/31\/flet-luljeta-avdiu-cura-nje-shpirt-plot-art-e-kulture\/\"]}]},{\"@type\":\"BreadcrumbList\",\"@id\":\"https:\/\/www.visit-ulcinj.com\/blog\/2016\/05\/31\/flet-luljeta-avdiu-cura-nje-shpirt-plot-art-e-kulture\/#breadcrumb\",\"itemListElement\":[{\"@type\":\"ListItem\",\"position\":1,\"name\":\"Flet Luljeta Avdiu-Cura, nj\u00eb shpirt plot me art e kultur\u00eb\"}]},{\"@type\":\"Person\",\"@id\":\"https:\/\/www.visit-ulcinj.com\/blog\/#\/schema\/person\/dcab619c614d3038751c63bc2aadc06d\",\"name\":\"ulqini\",\"sameAs\":[\"http:\/\/www.visit-ulcinj.com\"],\"url\":\"https:\/\/www.visit-ulcinj.com\/blog\/author\/admin\/\"}]}<\/script>\n<!-- \/ Yoast SEO plugin. -->","yoast_head_json":{"title":"Flet Luljeta Avdiu-Cura, nj\u00eb shpirt plot me art e kultur\u00eb - Lajme nga Ulqini","description":"Bised\u00eb me Luljeta Avdiu-Cura, kryetare e Shoqat\u00ebs \u201cLabeat\u00ebt\u201d dhe e Shoq\u00ebris\u00eb Kulturore-Artistike \u201cAna e Malit\u201d Ulqin Nga: Prof.Murat Gecaj publicist e","robots":{"index":"index","follow":"follow","max-snippet":"max-snippet:-1","max-image-preview":"max-image-preview:large","max-video-preview":"max-video-preview:-1"},"canonical":"https:\/\/www.visit-ulcinj.com\/blog\/2016\/05\/31\/flet-luljeta-avdiu-cura-nje-shpirt-plot-art-e-kulture\/","og_locale":"en_US","og_type":"article","og_title":"Flet Luljeta Avdiu-Cura, nj\u00eb shpirt plot me art e kultur\u00eb - Lajme nga Ulqini","og_description":"Bised\u00eb me Luljeta Avdiu-Cura, kryetare e Shoqat\u00ebs \u201cLabeat\u00ebt\u201d dhe e Shoq\u00ebris\u00eb Kulturore-Artistike \u201cAna e Malit\u201d Ulqin Nga: Prof.Murat Gecaj publicist e","og_url":"https:\/\/www.visit-ulcinj.com\/blog\/2016\/05\/31\/flet-luljeta-avdiu-cura-nje-shpirt-plot-art-e-kulture\/","og_site_name":"Lajme nga Ulqini","article_published_time":"2016-05-31T12:11:15+00:00","article_modified_time":"2016-05-31T13:39:45+00:00","og_image":[{"url":"http:\/\/www.visit-ulcinj.com\/blog\/wp-content\/uploads\/2016\/05\/Luljeta-Avdiu-Cura.jpg"}],"twitter_misc":{"Written by":"ulqini","Est. reading time":"6 minutes"},"schema":{"@context":"https:\/\/schema.org","@graph":[{"@type":"WebSite","@id":"https:\/\/www.visit-ulcinj.com\/blog\/#website","url":"https:\/\/www.visit-ulcinj.com\/blog\/","name":"Lajme nga Ulqini","description":"Lajme,Vijesti,Ulqini,Ulqin,Crna Gora,Mali i Zi","potentialAction":[{"@type":"SearchAction","target":{"@type":"EntryPoint","urlTemplate":"https:\/\/www.visit-ulcinj.com\/blog\/?s={search_term_string}"},"query-input":"required name=search_term_string"}],"inLanguage":"en-US"},{"@type":"ImageObject","inLanguage":"en-US","@id":"https:\/\/www.visit-ulcinj.com\/blog\/2016\/05\/31\/flet-luljeta-avdiu-cura-nje-shpirt-plot-art-e-kulture\/#primaryimage","url":"https:\/\/www.visit-ulcinj.com\/blog\/wp-content\/uploads\/2016\/05\/Luljeta-Avdiu-Cura.jpg","contentUrl":"https:\/\/www.visit-ulcinj.com\/blog\/wp-content\/uploads\/2016\/05\/Luljeta-Avdiu-Cura.jpg","width":645,"height":896},{"@type":"WebPage","@id":"https:\/\/www.visit-ulcinj.com\/blog\/2016\/05\/31\/flet-luljeta-avdiu-cura-nje-shpirt-plot-art-e-kulture\/#webpage","url":"https:\/\/www.visit-ulcinj.com\/blog\/2016\/05\/31\/flet-luljeta-avdiu-cura-nje-shpirt-plot-art-e-kulture\/","name":"Flet Luljeta Avdiu-Cura, nj\u00eb shpirt plot me art e kultur\u00eb - Lajme nga Ulqini","isPartOf":{"@id":"https:\/\/www.visit-ulcinj.com\/blog\/#website"},"primaryImageOfPage":{"@id":"https:\/\/www.visit-ulcinj.com\/blog\/2016\/05\/31\/flet-luljeta-avdiu-cura-nje-shpirt-plot-art-e-kulture\/#primaryimage"},"datePublished":"2016-05-31T12:11:15+00:00","dateModified":"2016-05-31T13:39:45+00:00","author":{"@id":"https:\/\/www.visit-ulcinj.com\/blog\/#\/schema\/person\/dcab619c614d3038751c63bc2aadc06d"},"description":"Bised\u00eb me Luljeta Avdiu-Cura, kryetare e Shoqat\u00ebs \u201cLabeat\u00ebt\u201d dhe e Shoq\u00ebris\u00eb Kulturore-Artistike \u201cAna e Malit\u201d Ulqin Nga: Prof.Murat Gecaj publicist e","breadcrumb":{"@id":"https:\/\/www.visit-ulcinj.com\/blog\/2016\/05\/31\/flet-luljeta-avdiu-cura-nje-shpirt-plot-art-e-kulture\/#breadcrumb"},"inLanguage":"en-US","potentialAction":[{"@type":"ReadAction","target":["https:\/\/www.visit-ulcinj.com\/blog\/2016\/05\/31\/flet-luljeta-avdiu-cura-nje-shpirt-plot-art-e-kulture\/"]}]},{"@type":"BreadcrumbList","@id":"https:\/\/www.visit-ulcinj.com\/blog\/2016\/05\/31\/flet-luljeta-avdiu-cura-nje-shpirt-plot-art-e-kulture\/#breadcrumb","itemListElement":[{"@type":"ListItem","position":1,"name":"Flet Luljeta Avdiu-Cura, nj\u00eb shpirt plot me art e kultur\u00eb"}]},{"@type":"Person","@id":"https:\/\/www.visit-ulcinj.com\/blog\/#\/schema\/person\/dcab619c614d3038751c63bc2aadc06d","name":"ulqini","sameAs":["http:\/\/www.visit-ulcinj.com"],"url":"https:\/\/www.visit-ulcinj.com\/blog\/author\/admin\/"}]}},"jetpack_featured_media_url":"","jetpack_sharing_enabled":true,"jetpack_shortlink":"https:\/\/wp.me\/pe6lTn-piP","_links":{"self":[{"href":"https:\/\/www.visit-ulcinj.com\/blog\/wp-json\/wp\/v2\/posts\/97267"}],"collection":[{"href":"https:\/\/www.visit-ulcinj.com\/blog\/wp-json\/wp\/v2\/posts"}],"about":[{"href":"https:\/\/www.visit-ulcinj.com\/blog\/wp-json\/wp\/v2\/types\/post"}],"author":[{"embeddable":true,"href":"https:\/\/www.visit-ulcinj.com\/blog\/wp-json\/wp\/v2\/users\/1"}],"replies":[{"embeddable":true,"href":"https:\/\/www.visit-ulcinj.com\/blog\/wp-json\/wp\/v2\/comments?post=97267"}],"version-history":[{"count":2,"href":"https:\/\/www.visit-ulcinj.com\/blog\/wp-json\/wp\/v2\/posts\/97267\/revisions"}],"predecessor-version":[{"id":97272,"href":"https:\/\/www.visit-ulcinj.com\/blog\/wp-json\/wp\/v2\/posts\/97267\/revisions\/97272"}],"wp:attachment":[{"href":"https:\/\/www.visit-ulcinj.com\/blog\/wp-json\/wp\/v2\/media?parent=97267"}],"wp:term":[{"taxonomy":"category","embeddable":true,"href":"https:\/\/www.visit-ulcinj.com\/blog\/wp-json\/wp\/v2\/categories?post=97267"},{"taxonomy":"post_tag","embeddable":true,"href":"https:\/\/www.visit-ulcinj.com\/blog\/wp-json\/wp\/v2\/tags?post=97267"}],"curies":[{"name":"wp","href":"https:\/\/api.w.org\/{rel}","templated":true}]}}