{"id":97273,"date":"2016-05-31T14:43:31","date_gmt":"2016-05-31T13:43:31","guid":{"rendered":"http:\/\/www.visit-ulcinj.com\/blog\/?p=97273"},"modified":"2016-05-31T14:43:31","modified_gmt":"2016-05-31T13:43:31","slug":"mali-zi-dhe-shqiperia-krah-per-krah-ne-sfidat-rajonale-dhe-globale","status":"publish","type":"post","link":"https:\/\/www.visit-ulcinj.com\/blog\/2016\/05\/31\/mali-zi-dhe-shqiperia-krah-per-krah-ne-sfidat-rajonale-dhe-globale\/","title":{"rendered":"Mali i Zi dhe Shqip\u00ebria, krah p\u00ebr krah n\u00eb sfidat rajonale dhe globale"},"content":{"rendered":"<p><a href=\"http:\/\/www.visit-ulcinj.com\/blog\/wp-content\/uploads\/2016\/05\/Ilir-Meta-Milo-Gjukanovic-Tiran\u00eb.jpeg\"><img loading=\"lazy\" class=\"alignleft wp-image-97274\" src=\"http:\/\/www.visit-ulcinj.com\/blog\/wp-content\/uploads\/2016\/05\/Ilir-Meta-Milo-Gjukanovic-Tiran\u00eb.jpeg\" alt=\"Ilir-Meta-Milo-Gjukanovic-Tiran\u00eb\" width=\"508\" height=\"339\" srcset=\"https:\/\/www.visit-ulcinj.com\/blog\/wp-content\/uploads\/2016\/05\/Ilir-Meta-Milo-Gjukanovic-Tiran\u00eb.jpeg 960w, https:\/\/www.visit-ulcinj.com\/blog\/wp-content\/uploads\/2016\/05\/Ilir-Meta-Milo-Gjukanovic-Tiran\u00eb-300x200.jpeg 300w, https:\/\/www.visit-ulcinj.com\/blog\/wp-content\/uploads\/2016\/05\/Ilir-Meta-Milo-Gjukanovic-Tiran\u00eb-768x512.jpeg 768w\" sizes=\"(max-width: 508px) 100vw, 508px\" \/><\/a>N\u00eb kuad\u00ebr t\u00eb Sesionit Plenar t\u00eb Pranver\u00ebs t\u00eb Asambles\u00eb Parlamentare t\u00eb NATO-s q\u00eb po zhvillohet n\u00eb Tiran\u00eb, kryetari i Kuvendit t\u00eb Shqip\u00ebris\u00eb, Ilir Meta, priti sot kryeministrin e Malit t\u00eb Zi, Milo Gjukanovi\u00e7, njofton ATSH.<\/p>\n<p>Kryetari i kuvendit, Meta e fal\u00ebnderoi kryeministrin Gjukanovi\u00e7 p\u00ebr pjes\u00ebmarrjen n\u00eb Asamblen\u00eb Parlamentare t\u00eb NATO-s dhe duke e uruar p\u00ebr firmosjen s\u00eb fundmi t\u00eb protokollit t\u00eb an\u00ebtar\u00ebsimit mes Ministrave t\u00eb Jasht\u00ebm t\u00eb vendeve t\u00eb NATO-s dhe Malit t\u00eb Zi, e siguroi kryeministrin Gjukanovi\u00e7 se Kuvendi i Shqip\u00ebris\u00eb do t\u00eb jet\u00eb parlamenti i par\u00eb q\u00eb do t\u00eb ratifikoj\u00eb an\u00ebtar\u00ebsimin e Malit t\u00eb Zi n\u00eb Aleanc\u00ebn e Organizat\u00ebs s\u00eb Traktatit t\u00eb Atlantikut Verior.<\/p>\n<p>N\u00eb k\u00ebt\u00eb drejtim, Meta u shpreh se Shqip\u00ebria, e bindur p\u00ebr r\u00ebnd\u00ebsin\u00eb q\u00eb stabiliteti i Malit t\u00eb Zi ka p\u00ebr t\u00ebr\u00eb rajonin ton\u00eb, mb\u00ebshtet pa rezerva progresin e vendit fqinj drejt integrimit t\u00eb plot\u00eb euro-atlantik dhe vuri n\u00eb dukje se Shqip\u00ebria dhe Mali i Zi q\u00ebndrojn\u00eb krah p\u00ebr krah n\u00eb sfidat rajonale dhe globale me t\u00eb cilat po p\u00ebrballet Bashkimi Evropian dhe NATO.<\/p>\n<p>Kryeministri i Malit t\u00eb Zi, Milo Gjukanovi\u00e7 shprehu mir\u00ebnjohjen e thell\u00eb ndaj mb\u00ebshtetjes s\u00eb pakursyer dhe gjithnj\u00eb t\u00eb qart\u00eb t\u00eb Shqip\u00ebris\u00eb dhe vuri n\u00eb dukje se marr\u00ebdh\u00ebniet e ngushta mes dy vendeve fqinje jan\u00eb nj\u00eb model p\u00ebr t\u00eb gjith\u00eb rajonin.<\/p>\n<p>Gjat\u00eb takimit, Meta dhe Gjukanovi\u00e7 biseduan edhe mbi t\u00eb drejtat e pakic\u00ebs komb\u00ebtare shqiptare n\u00eb Mal t\u00eb Zi, duke ndar\u00eb bindjen e p\u00ebrbashk\u00ebt se t\u00eb drejtat e pakicave jan\u00eb nj\u00eb vler\u00eb e shtuar p\u00ebr \u00e7do vend t\u00eb rajonit, ashtu si n\u00eb t\u00eb gjith\u00eb vendet an\u00ebtare t\u00eb NATO-s.<\/p>\n<p>N\u00eb k\u00ebt\u00eb kuad\u00ebr, Kryetari i Kuvendit Meta dhe Kryeministri Gjukanovi\u00e7 u informuan prej Ambasadorit t\u00eb Malit t\u00eb Zi n\u00eb Shqip\u00ebri, Ferhat Dinosha mbi debatet e fundit rreth p\u00ebrdorimit t\u00eb disa p\u00ebrkufizimeve shqet\u00ebsuese n\u00eb fjalorin e gjuh\u00ebs malazeze nga ana e Akademis\u00eb s\u00eb Shkencave t\u00eb Malit t\u00eb Zi, ku u nda bindja e p\u00ebrbashk\u00ebt se terminologjit\u00eb e p\u00ebrdorura shkojn\u00eb ndesh me karakterin autokton t\u00eb shqiptar\u00ebve t\u00eb Malit t\u00eb Zi.<\/p>\n<p>N\u00eb p\u00ebrfundim, Meta dhe Gjukanovi\u00e7 biseduan edhe mbi zhvillimet e fundit n\u00eb rajon, duke v\u00ebn\u00eb n\u00eb dukje r\u00ebnd\u00ebsin\u00eb e stabilitetit politik dhe avancimit t\u00eb integrimit euro-atlantik t\u00eb t\u00eb gjith\u00eb vendeve t\u00eb rajonit.<\/p>\n<p>ATSH<\/p>\n","protected":false},"excerpt":{"rendered":"<p>N\u00eb kuad\u00ebr t\u00eb Sesionit Plenar t\u00eb Pranver\u00ebs t\u00eb Asambles\u00eb Parlamentare t\u00eb NATO-s q\u00eb po zhvillohet n\u00eb Tiran\u00eb, kryetari i Kuvendit t\u00eb Shqip\u00ebris\u00eb, Ilir Meta, priti sot kryeministrin e Malit t\u00eb Zi, Milo Gjukanovi\u00e7, njofton ATSH. Kryetari i kuvendit, Meta e fal\u00ebnderoi kryeministrin Gjukanovi\u00e7 p\u00ebr pjes\u00ebmarrjen n\u00eb Asamblen\u00eb Parlamentare t\u00eb NATO-s dhe duke e uruar p\u00ebr [&hellip;]<\/p>\n","protected":false},"author":1,"featured_media":0,"comment_status":"closed","ping_status":"closed","sticky":false,"template":"","format":"standard","meta":{"spay_email":"","jetpack_publicize_message":"","jetpack_is_tweetstorm":false,"jetpack_publicize_feature_enabled":true},"categories":[7],"tags":[],"jetpack_publicize_connections":[],"yoast_head":"<!-- This site is optimized with the Yoast SEO plugin v19.1 - https:\/\/yoast.com\/wordpress\/plugins\/seo\/ -->\n<title>Mali i Zi dhe Shqip\u00ebria, krah p\u00ebr krah n\u00eb sfidat rajonale dhe globale - Lajme nga Ulqini<\/title>\n<meta name=\"description\" content=\"N\u00eb kuad\u00ebr t\u00eb Sesionit Plenar t\u00eb Pranver\u00ebs t\u00eb Asambles\u00eb Parlamentare t\u00eb NATO-s q\u00eb po zhvillohet n\u00eb Tiran\u00eb, kryetari i Kuvendit t\u00eb Shqip\u00ebris\u00eb, Ilir Meta,\" \/>\n<meta name=\"robots\" content=\"index, follow, max-snippet:-1, max-image-preview:large, max-video-preview:-1\" \/>\n<link rel=\"canonical\" href=\"https:\/\/www.visit-ulcinj.com\/blog\/2016\/05\/31\/mali-zi-dhe-shqiperia-krah-per-krah-ne-sfidat-rajonale-dhe-globale\/\" \/>\n<meta property=\"og:locale\" content=\"en_US\" \/>\n<meta property=\"og:type\" content=\"article\" \/>\n<meta property=\"og:title\" content=\"Mali i Zi dhe Shqip\u00ebria, krah p\u00ebr krah n\u00eb sfidat rajonale dhe globale - Lajme nga Ulqini\" \/>\n<meta property=\"og:description\" content=\"N\u00eb kuad\u00ebr t\u00eb Sesionit Plenar t\u00eb Pranver\u00ebs t\u00eb Asambles\u00eb Parlamentare t\u00eb NATO-s q\u00eb po zhvillohet n\u00eb Tiran\u00eb, kryetari i Kuvendit t\u00eb Shqip\u00ebris\u00eb, Ilir Meta,\" \/>\n<meta property=\"og:url\" content=\"https:\/\/www.visit-ulcinj.com\/blog\/2016\/05\/31\/mali-zi-dhe-shqiperia-krah-per-krah-ne-sfidat-rajonale-dhe-globale\/\" \/>\n<meta property=\"og:site_name\" content=\"Lajme nga Ulqini\" \/>\n<meta property=\"article:published_time\" content=\"2016-05-31T13:43:31+00:00\" \/>\n<meta name=\"twitter:label1\" content=\"Written by\" \/>\n\t<meta name=\"twitter:data1\" content=\"ulqini\" \/>\n\t<meta name=\"twitter:label2\" content=\"Est. reading time\" \/>\n\t<meta name=\"twitter:data2\" content=\"2 minutes\" \/>\n<script type=\"application\/ld+json\" class=\"yoast-schema-graph\">{\"@context\":\"https:\/\/schema.org\",\"@graph\":[{\"@type\":\"WebSite\",\"@id\":\"https:\/\/www.visit-ulcinj.com\/blog\/#website\",\"url\":\"https:\/\/www.visit-ulcinj.com\/blog\/\",\"name\":\"Lajme nga Ulqini\",\"description\":\"Lajme,Vijesti,Ulqini,Ulqin,Crna Gora,Mali i Zi\",\"potentialAction\":[{\"@type\":\"SearchAction\",\"target\":{\"@type\":\"EntryPoint\",\"urlTemplate\":\"https:\/\/www.visit-ulcinj.com\/blog\/?s={search_term_string}\"},\"query-input\":\"required name=search_term_string\"}],\"inLanguage\":\"en-US\"},{\"@type\":\"WebPage\",\"@id\":\"https:\/\/www.visit-ulcinj.com\/blog\/2016\/05\/31\/mali-zi-dhe-shqiperia-krah-per-krah-ne-sfidat-rajonale-dhe-globale\/#webpage\",\"url\":\"https:\/\/www.visit-ulcinj.com\/blog\/2016\/05\/31\/mali-zi-dhe-shqiperia-krah-per-krah-ne-sfidat-rajonale-dhe-globale\/\",\"name\":\"Mali i Zi dhe Shqip\u00ebria, krah p\u00ebr krah n\u00eb sfidat rajonale dhe globale - Lajme nga Ulqini\",\"isPartOf\":{\"@id\":\"https:\/\/www.visit-ulcinj.com\/blog\/#website\"},\"datePublished\":\"2016-05-31T13:43:31+00:00\",\"dateModified\":\"2016-05-31T13:43:31+00:00\",\"author\":{\"@id\":\"https:\/\/www.visit-ulcinj.com\/blog\/#\/schema\/person\/dcab619c614d3038751c63bc2aadc06d\"},\"description\":\"N\u00eb kuad\u00ebr t\u00eb Sesionit Plenar t\u00eb Pranver\u00ebs t\u00eb Asambles\u00eb Parlamentare t\u00eb NATO-s q\u00eb po zhvillohet n\u00eb Tiran\u00eb, kryetari i Kuvendit t\u00eb Shqip\u00ebris\u00eb, Ilir Meta,\",\"breadcrumb\":{\"@id\":\"https:\/\/www.visit-ulcinj.com\/blog\/2016\/05\/31\/mali-zi-dhe-shqiperia-krah-per-krah-ne-sfidat-rajonale-dhe-globale\/#breadcrumb\"},\"inLanguage\":\"en-US\",\"potentialAction\":[{\"@type\":\"ReadAction\",\"target\":[\"https:\/\/www.visit-ulcinj.com\/blog\/2016\/05\/31\/mali-zi-dhe-shqiperia-krah-per-krah-ne-sfidat-rajonale-dhe-globale\/\"]}]},{\"@type\":\"BreadcrumbList\",\"@id\":\"https:\/\/www.visit-ulcinj.com\/blog\/2016\/05\/31\/mali-zi-dhe-shqiperia-krah-per-krah-ne-sfidat-rajonale-dhe-globale\/#breadcrumb\",\"itemListElement\":[{\"@type\":\"ListItem\",\"position\":1,\"name\":\"Mali i Zi dhe Shqip\u00ebria, krah p\u00ebr krah n\u00eb sfidat rajonale dhe globale\"}]},{\"@type\":\"Person\",\"@id\":\"https:\/\/www.visit-ulcinj.com\/blog\/#\/schema\/person\/dcab619c614d3038751c63bc2aadc06d\",\"name\":\"ulqini\",\"sameAs\":[\"http:\/\/www.visit-ulcinj.com\"],\"url\":\"https:\/\/www.visit-ulcinj.com\/blog\/author\/admin\/\"}]}<\/script>\n<!-- \/ Yoast SEO plugin. -->","yoast_head_json":{"title":"Mali i Zi dhe Shqip\u00ebria, krah p\u00ebr krah n\u00eb sfidat rajonale dhe globale - Lajme nga Ulqini","description":"N\u00eb kuad\u00ebr t\u00eb Sesionit Plenar t\u00eb Pranver\u00ebs t\u00eb Asambles\u00eb Parlamentare t\u00eb NATO-s q\u00eb po zhvillohet n\u00eb Tiran\u00eb, kryetari i Kuvendit t\u00eb Shqip\u00ebris\u00eb, Ilir Meta,","robots":{"index":"index","follow":"follow","max-snippet":"max-snippet:-1","max-image-preview":"max-image-preview:large","max-video-preview":"max-video-preview:-1"},"canonical":"https:\/\/www.visit-ulcinj.com\/blog\/2016\/05\/31\/mali-zi-dhe-shqiperia-krah-per-krah-ne-sfidat-rajonale-dhe-globale\/","og_locale":"en_US","og_type":"article","og_title":"Mali i Zi dhe Shqip\u00ebria, krah p\u00ebr krah n\u00eb sfidat rajonale dhe globale - Lajme nga Ulqini","og_description":"N\u00eb kuad\u00ebr t\u00eb Sesionit Plenar t\u00eb Pranver\u00ebs t\u00eb Asambles\u00eb Parlamentare t\u00eb NATO-s q\u00eb po zhvillohet n\u00eb Tiran\u00eb, kryetari i Kuvendit t\u00eb Shqip\u00ebris\u00eb, Ilir Meta,","og_url":"https:\/\/www.visit-ulcinj.com\/blog\/2016\/05\/31\/mali-zi-dhe-shqiperia-krah-per-krah-ne-sfidat-rajonale-dhe-globale\/","og_site_name":"Lajme nga Ulqini","article_published_time":"2016-05-31T13:43:31+00:00","twitter_misc":{"Written by":"ulqini","Est. reading time":"2 minutes"},"schema":{"@context":"https:\/\/schema.org","@graph":[{"@type":"WebSite","@id":"https:\/\/www.visit-ulcinj.com\/blog\/#website","url":"https:\/\/www.visit-ulcinj.com\/blog\/","name":"Lajme nga Ulqini","description":"Lajme,Vijesti,Ulqini,Ulqin,Crna Gora,Mali i Zi","potentialAction":[{"@type":"SearchAction","target":{"@type":"EntryPoint","urlTemplate":"https:\/\/www.visit-ulcinj.com\/blog\/?s={search_term_string}"},"query-input":"required name=search_term_string"}],"inLanguage":"en-US"},{"@type":"WebPage","@id":"https:\/\/www.visit-ulcinj.com\/blog\/2016\/05\/31\/mali-zi-dhe-shqiperia-krah-per-krah-ne-sfidat-rajonale-dhe-globale\/#webpage","url":"https:\/\/www.visit-ulcinj.com\/blog\/2016\/05\/31\/mali-zi-dhe-shqiperia-krah-per-krah-ne-sfidat-rajonale-dhe-globale\/","name":"Mali i Zi dhe Shqip\u00ebria, krah p\u00ebr krah n\u00eb sfidat rajonale dhe globale - Lajme nga Ulqini","isPartOf":{"@id":"https:\/\/www.visit-ulcinj.com\/blog\/#website"},"datePublished":"2016-05-31T13:43:31+00:00","dateModified":"2016-05-31T13:43:31+00:00","author":{"@id":"https:\/\/www.visit-ulcinj.com\/blog\/#\/schema\/person\/dcab619c614d3038751c63bc2aadc06d"},"description":"N\u00eb kuad\u00ebr t\u00eb Sesionit Plenar t\u00eb Pranver\u00ebs t\u00eb Asambles\u00eb Parlamentare t\u00eb NATO-s q\u00eb po zhvillohet n\u00eb Tiran\u00eb, kryetari i Kuvendit t\u00eb Shqip\u00ebris\u00eb, Ilir Meta,","breadcrumb":{"@id":"https:\/\/www.visit-ulcinj.com\/blog\/2016\/05\/31\/mali-zi-dhe-shqiperia-krah-per-krah-ne-sfidat-rajonale-dhe-globale\/#breadcrumb"},"inLanguage":"en-US","potentialAction":[{"@type":"ReadAction","target":["https:\/\/www.visit-ulcinj.com\/blog\/2016\/05\/31\/mali-zi-dhe-shqiperia-krah-per-krah-ne-sfidat-rajonale-dhe-globale\/"]}]},{"@type":"BreadcrumbList","@id":"https:\/\/www.visit-ulcinj.com\/blog\/2016\/05\/31\/mali-zi-dhe-shqiperia-krah-per-krah-ne-sfidat-rajonale-dhe-globale\/#breadcrumb","itemListElement":[{"@type":"ListItem","position":1,"name":"Mali i Zi dhe Shqip\u00ebria, krah p\u00ebr krah n\u00eb sfidat rajonale dhe globale"}]},{"@type":"Person","@id":"https:\/\/www.visit-ulcinj.com\/blog\/#\/schema\/person\/dcab619c614d3038751c63bc2aadc06d","name":"ulqini","sameAs":["http:\/\/www.visit-ulcinj.com"],"url":"https:\/\/www.visit-ulcinj.com\/blog\/author\/admin\/"}]}},"jetpack_featured_media_url":"","jetpack_sharing_enabled":true,"jetpack_shortlink":"https:\/\/wp.me\/pe6lTn-piV","_links":{"self":[{"href":"https:\/\/www.visit-ulcinj.com\/blog\/wp-json\/wp\/v2\/posts\/97273"}],"collection":[{"href":"https:\/\/www.visit-ulcinj.com\/blog\/wp-json\/wp\/v2\/posts"}],"about":[{"href":"https:\/\/www.visit-ulcinj.com\/blog\/wp-json\/wp\/v2\/types\/post"}],"author":[{"embeddable":true,"href":"https:\/\/www.visit-ulcinj.com\/blog\/wp-json\/wp\/v2\/users\/1"}],"replies":[{"embeddable":true,"href":"https:\/\/www.visit-ulcinj.com\/blog\/wp-json\/wp\/v2\/comments?post=97273"}],"version-history":[{"count":1,"href":"https:\/\/www.visit-ulcinj.com\/blog\/wp-json\/wp\/v2\/posts\/97273\/revisions"}],"predecessor-version":[{"id":97275,"href":"https:\/\/www.visit-ulcinj.com\/blog\/wp-json\/wp\/v2\/posts\/97273\/revisions\/97275"}],"wp:attachment":[{"href":"https:\/\/www.visit-ulcinj.com\/blog\/wp-json\/wp\/v2\/media?parent=97273"}],"wp:term":[{"taxonomy":"category","embeddable":true,"href":"https:\/\/www.visit-ulcinj.com\/blog\/wp-json\/wp\/v2\/categories?post=97273"},{"taxonomy":"post_tag","embeddable":true,"href":"https:\/\/www.visit-ulcinj.com\/blog\/wp-json\/wp\/v2\/tags?post=97273"}],"curies":[{"name":"wp","href":"https:\/\/api.w.org\/{rel}","templated":true}]}}