{"id":97279,"date":"2016-05-31T14:59:57","date_gmt":"2016-05-31T13:59:57","guid":{"rendered":"http:\/\/www.visit-ulcinj.com\/blog\/?p=97279"},"modified":"2016-05-31T14:59:57","modified_gmt":"2016-05-31T13:59:57","slug":"deljosaj-ako-je-greska-povucite-rijecnik-pisao-canu","status":"publish","type":"post","link":"https:\/\/www.visit-ulcinj.com\/blog\/2016\/05\/31\/deljosaj-ako-je-greska-povucite-rijecnik-pisao-canu\/","title":{"rendered":"\u0110eljo\u0161aj: Ako je gre\u0161ka, povucite &#8220;Rije\u010dnik&#8221; pisao CANU"},"content":{"rendered":"<p><strong><a href=\"http:\/\/www.visit-ulcinj.com\/blog\/wp-content\/uploads\/2015\/01\/Nik-Gjeloshaj.jpg\"><img loading=\"lazy\" class=\"alignleft wp-image-88096\" src=\"http:\/\/www.visit-ulcinj.com\/blog\/wp-content\/uploads\/2015\/01\/Nik-Gjeloshaj.jpg\" alt=\"Nik-Gjeloshaj\" width=\"508\" height=\"339\" srcset=\"https:\/\/www.visit-ulcinj.com\/blog\/wp-content\/uploads\/2015\/01\/Nik-Gjeloshaj.jpg 960w, https:\/\/www.visit-ulcinj.com\/blog\/wp-content\/uploads\/2015\/01\/Nik-Gjeloshaj-300x200.jpg 300w\" sizes=\"(max-width: 508px) 100vw, 508px\" \/><\/a>Ukoliko ste bili iskreni u saop\u0161tenju autorskog tima, koji su diplomatskim rje\u010dnikom priznali gre\u0161ku i najavili vi\u0161e senzibiliteta ubudu\u0107e, imate lak posao, ako je gre\u0161ka, povucite &#8220;Rije\u010dnik&#8221; i ispravite gre\u0161ku, poru\u010dio je poslanik Albanske alternative, Nik \u0110eljo\u0161aj, predsjedni\u0161tvu CANU-a.<\/strong><\/p>\n<p>&nbsp;<\/p>\n<p>\u0110eljo\u0161aj je u kratkom otvorenom pismu predsjedni\u0161tvu CANU-a, poru\u010dio da je autorski tim Rje\u010dnika uvrijedio Albance po cijelom svijetu.<\/p>\n<p>&#8220;U saznanju da ve\u010deras imate sjednicu predsjedni\u0161tva CANU i autorskog tima &#8216;rije\u010dnika&#8217; koji je uvrijedio mene li\u010dno, moj sunarodnike u Crnoj Gori, uvrijedili ste Albance bilo gdje da \u017eive u svojim autohtonim sredinama i po cijelom svijetu&#8221;, kazao je\u00a0\u0110eljo\u0161aj.<\/p>\n<p>\u0110eljo\u0161aj smatra da se problem oko Rje\u010dnika mo\u017ee lako rije\u0161iti.<\/p>\n<p>&#8220;Veoma lako Vam je da zatvorite ovo poglavlje, ukoliko ste bili iskreni u saop\u0161tenju autorskog tima, koji su diplomatskim rije\u010dnikom priznali gre\u0161ku i najavili vi\u0161e senzibiliteta ubudu\u0107e, imate lak posao, ako je gre\u0161ka, povucite &#8216;rije\u010dnik&#8217; i ispravite gre\u0161ku. Ako nije gre\u0161ka, nego namjera da nas uvrijedite, brzo \u0107emo saznati, ukoliko ne povu\u010dete &#8216;rije\u010dnik'&#8221;, rekao je \u0110eljo\u0161aj i dodaje:<\/p>\n<p>&#8220;Naravno, u ovom slu\u010daju ima\u0107ete na\u0161 odgovor, na demokratski, kulturni i civilizacijski na\u010din, kako dolikuje najstarijem narodu na ovim prostorima.&#8221;<\/p>\n","protected":false},"excerpt":{"rendered":"<p>Ukoliko ste bili iskreni u saop\u0161tenju autorskog tima, koji su diplomatskim rje\u010dnikom priznali gre\u0161ku i najavili vi\u0161e senzibiliteta ubudu\u0107e, imate lak posao, ako je gre\u0161ka, povucite &#8220;Rije\u010dnik&#8221; i ispravite gre\u0161ku, poru\u010dio je poslanik Albanske alternative, Nik \u0110eljo\u0161aj, predsjedni\u0161tvu CANU-a. &nbsp; \u0110eljo\u0161aj je u kratkom otvorenom pismu predsjedni\u0161tvu CANU-a, poru\u010dio da je autorski tim Rje\u010dnika uvrijedio [&hellip;]<\/p>\n","protected":false},"author":1,"featured_media":0,"comment_status":"closed","ping_status":"closed","sticky":false,"template":"","format":"standard","meta":{"spay_email":"","jetpack_publicize_message":"","jetpack_is_tweetstorm":false,"jetpack_publicize_feature_enabled":true},"categories":[8337],"tags":[],"jetpack_publicize_connections":[],"yoast_head":"<!-- This site is optimized with the Yoast SEO plugin v19.1 - https:\/\/yoast.com\/wordpress\/plugins\/seo\/ -->\n<title>\u0110eljo\u0161aj: Ako je gre\u0161ka, povucite &quot;Rije\u010dnik&quot; pisao CANU - Lajme nga Ulqini<\/title>\n<meta name=\"description\" content=\"Ukoliko ste bili iskreni u saop\u0161tenju autorskog tima, koji su diplomatskim rje\u010dnikom priznali gre\u0161ku i najavili vi\u0161e senzibiliteta ubudu\u0107e, imate lak\" \/>\n<meta name=\"robots\" content=\"index, follow, max-snippet:-1, max-image-preview:large, max-video-preview:-1\" \/>\n<link rel=\"canonical\" href=\"https:\/\/www.visit-ulcinj.com\/blog\/2016\/05\/31\/deljosaj-ako-je-greska-povucite-rijecnik-pisao-canu\/\" \/>\n<meta property=\"og:locale\" content=\"en_US\" \/>\n<meta property=\"og:type\" content=\"article\" \/>\n<meta property=\"og:title\" content=\"\u0110eljo\u0161aj: Ako je gre\u0161ka, povucite &quot;Rije\u010dnik&quot; pisao CANU - Lajme nga Ulqini\" \/>\n<meta property=\"og:description\" content=\"Ukoliko ste bili iskreni u saop\u0161tenju autorskog tima, koji su diplomatskim rje\u010dnikom priznali gre\u0161ku i najavili vi\u0161e senzibiliteta ubudu\u0107e, imate lak\" \/>\n<meta property=\"og:url\" content=\"https:\/\/www.visit-ulcinj.com\/blog\/2016\/05\/31\/deljosaj-ako-je-greska-povucite-rijecnik-pisao-canu\/\" \/>\n<meta property=\"og:site_name\" content=\"Lajme nga Ulqini\" \/>\n<meta property=\"article:published_time\" content=\"2016-05-31T13:59:57+00:00\" \/>\n<meta property=\"og:image\" content=\"http:\/\/www.visit-ulcinj.com\/blog\/wp-content\/uploads\/2015\/01\/Nik-Gjeloshaj.jpg\" \/>\n<meta name=\"twitter:label1\" content=\"Written by\" \/>\n\t<meta name=\"twitter:data1\" content=\"ulqini\" \/>\n\t<meta name=\"twitter:label2\" content=\"Est. reading time\" \/>\n\t<meta name=\"twitter:data2\" content=\"1 minute\" \/>\n<script type=\"application\/ld+json\" class=\"yoast-schema-graph\">{\"@context\":\"https:\/\/schema.org\",\"@graph\":[{\"@type\":\"WebSite\",\"@id\":\"https:\/\/www.visit-ulcinj.com\/blog\/#website\",\"url\":\"https:\/\/www.visit-ulcinj.com\/blog\/\",\"name\":\"Lajme nga Ulqini\",\"description\":\"Lajme,Vijesti,Ulqini,Ulqin,Crna Gora,Mali i Zi\",\"potentialAction\":[{\"@type\":\"SearchAction\",\"target\":{\"@type\":\"EntryPoint\",\"urlTemplate\":\"https:\/\/www.visit-ulcinj.com\/blog\/?s={search_term_string}\"},\"query-input\":\"required name=search_term_string\"}],\"inLanguage\":\"en-US\"},{\"@type\":\"ImageObject\",\"inLanguage\":\"en-US\",\"@id\":\"https:\/\/www.visit-ulcinj.com\/blog\/2016\/05\/31\/deljosaj-ako-je-greska-povucite-rijecnik-pisao-canu\/#primaryimage\",\"url\":\"https:\/\/www.visit-ulcinj.com\/blog\/wp-content\/uploads\/2015\/01\/Nik-Gjeloshaj.jpg\",\"contentUrl\":\"https:\/\/www.visit-ulcinj.com\/blog\/wp-content\/uploads\/2015\/01\/Nik-Gjeloshaj.jpg\",\"width\":960,\"height\":640},{\"@type\":\"WebPage\",\"@id\":\"https:\/\/www.visit-ulcinj.com\/blog\/2016\/05\/31\/deljosaj-ako-je-greska-povucite-rijecnik-pisao-canu\/#webpage\",\"url\":\"https:\/\/www.visit-ulcinj.com\/blog\/2016\/05\/31\/deljosaj-ako-je-greska-povucite-rijecnik-pisao-canu\/\",\"name\":\"\u0110eljo\u0161aj: Ako je gre\u0161ka, povucite \\\"Rije\u010dnik\\\" pisao CANU - Lajme nga Ulqini\",\"isPartOf\":{\"@id\":\"https:\/\/www.visit-ulcinj.com\/blog\/#website\"},\"primaryImageOfPage\":{\"@id\":\"https:\/\/www.visit-ulcinj.com\/blog\/2016\/05\/31\/deljosaj-ako-je-greska-povucite-rijecnik-pisao-canu\/#primaryimage\"},\"datePublished\":\"2016-05-31T13:59:57+00:00\",\"dateModified\":\"2016-05-31T13:59:57+00:00\",\"author\":{\"@id\":\"https:\/\/www.visit-ulcinj.com\/blog\/#\/schema\/person\/dcab619c614d3038751c63bc2aadc06d\"},\"description\":\"Ukoliko ste bili iskreni u saop\u0161tenju autorskog tima, koji su diplomatskim rje\u010dnikom priznali gre\u0161ku i najavili vi\u0161e senzibiliteta ubudu\u0107e, imate lak\",\"breadcrumb\":{\"@id\":\"https:\/\/www.visit-ulcinj.com\/blog\/2016\/05\/31\/deljosaj-ako-je-greska-povucite-rijecnik-pisao-canu\/#breadcrumb\"},\"inLanguage\":\"en-US\",\"potentialAction\":[{\"@type\":\"ReadAction\",\"target\":[\"https:\/\/www.visit-ulcinj.com\/blog\/2016\/05\/31\/deljosaj-ako-je-greska-povucite-rijecnik-pisao-canu\/\"]}]},{\"@type\":\"BreadcrumbList\",\"@id\":\"https:\/\/www.visit-ulcinj.com\/blog\/2016\/05\/31\/deljosaj-ako-je-greska-povucite-rijecnik-pisao-canu\/#breadcrumb\",\"itemListElement\":[{\"@type\":\"ListItem\",\"position\":1,\"name\":\"\u0110eljo\u0161aj: Ako je gre\u0161ka, povucite &#8220;Rije\u010dnik&#8221; pisao CANU\"}]},{\"@type\":\"Person\",\"@id\":\"https:\/\/www.visit-ulcinj.com\/blog\/#\/schema\/person\/dcab619c614d3038751c63bc2aadc06d\",\"name\":\"ulqini\",\"sameAs\":[\"http:\/\/www.visit-ulcinj.com\"],\"url\":\"https:\/\/www.visit-ulcinj.com\/blog\/author\/admin\/\"}]}<\/script>\n<!-- \/ Yoast SEO plugin. -->","yoast_head_json":{"title":"\u0110eljo\u0161aj: Ako je gre\u0161ka, povucite \"Rije\u010dnik\" pisao CANU - Lajme nga Ulqini","description":"Ukoliko ste bili iskreni u saop\u0161tenju autorskog tima, koji su diplomatskim rje\u010dnikom priznali gre\u0161ku i najavili vi\u0161e senzibiliteta ubudu\u0107e, imate lak","robots":{"index":"index","follow":"follow","max-snippet":"max-snippet:-1","max-image-preview":"max-image-preview:large","max-video-preview":"max-video-preview:-1"},"canonical":"https:\/\/www.visit-ulcinj.com\/blog\/2016\/05\/31\/deljosaj-ako-je-greska-povucite-rijecnik-pisao-canu\/","og_locale":"en_US","og_type":"article","og_title":"\u0110eljo\u0161aj: Ako je gre\u0161ka, povucite \"Rije\u010dnik\" pisao CANU - Lajme nga Ulqini","og_description":"Ukoliko ste bili iskreni u saop\u0161tenju autorskog tima, koji su diplomatskim rje\u010dnikom priznali gre\u0161ku i najavili vi\u0161e senzibiliteta ubudu\u0107e, imate lak","og_url":"https:\/\/www.visit-ulcinj.com\/blog\/2016\/05\/31\/deljosaj-ako-je-greska-povucite-rijecnik-pisao-canu\/","og_site_name":"Lajme nga Ulqini","article_published_time":"2016-05-31T13:59:57+00:00","og_image":[{"url":"http:\/\/www.visit-ulcinj.com\/blog\/wp-content\/uploads\/2015\/01\/Nik-Gjeloshaj.jpg"}],"twitter_misc":{"Written by":"ulqini","Est. reading time":"1 minute"},"schema":{"@context":"https:\/\/schema.org","@graph":[{"@type":"WebSite","@id":"https:\/\/www.visit-ulcinj.com\/blog\/#website","url":"https:\/\/www.visit-ulcinj.com\/blog\/","name":"Lajme nga Ulqini","description":"Lajme,Vijesti,Ulqini,Ulqin,Crna Gora,Mali i Zi","potentialAction":[{"@type":"SearchAction","target":{"@type":"EntryPoint","urlTemplate":"https:\/\/www.visit-ulcinj.com\/blog\/?s={search_term_string}"},"query-input":"required name=search_term_string"}],"inLanguage":"en-US"},{"@type":"ImageObject","inLanguage":"en-US","@id":"https:\/\/www.visit-ulcinj.com\/blog\/2016\/05\/31\/deljosaj-ako-je-greska-povucite-rijecnik-pisao-canu\/#primaryimage","url":"https:\/\/www.visit-ulcinj.com\/blog\/wp-content\/uploads\/2015\/01\/Nik-Gjeloshaj.jpg","contentUrl":"https:\/\/www.visit-ulcinj.com\/blog\/wp-content\/uploads\/2015\/01\/Nik-Gjeloshaj.jpg","width":960,"height":640},{"@type":"WebPage","@id":"https:\/\/www.visit-ulcinj.com\/blog\/2016\/05\/31\/deljosaj-ako-je-greska-povucite-rijecnik-pisao-canu\/#webpage","url":"https:\/\/www.visit-ulcinj.com\/blog\/2016\/05\/31\/deljosaj-ako-je-greska-povucite-rijecnik-pisao-canu\/","name":"\u0110eljo\u0161aj: Ako je gre\u0161ka, povucite \"Rije\u010dnik\" pisao CANU - Lajme nga Ulqini","isPartOf":{"@id":"https:\/\/www.visit-ulcinj.com\/blog\/#website"},"primaryImageOfPage":{"@id":"https:\/\/www.visit-ulcinj.com\/blog\/2016\/05\/31\/deljosaj-ako-je-greska-povucite-rijecnik-pisao-canu\/#primaryimage"},"datePublished":"2016-05-31T13:59:57+00:00","dateModified":"2016-05-31T13:59:57+00:00","author":{"@id":"https:\/\/www.visit-ulcinj.com\/blog\/#\/schema\/person\/dcab619c614d3038751c63bc2aadc06d"},"description":"Ukoliko ste bili iskreni u saop\u0161tenju autorskog tima, koji su diplomatskim rje\u010dnikom priznali gre\u0161ku i najavili vi\u0161e senzibiliteta ubudu\u0107e, imate lak","breadcrumb":{"@id":"https:\/\/www.visit-ulcinj.com\/blog\/2016\/05\/31\/deljosaj-ako-je-greska-povucite-rijecnik-pisao-canu\/#breadcrumb"},"inLanguage":"en-US","potentialAction":[{"@type":"ReadAction","target":["https:\/\/www.visit-ulcinj.com\/blog\/2016\/05\/31\/deljosaj-ako-je-greska-povucite-rijecnik-pisao-canu\/"]}]},{"@type":"BreadcrumbList","@id":"https:\/\/www.visit-ulcinj.com\/blog\/2016\/05\/31\/deljosaj-ako-je-greska-povucite-rijecnik-pisao-canu\/#breadcrumb","itemListElement":[{"@type":"ListItem","position":1,"name":"\u0110eljo\u0161aj: Ako je gre\u0161ka, povucite &#8220;Rije\u010dnik&#8221; pisao CANU"}]},{"@type":"Person","@id":"https:\/\/www.visit-ulcinj.com\/blog\/#\/schema\/person\/dcab619c614d3038751c63bc2aadc06d","name":"ulqini","sameAs":["http:\/\/www.visit-ulcinj.com"],"url":"https:\/\/www.visit-ulcinj.com\/blog\/author\/admin\/"}]}},"jetpack_featured_media_url":"","jetpack_sharing_enabled":true,"jetpack_shortlink":"https:\/\/wp.me\/pe6lTn-pj1","_links":{"self":[{"href":"https:\/\/www.visit-ulcinj.com\/blog\/wp-json\/wp\/v2\/posts\/97279"}],"collection":[{"href":"https:\/\/www.visit-ulcinj.com\/blog\/wp-json\/wp\/v2\/posts"}],"about":[{"href":"https:\/\/www.visit-ulcinj.com\/blog\/wp-json\/wp\/v2\/types\/post"}],"author":[{"embeddable":true,"href":"https:\/\/www.visit-ulcinj.com\/blog\/wp-json\/wp\/v2\/users\/1"}],"replies":[{"embeddable":true,"href":"https:\/\/www.visit-ulcinj.com\/blog\/wp-json\/wp\/v2\/comments?post=97279"}],"version-history":[{"count":1,"href":"https:\/\/www.visit-ulcinj.com\/blog\/wp-json\/wp\/v2\/posts\/97279\/revisions"}],"predecessor-version":[{"id":97280,"href":"https:\/\/www.visit-ulcinj.com\/blog\/wp-json\/wp\/v2\/posts\/97279\/revisions\/97280"}],"wp:attachment":[{"href":"https:\/\/www.visit-ulcinj.com\/blog\/wp-json\/wp\/v2\/media?parent=97279"}],"wp:term":[{"taxonomy":"category","embeddable":true,"href":"https:\/\/www.visit-ulcinj.com\/blog\/wp-json\/wp\/v2\/categories?post=97279"},{"taxonomy":"post_tag","embeddable":true,"href":"https:\/\/www.visit-ulcinj.com\/blog\/wp-json\/wp\/v2\/tags?post=97279"}],"curies":[{"name":"wp","href":"https:\/\/api.w.org\/{rel}","templated":true}]}}