{"id":97283,"date":"2016-05-31T15:29:40","date_gmt":"2016-05-31T14:29:40","guid":{"rendered":"http:\/\/www.visit-ulcinj.com\/blog\/?p=97283"},"modified":"2016-05-31T15:31:23","modified_gmt":"2016-05-31T14:31:23","slug":"nderron-jete-veterani-i-arsimit-shefki-karamanaga","status":"publish","type":"post","link":"https:\/\/www.visit-ulcinj.com\/blog\/2016\/05\/31\/nderron-jete-veterani-i-arsimit-shefki-karamanaga\/","title":{"rendered":"Nd\u00ebrron jet\u00eb veterani i arsimit Shefki KARAMANAGA"},"content":{"rendered":"<p><strong><a href=\"http:\/\/www.visit-ulcinj.com\/blog\/wp-content\/uploads\/2016\/05\/Nd\u00ebrron-jet\u00eb-veterani-i-arsimit-Shefki-KARAMANAGA-Ulqin.jpg\"><img loading=\"lazy\" class=\"alignleft wp-image-97284\" src=\"http:\/\/www.visit-ulcinj.com\/blog\/wp-content\/uploads\/2016\/05\/Nd\u00ebrron-jet\u00eb-veterani-i-arsimit-Shefki-KARAMANAGA-Ulqin.jpg\" alt=\"Nd\u00ebrron jet\u00eb veterani i arsimit Shefki KARAMANAGA-Ulqin\" width=\"508\" height=\"677\" srcset=\"https:\/\/www.visit-ulcinj.com\/blog\/wp-content\/uploads\/2016\/05\/Nd\u00ebrron-jet\u00eb-veterani-i-arsimit-Shefki-KARAMANAGA-Ulqin.jpg 540w, https:\/\/www.visit-ulcinj.com\/blog\/wp-content\/uploads\/2016\/05\/Nd\u00ebrron-jet\u00eb-veterani-i-arsimit-Shefki-KARAMANAGA-Ulqin-225x300.jpg 225w\" sizes=\"(max-width: 508px) 100vw, 508px\" \/><\/a>IN MEMORIAM:<\/strong><\/p>\n<p>Sot n\u00eb mosh\u00ebn 82 vje\u00e7are ndrroi jet\u00eb Shefki KARAMANAGA, m\u00ebsuesi q\u00eb t\u00ebr jet\u00ebn e tij ka punuar n\u00eb arsim me zem\u00ebr dhe me shpirt. Shum\u00eb gjenerata nga politika, shkenca dhe ato t\u00eb tjer\u00ebt nuk e kan\u00eb harruar m\u00ebsuasin e par\u00eb, dhe t\u00eb gjith\u00eb ato flasin me nj\u00eb pijetet t\u00eb ve\u00e7ant\u00eb p\u00ebr Shefkiun. Shefkiu ka qen\u00eb nj\u00eb njeri, modest dhe i but si\u00e7 thot populli yn\u00eb, dhe m\u00eb duket se kurr\u00eb nuk e ka ngritur z\u00ebrin.<span class=\"text_exposed_show\"><br \/>\nTi kalosh 40 vite n\u00eb arsim \u00ebsht\u00eb nj\u00eb rrug\u00eb e gjat\u00eb dhe e v\u00ebshtir\u00eb, nj\u00eb udh\u00ebtim me gjenerata t\u00eb ndryshme. Por Shefkiu ka qen\u00eb krenar p\u00ebr pun\u00ebn e tij, pavar\u00ebsisht nga rrethanat e v\u00ebshtira, posa\u00e7\u00ebrisht n\u00eb koh\u00ebn e komunizmit. Dhe padyshim ai ka dh\u00ebn\u00eb nj\u00eb kontribut t\u00eb madh n\u00eb arsimin e popullit ton\u00eb. Ashtu si edhe shum\u00eb m\u00ebsues t\u00eb tjer\u00eb, n\u00eb fillim t\u00eb arsimit n\u00eb gjuh\u00ebn shqipe te ne, Shefkiu ka punuar me pasion dhe me nj\u00eb dashuri t\u00eb madhe p\u00ebr arsimin e f\u00ebmij\u00ebve dhe t\u00eb rinjve shqiptar\u00eb n\u00eb Mal t\u00eb Zi.<br \/>\nMe nj\u00eb pijetet t\u00eb ve\u00e7ant\u00eb dua ti p\u00ebrmend disa nga plejada e madhe e m\u00ebsues\u00ebve tan\u00eb t\u00eb cil\u00ebt kan\u00eb dhen\u00eb kontribut t\u00eb madh n\u00eb edukimin e popullit ton\u00eb. Minja Nikollaidisi, Antonija Markoviq, Qouthere Llunji, Pjet\u00ebr Mirdita, Muhamed Zejnelaga, Veli Hoxha dhe t\u00eb tjer\u00ebt, t\u00eb cil\u00ebt padyshim, kan\u00eb merita t\u00eb ve\u00e7anta n\u00eb arsimin e popullit ton\u00eb.<br \/>\nEdhe Shefki KARAMANAGA i takon k\u00ebtij grupi, edhe ai \u00ebsht\u00eb nj\u00eb nd\u00ebr pishtar\u00ebt e drit\u00ebs dhe t\u00eb p\u00ebrparimit n\u00eb p\u00ebrgjith\u00ebsi, pavar\u00ebsisht nga kushtet t\u00eb v\u00ebshtira ekonomike, politike etj.<br \/>\nRahmet past. Inshalla shpirti i tij \u00ebsht\u00eb n\u00eb Xhehnet.<\/span><\/p>\n<p id=\"js_rb\" class=\"_5pbw\" data-ft=\"{&quot;tn&quot;:&quot;C&quot;}\"><strong><span class=\"fwn fcg\"><span class=\"fwb fcg\" data-ft=\"{&quot;tn&quot;:&quot;;&quot;}\"><a href=\"https:\/\/www.facebook.com\/ismet.karamanaga?fref=nf\" data-hovercard=\"\/ajax\/hovercard\/user.php?id=1359492972&amp;extragetparams=%7B%22fref%22%3A%22nf%22%7D\">Ismet Karamanaga Facebook<\/a><\/span><\/span><\/strong><\/p>\n","protected":false},"excerpt":{"rendered":"<p>IN MEMORIAM: Sot n\u00eb mosh\u00ebn 82 vje\u00e7are ndrroi jet\u00eb Shefki KARAMANAGA, m\u00ebsuesi q\u00eb t\u00ebr jet\u00ebn e tij ka punuar n\u00eb arsim me zem\u00ebr dhe me shpirt. Shum\u00eb gjenerata nga politika, shkenca dhe ato t\u00eb tjer\u00ebt nuk e kan\u00eb harruar m\u00ebsuasin e par\u00eb, dhe t\u00eb gjith\u00eb ato flasin me nj\u00eb pijetet t\u00eb ve\u00e7ant\u00eb p\u00ebr Shefkiun. Shefkiu [&hellip;]<\/p>\n","protected":false},"author":1,"featured_media":0,"comment_status":"closed","ping_status":"closed","sticky":false,"template":"","format":"standard","meta":{"spay_email":"","jetpack_publicize_message":"","jetpack_is_tweetstorm":false,"jetpack_publicize_feature_enabled":true},"categories":[6950],"tags":[],"jetpack_publicize_connections":[],"yoast_head":"<!-- This site is optimized with the Yoast SEO plugin v19.1 - https:\/\/yoast.com\/wordpress\/plugins\/seo\/ -->\n<title>Nd\u00ebrron jet\u00eb veterani i arsimit Shefki KARAMANAGA - Lajme nga Ulqini<\/title>\n<meta name=\"description\" content=\"IN MEMORIAM: Sot n\u00eb mosh\u00ebn 82 vje\u00e7are ndrroi jet\u00eb Shefki KARAMANAGA, m\u00ebsuesi q\u00eb t\u00ebr jet\u00ebn e tij ka punuar n\u00eb arsim me zem\u00ebr dhe me shpirt. Shum\u00eb gjenerata\" \/>\n<meta name=\"robots\" content=\"index, follow, max-snippet:-1, max-image-preview:large, max-video-preview:-1\" \/>\n<link rel=\"canonical\" href=\"https:\/\/www.visit-ulcinj.com\/blog\/2016\/05\/31\/nderron-jete-veterani-i-arsimit-shefki-karamanaga\/\" \/>\n<meta property=\"og:locale\" content=\"en_US\" \/>\n<meta property=\"og:type\" content=\"article\" \/>\n<meta property=\"og:title\" content=\"Nd\u00ebrron jet\u00eb veterani i arsimit Shefki KARAMANAGA - Lajme nga Ulqini\" \/>\n<meta property=\"og:description\" content=\"IN MEMORIAM: Sot n\u00eb mosh\u00ebn 82 vje\u00e7are ndrroi jet\u00eb Shefki KARAMANAGA, m\u00ebsuesi q\u00eb t\u00ebr jet\u00ebn e tij ka punuar n\u00eb arsim me zem\u00ebr dhe me shpirt. Shum\u00eb gjenerata\" \/>\n<meta property=\"og:url\" content=\"https:\/\/www.visit-ulcinj.com\/blog\/2016\/05\/31\/nderron-jete-veterani-i-arsimit-shefki-karamanaga\/\" \/>\n<meta property=\"og:site_name\" content=\"Lajme nga Ulqini\" \/>\n<meta property=\"article:published_time\" content=\"2016-05-31T14:29:40+00:00\" \/>\n<meta property=\"article:modified_time\" content=\"2016-05-31T14:31:23+00:00\" \/>\n<meta name=\"twitter:label1\" content=\"Written by\" \/>\n\t<meta name=\"twitter:data1\" content=\"ulqini\" \/>\n\t<meta name=\"twitter:label2\" content=\"Est. reading time\" \/>\n\t<meta name=\"twitter:data2\" content=\"2 minutes\" \/>\n<script type=\"application\/ld+json\" class=\"yoast-schema-graph\">{\"@context\":\"https:\/\/schema.org\",\"@graph\":[{\"@type\":\"WebSite\",\"@id\":\"https:\/\/www.visit-ulcinj.com\/blog\/#website\",\"url\":\"https:\/\/www.visit-ulcinj.com\/blog\/\",\"name\":\"Lajme nga Ulqini\",\"description\":\"Lajme,Vijesti,Ulqini,Ulqin,Crna Gora,Mali i Zi\",\"potentialAction\":[{\"@type\":\"SearchAction\",\"target\":{\"@type\":\"EntryPoint\",\"urlTemplate\":\"https:\/\/www.visit-ulcinj.com\/blog\/?s={search_term_string}\"},\"query-input\":\"required name=search_term_string\"}],\"inLanguage\":\"en-US\"},{\"@type\":\"WebPage\",\"@id\":\"https:\/\/www.visit-ulcinj.com\/blog\/2016\/05\/31\/nderron-jete-veterani-i-arsimit-shefki-karamanaga\/#webpage\",\"url\":\"https:\/\/www.visit-ulcinj.com\/blog\/2016\/05\/31\/nderron-jete-veterani-i-arsimit-shefki-karamanaga\/\",\"name\":\"Nd\u00ebrron jet\u00eb veterani i arsimit Shefki KARAMANAGA - Lajme nga Ulqini\",\"isPartOf\":{\"@id\":\"https:\/\/www.visit-ulcinj.com\/blog\/#website\"},\"datePublished\":\"2016-05-31T14:29:40+00:00\",\"dateModified\":\"2016-05-31T14:31:23+00:00\",\"author\":{\"@id\":\"https:\/\/www.visit-ulcinj.com\/blog\/#\/schema\/person\/dcab619c614d3038751c63bc2aadc06d\"},\"description\":\"IN MEMORIAM: Sot n\u00eb mosh\u00ebn 82 vje\u00e7are ndrroi jet\u00eb Shefki KARAMANAGA, m\u00ebsuesi q\u00eb t\u00ebr jet\u00ebn e tij ka punuar n\u00eb arsim me zem\u00ebr dhe me shpirt. Shum\u00eb gjenerata\",\"breadcrumb\":{\"@id\":\"https:\/\/www.visit-ulcinj.com\/blog\/2016\/05\/31\/nderron-jete-veterani-i-arsimit-shefki-karamanaga\/#breadcrumb\"},\"inLanguage\":\"en-US\",\"potentialAction\":[{\"@type\":\"ReadAction\",\"target\":[\"https:\/\/www.visit-ulcinj.com\/blog\/2016\/05\/31\/nderron-jete-veterani-i-arsimit-shefki-karamanaga\/\"]}]},{\"@type\":\"BreadcrumbList\",\"@id\":\"https:\/\/www.visit-ulcinj.com\/blog\/2016\/05\/31\/nderron-jete-veterani-i-arsimit-shefki-karamanaga\/#breadcrumb\",\"itemListElement\":[{\"@type\":\"ListItem\",\"position\":1,\"name\":\"Nd\u00ebrron jet\u00eb veterani i arsimit Shefki KARAMANAGA\"}]},{\"@type\":\"Person\",\"@id\":\"https:\/\/www.visit-ulcinj.com\/blog\/#\/schema\/person\/dcab619c614d3038751c63bc2aadc06d\",\"name\":\"ulqini\",\"sameAs\":[\"http:\/\/www.visit-ulcinj.com\"],\"url\":\"https:\/\/www.visit-ulcinj.com\/blog\/author\/admin\/\"}]}<\/script>\n<!-- \/ Yoast SEO plugin. -->","yoast_head_json":{"title":"Nd\u00ebrron jet\u00eb veterani i arsimit Shefki KARAMANAGA - Lajme nga Ulqini","description":"IN MEMORIAM: Sot n\u00eb mosh\u00ebn 82 vje\u00e7are ndrroi jet\u00eb Shefki KARAMANAGA, m\u00ebsuesi q\u00eb t\u00ebr jet\u00ebn e tij ka punuar n\u00eb arsim me zem\u00ebr dhe me shpirt. Shum\u00eb gjenerata","robots":{"index":"index","follow":"follow","max-snippet":"max-snippet:-1","max-image-preview":"max-image-preview:large","max-video-preview":"max-video-preview:-1"},"canonical":"https:\/\/www.visit-ulcinj.com\/blog\/2016\/05\/31\/nderron-jete-veterani-i-arsimit-shefki-karamanaga\/","og_locale":"en_US","og_type":"article","og_title":"Nd\u00ebrron jet\u00eb veterani i arsimit Shefki KARAMANAGA - Lajme nga Ulqini","og_description":"IN MEMORIAM: Sot n\u00eb mosh\u00ebn 82 vje\u00e7are ndrroi jet\u00eb Shefki KARAMANAGA, m\u00ebsuesi q\u00eb t\u00ebr jet\u00ebn e tij ka punuar n\u00eb arsim me zem\u00ebr dhe me shpirt. Shum\u00eb gjenerata","og_url":"https:\/\/www.visit-ulcinj.com\/blog\/2016\/05\/31\/nderron-jete-veterani-i-arsimit-shefki-karamanaga\/","og_site_name":"Lajme nga Ulqini","article_published_time":"2016-05-31T14:29:40+00:00","article_modified_time":"2016-05-31T14:31:23+00:00","twitter_misc":{"Written by":"ulqini","Est. reading time":"2 minutes"},"schema":{"@context":"https:\/\/schema.org","@graph":[{"@type":"WebSite","@id":"https:\/\/www.visit-ulcinj.com\/blog\/#website","url":"https:\/\/www.visit-ulcinj.com\/blog\/","name":"Lajme nga Ulqini","description":"Lajme,Vijesti,Ulqini,Ulqin,Crna Gora,Mali i Zi","potentialAction":[{"@type":"SearchAction","target":{"@type":"EntryPoint","urlTemplate":"https:\/\/www.visit-ulcinj.com\/blog\/?s={search_term_string}"},"query-input":"required name=search_term_string"}],"inLanguage":"en-US"},{"@type":"WebPage","@id":"https:\/\/www.visit-ulcinj.com\/blog\/2016\/05\/31\/nderron-jete-veterani-i-arsimit-shefki-karamanaga\/#webpage","url":"https:\/\/www.visit-ulcinj.com\/blog\/2016\/05\/31\/nderron-jete-veterani-i-arsimit-shefki-karamanaga\/","name":"Nd\u00ebrron jet\u00eb veterani i arsimit Shefki KARAMANAGA - Lajme nga Ulqini","isPartOf":{"@id":"https:\/\/www.visit-ulcinj.com\/blog\/#website"},"datePublished":"2016-05-31T14:29:40+00:00","dateModified":"2016-05-31T14:31:23+00:00","author":{"@id":"https:\/\/www.visit-ulcinj.com\/blog\/#\/schema\/person\/dcab619c614d3038751c63bc2aadc06d"},"description":"IN MEMORIAM: Sot n\u00eb mosh\u00ebn 82 vje\u00e7are ndrroi jet\u00eb Shefki KARAMANAGA, m\u00ebsuesi q\u00eb t\u00ebr jet\u00ebn e tij ka punuar n\u00eb arsim me zem\u00ebr dhe me shpirt. Shum\u00eb gjenerata","breadcrumb":{"@id":"https:\/\/www.visit-ulcinj.com\/blog\/2016\/05\/31\/nderron-jete-veterani-i-arsimit-shefki-karamanaga\/#breadcrumb"},"inLanguage":"en-US","potentialAction":[{"@type":"ReadAction","target":["https:\/\/www.visit-ulcinj.com\/blog\/2016\/05\/31\/nderron-jete-veterani-i-arsimit-shefki-karamanaga\/"]}]},{"@type":"BreadcrumbList","@id":"https:\/\/www.visit-ulcinj.com\/blog\/2016\/05\/31\/nderron-jete-veterani-i-arsimit-shefki-karamanaga\/#breadcrumb","itemListElement":[{"@type":"ListItem","position":1,"name":"Nd\u00ebrron jet\u00eb veterani i arsimit Shefki KARAMANAGA"}]},{"@type":"Person","@id":"https:\/\/www.visit-ulcinj.com\/blog\/#\/schema\/person\/dcab619c614d3038751c63bc2aadc06d","name":"ulqini","sameAs":["http:\/\/www.visit-ulcinj.com"],"url":"https:\/\/www.visit-ulcinj.com\/blog\/author\/admin\/"}]}},"jetpack_featured_media_url":"","jetpack_sharing_enabled":true,"jetpack_shortlink":"https:\/\/wp.me\/pe6lTn-pj5","_links":{"self":[{"href":"https:\/\/www.visit-ulcinj.com\/blog\/wp-json\/wp\/v2\/posts\/97283"}],"collection":[{"href":"https:\/\/www.visit-ulcinj.com\/blog\/wp-json\/wp\/v2\/posts"}],"about":[{"href":"https:\/\/www.visit-ulcinj.com\/blog\/wp-json\/wp\/v2\/types\/post"}],"author":[{"embeddable":true,"href":"https:\/\/www.visit-ulcinj.com\/blog\/wp-json\/wp\/v2\/users\/1"}],"replies":[{"embeddable":true,"href":"https:\/\/www.visit-ulcinj.com\/blog\/wp-json\/wp\/v2\/comments?post=97283"}],"version-history":[{"count":2,"href":"https:\/\/www.visit-ulcinj.com\/blog\/wp-json\/wp\/v2\/posts\/97283\/revisions"}],"predecessor-version":[{"id":97286,"href":"https:\/\/www.visit-ulcinj.com\/blog\/wp-json\/wp\/v2\/posts\/97283\/revisions\/97286"}],"wp:attachment":[{"href":"https:\/\/www.visit-ulcinj.com\/blog\/wp-json\/wp\/v2\/media?parent=97283"}],"wp:term":[{"taxonomy":"category","embeddable":true,"href":"https:\/\/www.visit-ulcinj.com\/blog\/wp-json\/wp\/v2\/categories?post=97283"},{"taxonomy":"post_tag","embeddable":true,"href":"https:\/\/www.visit-ulcinj.com\/blog\/wp-json\/wp\/v2\/tags?post=97283"}],"curies":[{"name":"wp","href":"https:\/\/api.w.org\/{rel}","templated":true}]}}