{"id":97288,"date":"2016-05-31T15:54:21","date_gmt":"2016-05-31T14:54:21","guid":{"rendered":"http:\/\/www.visit-ulcinj.com\/blog\/?p=97288"},"modified":"2016-05-31T15:54:21","modified_gmt":"2016-05-31T14:54:21","slug":"lika-qeveritaret-pa-vizion-shteti-drejt-vdekjes-klinike-te-kripores","status":"publish","type":"post","link":"https:\/\/www.visit-ulcinj.com\/blog\/2016\/05\/31\/lika-qeveritaret-pa-vizion-shteti-drejt-vdekjes-klinike-te-kripores\/","title":{"rendered":"Lika: Me qeveritar\u00ebt pa vizion, shteti drejt vdekjes \u201cklinike&#8221; t\u00eb Kripores"},"content":{"rendered":"<p><a href=\"http:\/\/www.visit-ulcinj.com\/blog\/wp-content\/uploads\/2016\/05\/Zenepa-Lika-drejt-vdekjes-klinike-t\u00eb-Kripores-se-Ulqinit.jpg\"><img loading=\"lazy\" class=\"alignleft wp-image-97289\" src=\"http:\/\/www.visit-ulcinj.com\/blog\/wp-content\/uploads\/2016\/05\/Zenepa-Lika-drejt-vdekjes-klinike-t\u00eb-Kripores-se-Ulqinit.jpg\" alt=\"Zenepa-Lika-drejt vdekjes klinike t\u00eb Kripores se Ulqinit\" width=\"508\" height=\"339\" srcset=\"https:\/\/www.visit-ulcinj.com\/blog\/wp-content\/uploads\/2016\/05\/Zenepa-Lika-drejt-vdekjes-klinike-t\u00eb-Kripores-se-Ulqinit.jpg 800w, https:\/\/www.visit-ulcinj.com\/blog\/wp-content\/uploads\/2016\/05\/Zenepa-Lika-drejt-vdekjes-klinike-t\u00eb-Kripores-se-Ulqinit-300x200.jpg 300w, https:\/\/www.visit-ulcinj.com\/blog\/wp-content\/uploads\/2016\/05\/Zenepa-Lika-drejt-vdekjes-klinike-t\u00eb-Kripores-se-Ulqinit-768x513.jpg 768w\" sizes=\"(max-width: 508px) 100vw, 508px\" \/><\/a>Kryetarja e organizat\u00ebs \u201cDr. Martin Shnajder Jakobi\u201d, Zenepe Lika, tha p\u00ebr televizionin Teuta se p\u00ebr mbrojtjen e Kripores nevojiten mjaft hapa t\u00eb m\u00ebtejsh\u00ebm kurse valorizimi i saj mund t\u00eb arrihet me p\u00ebrmirsimin e infrastruktur\u00ebs, por problem p\u00ebrfaqson fakti se shteti duket se ka cuar dor\u00eb nga Kriporja, raporton portali TV Teuta.<\/p>\n<p>Ajo e quajti tragjike q\u00eb k\u00ebto p\u00ebrmirsime n\u00eb infrastruktur presin tash m\u00eb shum\u00eb se nj\u00eb vit, dhe gjat\u00eb k\u00ebsaj kohe nuk \u00ebsht\u00eb b\u00ebr\u00eb pothuajse asgj\u00eb, p\u00ebrvec vendosjes s\u00eb nj\u00eb pompe.<\/p>\n<p>M\u00eb i ashp\u00ebr n\u00eb qendrimet e veta ishte nj\u00eb nga ideator\u00ebt e Malit t\u00eb Zi ekologjik dr. Dragan Hajdukoviq, i cili tha se q\u00ebndrimi i Qeveris\u00eb malazeze ndaj Kripores \u00ebsht\u00eb i papranuesh\u00ebm, dhe se mund t\u00eb krahahoset vet\u00ebm\u00a0 me tradh\u00ebti komb\u00ebtare. I shprehu besimin se mbrojtja e kripores do t\u00eb realizohet psi paraqet nj\u00eb parajs\u00eb n\u00eb tok\u00eb<\/p>\n","protected":false},"excerpt":{"rendered":"<p>Kryetarja e organizat\u00ebs \u201cDr. Martin Shnajder Jakobi\u201d, Zenepe Lika, tha p\u00ebr televizionin Teuta se p\u00ebr mbrojtjen e Kripores nevojiten mjaft hapa t\u00eb m\u00ebtejsh\u00ebm kurse valorizimi i saj mund t\u00eb arrihet me p\u00ebrmirsimin e infrastruktur\u00ebs, por problem p\u00ebrfaqson fakti se shteti duket se ka cuar dor\u00eb nga Kriporja, raporton portali TV Teuta. Ajo e quajti tragjike [&hellip;]<\/p>\n","protected":false},"author":1,"featured_media":0,"comment_status":"closed","ping_status":"closed","sticky":false,"template":"","format":"standard","meta":{"spay_email":"","jetpack_publicize_message":"","jetpack_is_tweetstorm":false,"jetpack_publicize_feature_enabled":true},"categories":[12],"tags":[],"jetpack_publicize_connections":[],"yoast_head":"<!-- This site is optimized with the Yoast SEO plugin v19.1 - https:\/\/yoast.com\/wordpress\/plugins\/seo\/ -->\n<title>Lika: Me qeveritar\u00ebt pa vizion, shteti drejt vdekjes \u201cklinike&quot; t\u00eb Kripores - Lajme nga Ulqini<\/title>\n<meta name=\"description\" content=\"Kryetarja e organizat\u00ebs \u201cDr. Martin Shnajder Jakobi\u201d, Zenepe Lika, tha p\u00ebr televizionin Teuta se p\u00ebr mbrojtjen e Kripores nevojiten mjaft hapa t\u00eb\" \/>\n<meta name=\"robots\" content=\"index, follow, max-snippet:-1, max-image-preview:large, max-video-preview:-1\" \/>\n<link rel=\"canonical\" href=\"https:\/\/www.visit-ulcinj.com\/blog\/2016\/05\/31\/lika-qeveritaret-pa-vizion-shteti-drejt-vdekjes-klinike-te-kripores\/\" \/>\n<meta property=\"og:locale\" content=\"en_US\" \/>\n<meta property=\"og:type\" content=\"article\" \/>\n<meta property=\"og:title\" content=\"Lika: Me qeveritar\u00ebt pa vizion, shteti drejt vdekjes \u201cklinike&quot; t\u00eb Kripores - Lajme nga Ulqini\" \/>\n<meta property=\"og:description\" content=\"Kryetarja e organizat\u00ebs \u201cDr. Martin Shnajder Jakobi\u201d, Zenepe Lika, tha p\u00ebr televizionin Teuta se p\u00ebr mbrojtjen e Kripores nevojiten mjaft hapa t\u00eb\" \/>\n<meta property=\"og:url\" content=\"https:\/\/www.visit-ulcinj.com\/blog\/2016\/05\/31\/lika-qeveritaret-pa-vizion-shteti-drejt-vdekjes-klinike-te-kripores\/\" \/>\n<meta property=\"og:site_name\" content=\"Lajme nga Ulqini\" \/>\n<meta property=\"article:published_time\" content=\"2016-05-31T14:54:21+00:00\" \/>\n<meta name=\"twitter:label1\" content=\"Written by\" \/>\n\t<meta name=\"twitter:data1\" content=\"ulqini\" \/>\n\t<meta name=\"twitter:label2\" content=\"Est. reading time\" \/>\n\t<meta name=\"twitter:data2\" content=\"1 minute\" \/>\n<script type=\"application\/ld+json\" class=\"yoast-schema-graph\">{\"@context\":\"https:\/\/schema.org\",\"@graph\":[{\"@type\":\"WebSite\",\"@id\":\"https:\/\/www.visit-ulcinj.com\/blog\/#website\",\"url\":\"https:\/\/www.visit-ulcinj.com\/blog\/\",\"name\":\"Lajme nga Ulqini\",\"description\":\"Lajme,Vijesti,Ulqini,Ulqin,Crna Gora,Mali i Zi\",\"potentialAction\":[{\"@type\":\"SearchAction\",\"target\":{\"@type\":\"EntryPoint\",\"urlTemplate\":\"https:\/\/www.visit-ulcinj.com\/blog\/?s={search_term_string}\"},\"query-input\":\"required name=search_term_string\"}],\"inLanguage\":\"en-US\"},{\"@type\":\"WebPage\",\"@id\":\"https:\/\/www.visit-ulcinj.com\/blog\/2016\/05\/31\/lika-qeveritaret-pa-vizion-shteti-drejt-vdekjes-klinike-te-kripores\/#webpage\",\"url\":\"https:\/\/www.visit-ulcinj.com\/blog\/2016\/05\/31\/lika-qeveritaret-pa-vizion-shteti-drejt-vdekjes-klinike-te-kripores\/\",\"name\":\"Lika: Me qeveritar\u00ebt pa vizion, shteti drejt vdekjes \u201cklinike\\\" t\u00eb Kripores - Lajme nga Ulqini\",\"isPartOf\":{\"@id\":\"https:\/\/www.visit-ulcinj.com\/blog\/#website\"},\"datePublished\":\"2016-05-31T14:54:21+00:00\",\"dateModified\":\"2016-05-31T14:54:21+00:00\",\"author\":{\"@id\":\"https:\/\/www.visit-ulcinj.com\/blog\/#\/schema\/person\/dcab619c614d3038751c63bc2aadc06d\"},\"description\":\"Kryetarja e organizat\u00ebs \u201cDr. Martin Shnajder Jakobi\u201d, Zenepe Lika, tha p\u00ebr televizionin Teuta se p\u00ebr mbrojtjen e Kripores nevojiten mjaft hapa t\u00eb\",\"breadcrumb\":{\"@id\":\"https:\/\/www.visit-ulcinj.com\/blog\/2016\/05\/31\/lika-qeveritaret-pa-vizion-shteti-drejt-vdekjes-klinike-te-kripores\/#breadcrumb\"},\"inLanguage\":\"en-US\",\"potentialAction\":[{\"@type\":\"ReadAction\",\"target\":[\"https:\/\/www.visit-ulcinj.com\/blog\/2016\/05\/31\/lika-qeveritaret-pa-vizion-shteti-drejt-vdekjes-klinike-te-kripores\/\"]}]},{\"@type\":\"BreadcrumbList\",\"@id\":\"https:\/\/www.visit-ulcinj.com\/blog\/2016\/05\/31\/lika-qeveritaret-pa-vizion-shteti-drejt-vdekjes-klinike-te-kripores\/#breadcrumb\",\"itemListElement\":[{\"@type\":\"ListItem\",\"position\":1,\"name\":\"Lika: Me qeveritar\u00ebt pa vizion, shteti drejt vdekjes \u201cklinike&#8221; t\u00eb Kripores\"}]},{\"@type\":\"Person\",\"@id\":\"https:\/\/www.visit-ulcinj.com\/blog\/#\/schema\/person\/dcab619c614d3038751c63bc2aadc06d\",\"name\":\"ulqini\",\"sameAs\":[\"http:\/\/www.visit-ulcinj.com\"],\"url\":\"https:\/\/www.visit-ulcinj.com\/blog\/author\/admin\/\"}]}<\/script>\n<!-- \/ Yoast SEO plugin. -->","yoast_head_json":{"title":"Lika: Me qeveritar\u00ebt pa vizion, shteti drejt vdekjes \u201cklinike\" t\u00eb Kripores - Lajme nga Ulqini","description":"Kryetarja e organizat\u00ebs \u201cDr. Martin Shnajder Jakobi\u201d, Zenepe Lika, tha p\u00ebr televizionin Teuta se p\u00ebr mbrojtjen e Kripores nevojiten mjaft hapa t\u00eb","robots":{"index":"index","follow":"follow","max-snippet":"max-snippet:-1","max-image-preview":"max-image-preview:large","max-video-preview":"max-video-preview:-1"},"canonical":"https:\/\/www.visit-ulcinj.com\/blog\/2016\/05\/31\/lika-qeveritaret-pa-vizion-shteti-drejt-vdekjes-klinike-te-kripores\/","og_locale":"en_US","og_type":"article","og_title":"Lika: Me qeveritar\u00ebt pa vizion, shteti drejt vdekjes \u201cklinike\" t\u00eb Kripores - Lajme nga Ulqini","og_description":"Kryetarja e organizat\u00ebs \u201cDr. Martin Shnajder Jakobi\u201d, Zenepe Lika, tha p\u00ebr televizionin Teuta se p\u00ebr mbrojtjen e Kripores nevojiten mjaft hapa t\u00eb","og_url":"https:\/\/www.visit-ulcinj.com\/blog\/2016\/05\/31\/lika-qeveritaret-pa-vizion-shteti-drejt-vdekjes-klinike-te-kripores\/","og_site_name":"Lajme nga Ulqini","article_published_time":"2016-05-31T14:54:21+00:00","twitter_misc":{"Written by":"ulqini","Est. reading time":"1 minute"},"schema":{"@context":"https:\/\/schema.org","@graph":[{"@type":"WebSite","@id":"https:\/\/www.visit-ulcinj.com\/blog\/#website","url":"https:\/\/www.visit-ulcinj.com\/blog\/","name":"Lajme nga Ulqini","description":"Lajme,Vijesti,Ulqini,Ulqin,Crna Gora,Mali i Zi","potentialAction":[{"@type":"SearchAction","target":{"@type":"EntryPoint","urlTemplate":"https:\/\/www.visit-ulcinj.com\/blog\/?s={search_term_string}"},"query-input":"required name=search_term_string"}],"inLanguage":"en-US"},{"@type":"WebPage","@id":"https:\/\/www.visit-ulcinj.com\/blog\/2016\/05\/31\/lika-qeveritaret-pa-vizion-shteti-drejt-vdekjes-klinike-te-kripores\/#webpage","url":"https:\/\/www.visit-ulcinj.com\/blog\/2016\/05\/31\/lika-qeveritaret-pa-vizion-shteti-drejt-vdekjes-klinike-te-kripores\/","name":"Lika: Me qeveritar\u00ebt pa vizion, shteti drejt vdekjes \u201cklinike\" t\u00eb Kripores - Lajme nga Ulqini","isPartOf":{"@id":"https:\/\/www.visit-ulcinj.com\/blog\/#website"},"datePublished":"2016-05-31T14:54:21+00:00","dateModified":"2016-05-31T14:54:21+00:00","author":{"@id":"https:\/\/www.visit-ulcinj.com\/blog\/#\/schema\/person\/dcab619c614d3038751c63bc2aadc06d"},"description":"Kryetarja e organizat\u00ebs \u201cDr. Martin Shnajder Jakobi\u201d, Zenepe Lika, tha p\u00ebr televizionin Teuta se p\u00ebr mbrojtjen e Kripores nevojiten mjaft hapa t\u00eb","breadcrumb":{"@id":"https:\/\/www.visit-ulcinj.com\/blog\/2016\/05\/31\/lika-qeveritaret-pa-vizion-shteti-drejt-vdekjes-klinike-te-kripores\/#breadcrumb"},"inLanguage":"en-US","potentialAction":[{"@type":"ReadAction","target":["https:\/\/www.visit-ulcinj.com\/blog\/2016\/05\/31\/lika-qeveritaret-pa-vizion-shteti-drejt-vdekjes-klinike-te-kripores\/"]}]},{"@type":"BreadcrumbList","@id":"https:\/\/www.visit-ulcinj.com\/blog\/2016\/05\/31\/lika-qeveritaret-pa-vizion-shteti-drejt-vdekjes-klinike-te-kripores\/#breadcrumb","itemListElement":[{"@type":"ListItem","position":1,"name":"Lika: Me qeveritar\u00ebt pa vizion, shteti drejt vdekjes \u201cklinike&#8221; t\u00eb Kripores"}]},{"@type":"Person","@id":"https:\/\/www.visit-ulcinj.com\/blog\/#\/schema\/person\/dcab619c614d3038751c63bc2aadc06d","name":"ulqini","sameAs":["http:\/\/www.visit-ulcinj.com"],"url":"https:\/\/www.visit-ulcinj.com\/blog\/author\/admin\/"}]}},"jetpack_featured_media_url":"","jetpack_sharing_enabled":true,"jetpack_shortlink":"https:\/\/wp.me\/pe6lTn-pja","_links":{"self":[{"href":"https:\/\/www.visit-ulcinj.com\/blog\/wp-json\/wp\/v2\/posts\/97288"}],"collection":[{"href":"https:\/\/www.visit-ulcinj.com\/blog\/wp-json\/wp\/v2\/posts"}],"about":[{"href":"https:\/\/www.visit-ulcinj.com\/blog\/wp-json\/wp\/v2\/types\/post"}],"author":[{"embeddable":true,"href":"https:\/\/www.visit-ulcinj.com\/blog\/wp-json\/wp\/v2\/users\/1"}],"replies":[{"embeddable":true,"href":"https:\/\/www.visit-ulcinj.com\/blog\/wp-json\/wp\/v2\/comments?post=97288"}],"version-history":[{"count":1,"href":"https:\/\/www.visit-ulcinj.com\/blog\/wp-json\/wp\/v2\/posts\/97288\/revisions"}],"predecessor-version":[{"id":97290,"href":"https:\/\/www.visit-ulcinj.com\/blog\/wp-json\/wp\/v2\/posts\/97288\/revisions\/97290"}],"wp:attachment":[{"href":"https:\/\/www.visit-ulcinj.com\/blog\/wp-json\/wp\/v2\/media?parent=97288"}],"wp:term":[{"taxonomy":"category","embeddable":true,"href":"https:\/\/www.visit-ulcinj.com\/blog\/wp-json\/wp\/v2\/categories?post=97288"},{"taxonomy":"post_tag","embeddable":true,"href":"https:\/\/www.visit-ulcinj.com\/blog\/wp-json\/wp\/v2\/tags?post=97288"}],"curies":[{"name":"wp","href":"https:\/\/api.w.org\/{rel}","templated":true}]}}