{"id":97295,"date":"2016-06-01T07:44:30","date_gmt":"2016-06-01T06:44:30","guid":{"rendered":"http:\/\/www.visit-ulcinj.com\/blog\/?p=97295"},"modified":"2016-06-01T07:44:30","modified_gmt":"2016-06-01T06:44:30","slug":"u-mbajt-ne-new-york-pikniku-madheshtor-shoqates-ana-e-malit","status":"publish","type":"post","link":"https:\/\/www.visit-ulcinj.com\/blog\/2016\/06\/01\/u-mbajt-ne-new-york-pikniku-madheshtor-shoqates-ana-e-malit\/","title":{"rendered":"U mbajt n\u00eb New York  pikniku madh\u00ebshtor i Shoqat\u00ebs &#8220;Ana e Malit&#8221;"},"content":{"rendered":"<p><a href=\"http:\/\/www.visit-ulcinj.com\/blog\/wp-content\/uploads\/2016\/06\/New-York-pikniku-i-Shoqat\u00ebs-Ana-e-Malit.jpg\"><img loading=\"lazy\" class=\"alignleft wp-image-97296\" src=\"http:\/\/www.visit-ulcinj.com\/blog\/wp-content\/uploads\/2016\/06\/New-York-pikniku-i-Shoqat\u00ebs-Ana-e-Malit.jpg\" alt=\"New York  pikniku i Shoqat\u00ebs Ana e Malit\" width=\"508\" height=\"381\" srcset=\"https:\/\/www.visit-ulcinj.com\/blog\/wp-content\/uploads\/2016\/06\/New-York-pikniku-i-Shoqat\u00ebs-Ana-e-Malit.jpg 960w, https:\/\/www.visit-ulcinj.com\/blog\/wp-content\/uploads\/2016\/06\/New-York-pikniku-i-Shoqat\u00ebs-Ana-e-Malit-300x225.jpg 300w, https:\/\/www.visit-ulcinj.com\/blog\/wp-content\/uploads\/2016\/06\/New-York-pikniku-i-Shoqat\u00ebs-Ana-e-Malit-768x576.jpg 768w\" sizes=\"(max-width: 508px) 100vw, 508px\" \/><\/a>T\u00eb Dil\u00ebn, me 29 Maj 2016 n\u00eb FDR State Park ( NY) , u mbajt pikniku i Shoqat\u00ebs &#8221; Ana e Malit&#8221;, i organizuar n\u00eb kuad\u00ebr t\u00eb piknikut t\u00eb p\u00ebrbashk\u00ebt t\u00eb paralajm\u00ebruar i pes\u00eb Shoqatave t\u00eb diaspor\u00ebs shqiptare . Pikniku i Fondacionit &#8221; Plav\u00eb- Guci&#8221; dhe Shoqat\u00ebs &#8220;Mal\u00ebsia e Madhe-NY&#8221; u mbajt n\u00eb fush\u00ebn ( zon\u00ebn) num\u00ebr 1 t\u00eb parkut kurse Pikniku i Shoqat\u00ebs &#8220;Ana e Malit &#8220;, Shoqat\u00ebs Atdhetare &#8221; Kraja &#8221; dhe Fondacionit &#8221; Dom Simon Filipaj&#8221; n\u00eb fush\u00ebn (zon\u00ebn ) num\u00ebr 4 t\u00eb parkut. Kjo \u00ebsht\u00eb hera e dyt\u00eb q\u00eb organizohet pikniku i p\u00ebrbashk\u00ebt nga shoqatat e lart\u00ebp\u00ebrmendura.<\/p>\n<p>Edhe p\u00ebrkund\u00ebr temperatur\u00ebs s\u00eb lart\u00eb , koha e dit\u00ebs s\u00eb Diel\u00eb ishte shum\u00eb e p\u00ebrshtatshme q\u00eb pjes\u00ebtar\u00ebt e komunitetit shqiptar t\u00eb kalojn\u00eb nj\u00eb dit\u00eb t\u00eb bukur n\u00eb natyr\u00eb duke u arg\u00ebtuar, duke luajtur sporte t\u00eb ndryshme (si f\u00ebmij\u00ebt ashtu edhe t\u00eb rriturit), me ushqime tradicionale, duke vall\u00ebzuar n\u00eb\u00a0 hap\u00ebsir\u00eb t\u00eb hapur me muzik\u00eb shqipe,\u00a0 apo thjesht duke u takuar me ndonj\u00eb mik apo shok ( shoqe) me t\u00eb cilin ( cil\u00ebn) nuk jeni par\u00eb p\u00ebr nj\u00eb koh\u00eb t\u00eb gjat\u00eb.<\/p>\n<p>Interesimi p\u00ebr t\u00eb marr\u00eb pjes\u00eb n\u00eb piknikun e organizuar nga Shoqata &#8221; Ana e Malit &#8221; ishte i lart\u00eb, dhe n\u00eb orat e para t\u00eb m\u00ebngjezit t\u00eb dit\u00ebs s\u00eb Diel\u00eb, me qindra bashkatdhetar\u00eb udh\u00ebtuan drejt parkut nga zonat e ndryshme t\u00eb New York-ut me rrethe, \u00e7ka ndikoi q\u00eb pjes\u00ebmarrja n\u00eb k\u00ebt\u00eb piknik t\u00eb jet\u00eb masovike.<\/p>\n<p>Ashtu si edhe n\u00eb piknik\u00ebt e m\u00ebparsh\u00ebm edhe k\u00ebsai rradhe u organizuan gara n\u00eb sporte t\u00eb ndrysh\u00ebm si n\u00eb futboll( p\u00ebr f\u00ebmij\u00eb dhe t\u00eb rritur), n\u00eb volejboll ,n\u00eb shah, n\u00eb t\u00ebrheqjen e litarit,n\u00eb shah dhe n\u00eb matjen e fuqis\u00eb\u00a0 s\u00eb dor\u00ebs ( krahut).<\/p>\n<p><a href=\"http:\/\/www.visit-ulcinj.com\/blog\/wp-content\/uploads\/2016\/06\/New-York-pikniku-i-Shoqat\u00ebs-Ana-e-Malit-1.jpg\"><img loading=\"lazy\" class=\"alignleft wp-image-97297\" src=\"http:\/\/www.visit-ulcinj.com\/blog\/wp-content\/uploads\/2016\/06\/New-York-pikniku-i-Shoqat\u00ebs-Ana-e-Malit-1.jpg\" alt=\"New York  pikniku i Shoqat\u00ebs Ana e Malit-1\" width=\"508\" height=\"658\" srcset=\"https:\/\/www.visit-ulcinj.com\/blog\/wp-content\/uploads\/2016\/06\/New-York-pikniku-i-Shoqat\u00ebs-Ana-e-Malit-1.jpg 305w, https:\/\/www.visit-ulcinj.com\/blog\/wp-content\/uploads\/2016\/06\/New-York-pikniku-i-Shoqat\u00ebs-Ana-e-Malit-1-232x300.jpg 232w\" sizes=\"(max-width: 508px) 100vw, 508px\" \/><\/a><\/p>\n<p>N\u00eb turnirin e fotbollit p\u00ebr t\u00eb rritur garuan 8 ekipe: Krytha, Sukubina, Kat\u00ebrkolla, Shtodri, Kravari, Milla\/Bojku, Kllezna I dhe Kllezna II . Ndeshjet gjysm\u00eb finale u luajt\u00ebn n\u00eb mes t\u00eb Sukubin\u00ebs e Kat\u00ebrkoll\u00ebs dhe Shtodrit dhe Kllezn\u00ebs\u00a0 I , ku fitues dual\u00ebn ekipet e Kat\u00ebrkoll\u00ebs dhe Shtodrit. Ndeshja finale n\u00eb mes Kat\u00ebrkoll\u00ebs dhe Shtodrit ishte nj\u00eb ndeshje konkuruese e dy ekipeve t\u00eb forta e cila p\u00ebrfundoi me rezulltat minimal 1:0 n\u00eb favor t\u00eb ekipit t\u00eb Kat\u00ebrkoll\u00ebs ,ekip ky i cili u shpall fitues i turnirit t\u00eb fotbollit.<\/p>\n<p>N\u00eb gar\u00ebn e volejbollit fitoi ekipi &#8221; Undefeated &#8221; ( &#8221; T\u00eb pamposhturit&#8221;), n\u00eb gar\u00ebn e t\u00ebrheqjes s\u00eb litarit: ekipi &#8221; Krytha&#8221;, n\u00eb shah :Sabri Gjoni, dhe n\u00eb matjen e fuqis\u00eb s\u00eb dor\u00ebs ( krahut):Artan \u00c7apriqi. Ashtu si gjith\u00ebmon\u00eb, edhe k\u00ebsai radhe , t\u00eb gjitha garat u zhvilluan n\u00eb nj\u00eb atmosfer\u00eb d\u00ebfrimi, dhe me nj\u00eb frym\u00eb v\u00ebllaz\u00ebrore e mir\u00ebkuptimi\u00a0 nga t\u00eb gjith\u00eb konkuruesit .<\/p>\n<p>Nj\u00eb risi e piknikut ishte organizimi i lotaris\u00eb , me \u00e7&#8217;rast\u00a0 pjes\u00ebmarr\u00ebsit sprovojn\u00eb fatin e tyre me q\u00ebllim q\u00eb t\u00eb fitojn\u00eb shp\u00ebrblime apo dhurata t\u00eb sponzoruar nga afarist\u00ebt e komunitetit , ku t\u00eb ardhurat e mbledhura derdhen n\u00eb fondin e Shoqat\u00ebs. Gjithashtu, gjat\u00eb piknikut, n\u00eb Shoqat\u00ebn &#8221; Ana e Malit&#8221;, u an\u00ebtar\u00ebsuan edhe disa an\u00ebtar\u00eb t\u00eb rinj t\u00eb komunitetit.<\/p>\n<p>N\u00eb or\u00ebt e pasdite t\u00eb piknikut, u zhvillua edhe nj\u00eb program i shkurt\u00eb me \u00e7&#8217;rast u intonua himni amerikan p\u00ebr nder\u00eb t\u00eb Dit\u00ebs s\u00eb D\u00ebshmor\u00ebve n\u00eb SHBA ( Memorial Day). M\u00eb pas\u00a0 , pjes\u00ebmarr\u00ebsve iu \u00ebsht\u00eb drejtuar kryetarja e Shoqat\u00ebs &#8221; Ana e Malit&#8221; n\u00eb NY , znj. Emmie Salaj e cila falenderoi t\u00eb gjith\u00eb ata q\u00eb kan\u00eb dh\u00ebn\u00eb dhe vazhdojn\u00eb gjith\u00ebnj\u00eb t\u00eb japin kontribut p\u00ebr Shoqat\u00ebn dhe p\u00ebr komunitetin shqiptar n\u00eb p\u00ebrgjith\u00ebsi. Ju rikujtojm\u00eb se znj. Salaj u zgjodh kryetare n\u00eb muajin Shkurt t\u00eb k\u00ebtij viti si femra\u00a0 e par\u00eb n\u00eb k\u00ebt\u00eb detyr\u00eb udh\u00ebheq\u00ebse t\u00eb Shoqat\u00ebs &#8221; Ana e Malit&#8221;. Bashkatdhetar\u00ebve n\u00eb piknik iu drejtua edhe an\u00ebtari i Asambles\u00eb s\u00eb New York-ut, z. Mark Gjonaj i cili \u00ebsht\u00eb p\u00ebrkrah\u00ebs i fuqish\u00ebm dhe sponzorues i piknikut\u00a0 dhe i shum\u00eb aktiviteteve t\u00eb tjera q\u00eb organizohen n\u00eb komunitetin shqiptar. Z. Gjonaj, n\u00eb k\u00ebt\u00eb piknik ndau Mir\u00ebnjohje p\u00ebr Shoqat\u00ebn &#8221; Ana e Malit&#8221;, Shoqat\u00ebn\u00a0 &#8221; Kraja&#8221; dhe Fondacionin &#8221; Dom Simon Filipaj&#8221; p\u00ebr pun\u00ebn dhe veprimtarin\u00eb e tyre q\u00eb ata b\u00ebjn\u00eb n\u00eb komunitetin shqiptar. Piknikun e vizituan edhe grupi i moto\u00e7iklist\u00ebve shqiptar &#8221; Sons of Illyria&#8221; ( Bijt\u00eb e Iliris\u00eb).<\/p>\n<p>P\u00ebr pjes\u00ebn arg\u00ebtuese dhe muzikore n\u00eb piknik , u p\u00ebrkujdes djaloshi i ri DJ Ranti ( Durant Zeneli) i cili gjith\u00eb koh\u00ebn e tij t\u00eb qendrimit n\u00eb piknik ia dedikoi arg\u00ebtimit muzikor t\u00eb pjes\u00ebmarr\u00ebsve. Ky \u00ebsht\u00eb nj\u00eb kontribut i vazhduesh\u00ebm q\u00eb DJ Sammy Z\u00a0 i jep Shoqat\u00ebs &#8221; Ana e Malit&#8221; p\u00ebr \u00e7do vit me radh\u00eb ,me rastin e organizimit t\u00eb piknikut. Nj\u00eb\u00a0 freski e rastit n\u00eb piknik ishte paraqitja e k\u00ebng\u00ebtarit t\u00eb njohur dhe t\u00eb adhuruar t\u00eb komunitetit ton\u00eb , z. Hajro Ceka,\u00a0 me disa k\u00ebng\u00eb nga repertoari i tij i k\u00ebng\u00ebve popullore shqiptare.<\/p>\n<p>Pikniku i p\u00ebrbashk\u00ebt ishte nj\u00eb sukses duke pasur parasysh numrin e madh t\u00eb pjes\u00ebmarr\u00ebsve si dhe interesim t\u00eb konsideruesh\u00ebm p\u00ebr aktivetetet e ndryshme q\u00eb mbahen n\u00eb kuad\u00ebr t\u00eb piknikut. Vlen t\u00eb theksohet se pjesa d\u00ebrmuese e pjes\u00ebmarr\u00ebsve n\u00eb piknik jan\u00eb t\u00eb rinj\u00ebt dhe f\u00ebmij\u00ebt dhe \u00ebsht\u00eb nj\u00eb k\u00ebnaq\u00ebsi kur shum\u00eb prej tyre i sheh t\u00eb mveshur kuq e zi dhe q\u00eb e ndijenj\u00eb vehten krenar q\u00eb jan\u00eb shqiptar. Andaj, organizimi i takimeve t\u00eb tilla,si\u00e7 \u00ebsht\u00eb pikniku , kan\u00eb nj\u00eb r\u00ebnd\u00ebsi t\u00eb ve\u00e7ant\u00eb n\u00eb rend t\u00eb par\u00eb n\u00eb kutivimin dhe p\u00ebrforcimin e marr\u00ebdh\u00ebnieve dhe nd\u00ebrlidhjeve n\u00eb mes pjes\u00ebtar\u00ebve t\u00eb komunitetit,pa dallim krahine, mbajtjen e kompaktsis\u00eb dhe unitetit t\u00eb komunitetit ton\u00eb dhe s\u00eb dyti, bartja apo trashigimia e ndjenj\u00ebs s\u00eb tradit\u00ebs dhe identitetit ton\u00eb komb\u00ebtar tek brezat e rinj.<\/p>\n<p>P\u00ebrgatiti:<\/p>\n<p>Xheladin Zeneli<\/p>\n<p>1 Qershor 2016<\/p>\n<h4>P\u00ebr ma shum\u00eb Foto &#8211;\u00a0<a class=\"_hli\" href=\"https:\/\/www.facebook.com\/groups\/anaemalitinfo\/\" data-hovercard=\"\/ajax\/hovercard\/group.php?id=300388860871\">Shoqata Shqiptaro-Amerikane &#8220;Ana e Malit&#8221;<\/a> &#8211; Facebook<\/h4>\n","protected":false},"excerpt":{"rendered":"<p>T\u00eb Dil\u00ebn, me 29 Maj 2016 n\u00eb FDR State Park ( NY) , u mbajt pikniku i Shoqat\u00ebs &#8221; Ana e Malit&#8221;, i organizuar n\u00eb kuad\u00ebr t\u00eb piknikut t\u00eb p\u00ebrbashk\u00ebt t\u00eb paralajm\u00ebruar i pes\u00eb Shoqatave t\u00eb diaspor\u00ebs shqiptare . Pikniku i Fondacionit &#8221; Plav\u00eb- Guci&#8221; dhe Shoqat\u00ebs &#8220;Mal\u00ebsia e Madhe-NY&#8221; u mbajt n\u00eb fush\u00ebn ( [&hellip;]<\/p>\n","protected":false},"author":1,"featured_media":0,"comment_status":"closed","ping_status":"closed","sticky":false,"template":"","format":"standard","meta":{"spay_email":"","jetpack_publicize_message":"","jetpack_is_tweetstorm":false,"jetpack_publicize_feature_enabled":true},"categories":[7],"tags":[],"jetpack_publicize_connections":[],"yoast_head":"<!-- This site is optimized with the Yoast SEO plugin v19.1 - https:\/\/yoast.com\/wordpress\/plugins\/seo\/ -->\n<title>U mbajt n\u00eb New York pikniku madh\u00ebshtor i Shoqat\u00ebs &quot;Ana e Malit&quot; - Lajme nga Ulqini<\/title>\n<meta name=\"description\" content=\"T\u00eb Dil\u00ebn, me 29 Maj 2016 n\u00eb FDR State Park ( NY) , u mbajt pikniku i Shoqat\u00ebs &quot; Ana e Malit&quot;, i organizuar n\u00eb kuad\u00ebr t\u00eb piknikut t\u00eb p\u00ebrbashk\u00ebt t\u00eb\" \/>\n<meta name=\"robots\" content=\"index, follow, max-snippet:-1, max-image-preview:large, max-video-preview:-1\" \/>\n<link rel=\"canonical\" href=\"https:\/\/www.visit-ulcinj.com\/blog\/2016\/06\/01\/u-mbajt-ne-new-york-pikniku-madheshtor-shoqates-ana-e-malit\/\" \/>\n<meta property=\"og:locale\" content=\"en_US\" \/>\n<meta property=\"og:type\" content=\"article\" \/>\n<meta property=\"og:title\" content=\"U mbajt n\u00eb New York pikniku madh\u00ebshtor i Shoqat\u00ebs &quot;Ana e Malit&quot; - Lajme nga Ulqini\" \/>\n<meta property=\"og:description\" content=\"T\u00eb Dil\u00ebn, me 29 Maj 2016 n\u00eb FDR State Park ( NY) , u mbajt pikniku i Shoqat\u00ebs &quot; Ana e Malit&quot;, i organizuar n\u00eb kuad\u00ebr t\u00eb piknikut t\u00eb p\u00ebrbashk\u00ebt t\u00eb\" \/>\n<meta property=\"og:url\" content=\"https:\/\/www.visit-ulcinj.com\/blog\/2016\/06\/01\/u-mbajt-ne-new-york-pikniku-madheshtor-shoqates-ana-e-malit\/\" \/>\n<meta property=\"og:site_name\" content=\"Lajme nga Ulqini\" \/>\n<meta property=\"article:published_time\" content=\"2016-06-01T06:44:30+00:00\" \/>\n<meta name=\"twitter:label1\" content=\"Written by\" \/>\n\t<meta name=\"twitter:data1\" content=\"ulqini\" \/>\n\t<meta name=\"twitter:label2\" content=\"Est. reading time\" \/>\n\t<meta name=\"twitter:data2\" content=\"5 minutes\" \/>\n<script type=\"application\/ld+json\" class=\"yoast-schema-graph\">{\"@context\":\"https:\/\/schema.org\",\"@graph\":[{\"@type\":\"WebSite\",\"@id\":\"https:\/\/www.visit-ulcinj.com\/blog\/#website\",\"url\":\"https:\/\/www.visit-ulcinj.com\/blog\/\",\"name\":\"Lajme nga Ulqini\",\"description\":\"Lajme,Vijesti,Ulqini,Ulqin,Crna Gora,Mali i Zi\",\"potentialAction\":[{\"@type\":\"SearchAction\",\"target\":{\"@type\":\"EntryPoint\",\"urlTemplate\":\"https:\/\/www.visit-ulcinj.com\/blog\/?s={search_term_string}\"},\"query-input\":\"required name=search_term_string\"}],\"inLanguage\":\"en-US\"},{\"@type\":\"WebPage\",\"@id\":\"https:\/\/www.visit-ulcinj.com\/blog\/2016\/06\/01\/u-mbajt-ne-new-york-pikniku-madheshtor-shoqates-ana-e-malit\/#webpage\",\"url\":\"https:\/\/www.visit-ulcinj.com\/blog\/2016\/06\/01\/u-mbajt-ne-new-york-pikniku-madheshtor-shoqates-ana-e-malit\/\",\"name\":\"U mbajt n\u00eb New York pikniku madh\u00ebshtor i Shoqat\u00ebs \\\"Ana e Malit\\\" - Lajme nga Ulqini\",\"isPartOf\":{\"@id\":\"https:\/\/www.visit-ulcinj.com\/blog\/#website\"},\"datePublished\":\"2016-06-01T06:44:30+00:00\",\"dateModified\":\"2016-06-01T06:44:30+00:00\",\"author\":{\"@id\":\"https:\/\/www.visit-ulcinj.com\/blog\/#\/schema\/person\/dcab619c614d3038751c63bc2aadc06d\"},\"description\":\"T\u00eb Dil\u00ebn, me 29 Maj 2016 n\u00eb FDR State Park ( NY) , u mbajt pikniku i Shoqat\u00ebs \\\" Ana e Malit\\\", i organizuar n\u00eb kuad\u00ebr t\u00eb piknikut t\u00eb p\u00ebrbashk\u00ebt t\u00eb\",\"breadcrumb\":{\"@id\":\"https:\/\/www.visit-ulcinj.com\/blog\/2016\/06\/01\/u-mbajt-ne-new-york-pikniku-madheshtor-shoqates-ana-e-malit\/#breadcrumb\"},\"inLanguage\":\"en-US\",\"potentialAction\":[{\"@type\":\"ReadAction\",\"target\":[\"https:\/\/www.visit-ulcinj.com\/blog\/2016\/06\/01\/u-mbajt-ne-new-york-pikniku-madheshtor-shoqates-ana-e-malit\/\"]}]},{\"@type\":\"BreadcrumbList\",\"@id\":\"https:\/\/www.visit-ulcinj.com\/blog\/2016\/06\/01\/u-mbajt-ne-new-york-pikniku-madheshtor-shoqates-ana-e-malit\/#breadcrumb\",\"itemListElement\":[{\"@type\":\"ListItem\",\"position\":1,\"name\":\"U mbajt n\u00eb New York pikniku madh\u00ebshtor i Shoqat\u00ebs &#8220;Ana e Malit&#8221;\"}]},{\"@type\":\"Person\",\"@id\":\"https:\/\/www.visit-ulcinj.com\/blog\/#\/schema\/person\/dcab619c614d3038751c63bc2aadc06d\",\"name\":\"ulqini\",\"sameAs\":[\"http:\/\/www.visit-ulcinj.com\"],\"url\":\"https:\/\/www.visit-ulcinj.com\/blog\/author\/admin\/\"}]}<\/script>\n<!-- \/ Yoast SEO plugin. -->","yoast_head_json":{"title":"U mbajt n\u00eb New York pikniku madh\u00ebshtor i Shoqat\u00ebs \"Ana e Malit\" - Lajme nga Ulqini","description":"T\u00eb Dil\u00ebn, me 29 Maj 2016 n\u00eb FDR State Park ( NY) , u mbajt pikniku i Shoqat\u00ebs \" Ana e Malit\", i organizuar n\u00eb kuad\u00ebr t\u00eb piknikut t\u00eb p\u00ebrbashk\u00ebt t\u00eb","robots":{"index":"index","follow":"follow","max-snippet":"max-snippet:-1","max-image-preview":"max-image-preview:large","max-video-preview":"max-video-preview:-1"},"canonical":"https:\/\/www.visit-ulcinj.com\/blog\/2016\/06\/01\/u-mbajt-ne-new-york-pikniku-madheshtor-shoqates-ana-e-malit\/","og_locale":"en_US","og_type":"article","og_title":"U mbajt n\u00eb New York pikniku madh\u00ebshtor i Shoqat\u00ebs \"Ana e Malit\" - Lajme nga Ulqini","og_description":"T\u00eb Dil\u00ebn, me 29 Maj 2016 n\u00eb FDR State Park ( NY) , u mbajt pikniku i Shoqat\u00ebs \" Ana e Malit\", i organizuar n\u00eb kuad\u00ebr t\u00eb piknikut t\u00eb p\u00ebrbashk\u00ebt t\u00eb","og_url":"https:\/\/www.visit-ulcinj.com\/blog\/2016\/06\/01\/u-mbajt-ne-new-york-pikniku-madheshtor-shoqates-ana-e-malit\/","og_site_name":"Lajme nga Ulqini","article_published_time":"2016-06-01T06:44:30+00:00","twitter_misc":{"Written by":"ulqini","Est. reading time":"5 minutes"},"schema":{"@context":"https:\/\/schema.org","@graph":[{"@type":"WebSite","@id":"https:\/\/www.visit-ulcinj.com\/blog\/#website","url":"https:\/\/www.visit-ulcinj.com\/blog\/","name":"Lajme nga Ulqini","description":"Lajme,Vijesti,Ulqini,Ulqin,Crna Gora,Mali i Zi","potentialAction":[{"@type":"SearchAction","target":{"@type":"EntryPoint","urlTemplate":"https:\/\/www.visit-ulcinj.com\/blog\/?s={search_term_string}"},"query-input":"required name=search_term_string"}],"inLanguage":"en-US"},{"@type":"WebPage","@id":"https:\/\/www.visit-ulcinj.com\/blog\/2016\/06\/01\/u-mbajt-ne-new-york-pikniku-madheshtor-shoqates-ana-e-malit\/#webpage","url":"https:\/\/www.visit-ulcinj.com\/blog\/2016\/06\/01\/u-mbajt-ne-new-york-pikniku-madheshtor-shoqates-ana-e-malit\/","name":"U mbajt n\u00eb New York pikniku madh\u00ebshtor i Shoqat\u00ebs \"Ana e Malit\" - Lajme nga Ulqini","isPartOf":{"@id":"https:\/\/www.visit-ulcinj.com\/blog\/#website"},"datePublished":"2016-06-01T06:44:30+00:00","dateModified":"2016-06-01T06:44:30+00:00","author":{"@id":"https:\/\/www.visit-ulcinj.com\/blog\/#\/schema\/person\/dcab619c614d3038751c63bc2aadc06d"},"description":"T\u00eb Dil\u00ebn, me 29 Maj 2016 n\u00eb FDR State Park ( NY) , u mbajt pikniku i Shoqat\u00ebs \" Ana e Malit\", i organizuar n\u00eb kuad\u00ebr t\u00eb piknikut t\u00eb p\u00ebrbashk\u00ebt t\u00eb","breadcrumb":{"@id":"https:\/\/www.visit-ulcinj.com\/blog\/2016\/06\/01\/u-mbajt-ne-new-york-pikniku-madheshtor-shoqates-ana-e-malit\/#breadcrumb"},"inLanguage":"en-US","potentialAction":[{"@type":"ReadAction","target":["https:\/\/www.visit-ulcinj.com\/blog\/2016\/06\/01\/u-mbajt-ne-new-york-pikniku-madheshtor-shoqates-ana-e-malit\/"]}]},{"@type":"BreadcrumbList","@id":"https:\/\/www.visit-ulcinj.com\/blog\/2016\/06\/01\/u-mbajt-ne-new-york-pikniku-madheshtor-shoqates-ana-e-malit\/#breadcrumb","itemListElement":[{"@type":"ListItem","position":1,"name":"U mbajt n\u00eb New York pikniku madh\u00ebshtor i Shoqat\u00ebs &#8220;Ana e Malit&#8221;"}]},{"@type":"Person","@id":"https:\/\/www.visit-ulcinj.com\/blog\/#\/schema\/person\/dcab619c614d3038751c63bc2aadc06d","name":"ulqini","sameAs":["http:\/\/www.visit-ulcinj.com"],"url":"https:\/\/www.visit-ulcinj.com\/blog\/author\/admin\/"}]}},"jetpack_featured_media_url":"","jetpack_sharing_enabled":true,"jetpack_shortlink":"https:\/\/wp.me\/pe6lTn-pjh","_links":{"self":[{"href":"https:\/\/www.visit-ulcinj.com\/blog\/wp-json\/wp\/v2\/posts\/97295"}],"collection":[{"href":"https:\/\/www.visit-ulcinj.com\/blog\/wp-json\/wp\/v2\/posts"}],"about":[{"href":"https:\/\/www.visit-ulcinj.com\/blog\/wp-json\/wp\/v2\/types\/post"}],"author":[{"embeddable":true,"href":"https:\/\/www.visit-ulcinj.com\/blog\/wp-json\/wp\/v2\/users\/1"}],"replies":[{"embeddable":true,"href":"https:\/\/www.visit-ulcinj.com\/blog\/wp-json\/wp\/v2\/comments?post=97295"}],"version-history":[{"count":1,"href":"https:\/\/www.visit-ulcinj.com\/blog\/wp-json\/wp\/v2\/posts\/97295\/revisions"}],"predecessor-version":[{"id":97298,"href":"https:\/\/www.visit-ulcinj.com\/blog\/wp-json\/wp\/v2\/posts\/97295\/revisions\/97298"}],"wp:attachment":[{"href":"https:\/\/www.visit-ulcinj.com\/blog\/wp-json\/wp\/v2\/media?parent=97295"}],"wp:term":[{"taxonomy":"category","embeddable":true,"href":"https:\/\/www.visit-ulcinj.com\/blog\/wp-json\/wp\/v2\/categories?post=97295"},{"taxonomy":"post_tag","embeddable":true,"href":"https:\/\/www.visit-ulcinj.com\/blog\/wp-json\/wp\/v2\/tags?post=97295"}],"curies":[{"name":"wp","href":"https:\/\/api.w.org\/{rel}","templated":true}]}}