{"id":97302,"date":"2016-06-01T18:05:07","date_gmt":"2016-06-01T17:05:07","guid":{"rendered":"http:\/\/www.visit-ulcinj.com\/blog\/?p=97302"},"modified":"2016-06-01T18:05:07","modified_gmt":"2016-06-01T17:05:07","slug":"qente-endacak-problem-per-komunen-e-ulqinit","status":"publish","type":"post","link":"https:\/\/www.visit-ulcinj.com\/blog\/2016\/06\/01\/qente-endacak-problem-per-komunen-e-ulqinit\/","title":{"rendered":"Qent\u00eb endacak problem p\u00ebr komun\u00ebn e Ulqinit"},"content":{"rendered":"<p><strong><a href=\"http:\/\/www.visit-ulcinj.com\/blog\/wp-content\/uploads\/2016\/06\/Qent\u00eb-endacak-problem-p\u00ebr-komun\u00ebn-e-Ulqinit.jpg\"><img loading=\"lazy\" class=\"alignleft wp-image-97303\" src=\"http:\/\/www.visit-ulcinj.com\/blog\/wp-content\/uploads\/2016\/06\/Qent\u00eb-endacak-problem-p\u00ebr-komun\u00ebn-e-Ulqinit.jpg\" alt=\"Qent\u00eb endacak problem p\u00ebr komun\u00ebn e Ulqinit\" width=\"508\" height=\"286\" srcset=\"https:\/\/www.visit-ulcinj.com\/blog\/wp-content\/uploads\/2016\/06\/Qent\u00eb-endacak-problem-p\u00ebr-komun\u00ebn-e-Ulqinit.jpg 960w, https:\/\/www.visit-ulcinj.com\/blog\/wp-content\/uploads\/2016\/06\/Qent\u00eb-endacak-problem-p\u00ebr-komun\u00ebn-e-Ulqinit-300x169.jpg 300w, https:\/\/www.visit-ulcinj.com\/blog\/wp-content\/uploads\/2016\/06\/Qent\u00eb-endacak-problem-p\u00ebr-komun\u00ebn-e-Ulqinit-768x433.jpg 768w\" sizes=\"(max-width: 508px) 100vw, 508px\" \/><\/a>Qent\u00eb endacak jan\u00eb ber\u00eb probleme madhore me t\u00eb cilat po p\u00ebrballet komuna e Ulqinit.<\/strong><\/p>\n<p><strong>Shqet\u00ebsues mbetet problemi i qenve endacak n\u00eb komun\u00ebn e Ulqinit ku tashm\u00eb \u00ebsht\u00eb ber\u00eb problem serioz. Pamje t\u00eb tilla mund ti shoh\u00ebsh n\u00eb \u00e7do an\u00eb t\u00eb qytetit. Friga e f\u00ebmij\u00ebve dhe t\u00eb gjith\u00eb atyre q\u00eb i hasin k\u00ebta qen \u00e7do dit\u00eb n\u00eb rrug\u00eb duhen t\u00eb jen\u00eb shqet\u00ebsuese.<\/strong><\/p>\n<p>Prania e qenve endacak\u00eb n\u00eb rrug\u00ebt e qytetit t\u00eb Ulqinit \u00ebsht\u00eb kthyer n\u00eb nj\u00eb prej problemeve kryesore p\u00ebr banor\u00ebt. Ata i gjen n\u00eb \u00e7do rrug\u00eb, n\u00eb \u00e7do lagje, duke rrezikuar seriozisht qytetar\u00ebt pasi qent\u00eb endacak\u00eb jan\u00eb t\u00eb pavaksinuar dhe mbartin s\u00ebmundje t\u00eb ndryshme.<\/p>\n<p>Qent\u00eb duke jetuar n\u00eb kushte t\u00eb k\u00ebqija dhe duke u ushqyer me mbeturina, ata b\u00ebhen bart\u00ebs t\u00eb shum\u00eb s\u00ebmundjeve t\u00eb rrezikshme, t\u00eb cilat mund t\u00eb transmetohen edhe te njeriu.\u00a0Here pas here qytetar\u00ebt i b\u00ebjn\u00eb apel insititucioneve p\u00ebrkat\u00ebse q\u00eb t\u00eb nd\u00ebrhyjn\u00eb p\u00ebr zgjidhjen e k\u00ebtij problemi.<\/p>\n<p><a href=\"http:\/\/www.visit-ulcinj.com\/blog\/wp-content\/uploads\/2016\/06\/Qent\u00eb-endacak-problem-p\u00ebr-komun\u00ebn-e-Ulqinit-1.jpg\"><img loading=\"lazy\" class=\"alignleft wp-image-97304\" src=\"http:\/\/www.visit-ulcinj.com\/blog\/wp-content\/uploads\/2016\/06\/Qent\u00eb-endacak-problem-p\u00ebr-komun\u00ebn-e-Ulqinit-1.jpg\" alt=\"Qent\u00eb endacak problem p\u00ebr komun\u00ebn e Ulqinit-1\" width=\"508\" height=\"286\" srcset=\"https:\/\/www.visit-ulcinj.com\/blog\/wp-content\/uploads\/2016\/06\/Qent\u00eb-endacak-problem-p\u00ebr-komun\u00ebn-e-Ulqinit-1.jpg 960w, https:\/\/www.visit-ulcinj.com\/blog\/wp-content\/uploads\/2016\/06\/Qent\u00eb-endacak-problem-p\u00ebr-komun\u00ebn-e-Ulqinit-1-300x169.jpg 300w, https:\/\/www.visit-ulcinj.com\/blog\/wp-content\/uploads\/2016\/06\/Qent\u00eb-endacak-problem-p\u00ebr-komun\u00ebn-e-Ulqinit-1-768x432.jpg 768w\" sizes=\"(max-width: 508px) 100vw, 508px\" \/><\/a><\/p>\n","protected":false},"excerpt":{"rendered":"<p>Qent\u00eb endacak jan\u00eb ber\u00eb probleme madhore me t\u00eb cilat po p\u00ebrballet komuna e Ulqinit. Shqet\u00ebsues mbetet problemi i qenve endacak n\u00eb komun\u00ebn e Ulqinit ku tashm\u00eb \u00ebsht\u00eb ber\u00eb problem serioz. Pamje t\u00eb tilla mund ti shoh\u00ebsh n\u00eb \u00e7do an\u00eb t\u00eb qytetit. Friga e f\u00ebmij\u00ebve dhe t\u00eb gjith\u00eb atyre q\u00eb i hasin k\u00ebta qen \u00e7do dit\u00eb [&hellip;]<\/p>\n","protected":false},"author":1,"featured_media":0,"comment_status":"closed","ping_status":"closed","sticky":false,"template":"","format":"standard","meta":{"spay_email":"","jetpack_publicize_message":"","jetpack_is_tweetstorm":false,"jetpack_publicize_feature_enabled":true},"categories":[6950],"tags":[],"jetpack_publicize_connections":[],"yoast_head":"<!-- This site is optimized with the Yoast SEO plugin v19.1 - https:\/\/yoast.com\/wordpress\/plugins\/seo\/ -->\n<title>Qent\u00eb endacak problem p\u00ebr komun\u00ebn e Ulqinit - Lajme nga Ulqini<\/title>\n<meta name=\"description\" content=\"Qent\u00eb endacak jan\u00eb ber\u00eb probleme madhore me t\u00eb cilat po p\u00ebrballet komuna e Ulqinit. Shqet\u00ebsues mbetet problemi i qenve endacak n\u00eb komun\u00ebn e Ulqinit ku\" \/>\n<meta name=\"robots\" content=\"index, follow, max-snippet:-1, max-image-preview:large, max-video-preview:-1\" \/>\n<link rel=\"canonical\" href=\"https:\/\/www.visit-ulcinj.com\/blog\/2016\/06\/01\/qente-endacak-problem-per-komunen-e-ulqinit\/\" \/>\n<meta property=\"og:locale\" content=\"en_US\" \/>\n<meta property=\"og:type\" content=\"article\" \/>\n<meta property=\"og:title\" content=\"Qent\u00eb endacak problem p\u00ebr komun\u00ebn e Ulqinit - Lajme nga Ulqini\" \/>\n<meta property=\"og:description\" content=\"Qent\u00eb endacak jan\u00eb ber\u00eb probleme madhore me t\u00eb cilat po p\u00ebrballet komuna e Ulqinit. Shqet\u00ebsues mbetet problemi i qenve endacak n\u00eb komun\u00ebn e Ulqinit ku\" \/>\n<meta property=\"og:url\" content=\"https:\/\/www.visit-ulcinj.com\/blog\/2016\/06\/01\/qente-endacak-problem-per-komunen-e-ulqinit\/\" \/>\n<meta property=\"og:site_name\" content=\"Lajme nga Ulqini\" \/>\n<meta property=\"article:published_time\" content=\"2016-06-01T17:05:07+00:00\" \/>\n<meta name=\"twitter:label1\" content=\"Written by\" \/>\n\t<meta name=\"twitter:data1\" content=\"ulqini\" \/>\n\t<meta name=\"twitter:label2\" content=\"Est. reading time\" \/>\n\t<meta name=\"twitter:data2\" content=\"1 minute\" \/>\n<script type=\"application\/ld+json\" class=\"yoast-schema-graph\">{\"@context\":\"https:\/\/schema.org\",\"@graph\":[{\"@type\":\"WebSite\",\"@id\":\"https:\/\/www.visit-ulcinj.com\/blog\/#website\",\"url\":\"https:\/\/www.visit-ulcinj.com\/blog\/\",\"name\":\"Lajme nga Ulqini\",\"description\":\"Lajme,Vijesti,Ulqini,Ulqin,Crna Gora,Mali i Zi\",\"potentialAction\":[{\"@type\":\"SearchAction\",\"target\":{\"@type\":\"EntryPoint\",\"urlTemplate\":\"https:\/\/www.visit-ulcinj.com\/blog\/?s={search_term_string}\"},\"query-input\":\"required name=search_term_string\"}],\"inLanguage\":\"en-US\"},{\"@type\":\"WebPage\",\"@id\":\"https:\/\/www.visit-ulcinj.com\/blog\/2016\/06\/01\/qente-endacak-problem-per-komunen-e-ulqinit\/#webpage\",\"url\":\"https:\/\/www.visit-ulcinj.com\/blog\/2016\/06\/01\/qente-endacak-problem-per-komunen-e-ulqinit\/\",\"name\":\"Qent\u00eb endacak problem p\u00ebr komun\u00ebn e Ulqinit - Lajme nga Ulqini\",\"isPartOf\":{\"@id\":\"https:\/\/www.visit-ulcinj.com\/blog\/#website\"},\"datePublished\":\"2016-06-01T17:05:07+00:00\",\"dateModified\":\"2016-06-01T17:05:07+00:00\",\"author\":{\"@id\":\"https:\/\/www.visit-ulcinj.com\/blog\/#\/schema\/person\/dcab619c614d3038751c63bc2aadc06d\"},\"description\":\"Qent\u00eb endacak jan\u00eb ber\u00eb probleme madhore me t\u00eb cilat po p\u00ebrballet komuna e Ulqinit. Shqet\u00ebsues mbetet problemi i qenve endacak n\u00eb komun\u00ebn e Ulqinit ku\",\"breadcrumb\":{\"@id\":\"https:\/\/www.visit-ulcinj.com\/blog\/2016\/06\/01\/qente-endacak-problem-per-komunen-e-ulqinit\/#breadcrumb\"},\"inLanguage\":\"en-US\",\"potentialAction\":[{\"@type\":\"ReadAction\",\"target\":[\"https:\/\/www.visit-ulcinj.com\/blog\/2016\/06\/01\/qente-endacak-problem-per-komunen-e-ulqinit\/\"]}]},{\"@type\":\"BreadcrumbList\",\"@id\":\"https:\/\/www.visit-ulcinj.com\/blog\/2016\/06\/01\/qente-endacak-problem-per-komunen-e-ulqinit\/#breadcrumb\",\"itemListElement\":[{\"@type\":\"ListItem\",\"position\":1,\"name\":\"Qent\u00eb endacak problem p\u00ebr komun\u00ebn e Ulqinit\"}]},{\"@type\":\"Person\",\"@id\":\"https:\/\/www.visit-ulcinj.com\/blog\/#\/schema\/person\/dcab619c614d3038751c63bc2aadc06d\",\"name\":\"ulqini\",\"sameAs\":[\"http:\/\/www.visit-ulcinj.com\"],\"url\":\"https:\/\/www.visit-ulcinj.com\/blog\/author\/admin\/\"}]}<\/script>\n<!-- \/ Yoast SEO plugin. -->","yoast_head_json":{"title":"Qent\u00eb endacak problem p\u00ebr komun\u00ebn e Ulqinit - Lajme nga Ulqini","description":"Qent\u00eb endacak jan\u00eb ber\u00eb probleme madhore me t\u00eb cilat po p\u00ebrballet komuna e Ulqinit. Shqet\u00ebsues mbetet problemi i qenve endacak n\u00eb komun\u00ebn e Ulqinit ku","robots":{"index":"index","follow":"follow","max-snippet":"max-snippet:-1","max-image-preview":"max-image-preview:large","max-video-preview":"max-video-preview:-1"},"canonical":"https:\/\/www.visit-ulcinj.com\/blog\/2016\/06\/01\/qente-endacak-problem-per-komunen-e-ulqinit\/","og_locale":"en_US","og_type":"article","og_title":"Qent\u00eb endacak problem p\u00ebr komun\u00ebn e Ulqinit - Lajme nga Ulqini","og_description":"Qent\u00eb endacak jan\u00eb ber\u00eb probleme madhore me t\u00eb cilat po p\u00ebrballet komuna e Ulqinit. Shqet\u00ebsues mbetet problemi i qenve endacak n\u00eb komun\u00ebn e Ulqinit ku","og_url":"https:\/\/www.visit-ulcinj.com\/blog\/2016\/06\/01\/qente-endacak-problem-per-komunen-e-ulqinit\/","og_site_name":"Lajme nga Ulqini","article_published_time":"2016-06-01T17:05:07+00:00","twitter_misc":{"Written by":"ulqini","Est. reading time":"1 minute"},"schema":{"@context":"https:\/\/schema.org","@graph":[{"@type":"WebSite","@id":"https:\/\/www.visit-ulcinj.com\/blog\/#website","url":"https:\/\/www.visit-ulcinj.com\/blog\/","name":"Lajme nga Ulqini","description":"Lajme,Vijesti,Ulqini,Ulqin,Crna Gora,Mali i Zi","potentialAction":[{"@type":"SearchAction","target":{"@type":"EntryPoint","urlTemplate":"https:\/\/www.visit-ulcinj.com\/blog\/?s={search_term_string}"},"query-input":"required name=search_term_string"}],"inLanguage":"en-US"},{"@type":"WebPage","@id":"https:\/\/www.visit-ulcinj.com\/blog\/2016\/06\/01\/qente-endacak-problem-per-komunen-e-ulqinit\/#webpage","url":"https:\/\/www.visit-ulcinj.com\/blog\/2016\/06\/01\/qente-endacak-problem-per-komunen-e-ulqinit\/","name":"Qent\u00eb endacak problem p\u00ebr komun\u00ebn e Ulqinit - Lajme nga Ulqini","isPartOf":{"@id":"https:\/\/www.visit-ulcinj.com\/blog\/#website"},"datePublished":"2016-06-01T17:05:07+00:00","dateModified":"2016-06-01T17:05:07+00:00","author":{"@id":"https:\/\/www.visit-ulcinj.com\/blog\/#\/schema\/person\/dcab619c614d3038751c63bc2aadc06d"},"description":"Qent\u00eb endacak jan\u00eb ber\u00eb probleme madhore me t\u00eb cilat po p\u00ebrballet komuna e Ulqinit. Shqet\u00ebsues mbetet problemi i qenve endacak n\u00eb komun\u00ebn e Ulqinit ku","breadcrumb":{"@id":"https:\/\/www.visit-ulcinj.com\/blog\/2016\/06\/01\/qente-endacak-problem-per-komunen-e-ulqinit\/#breadcrumb"},"inLanguage":"en-US","potentialAction":[{"@type":"ReadAction","target":["https:\/\/www.visit-ulcinj.com\/blog\/2016\/06\/01\/qente-endacak-problem-per-komunen-e-ulqinit\/"]}]},{"@type":"BreadcrumbList","@id":"https:\/\/www.visit-ulcinj.com\/blog\/2016\/06\/01\/qente-endacak-problem-per-komunen-e-ulqinit\/#breadcrumb","itemListElement":[{"@type":"ListItem","position":1,"name":"Qent\u00eb endacak problem p\u00ebr komun\u00ebn e Ulqinit"}]},{"@type":"Person","@id":"https:\/\/www.visit-ulcinj.com\/blog\/#\/schema\/person\/dcab619c614d3038751c63bc2aadc06d","name":"ulqini","sameAs":["http:\/\/www.visit-ulcinj.com"],"url":"https:\/\/www.visit-ulcinj.com\/blog\/author\/admin\/"}]}},"jetpack_featured_media_url":"","jetpack_sharing_enabled":true,"jetpack_shortlink":"https:\/\/wp.me\/pe6lTn-pjo","_links":{"self":[{"href":"https:\/\/www.visit-ulcinj.com\/blog\/wp-json\/wp\/v2\/posts\/97302"}],"collection":[{"href":"https:\/\/www.visit-ulcinj.com\/blog\/wp-json\/wp\/v2\/posts"}],"about":[{"href":"https:\/\/www.visit-ulcinj.com\/blog\/wp-json\/wp\/v2\/types\/post"}],"author":[{"embeddable":true,"href":"https:\/\/www.visit-ulcinj.com\/blog\/wp-json\/wp\/v2\/users\/1"}],"replies":[{"embeddable":true,"href":"https:\/\/www.visit-ulcinj.com\/blog\/wp-json\/wp\/v2\/comments?post=97302"}],"version-history":[{"count":1,"href":"https:\/\/www.visit-ulcinj.com\/blog\/wp-json\/wp\/v2\/posts\/97302\/revisions"}],"predecessor-version":[{"id":97305,"href":"https:\/\/www.visit-ulcinj.com\/blog\/wp-json\/wp\/v2\/posts\/97302\/revisions\/97305"}],"wp:attachment":[{"href":"https:\/\/www.visit-ulcinj.com\/blog\/wp-json\/wp\/v2\/media?parent=97302"}],"wp:term":[{"taxonomy":"category","embeddable":true,"href":"https:\/\/www.visit-ulcinj.com\/blog\/wp-json\/wp\/v2\/categories?post=97302"},{"taxonomy":"post_tag","embeddable":true,"href":"https:\/\/www.visit-ulcinj.com\/blog\/wp-json\/wp\/v2\/tags?post=97302"}],"curies":[{"name":"wp","href":"https:\/\/api.w.org\/{rel}","templated":true}]}}