{"id":97320,"date":"2016-06-02T14:48:18","date_gmt":"2016-06-02T13:48:18","guid":{"rendered":"http:\/\/www.visit-ulcinj.com\/blog\/?p=97320"},"modified":"2016-06-02T14:48:28","modified_gmt":"2016-06-02T13:48:28","slug":"komuna-ulqinit-paralajmron-masa-rigoroze-per-vjeljen-e-taksave-dhe-tatimeve","status":"publish","type":"post","link":"https:\/\/www.visit-ulcinj.com\/blog\/2016\/06\/02\/komuna-ulqinit-paralajmron-masa-rigoroze-per-vjeljen-e-taksave-dhe-tatimeve\/","title":{"rendered":"Komuna Ulqinit paralajmron masa rigoroze p\u00ebr vjeljen e taksave dhe tatimeve"},"content":{"rendered":"<p><a href=\"http:\/\/www.visit-ulcinj.com\/blog\/wp-content\/uploads\/2016\/06\/Komuna-Ulqinit-Cungu-masa-rigoroze-tatimi.jpg\"><img loading=\"lazy\" class=\"alignleft wp-image-97321\" src=\"http:\/\/www.visit-ulcinj.com\/blog\/wp-content\/uploads\/2016\/06\/Komuna-Ulqinit-Cungu-masa-rigoroze-tatimi.jpg\" alt=\"Komuna-Ulqinit-Cungu-masa-rigoroze-tatimi\" width=\"508\" height=\"336\" srcset=\"https:\/\/www.visit-ulcinj.com\/blog\/wp-content\/uploads\/2016\/06\/Komuna-Ulqinit-Cungu-masa-rigoroze-tatimi.jpg 986w, https:\/\/www.visit-ulcinj.com\/blog\/wp-content\/uploads\/2016\/06\/Komuna-Ulqinit-Cungu-masa-rigoroze-tatimi-300x199.jpg 300w, https:\/\/www.visit-ulcinj.com\/blog\/wp-content\/uploads\/2016\/06\/Komuna-Ulqinit-Cungu-masa-rigoroze-tatimi-768x509.jpg 768w\" sizes=\"(max-width: 508px) 100vw, 508px\" \/><\/a>Duke filluar nga dita e h\u00ebn\u00eb dy ekipe t\u00eb p\u00ebrb\u00ebra nga p\u00ebrfaq\u00ebsuesi i Sekretariatit\u00a0 p\u00ebr buxhet\u00a0 dhe\u00a0 financa, ai i Policis\u00eb\u00a0 komunale\u00a0 dhe\u00a0 p\u00ebrfaq\u00ebsuesi i N.P ,,Veprimtarit\u00eb komunale\u00a0 do\u00a0 t\u00eb dalin n\u00eb terren\u00a0 dhe sht\u00ebpi m\u00eb sht\u00ebpi do\u00a0 t\u00eb kontrollojn\u00eb\u00a0 shlyerjen e tatimeve, taksave dhe huazimet q\u00eb\u00a0 konsumator\u00ebt kan\u00eb ndaj nd\u00ebrmarrjes ,,Veprimtarit\u00eb komunale,, Ky\u00a0 akcion do t\u00eb\u00a0 vazhdoj\u00eb\u00a0 gjat\u00eb t\u00ebr\u00eb sezon\u00ebs turistike dhe ka\u00a0 p\u00ebr q\u00ebllim grumbullimin m\u00eb\u00a0 cil\u00ebsor\u00eb\u00a0 t\u00eb\u00a0\u00a0 taksave dhe\u00a0 obligimeve q\u00eb kan\u00eb qytetar\u00ebt ndaj komun\u00ebs dhe nd\u00ebrmarrjes ,,Veprimtarit\u00eb komunale,, Kryetari\u00a0 Cungu angazhohet\u00a0 p\u00ebr transparenc\u00eb t\u00eb\u00a0 p\u00ebrgjithshme dhe masa q\u00eb jan\u00eb\u00a0 konform\u00eb normave ligjore. E t\u00ebr\u00eb\u00a0 puna e inspektor\u00ebve n\u00eb terren do t\u00eb mbikqyret\u00a0 detalisht\u00a0 nga Sekretar\u00ebt e sekretariateve, n\u00ebnkryetar\u00ebt dhe nga ana e Kryetarit t\u00eb komun\u00ebs.<\/p>\n","protected":false},"excerpt":{"rendered":"<p>Duke filluar nga dita e h\u00ebn\u00eb dy ekipe t\u00eb p\u00ebrb\u00ebra nga p\u00ebrfaq\u00ebsuesi i Sekretariatit\u00a0 p\u00ebr buxhet\u00a0 dhe\u00a0 financa, ai i Policis\u00eb\u00a0 komunale\u00a0 dhe\u00a0 p\u00ebrfaq\u00ebsuesi i N.P ,,Veprimtarit\u00eb komunale\u00a0 do\u00a0 t\u00eb dalin n\u00eb terren\u00a0 dhe sht\u00ebpi m\u00eb sht\u00ebpi do\u00a0 t\u00eb kontrollojn\u00eb\u00a0 shlyerjen e tatimeve, taksave dhe huazimet q\u00eb\u00a0 konsumator\u00ebt kan\u00eb ndaj nd\u00ebrmarrjes ,,Veprimtarit\u00eb komunale,, Ky\u00a0 akcion [&hellip;]<\/p>\n","protected":false},"author":1,"featured_media":0,"comment_status":"closed","ping_status":"closed","sticky":false,"template":"","format":"standard","meta":{"spay_email":"","jetpack_publicize_message":"","jetpack_is_tweetstorm":false,"jetpack_publicize_feature_enabled":true},"categories":[6950],"tags":[],"jetpack_publicize_connections":[],"yoast_head":"<!-- This site is optimized with the Yoast SEO plugin v19.1 - https:\/\/yoast.com\/wordpress\/plugins\/seo\/ -->\n<title>Komuna Ulqinit paralajmron masa rigoroze p\u00ebr vjeljen e taksave dhe tatimeve - Lajme nga Ulqini<\/title>\n<meta name=\"description\" content=\"Duke filluar nga dita e h\u00ebn\u00eb dy ekipe t\u00eb p\u00ebrb\u00ebra nga p\u00ebrfaq\u00ebsuesi i Sekretariatit\u00a0 p\u00ebr buxhet\u00a0 dhe\u00a0 financa, ai i Policis\u00eb\u00a0 komunale\u00a0 dhe\u00a0 p\u00ebrfaq\u00ebsuesi i\" \/>\n<meta name=\"robots\" content=\"index, follow, max-snippet:-1, max-image-preview:large, max-video-preview:-1\" \/>\n<link rel=\"canonical\" href=\"https:\/\/www.visit-ulcinj.com\/blog\/2016\/06\/02\/komuna-ulqinit-paralajmron-masa-rigoroze-per-vjeljen-e-taksave-dhe-tatimeve\/\" \/>\n<meta property=\"og:locale\" content=\"en_US\" \/>\n<meta property=\"og:type\" content=\"article\" \/>\n<meta property=\"og:title\" content=\"Komuna Ulqinit paralajmron masa rigoroze p\u00ebr vjeljen e taksave dhe tatimeve - Lajme nga Ulqini\" \/>\n<meta property=\"og:description\" content=\"Duke filluar nga dita e h\u00ebn\u00eb dy ekipe t\u00eb p\u00ebrb\u00ebra nga p\u00ebrfaq\u00ebsuesi i Sekretariatit\u00a0 p\u00ebr buxhet\u00a0 dhe\u00a0 financa, ai i Policis\u00eb\u00a0 komunale\u00a0 dhe\u00a0 p\u00ebrfaq\u00ebsuesi i\" \/>\n<meta property=\"og:url\" content=\"https:\/\/www.visit-ulcinj.com\/blog\/2016\/06\/02\/komuna-ulqinit-paralajmron-masa-rigoroze-per-vjeljen-e-taksave-dhe-tatimeve\/\" \/>\n<meta property=\"og:site_name\" content=\"Lajme nga Ulqini\" \/>\n<meta property=\"article:published_time\" content=\"2016-06-02T13:48:18+00:00\" \/>\n<meta property=\"article:modified_time\" content=\"2016-06-02T13:48:28+00:00\" \/>\n<meta property=\"og:image\" content=\"http:\/\/www.visit-ulcinj.com\/blog\/wp-content\/uploads\/2016\/06\/Komuna-Ulqinit-Cungu-masa-rigoroze-tatimi.jpg\" \/>\n<meta name=\"twitter:label1\" content=\"Written by\" \/>\n\t<meta name=\"twitter:data1\" content=\"ulqini\" \/>\n\t<meta name=\"twitter:label2\" content=\"Est. reading time\" \/>\n\t<meta name=\"twitter:data2\" content=\"1 minute\" \/>\n<script type=\"application\/ld+json\" class=\"yoast-schema-graph\">{\"@context\":\"https:\/\/schema.org\",\"@graph\":[{\"@type\":\"WebSite\",\"@id\":\"https:\/\/www.visit-ulcinj.com\/blog\/#website\",\"url\":\"https:\/\/www.visit-ulcinj.com\/blog\/\",\"name\":\"Lajme nga Ulqini\",\"description\":\"Lajme,Vijesti,Ulqini,Ulqin,Crna Gora,Mali i Zi\",\"potentialAction\":[{\"@type\":\"SearchAction\",\"target\":{\"@type\":\"EntryPoint\",\"urlTemplate\":\"https:\/\/www.visit-ulcinj.com\/blog\/?s={search_term_string}\"},\"query-input\":\"required name=search_term_string\"}],\"inLanguage\":\"en-US\"},{\"@type\":\"ImageObject\",\"inLanguage\":\"en-US\",\"@id\":\"https:\/\/www.visit-ulcinj.com\/blog\/2016\/06\/02\/komuna-ulqinit-paralajmron-masa-rigoroze-per-vjeljen-e-taksave-dhe-tatimeve\/#primaryimage\",\"url\":\"https:\/\/www.visit-ulcinj.com\/blog\/wp-content\/uploads\/2016\/06\/Komuna-Ulqinit-Cungu-masa-rigoroze-tatimi.jpg\",\"contentUrl\":\"https:\/\/www.visit-ulcinj.com\/blog\/wp-content\/uploads\/2016\/06\/Komuna-Ulqinit-Cungu-masa-rigoroze-tatimi.jpg\",\"width\":986,\"height\":653},{\"@type\":\"WebPage\",\"@id\":\"https:\/\/www.visit-ulcinj.com\/blog\/2016\/06\/02\/komuna-ulqinit-paralajmron-masa-rigoroze-per-vjeljen-e-taksave-dhe-tatimeve\/#webpage\",\"url\":\"https:\/\/www.visit-ulcinj.com\/blog\/2016\/06\/02\/komuna-ulqinit-paralajmron-masa-rigoroze-per-vjeljen-e-taksave-dhe-tatimeve\/\",\"name\":\"Komuna Ulqinit paralajmron masa rigoroze p\u00ebr vjeljen e taksave dhe tatimeve - Lajme nga Ulqini\",\"isPartOf\":{\"@id\":\"https:\/\/www.visit-ulcinj.com\/blog\/#website\"},\"primaryImageOfPage\":{\"@id\":\"https:\/\/www.visit-ulcinj.com\/blog\/2016\/06\/02\/komuna-ulqinit-paralajmron-masa-rigoroze-per-vjeljen-e-taksave-dhe-tatimeve\/#primaryimage\"},\"datePublished\":\"2016-06-02T13:48:18+00:00\",\"dateModified\":\"2016-06-02T13:48:28+00:00\",\"author\":{\"@id\":\"https:\/\/www.visit-ulcinj.com\/blog\/#\/schema\/person\/dcab619c614d3038751c63bc2aadc06d\"},\"description\":\"Duke filluar nga dita e h\u00ebn\u00eb dy ekipe t\u00eb p\u00ebrb\u00ebra nga p\u00ebrfaq\u00ebsuesi i Sekretariatit\u00a0 p\u00ebr buxhet\u00a0 dhe\u00a0 financa, ai i Policis\u00eb\u00a0 komunale\u00a0 dhe\u00a0 p\u00ebrfaq\u00ebsuesi i\",\"breadcrumb\":{\"@id\":\"https:\/\/www.visit-ulcinj.com\/blog\/2016\/06\/02\/komuna-ulqinit-paralajmron-masa-rigoroze-per-vjeljen-e-taksave-dhe-tatimeve\/#breadcrumb\"},\"inLanguage\":\"en-US\",\"potentialAction\":[{\"@type\":\"ReadAction\",\"target\":[\"https:\/\/www.visit-ulcinj.com\/blog\/2016\/06\/02\/komuna-ulqinit-paralajmron-masa-rigoroze-per-vjeljen-e-taksave-dhe-tatimeve\/\"]}]},{\"@type\":\"BreadcrumbList\",\"@id\":\"https:\/\/www.visit-ulcinj.com\/blog\/2016\/06\/02\/komuna-ulqinit-paralajmron-masa-rigoroze-per-vjeljen-e-taksave-dhe-tatimeve\/#breadcrumb\",\"itemListElement\":[{\"@type\":\"ListItem\",\"position\":1,\"name\":\"Komuna Ulqinit paralajmron masa rigoroze p\u00ebr vjeljen e taksave dhe tatimeve\"}]},{\"@type\":\"Person\",\"@id\":\"https:\/\/www.visit-ulcinj.com\/blog\/#\/schema\/person\/dcab619c614d3038751c63bc2aadc06d\",\"name\":\"ulqini\",\"sameAs\":[\"http:\/\/www.visit-ulcinj.com\"],\"url\":\"https:\/\/www.visit-ulcinj.com\/blog\/author\/admin\/\"}]}<\/script>\n<!-- \/ Yoast SEO plugin. -->","yoast_head_json":{"title":"Komuna Ulqinit paralajmron masa rigoroze p\u00ebr vjeljen e taksave dhe tatimeve - Lajme nga Ulqini","description":"Duke filluar nga dita e h\u00ebn\u00eb dy ekipe t\u00eb p\u00ebrb\u00ebra nga p\u00ebrfaq\u00ebsuesi i Sekretariatit\u00a0 p\u00ebr buxhet\u00a0 dhe\u00a0 financa, ai i Policis\u00eb\u00a0 komunale\u00a0 dhe\u00a0 p\u00ebrfaq\u00ebsuesi i","robots":{"index":"index","follow":"follow","max-snippet":"max-snippet:-1","max-image-preview":"max-image-preview:large","max-video-preview":"max-video-preview:-1"},"canonical":"https:\/\/www.visit-ulcinj.com\/blog\/2016\/06\/02\/komuna-ulqinit-paralajmron-masa-rigoroze-per-vjeljen-e-taksave-dhe-tatimeve\/","og_locale":"en_US","og_type":"article","og_title":"Komuna Ulqinit paralajmron masa rigoroze p\u00ebr vjeljen e taksave dhe tatimeve - Lajme nga Ulqini","og_description":"Duke filluar nga dita e h\u00ebn\u00eb dy ekipe t\u00eb p\u00ebrb\u00ebra nga p\u00ebrfaq\u00ebsuesi i Sekretariatit\u00a0 p\u00ebr buxhet\u00a0 dhe\u00a0 financa, ai i Policis\u00eb\u00a0 komunale\u00a0 dhe\u00a0 p\u00ebrfaq\u00ebsuesi i","og_url":"https:\/\/www.visit-ulcinj.com\/blog\/2016\/06\/02\/komuna-ulqinit-paralajmron-masa-rigoroze-per-vjeljen-e-taksave-dhe-tatimeve\/","og_site_name":"Lajme nga Ulqini","article_published_time":"2016-06-02T13:48:18+00:00","article_modified_time":"2016-06-02T13:48:28+00:00","og_image":[{"url":"http:\/\/www.visit-ulcinj.com\/blog\/wp-content\/uploads\/2016\/06\/Komuna-Ulqinit-Cungu-masa-rigoroze-tatimi.jpg"}],"twitter_misc":{"Written by":"ulqini","Est. reading time":"1 minute"},"schema":{"@context":"https:\/\/schema.org","@graph":[{"@type":"WebSite","@id":"https:\/\/www.visit-ulcinj.com\/blog\/#website","url":"https:\/\/www.visit-ulcinj.com\/blog\/","name":"Lajme nga Ulqini","description":"Lajme,Vijesti,Ulqini,Ulqin,Crna Gora,Mali i Zi","potentialAction":[{"@type":"SearchAction","target":{"@type":"EntryPoint","urlTemplate":"https:\/\/www.visit-ulcinj.com\/blog\/?s={search_term_string}"},"query-input":"required name=search_term_string"}],"inLanguage":"en-US"},{"@type":"ImageObject","inLanguage":"en-US","@id":"https:\/\/www.visit-ulcinj.com\/blog\/2016\/06\/02\/komuna-ulqinit-paralajmron-masa-rigoroze-per-vjeljen-e-taksave-dhe-tatimeve\/#primaryimage","url":"https:\/\/www.visit-ulcinj.com\/blog\/wp-content\/uploads\/2016\/06\/Komuna-Ulqinit-Cungu-masa-rigoroze-tatimi.jpg","contentUrl":"https:\/\/www.visit-ulcinj.com\/blog\/wp-content\/uploads\/2016\/06\/Komuna-Ulqinit-Cungu-masa-rigoroze-tatimi.jpg","width":986,"height":653},{"@type":"WebPage","@id":"https:\/\/www.visit-ulcinj.com\/blog\/2016\/06\/02\/komuna-ulqinit-paralajmron-masa-rigoroze-per-vjeljen-e-taksave-dhe-tatimeve\/#webpage","url":"https:\/\/www.visit-ulcinj.com\/blog\/2016\/06\/02\/komuna-ulqinit-paralajmron-masa-rigoroze-per-vjeljen-e-taksave-dhe-tatimeve\/","name":"Komuna Ulqinit paralajmron masa rigoroze p\u00ebr vjeljen e taksave dhe tatimeve - Lajme nga Ulqini","isPartOf":{"@id":"https:\/\/www.visit-ulcinj.com\/blog\/#website"},"primaryImageOfPage":{"@id":"https:\/\/www.visit-ulcinj.com\/blog\/2016\/06\/02\/komuna-ulqinit-paralajmron-masa-rigoroze-per-vjeljen-e-taksave-dhe-tatimeve\/#primaryimage"},"datePublished":"2016-06-02T13:48:18+00:00","dateModified":"2016-06-02T13:48:28+00:00","author":{"@id":"https:\/\/www.visit-ulcinj.com\/blog\/#\/schema\/person\/dcab619c614d3038751c63bc2aadc06d"},"description":"Duke filluar nga dita e h\u00ebn\u00eb dy ekipe t\u00eb p\u00ebrb\u00ebra nga p\u00ebrfaq\u00ebsuesi i Sekretariatit\u00a0 p\u00ebr buxhet\u00a0 dhe\u00a0 financa, ai i Policis\u00eb\u00a0 komunale\u00a0 dhe\u00a0 p\u00ebrfaq\u00ebsuesi i","breadcrumb":{"@id":"https:\/\/www.visit-ulcinj.com\/blog\/2016\/06\/02\/komuna-ulqinit-paralajmron-masa-rigoroze-per-vjeljen-e-taksave-dhe-tatimeve\/#breadcrumb"},"inLanguage":"en-US","potentialAction":[{"@type":"ReadAction","target":["https:\/\/www.visit-ulcinj.com\/blog\/2016\/06\/02\/komuna-ulqinit-paralajmron-masa-rigoroze-per-vjeljen-e-taksave-dhe-tatimeve\/"]}]},{"@type":"BreadcrumbList","@id":"https:\/\/www.visit-ulcinj.com\/blog\/2016\/06\/02\/komuna-ulqinit-paralajmron-masa-rigoroze-per-vjeljen-e-taksave-dhe-tatimeve\/#breadcrumb","itemListElement":[{"@type":"ListItem","position":1,"name":"Komuna Ulqinit paralajmron masa rigoroze p\u00ebr vjeljen e taksave dhe tatimeve"}]},{"@type":"Person","@id":"https:\/\/www.visit-ulcinj.com\/blog\/#\/schema\/person\/dcab619c614d3038751c63bc2aadc06d","name":"ulqini","sameAs":["http:\/\/www.visit-ulcinj.com"],"url":"https:\/\/www.visit-ulcinj.com\/blog\/author\/admin\/"}]}},"jetpack_featured_media_url":"","jetpack_sharing_enabled":true,"jetpack_shortlink":"https:\/\/wp.me\/pe6lTn-pjG","_links":{"self":[{"href":"https:\/\/www.visit-ulcinj.com\/blog\/wp-json\/wp\/v2\/posts\/97320"}],"collection":[{"href":"https:\/\/www.visit-ulcinj.com\/blog\/wp-json\/wp\/v2\/posts"}],"about":[{"href":"https:\/\/www.visit-ulcinj.com\/blog\/wp-json\/wp\/v2\/types\/post"}],"author":[{"embeddable":true,"href":"https:\/\/www.visit-ulcinj.com\/blog\/wp-json\/wp\/v2\/users\/1"}],"replies":[{"embeddable":true,"href":"https:\/\/www.visit-ulcinj.com\/blog\/wp-json\/wp\/v2\/comments?post=97320"}],"version-history":[{"count":2,"href":"https:\/\/www.visit-ulcinj.com\/blog\/wp-json\/wp\/v2\/posts\/97320\/revisions"}],"predecessor-version":[{"id":97323,"href":"https:\/\/www.visit-ulcinj.com\/blog\/wp-json\/wp\/v2\/posts\/97320\/revisions\/97323"}],"wp:attachment":[{"href":"https:\/\/www.visit-ulcinj.com\/blog\/wp-json\/wp\/v2\/media?parent=97320"}],"wp:term":[{"taxonomy":"category","embeddable":true,"href":"https:\/\/www.visit-ulcinj.com\/blog\/wp-json\/wp\/v2\/categories?post=97320"},{"taxonomy":"post_tag","embeddable":true,"href":"https:\/\/www.visit-ulcinj.com\/blog\/wp-json\/wp\/v2\/tags?post=97320"}],"curies":[{"name":"wp","href":"https:\/\/api.w.org\/{rel}","templated":true}]}}