{"id":97326,"date":"2016-06-02T16:10:21","date_gmt":"2016-06-02T15:10:21","guid":{"rendered":"http:\/\/www.visit-ulcinj.com\/blog\/?p=97326"},"modified":"2016-06-02T16:10:21","modified_gmt":"2016-06-02T15:10:21","slug":"mali-zi-nen-presion-per-te-hapur-dosjet-sekrete","status":"publish","type":"post","link":"https:\/\/www.visit-ulcinj.com\/blog\/2016\/06\/02\/mali-zi-nen-presion-per-te-hapur-dosjet-sekrete\/","title":{"rendered":"Mali i Zi n\u00ebn presion p\u00ebr t\u00eb hapur dosjet sekrete"},"content":{"rendered":"<h4><a href=\"http:\/\/www.visit-ulcinj.com\/blog\/wp-content\/uploads\/2016\/06\/dosjet-sekrete-.jpg\"><img loading=\"lazy\" class=\"alignleft wp-image-97327\" src=\"http:\/\/www.visit-ulcinj.com\/blog\/wp-content\/uploads\/2016\/06\/dosjet-sekrete-.jpg\" alt=\"dosjet sekrete-\" width=\"508\" height=\"381\" srcset=\"https:\/\/www.visit-ulcinj.com\/blog\/wp-content\/uploads\/2016\/06\/dosjet-sekrete-.jpg 640w, https:\/\/www.visit-ulcinj.com\/blog\/wp-content\/uploads\/2016\/06\/dosjet-sekrete--300x225.jpg 300w\" sizes=\"(max-width: 508px) 100vw, 508px\" \/><\/a>Partit\u00eb opozitare thon\u00eb se n\u00ebse kandidati i tyre i p\u00ebrbashk\u00ebt b\u00ebhet inspektor i sh\u00ebrbimit t\u00eb inteligjenc\u00ebs n\u00eb vend, agjencia do t\u00eb depolitizohet dhe dokumentet sekrete t\u00eb periudh\u00ebs komuniste mund t\u00eb hapen.<\/h4>\n<p>Partit\u00eb opozitare, t\u00eb cilat tashm\u00eb jan\u00eb pjes\u00eb e qeveris\u00eb s\u00eb Malit t\u00eb Zi, jan\u00eb t\u00eb vendosura \u00a0t\u00eb propozojn\u00eb kandidatin e tyre p\u00ebr postin e Inspektorit t\u00eb P\u00ebrgjithsh\u00ebm t\u00eb Agjencis\u00eb s\u00eb Siguris\u00eb Komb\u00ebtare, duke shpresuar t\u00eb hetojn\u00eb pun\u00ebn e agjencis\u00eb s\u00eb inteligjenc\u00ebs, e cila akuzohet gjer\u00ebsisht p\u00ebr shkelje q\u00eb favorizojn\u00eb partin\u00eb e kryeministrit\u00a0 Milo Djukanovi\u00e7.<\/p>\n<p>BIRN ka m\u00ebsuar se partit\u00eb opozitare, t\u00eb cilat hyn\u00eb kabinetin qeveris\u00ebs n\u00eb fillim t\u00eb majit si pjes\u00eb e marr\u00ebveshjes parazgjedhore, do t\u00eb propozojn\u00eb nj\u00eb oficer inteligjence t\u00eb dal\u00eb n\u00eb pension, Gojko Pejovi\u00e7, p\u00ebr postin, mbajt\u00ebsi i t\u00eb cilit lejohet t\u00eb shoh\u00eb dosjet e operacioneve t\u00eb sh\u00ebrbimeve sekrete dhe ato t\u00eb mbik\u00ebqyrjes.<\/p>\n<p>Nedeljko Rudovi\u00e7, nj\u00eb zyrtar i L\u00ebvizjes opozitare Qytetare URA, konfirmoi se t\u00eb tria partit\u00eb e opozit\u00ebs do t\u00eb paraqesin kandidatin e tyre p\u00ebr postin deri n\u00eb fund t\u00eb k\u00ebsaj jave.<\/p>\n<p>Ai i tha p\u00ebr BIRN t\u00eb h\u00ebn\u00ebn se plani i par\u00eb p\u00ebr p\u00ebrfaq\u00ebsuesit e opozit\u00ebs n\u00eb k\u00ebt\u00eb post do t\u00eb jet\u00eb parandalimi i abuzimeve dhe at\u00eb q\u00eb ai e quajti \u201cinxhinieri zgjedhore\u201d.<\/p>\n<p>\u201cAgjencia e Siguris\u00eb Komb\u00ebtare duhet t\u00eb shnd\u00ebrrohet n\u00eb nj\u00eb sh\u00ebrbim politik neutral,\u201d tha Rudovi\u00e7.<\/p>\n<p>Megjithat\u00eb, aleanca kryesore e opozit\u00ebs, Fronti Demokratik, thot\u00eb gjithashtu se hapja e dosjeve sekrete nga epoka komuniste dhe ato nga vitet \u201990 duhet t\u00eb jen\u00eb detyra e par\u00eb e Pejovi\u00e7it.<\/p>\n<p>Mali i Zi \u00ebsht\u00eb nj\u00eb nga vendet e pakta ish-komuniste q\u00eb nuk e ka b\u00ebr\u00eb q\u00eb deri m\u00eb tani. Aleanca nuk \u00ebsht\u00eb pjes\u00eb e qeveris\u00eb s\u00eb re t\u00eb formuar p\u00ebr t\u00eb p\u00ebrfshir\u00eb opozit\u00ebn. Megjithat\u00eb, nj\u00eb nga udh\u00ebheq\u00ebsit e Frontit, Nebojsha Medojevi\u00e7, ka k\u00ebrkuar p\u00ebr nj\u00eb hapje urgjente t\u00eb dosjeve sekrete.<\/p>\n<p>\u201cDosjet e UDB [Policis\u00eb sekrete komuniste t\u00eb Jugosllavis\u00eb] duhet t\u00eb hapen. Shum\u00eb politikan\u00eb, manjat\u00eb, intelektual\u00eb, shkrimtar\u00eb, aktor\u00eb, analist\u00eb, sidomos gazetar\u00ebt dhe aktivist\u00ebt e OJQ-ve do t\u00eb gjenden mes bashk\u00ebpun\u00ebtor\u00ebve t\u00eb UDBA-s\u00eb,\u201d parashikoi Medojevi\u00e7.<\/p>\n<p>Pavar\u00ebsisht nj\u00eb dekade t\u00eb premtimeve dhe presionit nd\u00ebrkomb\u00ebtar, shumica e dosjeve t\u00eb sigurimit t\u00eb shtetit malazez mbeten t\u00eb mbyllura, kryesisht p\u00ebr arsye politike, edhe pse vendet e tjera t\u00eb Ballkanit filluan t\u00eb hapin arkivat e tyre koh\u00eb m\u00eb par\u00eb.<\/p>\n<p>Shtatorin e kaluar, Kroacia i ka dor\u00ebzuar t\u00eb gjitha dokumentet e sh\u00ebrbimeve sekrete q\u00eb datojn\u00eb nga viti 1937 deri n\u00eb 1990 n\u00eb arkivat e shtetit, t\u00eb cilat me kalimin e koh\u00ebs do t\u00eb lejojn\u00eb q\u00eb ato t\u00eb shihen nga publiku kroat, n\u00ebn kufizime t\u00eb caktuara.<\/p>\n<p>Dokumentet vijn\u00eb nga UDBA, si dhe nga sh\u00ebrbimet sekrete t\u00eb Mbret\u00ebris\u00eb s\u00eb m\u00ebparshme t\u00eb Jugosllavis\u00eb dhe ato t\u00eb shtetit fashist kukull t\u00eb Luft\u00ebs s\u00eb Dyt\u00eb Bot\u00ebrore, Shtetit t\u00eb Pavarur Kroat.<\/p>\n<p>N\u00eb dhjetor 2015, Shqip\u00ebria filloi procesin e zgjedhjes s\u00eb an\u00ebtar\u00ebve t\u00eb zyr\u00ebs q\u00eb do t\u00eb jet\u00eb n\u00eb krye t\u00eb hapjes s\u00eb dosjeve sekrete t\u00eb policis\u00eb, grumbulluar n\u00ebn diktatur\u00ebn komuniste t\u00eb Enver Hoxh\u00ebs.<\/p>\n<p>Jo t\u00eb gjitha vendet e Ballkanit kan\u00eb p\u00ebrqafuar transparenc\u00ebn. N\u00eb Serbi, nd\u00ebrsa disa dokumente nga epoka komuniste jan\u00eb deklasifikuar, dokumentet e luft\u00ebrave t\u00eb viteve 1990 jan\u00eb ende t\u00eb mbyllura.<\/p>\n<p><strong>Gazeta Tema<\/strong><\/p>\n","protected":false},"excerpt":{"rendered":"<p>Partit\u00eb opozitare thon\u00eb se n\u00ebse kandidati i tyre i p\u00ebrbashk\u00ebt b\u00ebhet inspektor i sh\u00ebrbimit t\u00eb inteligjenc\u00ebs n\u00eb vend, agjencia do t\u00eb depolitizohet dhe dokumentet sekrete t\u00eb periudh\u00ebs komuniste mund t\u00eb hapen. Partit\u00eb opozitare, t\u00eb cilat tashm\u00eb jan\u00eb pjes\u00eb e qeveris\u00eb s\u00eb Malit t\u00eb Zi, jan\u00eb t\u00eb vendosura \u00a0t\u00eb propozojn\u00eb kandidatin e tyre p\u00ebr postin e [&hellip;]<\/p>\n","protected":false},"author":1,"featured_media":0,"comment_status":"closed","ping_status":"closed","sticky":false,"template":"","format":"standard","meta":{"spay_email":"","jetpack_publicize_message":"","jetpack_is_tweetstorm":false,"jetpack_publicize_feature_enabled":true},"categories":[13],"tags":[],"jetpack_publicize_connections":[],"yoast_head":"<!-- This site is optimized with the Yoast SEO plugin v19.1 - https:\/\/yoast.com\/wordpress\/plugins\/seo\/ -->\n<title>Mali i Zi n\u00ebn presion p\u00ebr t\u00eb hapur dosjet sekrete - Lajme nga Ulqini<\/title>\n<meta name=\"description\" content=\"Partit\u00eb opozitare thon\u00eb se n\u00ebse kandidati i tyre i p\u00ebrbashk\u00ebt b\u00ebhet inspektor i sh\u00ebrbimit t\u00eb inteligjenc\u00ebs n\u00eb vend, agjencia do t\u00eb depolitizohet dhe\" \/>\n<meta name=\"robots\" content=\"index, follow, max-snippet:-1, max-image-preview:large, max-video-preview:-1\" \/>\n<link rel=\"canonical\" href=\"https:\/\/www.visit-ulcinj.com\/blog\/2016\/06\/02\/mali-zi-nen-presion-per-te-hapur-dosjet-sekrete\/\" \/>\n<meta property=\"og:locale\" content=\"en_US\" \/>\n<meta property=\"og:type\" content=\"article\" \/>\n<meta property=\"og:title\" content=\"Mali i Zi n\u00ebn presion p\u00ebr t\u00eb hapur dosjet sekrete - Lajme nga Ulqini\" \/>\n<meta property=\"og:description\" content=\"Partit\u00eb opozitare thon\u00eb se n\u00ebse kandidati i tyre i p\u00ebrbashk\u00ebt b\u00ebhet inspektor i sh\u00ebrbimit t\u00eb inteligjenc\u00ebs n\u00eb vend, agjencia do t\u00eb depolitizohet dhe\" \/>\n<meta property=\"og:url\" content=\"https:\/\/www.visit-ulcinj.com\/blog\/2016\/06\/02\/mali-zi-nen-presion-per-te-hapur-dosjet-sekrete\/\" \/>\n<meta property=\"og:site_name\" content=\"Lajme nga Ulqini\" \/>\n<meta property=\"article:published_time\" content=\"2016-06-02T15:10:21+00:00\" \/>\n<meta property=\"og:image\" content=\"http:\/\/www.visit-ulcinj.com\/blog\/wp-content\/uploads\/2016\/06\/dosjet-sekrete-.jpg\" \/>\n<meta name=\"twitter:label1\" content=\"Written by\" \/>\n\t<meta name=\"twitter:data1\" content=\"ulqini\" \/>\n\t<meta name=\"twitter:label2\" content=\"Est. reading time\" \/>\n\t<meta name=\"twitter:data2\" content=\"3 minutes\" \/>\n<script type=\"application\/ld+json\" class=\"yoast-schema-graph\">{\"@context\":\"https:\/\/schema.org\",\"@graph\":[{\"@type\":\"WebSite\",\"@id\":\"https:\/\/www.visit-ulcinj.com\/blog\/#website\",\"url\":\"https:\/\/www.visit-ulcinj.com\/blog\/\",\"name\":\"Lajme nga Ulqini\",\"description\":\"Lajme,Vijesti,Ulqini,Ulqin,Crna Gora,Mali i Zi\",\"potentialAction\":[{\"@type\":\"SearchAction\",\"target\":{\"@type\":\"EntryPoint\",\"urlTemplate\":\"https:\/\/www.visit-ulcinj.com\/blog\/?s={search_term_string}\"},\"query-input\":\"required name=search_term_string\"}],\"inLanguage\":\"en-US\"},{\"@type\":\"ImageObject\",\"inLanguage\":\"en-US\",\"@id\":\"https:\/\/www.visit-ulcinj.com\/blog\/2016\/06\/02\/mali-zi-nen-presion-per-te-hapur-dosjet-sekrete\/#primaryimage\",\"url\":\"https:\/\/www.visit-ulcinj.com\/blog\/wp-content\/uploads\/2016\/06\/dosjet-sekrete-.jpg\",\"contentUrl\":\"https:\/\/www.visit-ulcinj.com\/blog\/wp-content\/uploads\/2016\/06\/dosjet-sekrete-.jpg\",\"width\":640,\"height\":480},{\"@type\":\"WebPage\",\"@id\":\"https:\/\/www.visit-ulcinj.com\/blog\/2016\/06\/02\/mali-zi-nen-presion-per-te-hapur-dosjet-sekrete\/#webpage\",\"url\":\"https:\/\/www.visit-ulcinj.com\/blog\/2016\/06\/02\/mali-zi-nen-presion-per-te-hapur-dosjet-sekrete\/\",\"name\":\"Mali i Zi n\u00ebn presion p\u00ebr t\u00eb hapur dosjet sekrete - Lajme nga Ulqini\",\"isPartOf\":{\"@id\":\"https:\/\/www.visit-ulcinj.com\/blog\/#website\"},\"primaryImageOfPage\":{\"@id\":\"https:\/\/www.visit-ulcinj.com\/blog\/2016\/06\/02\/mali-zi-nen-presion-per-te-hapur-dosjet-sekrete\/#primaryimage\"},\"datePublished\":\"2016-06-02T15:10:21+00:00\",\"dateModified\":\"2016-06-02T15:10:21+00:00\",\"author\":{\"@id\":\"https:\/\/www.visit-ulcinj.com\/blog\/#\/schema\/person\/dcab619c614d3038751c63bc2aadc06d\"},\"description\":\"Partit\u00eb opozitare thon\u00eb se n\u00ebse kandidati i tyre i p\u00ebrbashk\u00ebt b\u00ebhet inspektor i sh\u00ebrbimit t\u00eb inteligjenc\u00ebs n\u00eb vend, agjencia do t\u00eb depolitizohet dhe\",\"breadcrumb\":{\"@id\":\"https:\/\/www.visit-ulcinj.com\/blog\/2016\/06\/02\/mali-zi-nen-presion-per-te-hapur-dosjet-sekrete\/#breadcrumb\"},\"inLanguage\":\"en-US\",\"potentialAction\":[{\"@type\":\"ReadAction\",\"target\":[\"https:\/\/www.visit-ulcinj.com\/blog\/2016\/06\/02\/mali-zi-nen-presion-per-te-hapur-dosjet-sekrete\/\"]}]},{\"@type\":\"BreadcrumbList\",\"@id\":\"https:\/\/www.visit-ulcinj.com\/blog\/2016\/06\/02\/mali-zi-nen-presion-per-te-hapur-dosjet-sekrete\/#breadcrumb\",\"itemListElement\":[{\"@type\":\"ListItem\",\"position\":1,\"name\":\"Mali i Zi n\u00ebn presion p\u00ebr t\u00eb hapur dosjet sekrete\"}]},{\"@type\":\"Person\",\"@id\":\"https:\/\/www.visit-ulcinj.com\/blog\/#\/schema\/person\/dcab619c614d3038751c63bc2aadc06d\",\"name\":\"ulqini\",\"sameAs\":[\"http:\/\/www.visit-ulcinj.com\"],\"url\":\"https:\/\/www.visit-ulcinj.com\/blog\/author\/admin\/\"}]}<\/script>\n<!-- \/ Yoast SEO plugin. -->","yoast_head_json":{"title":"Mali i Zi n\u00ebn presion p\u00ebr t\u00eb hapur dosjet sekrete - Lajme nga Ulqini","description":"Partit\u00eb opozitare thon\u00eb se n\u00ebse kandidati i tyre i p\u00ebrbashk\u00ebt b\u00ebhet inspektor i sh\u00ebrbimit t\u00eb inteligjenc\u00ebs n\u00eb vend, agjencia do t\u00eb depolitizohet dhe","robots":{"index":"index","follow":"follow","max-snippet":"max-snippet:-1","max-image-preview":"max-image-preview:large","max-video-preview":"max-video-preview:-1"},"canonical":"https:\/\/www.visit-ulcinj.com\/blog\/2016\/06\/02\/mali-zi-nen-presion-per-te-hapur-dosjet-sekrete\/","og_locale":"en_US","og_type":"article","og_title":"Mali i Zi n\u00ebn presion p\u00ebr t\u00eb hapur dosjet sekrete - Lajme nga Ulqini","og_description":"Partit\u00eb opozitare thon\u00eb se n\u00ebse kandidati i tyre i p\u00ebrbashk\u00ebt b\u00ebhet inspektor i sh\u00ebrbimit t\u00eb inteligjenc\u00ebs n\u00eb vend, agjencia do t\u00eb depolitizohet dhe","og_url":"https:\/\/www.visit-ulcinj.com\/blog\/2016\/06\/02\/mali-zi-nen-presion-per-te-hapur-dosjet-sekrete\/","og_site_name":"Lajme nga Ulqini","article_published_time":"2016-06-02T15:10:21+00:00","og_image":[{"url":"http:\/\/www.visit-ulcinj.com\/blog\/wp-content\/uploads\/2016\/06\/dosjet-sekrete-.jpg"}],"twitter_misc":{"Written by":"ulqini","Est. reading time":"3 minutes"},"schema":{"@context":"https:\/\/schema.org","@graph":[{"@type":"WebSite","@id":"https:\/\/www.visit-ulcinj.com\/blog\/#website","url":"https:\/\/www.visit-ulcinj.com\/blog\/","name":"Lajme nga Ulqini","description":"Lajme,Vijesti,Ulqini,Ulqin,Crna Gora,Mali i Zi","potentialAction":[{"@type":"SearchAction","target":{"@type":"EntryPoint","urlTemplate":"https:\/\/www.visit-ulcinj.com\/blog\/?s={search_term_string}"},"query-input":"required name=search_term_string"}],"inLanguage":"en-US"},{"@type":"ImageObject","inLanguage":"en-US","@id":"https:\/\/www.visit-ulcinj.com\/blog\/2016\/06\/02\/mali-zi-nen-presion-per-te-hapur-dosjet-sekrete\/#primaryimage","url":"https:\/\/www.visit-ulcinj.com\/blog\/wp-content\/uploads\/2016\/06\/dosjet-sekrete-.jpg","contentUrl":"https:\/\/www.visit-ulcinj.com\/blog\/wp-content\/uploads\/2016\/06\/dosjet-sekrete-.jpg","width":640,"height":480},{"@type":"WebPage","@id":"https:\/\/www.visit-ulcinj.com\/blog\/2016\/06\/02\/mali-zi-nen-presion-per-te-hapur-dosjet-sekrete\/#webpage","url":"https:\/\/www.visit-ulcinj.com\/blog\/2016\/06\/02\/mali-zi-nen-presion-per-te-hapur-dosjet-sekrete\/","name":"Mali i Zi n\u00ebn presion p\u00ebr t\u00eb hapur dosjet sekrete - Lajme nga Ulqini","isPartOf":{"@id":"https:\/\/www.visit-ulcinj.com\/blog\/#website"},"primaryImageOfPage":{"@id":"https:\/\/www.visit-ulcinj.com\/blog\/2016\/06\/02\/mali-zi-nen-presion-per-te-hapur-dosjet-sekrete\/#primaryimage"},"datePublished":"2016-06-02T15:10:21+00:00","dateModified":"2016-06-02T15:10:21+00:00","author":{"@id":"https:\/\/www.visit-ulcinj.com\/blog\/#\/schema\/person\/dcab619c614d3038751c63bc2aadc06d"},"description":"Partit\u00eb opozitare thon\u00eb se n\u00ebse kandidati i tyre i p\u00ebrbashk\u00ebt b\u00ebhet inspektor i sh\u00ebrbimit t\u00eb inteligjenc\u00ebs n\u00eb vend, agjencia do t\u00eb depolitizohet dhe","breadcrumb":{"@id":"https:\/\/www.visit-ulcinj.com\/blog\/2016\/06\/02\/mali-zi-nen-presion-per-te-hapur-dosjet-sekrete\/#breadcrumb"},"inLanguage":"en-US","potentialAction":[{"@type":"ReadAction","target":["https:\/\/www.visit-ulcinj.com\/blog\/2016\/06\/02\/mali-zi-nen-presion-per-te-hapur-dosjet-sekrete\/"]}]},{"@type":"BreadcrumbList","@id":"https:\/\/www.visit-ulcinj.com\/blog\/2016\/06\/02\/mali-zi-nen-presion-per-te-hapur-dosjet-sekrete\/#breadcrumb","itemListElement":[{"@type":"ListItem","position":1,"name":"Mali i Zi n\u00ebn presion p\u00ebr t\u00eb hapur dosjet sekrete"}]},{"@type":"Person","@id":"https:\/\/www.visit-ulcinj.com\/blog\/#\/schema\/person\/dcab619c614d3038751c63bc2aadc06d","name":"ulqini","sameAs":["http:\/\/www.visit-ulcinj.com"],"url":"https:\/\/www.visit-ulcinj.com\/blog\/author\/admin\/"}]}},"jetpack_featured_media_url":"","jetpack_sharing_enabled":true,"jetpack_shortlink":"https:\/\/wp.me\/pe6lTn-pjM","_links":{"self":[{"href":"https:\/\/www.visit-ulcinj.com\/blog\/wp-json\/wp\/v2\/posts\/97326"}],"collection":[{"href":"https:\/\/www.visit-ulcinj.com\/blog\/wp-json\/wp\/v2\/posts"}],"about":[{"href":"https:\/\/www.visit-ulcinj.com\/blog\/wp-json\/wp\/v2\/types\/post"}],"author":[{"embeddable":true,"href":"https:\/\/www.visit-ulcinj.com\/blog\/wp-json\/wp\/v2\/users\/1"}],"replies":[{"embeddable":true,"href":"https:\/\/www.visit-ulcinj.com\/blog\/wp-json\/wp\/v2\/comments?post=97326"}],"version-history":[{"count":1,"href":"https:\/\/www.visit-ulcinj.com\/blog\/wp-json\/wp\/v2\/posts\/97326\/revisions"}],"predecessor-version":[{"id":97328,"href":"https:\/\/www.visit-ulcinj.com\/blog\/wp-json\/wp\/v2\/posts\/97326\/revisions\/97328"}],"wp:attachment":[{"href":"https:\/\/www.visit-ulcinj.com\/blog\/wp-json\/wp\/v2\/media?parent=97326"}],"wp:term":[{"taxonomy":"category","embeddable":true,"href":"https:\/\/www.visit-ulcinj.com\/blog\/wp-json\/wp\/v2\/categories?post=97326"},{"taxonomy":"post_tag","embeddable":true,"href":"https:\/\/www.visit-ulcinj.com\/blog\/wp-json\/wp\/v2\/tags?post=97326"}],"curies":[{"name":"wp","href":"https:\/\/api.w.org\/{rel}","templated":true}]}}