{"id":97329,"date":"2016-06-02T16:57:15","date_gmt":"2016-06-02T15:57:15","guid":{"rendered":"http:\/\/www.visit-ulcinj.com\/blog\/?p=97329"},"modified":"2016-06-02T16:57:15","modified_gmt":"2016-06-02T15:57:15","slug":"eshte-sulmuar-fizikisht-mustafa-gorana-video","status":"publish","type":"post","link":"https:\/\/www.visit-ulcinj.com\/blog\/2016\/06\/02\/eshte-sulmuar-fizikisht-mustafa-gorana-video\/","title":{"rendered":"\u00cbsht\u00eb sulmuar fizikisht Mustafa Gorana &#8211; Video"},"content":{"rendered":"<p><a href=\"http:\/\/www.visit-ulcinj.com\/blog\/wp-content\/uploads\/2008\/11\/mustaf-gorana.jpg\"><img loading=\"lazy\" class=\"alignleft wp-image-6639 size-full\" src=\"http:\/\/www.visit-ulcinj.com\/blog\/wp-content\/uploads\/2008\/11\/mustaf-gorana.jpg\" alt=\"mustaf-gorana\" width=\"281\" height=\"255\" \/><\/a>Ish shefi i urbanizmit t\u00eb Ulqinit dhe sekretari aktual p\u00ebr veprimtari komunale Mustafa Gorana fizikisht \u00ebsht\u00eb sulmuar parmbr\u00ebm\u00eb n\u00eb kafenen\u00eb \u201cAvanti\u201d n\u00eb qend\u00ebr t\u00eb qytetit, njoftoi Portali Vijesti, raporton portali Ul.info.<\/p>\n<p>Si\u00e7 thuhet, at\u00eb e sulmoi bashk\u00ebqytetari R.R., nd\u00ebrsa Gorana sulmin e lajm\u00ebroi n\u00eb polici. Gorana tha se nuk e njohu t\u00eb riun i cili i erdhi pran\u00eb deri sa ishte i ulur n\u00eb tavolin\u00eb me mikun e tij Mustaf\u00eb Dollakun dhe tentoi ta kap p\u00ebr hunde.<\/p>\n<p>\u201cIncidentin m\u00eb t\u00eb madh e parandaluan pronar\u00ebt dhe stafi i lokalit. M\u00eb k\u00ebrc\u00ebnoi dhe m\u00eb shau, e nuk e dija p\u00ebr \u00e7far\u00eb. Ky ishte sulm n\u00eb personin zyrtar\u201d, tha Gorana p\u00ebr \u201cVijesti\u201d. Tha se i riu ndoshta ishte i pak\u00ebnaqur p\u00ebr arsye se n\u00eb mbledhjen e Parlamentit lokal nuk \u00ebsht\u00eb miratuar vendimi p\u00ebr ndryshimet dhe plot\u00ebsimet e planit p\u00ebr parcel\u00ebn n\u00eb Ran\u00eb.<\/p>\n<p>\u201c\u00c7far\u00eb lidhje kam un\u00eb me k\u00ebt\u00eb\u201d, tha ai.<\/p>\n<p><iframe loading=\"lazy\" frameborder=\"0\" width=\"508\" height=\"270\" src=\"\/\/www.dailymotion.com\/embed\/video\/x4e3e8g?autoPlay=1\" allowfullscreen><\/iframe><\/p>\n","protected":false},"excerpt":{"rendered":"<p>Ish shefi i urbanizmit t\u00eb Ulqinit dhe sekretari aktual p\u00ebr veprimtari komunale Mustafa Gorana fizikisht \u00ebsht\u00eb sulmuar parmbr\u00ebm\u00eb n\u00eb kafenen\u00eb \u201cAvanti\u201d n\u00eb qend\u00ebr t\u00eb qytetit, njoftoi Portali Vijesti, raporton portali Ul.info. Si\u00e7 thuhet, at\u00eb e sulmoi bashk\u00ebqytetari R.R., nd\u00ebrsa Gorana sulmin e lajm\u00ebroi n\u00eb polici. Gorana tha se nuk e njohu t\u00eb riun i cili [&hellip;]<\/p>\n","protected":false},"author":1,"featured_media":0,"comment_status":"closed","ping_status":"closed","sticky":false,"template":"","format":"standard","meta":{"spay_email":"","jetpack_publicize_message":"","jetpack_is_tweetstorm":false,"jetpack_publicize_feature_enabled":true},"categories":[6950],"tags":[],"jetpack_publicize_connections":[],"yoast_head":"<!-- This site is optimized with the Yoast SEO plugin v19.1 - https:\/\/yoast.com\/wordpress\/plugins\/seo\/ -->\n<title>\u00cbsht\u00eb sulmuar fizikisht Mustafa Gorana - Video - Lajme nga Ulqini<\/title>\n<meta name=\"description\" content=\"Ish shefi i urbanizmit t\u00eb Ulqinit dhe sekretari aktual p\u00ebr veprimtari komunale Mustafa Gorana fizikisht \u00ebsht\u00eb sulmuar parmbr\u00ebm\u00eb n\u00eb kafenen\u00eb \u201cAvanti\u201d n\u00eb\" \/>\n<meta name=\"robots\" content=\"index, follow, max-snippet:-1, max-image-preview:large, max-video-preview:-1\" \/>\n<link rel=\"canonical\" href=\"https:\/\/www.visit-ulcinj.com\/blog\/2016\/06\/02\/eshte-sulmuar-fizikisht-mustafa-gorana-video\/\" \/>\n<meta property=\"og:locale\" content=\"en_US\" \/>\n<meta property=\"og:type\" content=\"article\" \/>\n<meta property=\"og:title\" content=\"\u00cbsht\u00eb sulmuar fizikisht Mustafa Gorana - Video - Lajme nga Ulqini\" \/>\n<meta property=\"og:description\" content=\"Ish shefi i urbanizmit t\u00eb Ulqinit dhe sekretari aktual p\u00ebr veprimtari komunale Mustafa Gorana fizikisht \u00ebsht\u00eb sulmuar parmbr\u00ebm\u00eb n\u00eb kafenen\u00eb \u201cAvanti\u201d n\u00eb\" \/>\n<meta property=\"og:url\" content=\"https:\/\/www.visit-ulcinj.com\/blog\/2016\/06\/02\/eshte-sulmuar-fizikisht-mustafa-gorana-video\/\" \/>\n<meta property=\"og:site_name\" content=\"Lajme nga Ulqini\" \/>\n<meta property=\"article:published_time\" content=\"2016-06-02T15:57:15+00:00\" \/>\n<meta property=\"og:image\" content=\"http:\/\/www.visit-ulcinj.com\/blog\/wp-content\/uploads\/2008\/11\/mustaf-gorana.jpg\" \/>\n<meta name=\"twitter:label1\" content=\"Written by\" \/>\n\t<meta name=\"twitter:data1\" content=\"ulqini\" \/>\n\t<meta name=\"twitter:label2\" content=\"Est. reading time\" \/>\n\t<meta name=\"twitter:data2\" content=\"1 minute\" \/>\n<script type=\"application\/ld+json\" class=\"yoast-schema-graph\">{\"@context\":\"https:\/\/schema.org\",\"@graph\":[{\"@type\":\"WebSite\",\"@id\":\"https:\/\/www.visit-ulcinj.com\/blog\/#website\",\"url\":\"https:\/\/www.visit-ulcinj.com\/blog\/\",\"name\":\"Lajme nga Ulqini\",\"description\":\"Lajme,Vijesti,Ulqini,Ulqin,Crna Gora,Mali i Zi\",\"potentialAction\":[{\"@type\":\"SearchAction\",\"target\":{\"@type\":\"EntryPoint\",\"urlTemplate\":\"https:\/\/www.visit-ulcinj.com\/blog\/?s={search_term_string}\"},\"query-input\":\"required name=search_term_string\"}],\"inLanguage\":\"en-US\"},{\"@type\":\"ImageObject\",\"inLanguage\":\"en-US\",\"@id\":\"https:\/\/www.visit-ulcinj.com\/blog\/2016\/06\/02\/eshte-sulmuar-fizikisht-mustafa-gorana-video\/#primaryimage\",\"url\":\"http:\/\/www.visit-ulcinj.com\/blog\/wp-content\/uploads\/2008\/11\/mustaf-gorana.jpg\",\"contentUrl\":\"http:\/\/www.visit-ulcinj.com\/blog\/wp-content\/uploads\/2008\/11\/mustaf-gorana.jpg\"},{\"@type\":\"WebPage\",\"@id\":\"https:\/\/www.visit-ulcinj.com\/blog\/2016\/06\/02\/eshte-sulmuar-fizikisht-mustafa-gorana-video\/#webpage\",\"url\":\"https:\/\/www.visit-ulcinj.com\/blog\/2016\/06\/02\/eshte-sulmuar-fizikisht-mustafa-gorana-video\/\",\"name\":\"\u00cbsht\u00eb sulmuar fizikisht Mustafa Gorana - Video - Lajme nga Ulqini\",\"isPartOf\":{\"@id\":\"https:\/\/www.visit-ulcinj.com\/blog\/#website\"},\"primaryImageOfPage\":{\"@id\":\"https:\/\/www.visit-ulcinj.com\/blog\/2016\/06\/02\/eshte-sulmuar-fizikisht-mustafa-gorana-video\/#primaryimage\"},\"datePublished\":\"2016-06-02T15:57:15+00:00\",\"dateModified\":\"2016-06-02T15:57:15+00:00\",\"author\":{\"@id\":\"https:\/\/www.visit-ulcinj.com\/blog\/#\/schema\/person\/dcab619c614d3038751c63bc2aadc06d\"},\"description\":\"Ish shefi i urbanizmit t\u00eb Ulqinit dhe sekretari aktual p\u00ebr veprimtari komunale Mustafa Gorana fizikisht \u00ebsht\u00eb sulmuar parmbr\u00ebm\u00eb n\u00eb kafenen\u00eb \u201cAvanti\u201d n\u00eb\",\"breadcrumb\":{\"@id\":\"https:\/\/www.visit-ulcinj.com\/blog\/2016\/06\/02\/eshte-sulmuar-fizikisht-mustafa-gorana-video\/#breadcrumb\"},\"inLanguage\":\"en-US\",\"potentialAction\":[{\"@type\":\"ReadAction\",\"target\":[\"https:\/\/www.visit-ulcinj.com\/blog\/2016\/06\/02\/eshte-sulmuar-fizikisht-mustafa-gorana-video\/\"]}]},{\"@type\":\"BreadcrumbList\",\"@id\":\"https:\/\/www.visit-ulcinj.com\/blog\/2016\/06\/02\/eshte-sulmuar-fizikisht-mustafa-gorana-video\/#breadcrumb\",\"itemListElement\":[{\"@type\":\"ListItem\",\"position\":1,\"name\":\"\u00cbsht\u00eb sulmuar fizikisht Mustafa Gorana &#8211; Video\"}]},{\"@type\":\"Person\",\"@id\":\"https:\/\/www.visit-ulcinj.com\/blog\/#\/schema\/person\/dcab619c614d3038751c63bc2aadc06d\",\"name\":\"ulqini\",\"sameAs\":[\"http:\/\/www.visit-ulcinj.com\"],\"url\":\"https:\/\/www.visit-ulcinj.com\/blog\/author\/admin\/\"}]}<\/script>\n<!-- \/ Yoast SEO plugin. -->","yoast_head_json":{"title":"\u00cbsht\u00eb sulmuar fizikisht Mustafa Gorana - Video - Lajme nga Ulqini","description":"Ish shefi i urbanizmit t\u00eb Ulqinit dhe sekretari aktual p\u00ebr veprimtari komunale Mustafa Gorana fizikisht \u00ebsht\u00eb sulmuar parmbr\u00ebm\u00eb n\u00eb kafenen\u00eb \u201cAvanti\u201d n\u00eb","robots":{"index":"index","follow":"follow","max-snippet":"max-snippet:-1","max-image-preview":"max-image-preview:large","max-video-preview":"max-video-preview:-1"},"canonical":"https:\/\/www.visit-ulcinj.com\/blog\/2016\/06\/02\/eshte-sulmuar-fizikisht-mustafa-gorana-video\/","og_locale":"en_US","og_type":"article","og_title":"\u00cbsht\u00eb sulmuar fizikisht Mustafa Gorana - Video - Lajme nga Ulqini","og_description":"Ish shefi i urbanizmit t\u00eb Ulqinit dhe sekretari aktual p\u00ebr veprimtari komunale Mustafa Gorana fizikisht \u00ebsht\u00eb sulmuar parmbr\u00ebm\u00eb n\u00eb kafenen\u00eb \u201cAvanti\u201d n\u00eb","og_url":"https:\/\/www.visit-ulcinj.com\/blog\/2016\/06\/02\/eshte-sulmuar-fizikisht-mustafa-gorana-video\/","og_site_name":"Lajme nga Ulqini","article_published_time":"2016-06-02T15:57:15+00:00","og_image":[{"url":"http:\/\/www.visit-ulcinj.com\/blog\/wp-content\/uploads\/2008\/11\/mustaf-gorana.jpg"}],"twitter_misc":{"Written by":"ulqini","Est. reading time":"1 minute"},"schema":{"@context":"https:\/\/schema.org","@graph":[{"@type":"WebSite","@id":"https:\/\/www.visit-ulcinj.com\/blog\/#website","url":"https:\/\/www.visit-ulcinj.com\/blog\/","name":"Lajme nga Ulqini","description":"Lajme,Vijesti,Ulqini,Ulqin,Crna Gora,Mali i Zi","potentialAction":[{"@type":"SearchAction","target":{"@type":"EntryPoint","urlTemplate":"https:\/\/www.visit-ulcinj.com\/blog\/?s={search_term_string}"},"query-input":"required name=search_term_string"}],"inLanguage":"en-US"},{"@type":"ImageObject","inLanguage":"en-US","@id":"https:\/\/www.visit-ulcinj.com\/blog\/2016\/06\/02\/eshte-sulmuar-fizikisht-mustafa-gorana-video\/#primaryimage","url":"http:\/\/www.visit-ulcinj.com\/blog\/wp-content\/uploads\/2008\/11\/mustaf-gorana.jpg","contentUrl":"http:\/\/www.visit-ulcinj.com\/blog\/wp-content\/uploads\/2008\/11\/mustaf-gorana.jpg"},{"@type":"WebPage","@id":"https:\/\/www.visit-ulcinj.com\/blog\/2016\/06\/02\/eshte-sulmuar-fizikisht-mustafa-gorana-video\/#webpage","url":"https:\/\/www.visit-ulcinj.com\/blog\/2016\/06\/02\/eshte-sulmuar-fizikisht-mustafa-gorana-video\/","name":"\u00cbsht\u00eb sulmuar fizikisht Mustafa Gorana - Video - Lajme nga Ulqini","isPartOf":{"@id":"https:\/\/www.visit-ulcinj.com\/blog\/#website"},"primaryImageOfPage":{"@id":"https:\/\/www.visit-ulcinj.com\/blog\/2016\/06\/02\/eshte-sulmuar-fizikisht-mustafa-gorana-video\/#primaryimage"},"datePublished":"2016-06-02T15:57:15+00:00","dateModified":"2016-06-02T15:57:15+00:00","author":{"@id":"https:\/\/www.visit-ulcinj.com\/blog\/#\/schema\/person\/dcab619c614d3038751c63bc2aadc06d"},"description":"Ish shefi i urbanizmit t\u00eb Ulqinit dhe sekretari aktual p\u00ebr veprimtari komunale Mustafa Gorana fizikisht \u00ebsht\u00eb sulmuar parmbr\u00ebm\u00eb n\u00eb kafenen\u00eb \u201cAvanti\u201d n\u00eb","breadcrumb":{"@id":"https:\/\/www.visit-ulcinj.com\/blog\/2016\/06\/02\/eshte-sulmuar-fizikisht-mustafa-gorana-video\/#breadcrumb"},"inLanguage":"en-US","potentialAction":[{"@type":"ReadAction","target":["https:\/\/www.visit-ulcinj.com\/blog\/2016\/06\/02\/eshte-sulmuar-fizikisht-mustafa-gorana-video\/"]}]},{"@type":"BreadcrumbList","@id":"https:\/\/www.visit-ulcinj.com\/blog\/2016\/06\/02\/eshte-sulmuar-fizikisht-mustafa-gorana-video\/#breadcrumb","itemListElement":[{"@type":"ListItem","position":1,"name":"\u00cbsht\u00eb sulmuar fizikisht Mustafa Gorana &#8211; Video"}]},{"@type":"Person","@id":"https:\/\/www.visit-ulcinj.com\/blog\/#\/schema\/person\/dcab619c614d3038751c63bc2aadc06d","name":"ulqini","sameAs":["http:\/\/www.visit-ulcinj.com"],"url":"https:\/\/www.visit-ulcinj.com\/blog\/author\/admin\/"}]}},"jetpack_featured_media_url":"","jetpack_sharing_enabled":true,"jetpack_shortlink":"https:\/\/wp.me\/pe6lTn-pjP","_links":{"self":[{"href":"https:\/\/www.visit-ulcinj.com\/blog\/wp-json\/wp\/v2\/posts\/97329"}],"collection":[{"href":"https:\/\/www.visit-ulcinj.com\/blog\/wp-json\/wp\/v2\/posts"}],"about":[{"href":"https:\/\/www.visit-ulcinj.com\/blog\/wp-json\/wp\/v2\/types\/post"}],"author":[{"embeddable":true,"href":"https:\/\/www.visit-ulcinj.com\/blog\/wp-json\/wp\/v2\/users\/1"}],"replies":[{"embeddable":true,"href":"https:\/\/www.visit-ulcinj.com\/blog\/wp-json\/wp\/v2\/comments?post=97329"}],"version-history":[{"count":1,"href":"https:\/\/www.visit-ulcinj.com\/blog\/wp-json\/wp\/v2\/posts\/97329\/revisions"}],"predecessor-version":[{"id":97330,"href":"https:\/\/www.visit-ulcinj.com\/blog\/wp-json\/wp\/v2\/posts\/97329\/revisions\/97330"}],"wp:attachment":[{"href":"https:\/\/www.visit-ulcinj.com\/blog\/wp-json\/wp\/v2\/media?parent=97329"}],"wp:term":[{"taxonomy":"category","embeddable":true,"href":"https:\/\/www.visit-ulcinj.com\/blog\/wp-json\/wp\/v2\/categories?post=97329"},{"taxonomy":"post_tag","embeddable":true,"href":"https:\/\/www.visit-ulcinj.com\/blog\/wp-json\/wp\/v2\/tags?post=97329"}],"curies":[{"name":"wp","href":"https:\/\/api.w.org\/{rel}","templated":true}]}}