{"id":97343,"date":"2016-06-04T06:56:52","date_gmt":"2016-06-04T05:56:52","guid":{"rendered":"http:\/\/www.visit-ulcinj.com\/blog\/?p=97343"},"modified":"2016-06-05T04:50:29","modified_gmt":"2016-06-05T03:50:29","slug":"vdes-muhamet-ali-legjenda-e-boksit","status":"publish","type":"post","link":"https:\/\/www.visit-ulcinj.com\/blog\/2016\/06\/04\/vdes-muhamet-ali-legjenda-e-boksit\/","title":{"rendered":"Vdes Muhamet Ali, legjenda e boksit"},"content":{"rendered":"<p><a href=\"http:\/\/www.visit-ulcinj.com\/blog\/wp-content\/uploads\/2016\/06\/Muhamet-Ali-.jpg\"><img loading=\"lazy\" class=\"alignleft wp-image-97344\" src=\"http:\/\/www.visit-ulcinj.com\/blog\/wp-content\/uploads\/2016\/06\/Muhamet-Ali-.jpg\" alt=\"Muhamet-Ali-\" width=\"508\" height=\"285\" \/><\/a>Ish kampioni bot\u00ebror i boksit, Muhamet Ali vdiq t\u00eb premten mbr\u00ebma n\u00eb mosh\u00ebn 74 vje\u00e7are, pas nj\u00eb beteje 32-vje\u00e7are me s\u00ebmundjen e parkinsonit.<\/p>\n<p>Ali nd\u00ebrroi jet\u00eb n\u00eb Feniks t\u00eb shtetit Arizona, ku prej tri dit\u00ebsh mjekohej nga komplikime t\u00eb frym\u00ebmarrjes.<\/p>\n<p>Fillimisht ai quhej Cassius Clay dhe kishte lindur n\u00eb nj\u00eb familje t\u00eb klas\u00ebs s\u00eb mesme. E nisi boksin kur ishte 12 vje\u00e7 dhe, n\u00eb vitin 1960, mori pjes\u00eb n\u00eb Lojrat Olimpike t\u00eb Rom\u00ebs, ku fitoi nj\u00eb medalje ari p\u00ebr pesh\u00ebn e leht\u00eb.<\/p>\n<p>Muhamet Ali u b\u00eb nj\u00eb boksier olimpik dhe profesional aq i admiruar, saq\u00eb revista \u201cSports Illustrated\u201d e shpalli Sportist t\u00eb Shekullit t\u00eb 20.<\/p>\n<p>Ai ishte nj\u00ebri nd\u00ebr sportist\u00ebt m\u00eb t\u00eb dashur por edhe nd\u00ebr m\u00eb t\u00eb debatuarit e Amerik\u00ebs.<\/p>\n<p>Pasi fitoi titullin e kampionit p\u00ebr peshat e r\u00ebnda, Ali u konvertua n\u00eb fen\u00eb myslimane dhe nuk pranoi t\u00eb shkonte ushtar n\u00eb Vietnam. Ai u b\u00eb nj\u00eb simbol i forc\u00ebs, elokuenc\u00ebs dhe guximit, q\u00eb i tejkalonte kufijt\u00eb e rac\u00ebs dhe t\u00eb besimit.<\/p>\n<p>Sh\u00ebrbimi funeral p\u00ebr legjend\u00ebn e boksit Muhamet Ali \u00ebsht\u00eb planifikuar t\u00eb mbahet n\u00eb qytetin e tij t\u00eb lindjes Louisville t\u00eb shtetit Kentaki.<\/p>\n<p id=\"js_69\" class=\"_5pbw\" data-ft=\"{&quot;tn&quot;:&quot;C&quot;}\"><strong><span class=\"fwn fcg\"><span class=\"fwb fcg\" data-ft=\"{&quot;tn&quot;:&quot;k&quot;}\"><a id=\"js_6t\" href=\"https:\/\/www.facebook.com\/zeriamerikes\/?fref=nf\" data-hovercard=\"\/ajax\/hovercard\/page.php?id=177134534535&amp;extragetparams=%7B%22fref%22%3A%22nf%22%7D\">VOA &#8211; Z\u00ebri i Amerik\u00ebs<\/a><\/span><\/span><\/strong><\/p>\n","protected":false},"excerpt":{"rendered":"<p>Ish kampioni bot\u00ebror i boksit, Muhamet Ali vdiq t\u00eb premten mbr\u00ebma n\u00eb mosh\u00ebn 74 vje\u00e7are, pas nj\u00eb beteje 32-vje\u00e7are me s\u00ebmundjen e parkinsonit. Ali nd\u00ebrroi jet\u00eb n\u00eb Feniks t\u00eb shtetit Arizona, ku prej tri dit\u00ebsh mjekohej nga komplikime t\u00eb frym\u00ebmarrjes. Fillimisht ai quhej Cassius Clay dhe kishte lindur n\u00eb nj\u00eb familje t\u00eb klas\u00ebs s\u00eb mesme. [&hellip;]<\/p>\n","protected":false},"author":1,"featured_media":0,"comment_status":"closed","ping_status":"closed","sticky":false,"template":"","format":"standard","meta":{"spay_email":"","jetpack_publicize_message":"","jetpack_is_tweetstorm":false,"jetpack_publicize_feature_enabled":true},"categories":[1],"tags":[],"jetpack_publicize_connections":[],"yoast_head":"<!-- This site is optimized with the Yoast SEO plugin v19.1 - https:\/\/yoast.com\/wordpress\/plugins\/seo\/ -->\n<title>Vdes Muhamet Ali, legjenda e boksit - Lajme nga Ulqini<\/title>\n<meta name=\"description\" content=\"Ish kampioni bot\u00ebror i boksit, Muhamet Ali vdiq t\u00eb premten mbr\u00ebma n\u00eb mosh\u00ebn 74 vje\u00e7are, pas nj\u00eb beteje 32-vje\u00e7are me s\u00ebmundjen e parkinsonit. Ali nd\u00ebrroi\" \/>\n<meta name=\"robots\" content=\"index, follow, max-snippet:-1, max-image-preview:large, max-video-preview:-1\" \/>\n<link rel=\"canonical\" href=\"https:\/\/www.visit-ulcinj.com\/blog\/2016\/06\/04\/vdes-muhamet-ali-legjenda-e-boksit\/\" \/>\n<meta property=\"og:locale\" content=\"en_US\" \/>\n<meta property=\"og:type\" content=\"article\" \/>\n<meta property=\"og:title\" content=\"Vdes Muhamet Ali, legjenda e boksit - Lajme nga Ulqini\" \/>\n<meta property=\"og:description\" content=\"Ish kampioni bot\u00ebror i boksit, Muhamet Ali vdiq t\u00eb premten mbr\u00ebma n\u00eb mosh\u00ebn 74 vje\u00e7are, pas nj\u00eb beteje 32-vje\u00e7are me s\u00ebmundjen e parkinsonit. Ali nd\u00ebrroi\" \/>\n<meta property=\"og:url\" content=\"https:\/\/www.visit-ulcinj.com\/blog\/2016\/06\/04\/vdes-muhamet-ali-legjenda-e-boksit\/\" \/>\n<meta property=\"og:site_name\" content=\"Lajme nga Ulqini\" \/>\n<meta property=\"article:published_time\" content=\"2016-06-04T05:56:52+00:00\" \/>\n<meta property=\"article:modified_time\" content=\"2016-06-05T03:50:29+00:00\" \/>\n<meta property=\"og:image\" content=\"http:\/\/www.visit-ulcinj.com\/blog\/wp-content\/uploads\/2016\/06\/Muhamet-Ali-.jpg\" \/>\n<meta name=\"twitter:label1\" content=\"Written by\" \/>\n\t<meta name=\"twitter:data1\" content=\"ulqini\" \/>\n\t<meta name=\"twitter:label2\" content=\"Est. reading time\" \/>\n\t<meta name=\"twitter:data2\" content=\"1 minute\" \/>\n<script type=\"application\/ld+json\" class=\"yoast-schema-graph\">{\"@context\":\"https:\/\/schema.org\",\"@graph\":[{\"@type\":\"WebSite\",\"@id\":\"https:\/\/www.visit-ulcinj.com\/blog\/#website\",\"url\":\"https:\/\/www.visit-ulcinj.com\/blog\/\",\"name\":\"Lajme nga Ulqini\",\"description\":\"Lajme,Vijesti,Ulqini,Ulqin,Crna Gora,Mali i Zi\",\"potentialAction\":[{\"@type\":\"SearchAction\",\"target\":{\"@type\":\"EntryPoint\",\"urlTemplate\":\"https:\/\/www.visit-ulcinj.com\/blog\/?s={search_term_string}\"},\"query-input\":\"required name=search_term_string\"}],\"inLanguage\":\"en-US\"},{\"@type\":\"ImageObject\",\"inLanguage\":\"en-US\",\"@id\":\"https:\/\/www.visit-ulcinj.com\/blog\/2016\/06\/04\/vdes-muhamet-ali-legjenda-e-boksit\/#primaryimage\",\"url\":\"http:\/\/www.visit-ulcinj.com\/blog\/wp-content\/uploads\/2016\/06\/Muhamet-Ali-.jpg\",\"contentUrl\":\"http:\/\/www.visit-ulcinj.com\/blog\/wp-content\/uploads\/2016\/06\/Muhamet-Ali-.jpg\"},{\"@type\":\"WebPage\",\"@id\":\"https:\/\/www.visit-ulcinj.com\/blog\/2016\/06\/04\/vdes-muhamet-ali-legjenda-e-boksit\/#webpage\",\"url\":\"https:\/\/www.visit-ulcinj.com\/blog\/2016\/06\/04\/vdes-muhamet-ali-legjenda-e-boksit\/\",\"name\":\"Vdes Muhamet Ali, legjenda e boksit - Lajme nga Ulqini\",\"isPartOf\":{\"@id\":\"https:\/\/www.visit-ulcinj.com\/blog\/#website\"},\"primaryImageOfPage\":{\"@id\":\"https:\/\/www.visit-ulcinj.com\/blog\/2016\/06\/04\/vdes-muhamet-ali-legjenda-e-boksit\/#primaryimage\"},\"datePublished\":\"2016-06-04T05:56:52+00:00\",\"dateModified\":\"2016-06-05T03:50:29+00:00\",\"author\":{\"@id\":\"https:\/\/www.visit-ulcinj.com\/blog\/#\/schema\/person\/dcab619c614d3038751c63bc2aadc06d\"},\"description\":\"Ish kampioni bot\u00ebror i boksit, Muhamet Ali vdiq t\u00eb premten mbr\u00ebma n\u00eb mosh\u00ebn 74 vje\u00e7are, pas nj\u00eb beteje 32-vje\u00e7are me s\u00ebmundjen e parkinsonit. Ali nd\u00ebrroi\",\"breadcrumb\":{\"@id\":\"https:\/\/www.visit-ulcinj.com\/blog\/2016\/06\/04\/vdes-muhamet-ali-legjenda-e-boksit\/#breadcrumb\"},\"inLanguage\":\"en-US\",\"potentialAction\":[{\"@type\":\"ReadAction\",\"target\":[\"https:\/\/www.visit-ulcinj.com\/blog\/2016\/06\/04\/vdes-muhamet-ali-legjenda-e-boksit\/\"]}]},{\"@type\":\"BreadcrumbList\",\"@id\":\"https:\/\/www.visit-ulcinj.com\/blog\/2016\/06\/04\/vdes-muhamet-ali-legjenda-e-boksit\/#breadcrumb\",\"itemListElement\":[{\"@type\":\"ListItem\",\"position\":1,\"name\":\"Vdes Muhamet Ali, legjenda e boksit\"}]},{\"@type\":\"Person\",\"@id\":\"https:\/\/www.visit-ulcinj.com\/blog\/#\/schema\/person\/dcab619c614d3038751c63bc2aadc06d\",\"name\":\"ulqini\",\"sameAs\":[\"http:\/\/www.visit-ulcinj.com\"],\"url\":\"https:\/\/www.visit-ulcinj.com\/blog\/author\/admin\/\"}]}<\/script>\n<!-- \/ Yoast SEO plugin. -->","yoast_head_json":{"title":"Vdes Muhamet Ali, legjenda e boksit - Lajme nga Ulqini","description":"Ish kampioni bot\u00ebror i boksit, Muhamet Ali vdiq t\u00eb premten mbr\u00ebma n\u00eb mosh\u00ebn 74 vje\u00e7are, pas nj\u00eb beteje 32-vje\u00e7are me s\u00ebmundjen e parkinsonit. Ali nd\u00ebrroi","robots":{"index":"index","follow":"follow","max-snippet":"max-snippet:-1","max-image-preview":"max-image-preview:large","max-video-preview":"max-video-preview:-1"},"canonical":"https:\/\/www.visit-ulcinj.com\/blog\/2016\/06\/04\/vdes-muhamet-ali-legjenda-e-boksit\/","og_locale":"en_US","og_type":"article","og_title":"Vdes Muhamet Ali, legjenda e boksit - Lajme nga Ulqini","og_description":"Ish kampioni bot\u00ebror i boksit, Muhamet Ali vdiq t\u00eb premten mbr\u00ebma n\u00eb mosh\u00ebn 74 vje\u00e7are, pas nj\u00eb beteje 32-vje\u00e7are me s\u00ebmundjen e parkinsonit. Ali nd\u00ebrroi","og_url":"https:\/\/www.visit-ulcinj.com\/blog\/2016\/06\/04\/vdes-muhamet-ali-legjenda-e-boksit\/","og_site_name":"Lajme nga Ulqini","article_published_time":"2016-06-04T05:56:52+00:00","article_modified_time":"2016-06-05T03:50:29+00:00","og_image":[{"url":"http:\/\/www.visit-ulcinj.com\/blog\/wp-content\/uploads\/2016\/06\/Muhamet-Ali-.jpg"}],"twitter_misc":{"Written by":"ulqini","Est. reading time":"1 minute"},"schema":{"@context":"https:\/\/schema.org","@graph":[{"@type":"WebSite","@id":"https:\/\/www.visit-ulcinj.com\/blog\/#website","url":"https:\/\/www.visit-ulcinj.com\/blog\/","name":"Lajme nga Ulqini","description":"Lajme,Vijesti,Ulqini,Ulqin,Crna Gora,Mali i Zi","potentialAction":[{"@type":"SearchAction","target":{"@type":"EntryPoint","urlTemplate":"https:\/\/www.visit-ulcinj.com\/blog\/?s={search_term_string}"},"query-input":"required name=search_term_string"}],"inLanguage":"en-US"},{"@type":"ImageObject","inLanguage":"en-US","@id":"https:\/\/www.visit-ulcinj.com\/blog\/2016\/06\/04\/vdes-muhamet-ali-legjenda-e-boksit\/#primaryimage","url":"http:\/\/www.visit-ulcinj.com\/blog\/wp-content\/uploads\/2016\/06\/Muhamet-Ali-.jpg","contentUrl":"http:\/\/www.visit-ulcinj.com\/blog\/wp-content\/uploads\/2016\/06\/Muhamet-Ali-.jpg"},{"@type":"WebPage","@id":"https:\/\/www.visit-ulcinj.com\/blog\/2016\/06\/04\/vdes-muhamet-ali-legjenda-e-boksit\/#webpage","url":"https:\/\/www.visit-ulcinj.com\/blog\/2016\/06\/04\/vdes-muhamet-ali-legjenda-e-boksit\/","name":"Vdes Muhamet Ali, legjenda e boksit - Lajme nga Ulqini","isPartOf":{"@id":"https:\/\/www.visit-ulcinj.com\/blog\/#website"},"primaryImageOfPage":{"@id":"https:\/\/www.visit-ulcinj.com\/blog\/2016\/06\/04\/vdes-muhamet-ali-legjenda-e-boksit\/#primaryimage"},"datePublished":"2016-06-04T05:56:52+00:00","dateModified":"2016-06-05T03:50:29+00:00","author":{"@id":"https:\/\/www.visit-ulcinj.com\/blog\/#\/schema\/person\/dcab619c614d3038751c63bc2aadc06d"},"description":"Ish kampioni bot\u00ebror i boksit, Muhamet Ali vdiq t\u00eb premten mbr\u00ebma n\u00eb mosh\u00ebn 74 vje\u00e7are, pas nj\u00eb beteje 32-vje\u00e7are me s\u00ebmundjen e parkinsonit. Ali nd\u00ebrroi","breadcrumb":{"@id":"https:\/\/www.visit-ulcinj.com\/blog\/2016\/06\/04\/vdes-muhamet-ali-legjenda-e-boksit\/#breadcrumb"},"inLanguage":"en-US","potentialAction":[{"@type":"ReadAction","target":["https:\/\/www.visit-ulcinj.com\/blog\/2016\/06\/04\/vdes-muhamet-ali-legjenda-e-boksit\/"]}]},{"@type":"BreadcrumbList","@id":"https:\/\/www.visit-ulcinj.com\/blog\/2016\/06\/04\/vdes-muhamet-ali-legjenda-e-boksit\/#breadcrumb","itemListElement":[{"@type":"ListItem","position":1,"name":"Vdes Muhamet Ali, legjenda e boksit"}]},{"@type":"Person","@id":"https:\/\/www.visit-ulcinj.com\/blog\/#\/schema\/person\/dcab619c614d3038751c63bc2aadc06d","name":"ulqini","sameAs":["http:\/\/www.visit-ulcinj.com"],"url":"https:\/\/www.visit-ulcinj.com\/blog\/author\/admin\/"}]}},"jetpack_featured_media_url":"","jetpack_sharing_enabled":true,"jetpack_shortlink":"https:\/\/wp.me\/pe6lTn-pk3","_links":{"self":[{"href":"https:\/\/www.visit-ulcinj.com\/blog\/wp-json\/wp\/v2\/posts\/97343"}],"collection":[{"href":"https:\/\/www.visit-ulcinj.com\/blog\/wp-json\/wp\/v2\/posts"}],"about":[{"href":"https:\/\/www.visit-ulcinj.com\/blog\/wp-json\/wp\/v2\/types\/post"}],"author":[{"embeddable":true,"href":"https:\/\/www.visit-ulcinj.com\/blog\/wp-json\/wp\/v2\/users\/1"}],"replies":[{"embeddable":true,"href":"https:\/\/www.visit-ulcinj.com\/blog\/wp-json\/wp\/v2\/comments?post=97343"}],"version-history":[{"count":1,"href":"https:\/\/www.visit-ulcinj.com\/blog\/wp-json\/wp\/v2\/posts\/97343\/revisions"}],"predecessor-version":[{"id":97345,"href":"https:\/\/www.visit-ulcinj.com\/blog\/wp-json\/wp\/v2\/posts\/97343\/revisions\/97345"}],"wp:attachment":[{"href":"https:\/\/www.visit-ulcinj.com\/blog\/wp-json\/wp\/v2\/media?parent=97343"}],"wp:term":[{"taxonomy":"category","embeddable":true,"href":"https:\/\/www.visit-ulcinj.com\/blog\/wp-json\/wp\/v2\/categories?post=97343"},{"taxonomy":"post_tag","embeddable":true,"href":"https:\/\/www.visit-ulcinj.com\/blog\/wp-json\/wp\/v2\/tags?post=97343"}],"curies":[{"name":"wp","href":"https:\/\/api.w.org\/{rel}","templated":true}]}}