{"id":97347,"date":"2016-06-04T13:59:10","date_gmt":"2016-06-04T12:59:10","guid":{"rendered":"http:\/\/www.visit-ulcinj.com\/blog\/?p=97347"},"modified":"2016-06-13T18:09:05","modified_gmt":"2016-06-13T17:09:05","slug":"nika-hedhja-ne-ere-e-ures-se-gorices-dhe-kush-mund-te-kete-gisht-ne-te","status":"publish","type":"post","link":"https:\/\/www.visit-ulcinj.com\/blog\/2016\/06\/04\/nika-hedhja-ne-ere-e-ures-se-gorices-dhe-kush-mund-te-kete-gisht-ne-te\/","title":{"rendered":"Nika: Hedhja n\u00eb er\u00eb e ur\u00ebs s\u00eb Goric\u00ebs  dhe kush mund  t\u00eb ket\u00eb gisht n\u00eb te\u2026?!!"},"content":{"rendered":"<p><a href=\"http:\/\/www.visit-ulcinj.com\/blog\/wp-content\/uploads\/2016\/06\/Ura-e-Goric\u00ebs-Sukobin.jpg\"><img loading=\"lazy\" class=\"alignleft wp-image-97349\" src=\"http:\/\/www.visit-ulcinj.com\/blog\/wp-content\/uploads\/2016\/06\/Ura-e-Goric\u00ebs-Sukobin.jpg\" alt=\"Ura e Goric\u00ebs-Sukobin\" width=\"508\" height=\"523\" srcset=\"https:\/\/www.visit-ulcinj.com\/blog\/wp-content\/uploads\/2016\/06\/Ura-e-Goric\u00ebs-Sukobin.jpg 583w, https:\/\/www.visit-ulcinj.com\/blog\/wp-content\/uploads\/2016\/06\/Ura-e-Goric\u00ebs-Sukobin-292x300.jpg 292w\" sizes=\"(max-width: 508px) 100vw, 508px\" \/><\/a><strong>Nga Muhamet Nika<\/strong><\/p>\n<p>(<strong>(Vazhdim)<\/strong><\/p>\n<h3>2.<\/h3>\n<h3>I shqet\u00ebsuar\u00a0 nga akti vandal i minimit t\u00eb Ur\u00ebs s\u00eb Goric\u00ebs , n\u00eb\u00a0 kufirin shtet\u00ebror me Shqip\u00ebrin\u00eb- Sukubin\u00eb \u2013Ulqin, nga policia e brezit kufitar p\u00ebr \u00e7ka askush nga\u00a0 politika\u00a0 nuk \u00a0reagoi ose q\u00eb\u00a0 v\u00ebrtetoi\u00a0 se kush \u00ebsht\u00eb nga pushtetet \u00a0urdh\u00ebrdh\u00ebn\u00ebs\u00a0 i hedhjes n\u00eb er\u00eb &#8230;, \u00a0\u00a0dhe n\u00eb baz\u00eb t\u00eb cilit vendim\u00a0 t\u00eb nxjerr\u00eb &#8211;\u00a0 ku e kur?!<\/h3>\n<h3>\u2013 Ne duke gjurmuar n\u00eb k\u00ebt\u00eb pun\u00eb sherri , \u00a0\u00a0u kujtuam q\u00eb p\u00ebr t\u00eb \u00a0zbardhur\u00a0 rrethanat \u00a0e k\u00ebtilla, t\u00eb p\u00ebrdorim\u00a0 t\u00eb dh\u00ebnat eventuale q\u00eb ofrojn\u00eb k\u00ebrkimet \u00a0\u00a0n\u00eb \u201c GOOGEl\u201d\u00a0 &#8211; \u00a0\u00a0Sepse \u00a0dihet\u00a0 q\u00eb \u00a0\u00a0n\u00eb pak sekonda \u00a0ajo, \u00a0t\u00eb jep \u00a0rezultate\u00a0 gjetjesh , m\u00eb shum\u00eb se gjith\u00eb sh\u00ebrbimet inteligjente e t\u00eb avancuara t\u00eb spiunazhit bot\u00ebror&#8230;?!<\/h3>\n<h3>\u00a0Pas k\u00ebrkimit n\u00eb t\u00eb mir\u00eb t\u00eb zbulimit \u00a0t\u00eb \u00e7\u00ebshtjes , n\u00eb pyetjen e shtruar ton\u00ebn , q\u00eb ishte : deputet\u00ebt Genc Niman Begu, Luigj Shkreli, Parlamenti , Evropa , kufiri&#8230; Nga gjetjet e ofruara shk\u00ebput\u00ebm k\u00ebt\u00eb shkrim q\u00eb na u duk shum\u00eb dometh\u00ebn\u00ebs , e \u00a0\u00a0p\u00ebr t\u00eb cilin do t\u00eb kish qen\u00eb mir\u00eb t\u00eb deklaroheshin t\u00eb dy deputet\u00ebt , me informatat e veta kthyese .<\/h3>\n<h3>Lajmi pason k\u00ebshtu :<\/h3>\n<h3>\u201cKuvendi i MZ: NIMANBEGU DHE SHKRELA N\u00cb BRUKSEL\u201d<\/h3>\n<p>Posted by:\u00a0<a href=\"http:\/\/ul-info.com\/author\/admir\/\">Admin<\/a>\u00a0on February 21, 2015\u00a0in\u00a0<a href=\"http:\/\/ul-info.com\/category\/politike\/\">Politik\u00eb<\/a>\u00a0<a href=\"http:\/\/ul-info.com\/kuvendi-i-mz-nimanbegu-dhe-shkrela-ne-bruksel\/#respond\">Leave a comment<\/a><\/p>\n<p>N\u00eb Parlamentin evropian n\u00eb Bruksel m\u00eb 23 dhe 24 shkurt do t\u00eb mbahet mbledhja nd\u00ebrparlamentare e Parlamentit evropian dhe parlamenteve nacionale me tem\u00ebn: \u201cKufijt\u00eb e men\u00e7ur: sfidat evropiane, eksperiencat nacionale, rruga p\u00ebrpara\u201d, njoftohet nga Kuvendi i Malit t\u00eb Zi\u2026.<\/p>\n<p>&nbsp;<\/p>\n<p>N\u00eb k\u00ebt\u00eb mbledhje, do t\u00eb marrin pjes\u00eb an\u00ebtari i K\u00ebshillit p\u00ebr sistem politik, drejt\u00ebsi dhe administrat\u00eb \u2013 deputeti Genci Nimanbegu dhe an\u00ebtari i K\u00ebshillit p\u00ebr siguri dhe mbrojtje \u2013 deputeti Luigj \u2013 Lubo Shkrela.\u201d<\/p>\n<p>Duke pasur \u00a0para sysh q\u00eb nuk pat\u00ebm informacion shtes\u00eb , pas p\u00ebrfundimet t\u00eb pun\u00ebs dhe vendimeve\u00a0 konkrete q\u00eb u\u00a0 mor\u00ebn dhe tashti \u00a0pasi\u201d me men\u00e7urin\u00eb ton\u00eb \u201c , n\u00eb \u201c kufijt\u00eb e men\u00e7ur\u201d, na ndodhi edhe\u00a0 kjo q\u00eb ndodhi,\u00a0 ne dyshojm\u00eb dhe pyesim publikisht, \u00a0se kush mund t\u00eb ket\u00eb gisht n\u00eb k\u00ebt\u00eb pun\u00eb ose i takon t\u00eb ket\u00eb dijeni&#8230; dhe se a mund t\u00eb lidhet kjo me shkuarjen e deputet\u00ebve tan\u00eb n\u00eb Bruksel!!!<\/p>\n<p>Po e themi \u00a0\u00a0k\u00ebt\u00eb si ish- deputet i koh\u00ebve m\u00eb t\u00eb v\u00ebshtira, kur kuptohet me gjith\u00eb t\u00eb tjer\u00ebt, k\u00ebrkuam hapjen e\u00a0 kufirit shqiptaro- shqiptar edhe para t\u00eb gjitha ambasadave evropiane , me t\u00eb cilat zhvilluam takime t\u00eb vazhdueshme\u00a0 gjat\u00eb\u00a0 nj\u00eb dekade.<\/p>\n<p>Tjet\u00ebr, nj\u00eb sqarim politik\u00eb, \u00a0k\u00ebrkohet edhe \u00a0p\u00ebr vet\u00eb faktin \u00a0e rastit , kur polici komunal Hilmi Taipi, filloi e reagoi ashp\u00ebr\u00a0 p\u00ebr prishjen e saj dhe\u00a0 \u00a0p\u00ebr \u00e7udin\u00eb e t\u00eb gjith\u00ebve, nj\u00ebri \u00a0nga\u00a0 \u00a0epror\u00ebt e koalicionit t\u00eb gjer\u00eb i tha \u00a0\u00a0\u201c <strong><em>HIQU MOS U MERR ME K\u00cbTO PUN\u00cb<\/em><\/strong> <strong><em>\u00a0SE NUK KAN\u00cb \u00c7KA T\u00cb DUHEN<\/em><\/strong>&#8230;.\u201d?!!!<\/p>\n<p>Mbase , p\u00ebr gjith\u00eb k\u00ebt\u00eb mund t\u00eb shtohet se,\u00a0 mbase Evropa, \u00a0duke qen\u00eb e shqet\u00ebsuar\u00a0 p\u00ebr\u00a0\u00a0 rrezikun e mallrave kontraband\u00eb n\u00eb k\u00ebt\u00eb momente, \u00a0t\u00eb ket\u00eb propozuar \u00a0dhe \u201c tan\u00ebt\u201d t\u00eb ken\u00eb\u00a0 pranuar \u00a0edhe propozimet e \u201c men\u00e7ura ..\u201d t\u00eb \u00a0prishjes s\u00eb kalimeve sekondare n\u00eb kufi&#8230;.<\/p>\n<p>Kjo ka mundur t\u00eb ndodh\u00eb shum\u00eb leht\u00eb sepse \u00a0ura , p\u00ebr arsye\u00a0 q\u00eb gjendej aty ku gjendej ( n\u00eb kufi ..)?! Nuk kish as \u00a0statusin e monumenteve t\u00eb kultur\u00ebs. \u00a0Edhe pse \u00a0nuk ishte ur\u00eb do si do ,\u00a0 por \u201c Ur\u00eb me tre harqe..\u201d- to t\u00eb thoshte Kadare?!<\/p>\n<p><a href=\"http:\/\/www.visit-ulcinj.com\/blog\/wp-content\/uploads\/2016\/06\/Proces-Verbali-i-prishjes-Ura-e-Goric\u00ebs-.jpg\"><img loading=\"lazy\" class=\"alignleft wp-image-97348\" src=\"http:\/\/www.visit-ulcinj.com\/blog\/wp-content\/uploads\/2016\/06\/Proces-Verbali-i-prishjes-Ura-e-Goric\u00ebs-.jpg\" alt=\"Proces-Verbali-i-prishjes-Ura-e-Goric\u00ebs-\" width=\"508\" height=\"702\" srcset=\"https:\/\/www.visit-ulcinj.com\/blog\/wp-content\/uploads\/2016\/06\/Proces-Verbali-i-prishjes-Ura-e-Goric\u00ebs-.jpg 623w, https:\/\/www.visit-ulcinj.com\/blog\/wp-content\/uploads\/2016\/06\/Proces-Verbali-i-prishjes-Ura-e-Goric\u00ebs--217x300.jpg 217w\" sizes=\"(max-width: 508px) 100vw, 508px\" \/><\/a><\/p>\n<p><strong><em>P\u00ebrmbajtja e procesverbalit.<\/em><\/strong><\/p>\n<p>Nr.07.m\u00eb 17.05.2016<\/p>\n<p>\u201c Procesverbal p\u00ebr kryerjen e inspektimit ,\u00a0 kontrollues\u00a0 p\u00ebr shkat\u00ebrrimin e ur\u00ebs\u201d Ura e Goric\u00ebs\u201d,n\u00eb fshatin Sukubin\u00eb t\u00eb b\u00ebr\u00eb mbi baz\u00ebn e lajm\u00ebrimit t\u00eb kryetarit t\u00eb bashk\u00ebsis\u00eb lokale dhe i hartuar m\u00eb 17. 05.2016 n\u00eb bashk\u00ebsin\u00eb lokale. Kontrolli kish filluar n\u00eb 900h. Inspektor\u00ebt: Hilmi Taipi, Saubih Mehmeti, Amir Mehmeti dhe pala\u00a0 Dritan Kurti.<\/p>\n<p>N\u00eb inspektimin kontrollues \u00ebsht\u00eb konstatuar : Me dat\u00eb !7.05.2016. rreth or\u00ebs 9h. Kryetari i bashk\u00ebsis\u00eb lokale \u00a0Sukubin\u00eb, Dritan Kurti &#8211; me telefon kish njoftuar kryeshefin e policis\u00eb komunale se kish ardhur deri te hedhja n\u00eb er\u00eb e Ur\u00ebs s\u00eb Goric\u00ebss, nga ekzekutuesit\u00a0 e pa identifikuar.<\/p>\n<p>Policia komunale\u00a0 menj\u00ebher\u00eb kish dal\u00eb n\u00eb vend ngjarje dhe konstatoi q\u00eb ura ish e shkat\u00ebrruar totalisht dhe p\u00ebr k\u00ebt\u00eb u b\u00eb d\u00ebshmi fotografike.<\/p>\n<p>Procesverbali u hartua n\u00eb vend ngjarje dhe n\u00eb pranin\u00eb e kryetarit t\u00eb bashk\u00ebsis\u00eb lokale Dritan Kurti, i cili u njoftua me p\u00ebrmbajtjen e procesverbalit t\u00eb cilin e n\u00ebnshkroi.<\/p>\n<ul>\n<li>Nj\u00eb shembull i procesverbalit , i \u00ebsht\u00eb dor\u00ebzuar Sekretariatit p\u00ebr mbrojtjen e Pasuris\u00eb p\u00ebr t\u00eb nd\u00ebrmarr\u00eb masat nga fusha e kompetencave t\u00eb veta.<\/li>\n<li>N\u00eb gjendjen e konstatuar pala deklaroi q\u00eb sekretariati p\u00ebr mbrojtjen e pasuris\u00eb t\u00eb marr\u00eb masat nga kompetencat e veta&#8230;&#8230;.\u201d<\/li>\n<\/ul>\n<p>&nbsp;<\/p>\n<p><strong>(Vazhdon- disa nga fotografit\u00eb e ur\u00ebs q\u00eb nuk \u00ebsht\u00eb m\u00eb)<\/strong><\/p>\n<p>&nbsp;<\/p>\n<p><strong>Pik\u00ebpamjet e shprehura n\u00eb faqen \u201cOPINIONE\u201d nuk p\u00ebrfaq\u00ebsojn\u00eb domosdoshm\u00ebrisht politik\u00ebn redaksionale t\u00eb \u201eLajmeve nga Ulqini\u201e<\/strong><\/p>\n<p><iframe loading=\"lazy\" width=\"508\" height=\"315\" src=\"https:\/\/www.youtube.com\/embed\/kIaY3PZ3EiE\" frameborder=\"0\" allowfullscreen><\/iframe><\/p>\n<p><strong><em>Shkruan: \u00a0Muhamet Nika,<\/em><\/strong><\/p>\n<p><strong><em>N\u00cbSE\u00a0 POLITIKAN\u00cbT \u00a0TAN\u00cb \u00a0DERI \u00a0TASH \u00a0\u00a0ISHIN T\u00cb D\u00cbMSH\u00cbM &#8211;\u00a0 TASHTI \u00a0JAN\u00cb B\u00cbR\u00cb T\u00cb RREZIKSH\u00cbM ?!<\/em><\/strong><\/p>\n<p><strong><em>3.<\/em><\/strong><\/p>\n<p><strong><em>( k\u00ebt\u00eb \u00a0konstatim tonin \u00a0e\u00a0 arsyetojn\u00eb \u00a0k\u00ebto\u00a0 pamje t\u00eb ur\u00ebs s\u00eb prishur t\u00eb\u00a0 Goric\u00ebs n\u00eb kufi me Shqip\u00ebrin\u00eb)?!<\/em><\/strong><\/p>\n<p><strong><em>\u00a0<\/em><\/strong><\/p>\n<p>K\u00ebto\u00a0 jan\u00eb \u00a0disa nga pamjet e\u00a0 ur\u00ebs\u00a0 mesjetare\u00a0 t\u00eb Goric\u00ebs\u00a0 n\u00eb kufi me Shqip\u00ebri\u00a0 e cila e \u201ch\u00ebngri..\u201d, \u00a0po duket pas\u00a0 \u00a0takimit \u00a0q\u00eb u b\u00eb n\u00eb Parlamentin Evropian n\u00eb Bruksel ,m\u00eb 23 dhe 24 shkurt \u00a0ku ishin pjes\u00ebmarr\u00ebs edhe deputet\u00ebt nga Ulqini?!!<\/p>\n<p>Mbledhja nd\u00ebr parlamentare e Parlamentit\u00a0 Evropian dhe parlamenteve nacionale \u00a0u zhvillua me tem\u00ebn: \u201cKufijt\u00eb e men\u00e7ur: sfidat evropiane, eksperiencat nacionale, rruga\u00a0 p\u00ebrpara\u201d, \u00a0\u00a0pat njoftuar\u00a0 at\u00ebher\u00eb, \u00a0Kuvendi i Malit t\u00eb Zi dhe p\u00ebr \u00e7ka kemi\u00a0 shprehur \u00a0dyshimin ton\u00eb q\u00eb ura t\u00eb jet\u00eb prishur \u00a0mbi baz\u00ebn e nj\u00eb ujdie t\u00eb\u00a0 pal\u00ebve pjes\u00ebmarr\u00ebse- me Bashkimin Evropian, p\u00ebr t\u00eb ndaluar kontraband\u00ebn ?!<\/p>\n<p>\u00cbsht\u00eb interesante se n\u00eb k\u00ebt\u00eb takim \u00a0\u00a0t\u00eb parlamenteve\u00a0 nacionale , p\u00ebr \u00e7udin\u00eb ton\u00eb nuk kish marr\u00eb pjes\u00eb\u00a0 askush nga deputet\u00ebt malazez\u00eb\u00a0 , p\u00ebrve\u00e7 dy\u00a0 shqiptar\u00ebve \u00a0nga Ulqini, \u00e7ka \u00ebsht\u00eb rast shum\u00eb indikativ &#8230;?!!<\/p>\n<p>Po shtojm\u00eb se n\u00eb gjith\u00eb k\u00ebt\u00eb q\u00eb ndodhi, krye shefi i policis\u00eb komunale\u00a0 t\u00eb Komun\u00ebs s\u00eb Ulqinit \u2013 Saubih Mehmeti, n\u00eb nj\u00eb emision televiziv , pas minimit t\u00eb ur\u00ebs dh\u00ebn\u00eb televizionit lokal TV\u00a0 Teuta , u shpreh \u00a0\u00a0me fjal\u00ebt\u201d Se t\u00eb prishet ura , p\u00ebr t\u00eb ndaluar kontraband\u00ebn kufitare \u2013 \u00ebsht\u00eb di\u00e7ka q\u00eb nuk ka ndodhur kurr\u00eb n\u00eb bot\u00eb..\u201d?!!<\/p>\n<p>I pyetur nga ne-\u00a0 P\u00ebrse e tha k\u00ebt\u00eb konstatim,\u00a0 ai na u p\u00ebrgjigj , q\u00eb \u201c prishja e ur\u00ebs , \u00a0kinse qenka b\u00ebr\u00eb \u00a0me propozim t\u00eb bashkimit evropian p\u00ebr t\u00eb ndaluar tregtin\u00eb e pa ligjshme \u00a0p\u00ebrmes rrug\u00ebve sekondare\u201d, \u00a0por faktet flasin t\u00eb kund\u00ebrt\u00ebn q\u00eb d\u00ebshmon edhe fotografia \u00a0m\u00eb posht\u00eb e b\u00ebr\u00eb nga personat zyrtar t\u00eb komun\u00ebs s\u00eb Ulqinit n\u00eb vendngjarje&#8230;???!!!!<\/p>\n<p><strong><em>Kjo \u00ebsht\u00eb fotografia \u00a0e b\u00ebr\u00eb\u00a0 pas ngjarjes \u00a0e barit buz\u00eb ur\u00ebs,\u00a0 n\u00eb rrug\u00ebn \u00a0q\u00eb t\u00eb hip\u00a0 n\u00eb ur\u00eb dhe \u00a0d\u00ebshmon se \u00a0bari\u00a0 \u00ebsht\u00eb\u00a0 fare i pa shkelur?! Nga\u00a0 gjendja e\u00a0 gjetur, shihet\u00a0 krejt\u00ebsisht\u00a0 qart\u00eb\u00a0 se nuk b\u00ebhej\u00a0\u00a0 fjal\u00eb \u00a0p\u00ebr trafikim\u00a0 kontraband\u00eb-\u00a0 qoft\u00eb me mjete transporti , qoft\u00eb \u00a0k\u00ebmb\u00ebsorie- sepse do t\u00eb ekzistonin gjurm\u00ebt &#8230;?!!!<\/em><\/strong><\/p>\n<p>&nbsp;<\/p>\n<p>Nga nj\u00eb veprim i ngjash\u00ebm \u00a0na u konfirmua\u00a0 se \u00a0diku para 2-viteve, \u00a0e kishte p\u00ebsuar \u00a0\u00a0edhe\u00a0 \u00a0\u00a0\u00a0Ura\u00a0 e Mem\u00eb Kravarit, po ashtu n\u00eb kufi me Shqip\u00ebrin\u00eb. E cila dihet se \u00a0ishte e mir\u00eb at\u00ebher\u00eb , kur gjat\u00eb \u00a0gjendjes s\u00eb\u00a0 amullis\u00eb s\u00eb\u00a0 shtetit shqiptar dhe\u00a0 t\u00eb embargos, Mali i Zi, trafikonte\u00a0 p\u00ebrmes\u00a0 kontrabandist\u00ebve shqiptar\u00eb \u00a0duke\u00a0 \u201c grabitur ..\u201d\u00a0 \u00a0hekurin shqiptar\u00eb\u00a0 p\u00ebr \u00a0Hekuran\u00ebn e Nikshiqit&#8230;?!<\/p>\n<p>N\u00eb k\u00ebt\u00eb rast , mendojm\u00eb se \u00a0heshtja \u00a0rreth \u00a0d\u00ebmtimit t\u00eb urave, \u00a0\u00a0n\u00eb raport me zhurm\u00ebn p\u00ebr fjalorin e p\u00ebrmendur t\u00eb Canus, na shtyn t\u00eb themi q\u00eb kemi t\u00eb b\u00ebjm\u00eb me nj\u00eb hipokrizi politike ditore \u00a0t\u00eb momentit .<\/p>\n<p>&nbsp;<\/p>\n","protected":false},"excerpt":{"rendered":"<p>Nga Muhamet Nika ((Vazhdim) 2. I shqet\u00ebsuar\u00a0 nga akti vandal i minimit t\u00eb Ur\u00ebs s\u00eb Goric\u00ebs , n\u00eb\u00a0 kufirin shtet\u00ebror me Shqip\u00ebrin\u00eb- Sukubin\u00eb \u2013Ulqin, nga policia e brezit kufitar p\u00ebr \u00e7ka askush nga\u00a0 politika\u00a0 nuk \u00a0reagoi ose q\u00eb\u00a0 v\u00ebrtetoi\u00a0 se kush \u00ebsht\u00eb nga pushtetet \u00a0urdh\u00ebrdh\u00ebn\u00ebs\u00a0 i hedhjes n\u00eb er\u00eb &#8230;, \u00a0\u00a0dhe n\u00eb baz\u00eb t\u00eb cilit [&hellip;]<\/p>\n","protected":false},"author":1,"featured_media":0,"comment_status":"closed","ping_status":"closed","sticky":false,"template":"","format":"standard","meta":{"spay_email":"","jetpack_publicize_message":"","jetpack_is_tweetstorm":false,"jetpack_publicize_feature_enabled":true},"categories":[14249],"tags":[],"jetpack_publicize_connections":[],"yoast_head":"<!-- This site is optimized with the Yoast SEO plugin v19.1 - https:\/\/yoast.com\/wordpress\/plugins\/seo\/ -->\n<title>Nika: Hedhja n\u00eb er\u00eb e ur\u00ebs s\u00eb Goric\u00ebs dhe kush mund t\u00eb ket\u00eb gisht n\u00eb te\u2026?!! - Lajme nga Ulqini<\/title>\n<meta name=\"description\" content=\"Nga Muhamet Nika ((Vazhdim) 2. I shqet\u00ebsuar\u00a0 nga akti vandal i minimit t\u00eb Ur\u00ebs s\u00eb Goric\u00ebs , n\u00eb\u00a0 kufirin shtet\u00ebror me Shqip\u00ebrin\u00eb- Sukubin\u00eb \u2013Ulqin, nga\" \/>\n<meta name=\"robots\" content=\"index, follow, max-snippet:-1, max-image-preview:large, max-video-preview:-1\" \/>\n<link rel=\"canonical\" href=\"https:\/\/www.visit-ulcinj.com\/blog\/2016\/06\/04\/nika-hedhja-ne-ere-e-ures-se-gorices-dhe-kush-mund-te-kete-gisht-ne-te\/\" \/>\n<meta property=\"og:locale\" content=\"en_US\" \/>\n<meta property=\"og:type\" content=\"article\" \/>\n<meta property=\"og:title\" content=\"Nika: Hedhja n\u00eb er\u00eb e ur\u00ebs s\u00eb Goric\u00ebs dhe kush mund t\u00eb ket\u00eb gisht n\u00eb te\u2026?!! - Lajme nga Ulqini\" \/>\n<meta property=\"og:description\" content=\"Nga Muhamet Nika ((Vazhdim) 2. I shqet\u00ebsuar\u00a0 nga akti vandal i minimit t\u00eb Ur\u00ebs s\u00eb Goric\u00ebs , n\u00eb\u00a0 kufirin shtet\u00ebror me Shqip\u00ebrin\u00eb- Sukubin\u00eb \u2013Ulqin, nga\" \/>\n<meta property=\"og:url\" content=\"https:\/\/www.visit-ulcinj.com\/blog\/2016\/06\/04\/nika-hedhja-ne-ere-e-ures-se-gorices-dhe-kush-mund-te-kete-gisht-ne-te\/\" \/>\n<meta property=\"og:site_name\" content=\"Lajme nga Ulqini\" \/>\n<meta property=\"article:published_time\" content=\"2016-06-04T12:59:10+00:00\" \/>\n<meta property=\"article:modified_time\" content=\"2016-06-13T17:09:05+00:00\" \/>\n<meta name=\"twitter:label1\" content=\"Written by\" \/>\n\t<meta name=\"twitter:data1\" content=\"ulqini\" \/>\n\t<meta name=\"twitter:label2\" content=\"Est. reading time\" \/>\n\t<meta name=\"twitter:data2\" content=\"7 minutes\" \/>\n<script type=\"application\/ld+json\" class=\"yoast-schema-graph\">{\"@context\":\"https:\/\/schema.org\",\"@graph\":[{\"@type\":\"WebSite\",\"@id\":\"https:\/\/www.visit-ulcinj.com\/blog\/#website\",\"url\":\"https:\/\/www.visit-ulcinj.com\/blog\/\",\"name\":\"Lajme nga Ulqini\",\"description\":\"Lajme,Vijesti,Ulqini,Ulqin,Crna Gora,Mali i Zi\",\"potentialAction\":[{\"@type\":\"SearchAction\",\"target\":{\"@type\":\"EntryPoint\",\"urlTemplate\":\"https:\/\/www.visit-ulcinj.com\/blog\/?s={search_term_string}\"},\"query-input\":\"required name=search_term_string\"}],\"inLanguage\":\"en-US\"},{\"@type\":\"WebPage\",\"@id\":\"https:\/\/www.visit-ulcinj.com\/blog\/2016\/06\/04\/nika-hedhja-ne-ere-e-ures-se-gorices-dhe-kush-mund-te-kete-gisht-ne-te\/#webpage\",\"url\":\"https:\/\/www.visit-ulcinj.com\/blog\/2016\/06\/04\/nika-hedhja-ne-ere-e-ures-se-gorices-dhe-kush-mund-te-kete-gisht-ne-te\/\",\"name\":\"Nika: Hedhja n\u00eb er\u00eb e ur\u00ebs s\u00eb Goric\u00ebs dhe kush mund t\u00eb ket\u00eb gisht n\u00eb te\u2026?!! - Lajme nga Ulqini\",\"isPartOf\":{\"@id\":\"https:\/\/www.visit-ulcinj.com\/blog\/#website\"},\"datePublished\":\"2016-06-04T12:59:10+00:00\",\"dateModified\":\"2016-06-13T17:09:05+00:00\",\"author\":{\"@id\":\"https:\/\/www.visit-ulcinj.com\/blog\/#\/schema\/person\/dcab619c614d3038751c63bc2aadc06d\"},\"description\":\"Nga Muhamet Nika ((Vazhdim) 2. I shqet\u00ebsuar\u00a0 nga akti vandal i minimit t\u00eb Ur\u00ebs s\u00eb Goric\u00ebs , n\u00eb\u00a0 kufirin shtet\u00ebror me Shqip\u00ebrin\u00eb- Sukubin\u00eb \u2013Ulqin, nga\",\"breadcrumb\":{\"@id\":\"https:\/\/www.visit-ulcinj.com\/blog\/2016\/06\/04\/nika-hedhja-ne-ere-e-ures-se-gorices-dhe-kush-mund-te-kete-gisht-ne-te\/#breadcrumb\"},\"inLanguage\":\"en-US\",\"potentialAction\":[{\"@type\":\"ReadAction\",\"target\":[\"https:\/\/www.visit-ulcinj.com\/blog\/2016\/06\/04\/nika-hedhja-ne-ere-e-ures-se-gorices-dhe-kush-mund-te-kete-gisht-ne-te\/\"]}]},{\"@type\":\"BreadcrumbList\",\"@id\":\"https:\/\/www.visit-ulcinj.com\/blog\/2016\/06\/04\/nika-hedhja-ne-ere-e-ures-se-gorices-dhe-kush-mund-te-kete-gisht-ne-te\/#breadcrumb\",\"itemListElement\":[{\"@type\":\"ListItem\",\"position\":1,\"name\":\"Nika: Hedhja n\u00eb er\u00eb e ur\u00ebs s\u00eb Goric\u00ebs dhe kush mund t\u00eb ket\u00eb gisht n\u00eb te\u2026?!!\"}]},{\"@type\":\"Person\",\"@id\":\"https:\/\/www.visit-ulcinj.com\/blog\/#\/schema\/person\/dcab619c614d3038751c63bc2aadc06d\",\"name\":\"ulqini\",\"sameAs\":[\"http:\/\/www.visit-ulcinj.com\"],\"url\":\"https:\/\/www.visit-ulcinj.com\/blog\/author\/admin\/\"}]}<\/script>\n<!-- \/ Yoast SEO plugin. -->","yoast_head_json":{"title":"Nika: Hedhja n\u00eb er\u00eb e ur\u00ebs s\u00eb Goric\u00ebs dhe kush mund t\u00eb ket\u00eb gisht n\u00eb te\u2026?!! - Lajme nga Ulqini","description":"Nga Muhamet Nika ((Vazhdim) 2. I shqet\u00ebsuar\u00a0 nga akti vandal i minimit t\u00eb Ur\u00ebs s\u00eb Goric\u00ebs , n\u00eb\u00a0 kufirin shtet\u00ebror me Shqip\u00ebrin\u00eb- Sukubin\u00eb \u2013Ulqin, nga","robots":{"index":"index","follow":"follow","max-snippet":"max-snippet:-1","max-image-preview":"max-image-preview:large","max-video-preview":"max-video-preview:-1"},"canonical":"https:\/\/www.visit-ulcinj.com\/blog\/2016\/06\/04\/nika-hedhja-ne-ere-e-ures-se-gorices-dhe-kush-mund-te-kete-gisht-ne-te\/","og_locale":"en_US","og_type":"article","og_title":"Nika: Hedhja n\u00eb er\u00eb e ur\u00ebs s\u00eb Goric\u00ebs dhe kush mund t\u00eb ket\u00eb gisht n\u00eb te\u2026?!! - Lajme nga Ulqini","og_description":"Nga Muhamet Nika ((Vazhdim) 2. I shqet\u00ebsuar\u00a0 nga akti vandal i minimit t\u00eb Ur\u00ebs s\u00eb Goric\u00ebs , n\u00eb\u00a0 kufirin shtet\u00ebror me Shqip\u00ebrin\u00eb- Sukubin\u00eb \u2013Ulqin, nga","og_url":"https:\/\/www.visit-ulcinj.com\/blog\/2016\/06\/04\/nika-hedhja-ne-ere-e-ures-se-gorices-dhe-kush-mund-te-kete-gisht-ne-te\/","og_site_name":"Lajme nga Ulqini","article_published_time":"2016-06-04T12:59:10+00:00","article_modified_time":"2016-06-13T17:09:05+00:00","twitter_misc":{"Written by":"ulqini","Est. reading time":"7 minutes"},"schema":{"@context":"https:\/\/schema.org","@graph":[{"@type":"WebSite","@id":"https:\/\/www.visit-ulcinj.com\/blog\/#website","url":"https:\/\/www.visit-ulcinj.com\/blog\/","name":"Lajme nga Ulqini","description":"Lajme,Vijesti,Ulqini,Ulqin,Crna Gora,Mali i Zi","potentialAction":[{"@type":"SearchAction","target":{"@type":"EntryPoint","urlTemplate":"https:\/\/www.visit-ulcinj.com\/blog\/?s={search_term_string}"},"query-input":"required name=search_term_string"}],"inLanguage":"en-US"},{"@type":"WebPage","@id":"https:\/\/www.visit-ulcinj.com\/blog\/2016\/06\/04\/nika-hedhja-ne-ere-e-ures-se-gorices-dhe-kush-mund-te-kete-gisht-ne-te\/#webpage","url":"https:\/\/www.visit-ulcinj.com\/blog\/2016\/06\/04\/nika-hedhja-ne-ere-e-ures-se-gorices-dhe-kush-mund-te-kete-gisht-ne-te\/","name":"Nika: Hedhja n\u00eb er\u00eb e ur\u00ebs s\u00eb Goric\u00ebs dhe kush mund t\u00eb ket\u00eb gisht n\u00eb te\u2026?!! - Lajme nga Ulqini","isPartOf":{"@id":"https:\/\/www.visit-ulcinj.com\/blog\/#website"},"datePublished":"2016-06-04T12:59:10+00:00","dateModified":"2016-06-13T17:09:05+00:00","author":{"@id":"https:\/\/www.visit-ulcinj.com\/blog\/#\/schema\/person\/dcab619c614d3038751c63bc2aadc06d"},"description":"Nga Muhamet Nika ((Vazhdim) 2. I shqet\u00ebsuar\u00a0 nga akti vandal i minimit t\u00eb Ur\u00ebs s\u00eb Goric\u00ebs , n\u00eb\u00a0 kufirin shtet\u00ebror me Shqip\u00ebrin\u00eb- Sukubin\u00eb \u2013Ulqin, nga","breadcrumb":{"@id":"https:\/\/www.visit-ulcinj.com\/blog\/2016\/06\/04\/nika-hedhja-ne-ere-e-ures-se-gorices-dhe-kush-mund-te-kete-gisht-ne-te\/#breadcrumb"},"inLanguage":"en-US","potentialAction":[{"@type":"ReadAction","target":["https:\/\/www.visit-ulcinj.com\/blog\/2016\/06\/04\/nika-hedhja-ne-ere-e-ures-se-gorices-dhe-kush-mund-te-kete-gisht-ne-te\/"]}]},{"@type":"BreadcrumbList","@id":"https:\/\/www.visit-ulcinj.com\/blog\/2016\/06\/04\/nika-hedhja-ne-ere-e-ures-se-gorices-dhe-kush-mund-te-kete-gisht-ne-te\/#breadcrumb","itemListElement":[{"@type":"ListItem","position":1,"name":"Nika: Hedhja n\u00eb er\u00eb e ur\u00ebs s\u00eb Goric\u00ebs dhe kush mund t\u00eb ket\u00eb gisht n\u00eb te\u2026?!!"}]},{"@type":"Person","@id":"https:\/\/www.visit-ulcinj.com\/blog\/#\/schema\/person\/dcab619c614d3038751c63bc2aadc06d","name":"ulqini","sameAs":["http:\/\/www.visit-ulcinj.com"],"url":"https:\/\/www.visit-ulcinj.com\/blog\/author\/admin\/"}]}},"jetpack_featured_media_url":"","jetpack_sharing_enabled":true,"jetpack_shortlink":"https:\/\/wp.me\/pe6lTn-pk7","_links":{"self":[{"href":"https:\/\/www.visit-ulcinj.com\/blog\/wp-json\/wp\/v2\/posts\/97347"}],"collection":[{"href":"https:\/\/www.visit-ulcinj.com\/blog\/wp-json\/wp\/v2\/posts"}],"about":[{"href":"https:\/\/www.visit-ulcinj.com\/blog\/wp-json\/wp\/v2\/types\/post"}],"author":[{"embeddable":true,"href":"https:\/\/www.visit-ulcinj.com\/blog\/wp-json\/wp\/v2\/users\/1"}],"replies":[{"embeddable":true,"href":"https:\/\/www.visit-ulcinj.com\/blog\/wp-json\/wp\/v2\/comments?post=97347"}],"version-history":[{"count":4,"href":"https:\/\/www.visit-ulcinj.com\/blog\/wp-json\/wp\/v2\/posts\/97347\/revisions"}],"predecessor-version":[{"id":97570,"href":"https:\/\/www.visit-ulcinj.com\/blog\/wp-json\/wp\/v2\/posts\/97347\/revisions\/97570"}],"wp:attachment":[{"href":"https:\/\/www.visit-ulcinj.com\/blog\/wp-json\/wp\/v2\/media?parent=97347"}],"wp:term":[{"taxonomy":"category","embeddable":true,"href":"https:\/\/www.visit-ulcinj.com\/blog\/wp-json\/wp\/v2\/categories?post=97347"},{"taxonomy":"post_tag","embeddable":true,"href":"https:\/\/www.visit-ulcinj.com\/blog\/wp-json\/wp\/v2\/tags?post=97347"}],"curies":[{"name":"wp","href":"https:\/\/api.w.org\/{rel}","templated":true}]}}