{"id":97358,"date":"2016-06-06T08:46:32","date_gmt":"2016-06-06T07:46:32","guid":{"rendered":"http:\/\/www.visit-ulcinj.com\/blog\/?p=97358"},"modified":"2016-06-06T14:58:47","modified_gmt":"2016-06-06T13:58:47","slug":"kryetari-cungu-uron-besimtaret-myslimane-per-muajin-e-shenjte-te-ramazanit","status":"publish","type":"post","link":"https:\/\/www.visit-ulcinj.com\/blog\/2016\/06\/06\/kryetari-cungu-uron-besimtaret-myslimane-per-muajin-e-shenjte-te-ramazanit\/","title":{"rendered":"Kryetari Cungu uron besimtar\u00ebt mysliman\u00eb p\u00ebr muajin e shenjt\u00eb t\u00eb Ramazanit"},"content":{"rendered":"<p><strong><a href=\"http:\/\/www.visit-ulcinj.com\/blog\/wp-content\/uploads\/2014\/01\/Nazif-Cungu-Ulcinj.jpg\"><img loading=\"lazy\" class=\"alignleft wp-image-78147\" src=\"http:\/\/www.visit-ulcinj.com\/blog\/wp-content\/uploads\/2014\/01\/Nazif-Cungu-Ulcinj.jpg\" alt=\"Nazif-Cungu-Ulcinj\" width=\"508\" height=\"337\" srcset=\"https:\/\/www.visit-ulcinj.com\/blog\/wp-content\/uploads\/2014\/01\/Nazif-Cungu-Ulcinj.jpg 768w, https:\/\/www.visit-ulcinj.com\/blog\/wp-content\/uploads\/2014\/01\/Nazif-Cungu-Ulcinj-300x198.jpg 300w\" sizes=\"(max-width: 508px) 100vw, 508px\" \/><\/a>Kryetari i Ulqinit Nazif Cungu , ka uruar besimtar\u00ebt mysliman\u00eb dhe Bashk\u00ebsin\u00eb Islame me rastin e fillimit t\u00eb muajit t\u00eb shenjt\u00eb t\u00eb Ramazanit.N\u00eb mesazhin e tij nd\u00ebr t\u00eb tjera thuhet<\/strong><u><\/u><u><\/u><\/p>\n<p>Shpreh besimin se mesazhi i muajit t\u00eb Ramazanit, q\u00eb p\u00ebrfaq\u00ebson devotshm\u00ebrin\u00eb, humanizmin, solidaritetin dhe p\u00ebrkushtimin p\u00ebr paqe e toleranc\u00eb, do t\u00eb sjell\u00eb m\u00eb shum\u00eb bashk\u00ebpunim dhe mir\u00ebkuptim nd\u00ebrmjet njer\u00ebzve.<u><\/u><u><\/u><\/p>\n<p>Duke uruar t\u00eb gjith\u00eb besimtar\u00ebt mysliman\u00eb, kryetari Cungu\u00a0 thekson nevoj\u00ebn p\u00ebr thellimin e bashk\u00ebpunimit n\u00eb realizimin e synimeve t\u00eb p\u00ebrbashk\u00ebta .<\/p>\n","protected":false},"excerpt":{"rendered":"<p>Kryetari i Ulqinit Nazif Cungu , ka uruar besimtar\u00ebt mysliman\u00eb dhe Bashk\u00ebsin\u00eb Islame me rastin e fillimit t\u00eb muajit t\u00eb shenjt\u00eb t\u00eb Ramazanit.N\u00eb mesazhin e tij nd\u00ebr t\u00eb tjera thuhet Shpreh besimin se mesazhi i muajit t\u00eb Ramazanit, q\u00eb p\u00ebrfaq\u00ebson devotshm\u00ebrin\u00eb, humanizmin, solidaritetin dhe p\u00ebrkushtimin p\u00ebr paqe e toleranc\u00eb, do t\u00eb sjell\u00eb m\u00eb shum\u00eb bashk\u00ebpunim [&hellip;]<\/p>\n","protected":false},"author":1,"featured_media":0,"comment_status":"closed","ping_status":"closed","sticky":false,"template":"","format":"standard","meta":{"spay_email":"","jetpack_publicize_message":"","jetpack_is_tweetstorm":false,"jetpack_publicize_feature_enabled":true},"categories":[1],"tags":[],"jetpack_publicize_connections":[],"yoast_head":"<!-- This site is optimized with the Yoast SEO plugin v19.1 - https:\/\/yoast.com\/wordpress\/plugins\/seo\/ -->\n<title>Kryetari Cungu uron besimtar\u00ebt mysliman\u00eb p\u00ebr muajin e shenjt\u00eb t\u00eb Ramazanit - Lajme nga Ulqini<\/title>\n<meta name=\"description\" content=\"Kryetari i Ulqinit Nazif Cungu , ka uruar besimtar\u00ebt mysliman\u00eb dhe Bashk\u00ebsin\u00eb Islame me rastin e fillimit t\u00eb muajit t\u00eb shenjt\u00eb t\u00eb Ramazanit.N\u00eb mesazhin e\" \/>\n<meta name=\"robots\" content=\"index, follow, max-snippet:-1, max-image-preview:large, max-video-preview:-1\" \/>\n<link rel=\"canonical\" href=\"https:\/\/www.visit-ulcinj.com\/blog\/2016\/06\/06\/kryetari-cungu-uron-besimtaret-myslimane-per-muajin-e-shenjte-te-ramazanit\/\" \/>\n<meta property=\"og:locale\" content=\"en_US\" \/>\n<meta property=\"og:type\" content=\"article\" \/>\n<meta property=\"og:title\" content=\"Kryetari Cungu uron besimtar\u00ebt mysliman\u00eb p\u00ebr muajin e shenjt\u00eb t\u00eb Ramazanit - Lajme nga Ulqini\" \/>\n<meta property=\"og:description\" content=\"Kryetari i Ulqinit Nazif Cungu , ka uruar besimtar\u00ebt mysliman\u00eb dhe Bashk\u00ebsin\u00eb Islame me rastin e fillimit t\u00eb muajit t\u00eb shenjt\u00eb t\u00eb Ramazanit.N\u00eb mesazhin e\" \/>\n<meta property=\"og:url\" content=\"https:\/\/www.visit-ulcinj.com\/blog\/2016\/06\/06\/kryetari-cungu-uron-besimtaret-myslimane-per-muajin-e-shenjte-te-ramazanit\/\" \/>\n<meta property=\"og:site_name\" content=\"Lajme nga Ulqini\" \/>\n<meta property=\"article:published_time\" content=\"2016-06-06T07:46:32+00:00\" \/>\n<meta property=\"article:modified_time\" content=\"2016-06-06T13:58:47+00:00\" \/>\n<meta property=\"og:image\" content=\"http:\/\/www.visit-ulcinj.com\/blog\/wp-content\/uploads\/2014\/01\/Nazif-Cungu-Ulcinj.jpg\" \/>\n<meta name=\"twitter:label1\" content=\"Written by\" \/>\n\t<meta name=\"twitter:data1\" content=\"ulqini\" \/>\n<script type=\"application\/ld+json\" class=\"yoast-schema-graph\">{\"@context\":\"https:\/\/schema.org\",\"@graph\":[{\"@type\":\"WebSite\",\"@id\":\"https:\/\/www.visit-ulcinj.com\/blog\/#website\",\"url\":\"https:\/\/www.visit-ulcinj.com\/blog\/\",\"name\":\"Lajme nga Ulqini\",\"description\":\"Lajme,Vijesti,Ulqini,Ulqin,Crna Gora,Mali i Zi\",\"potentialAction\":[{\"@type\":\"SearchAction\",\"target\":{\"@type\":\"EntryPoint\",\"urlTemplate\":\"https:\/\/www.visit-ulcinj.com\/blog\/?s={search_term_string}\"},\"query-input\":\"required name=search_term_string\"}],\"inLanguage\":\"en-US\"},{\"@type\":\"ImageObject\",\"inLanguage\":\"en-US\",\"@id\":\"https:\/\/www.visit-ulcinj.com\/blog\/2016\/06\/06\/kryetari-cungu-uron-besimtaret-myslimane-per-muajin-e-shenjte-te-ramazanit\/#primaryimage\",\"url\":\"https:\/\/www.visit-ulcinj.com\/blog\/wp-content\/uploads\/2014\/01\/Nazif-Cungu-Ulcinj.jpg\",\"contentUrl\":\"https:\/\/www.visit-ulcinj.com\/blog\/wp-content\/uploads\/2014\/01\/Nazif-Cungu-Ulcinj.jpg\",\"width\":768,\"height\":509},{\"@type\":\"WebPage\",\"@id\":\"https:\/\/www.visit-ulcinj.com\/blog\/2016\/06\/06\/kryetari-cungu-uron-besimtaret-myslimane-per-muajin-e-shenjte-te-ramazanit\/#webpage\",\"url\":\"https:\/\/www.visit-ulcinj.com\/blog\/2016\/06\/06\/kryetari-cungu-uron-besimtaret-myslimane-per-muajin-e-shenjte-te-ramazanit\/\",\"name\":\"Kryetari Cungu uron besimtar\u00ebt mysliman\u00eb p\u00ebr muajin e shenjt\u00eb t\u00eb Ramazanit - Lajme nga Ulqini\",\"isPartOf\":{\"@id\":\"https:\/\/www.visit-ulcinj.com\/blog\/#website\"},\"primaryImageOfPage\":{\"@id\":\"https:\/\/www.visit-ulcinj.com\/blog\/2016\/06\/06\/kryetari-cungu-uron-besimtaret-myslimane-per-muajin-e-shenjte-te-ramazanit\/#primaryimage\"},\"datePublished\":\"2016-06-06T07:46:32+00:00\",\"dateModified\":\"2016-06-06T13:58:47+00:00\",\"author\":{\"@id\":\"https:\/\/www.visit-ulcinj.com\/blog\/#\/schema\/person\/dcab619c614d3038751c63bc2aadc06d\"},\"description\":\"Kryetari i Ulqinit Nazif Cungu , ka uruar besimtar\u00ebt mysliman\u00eb dhe Bashk\u00ebsin\u00eb Islame me rastin e fillimit t\u00eb muajit t\u00eb shenjt\u00eb t\u00eb Ramazanit.N\u00eb mesazhin e\",\"breadcrumb\":{\"@id\":\"https:\/\/www.visit-ulcinj.com\/blog\/2016\/06\/06\/kryetari-cungu-uron-besimtaret-myslimane-per-muajin-e-shenjte-te-ramazanit\/#breadcrumb\"},\"inLanguage\":\"en-US\",\"potentialAction\":[{\"@type\":\"ReadAction\",\"target\":[\"https:\/\/www.visit-ulcinj.com\/blog\/2016\/06\/06\/kryetari-cungu-uron-besimtaret-myslimane-per-muajin-e-shenjte-te-ramazanit\/\"]}]},{\"@type\":\"BreadcrumbList\",\"@id\":\"https:\/\/www.visit-ulcinj.com\/blog\/2016\/06\/06\/kryetari-cungu-uron-besimtaret-myslimane-per-muajin-e-shenjte-te-ramazanit\/#breadcrumb\",\"itemListElement\":[{\"@type\":\"ListItem\",\"position\":1,\"name\":\"Kryetari Cungu uron besimtar\u00ebt mysliman\u00eb p\u00ebr muajin e shenjt\u00eb t\u00eb Ramazanit\"}]},{\"@type\":\"Person\",\"@id\":\"https:\/\/www.visit-ulcinj.com\/blog\/#\/schema\/person\/dcab619c614d3038751c63bc2aadc06d\",\"name\":\"ulqini\",\"sameAs\":[\"http:\/\/www.visit-ulcinj.com\"],\"url\":\"https:\/\/www.visit-ulcinj.com\/blog\/author\/admin\/\"}]}<\/script>\n<!-- \/ Yoast SEO plugin. -->","yoast_head_json":{"title":"Kryetari Cungu uron besimtar\u00ebt mysliman\u00eb p\u00ebr muajin e shenjt\u00eb t\u00eb Ramazanit - Lajme nga Ulqini","description":"Kryetari i Ulqinit Nazif Cungu , ka uruar besimtar\u00ebt mysliman\u00eb dhe Bashk\u00ebsin\u00eb Islame me rastin e fillimit t\u00eb muajit t\u00eb shenjt\u00eb t\u00eb Ramazanit.N\u00eb mesazhin e","robots":{"index":"index","follow":"follow","max-snippet":"max-snippet:-1","max-image-preview":"max-image-preview:large","max-video-preview":"max-video-preview:-1"},"canonical":"https:\/\/www.visit-ulcinj.com\/blog\/2016\/06\/06\/kryetari-cungu-uron-besimtaret-myslimane-per-muajin-e-shenjte-te-ramazanit\/","og_locale":"en_US","og_type":"article","og_title":"Kryetari Cungu uron besimtar\u00ebt mysliman\u00eb p\u00ebr muajin e shenjt\u00eb t\u00eb Ramazanit - Lajme nga Ulqini","og_description":"Kryetari i Ulqinit Nazif Cungu , ka uruar besimtar\u00ebt mysliman\u00eb dhe Bashk\u00ebsin\u00eb Islame me rastin e fillimit t\u00eb muajit t\u00eb shenjt\u00eb t\u00eb Ramazanit.N\u00eb mesazhin e","og_url":"https:\/\/www.visit-ulcinj.com\/blog\/2016\/06\/06\/kryetari-cungu-uron-besimtaret-myslimane-per-muajin-e-shenjte-te-ramazanit\/","og_site_name":"Lajme nga Ulqini","article_published_time":"2016-06-06T07:46:32+00:00","article_modified_time":"2016-06-06T13:58:47+00:00","og_image":[{"url":"http:\/\/www.visit-ulcinj.com\/blog\/wp-content\/uploads\/2014\/01\/Nazif-Cungu-Ulcinj.jpg"}],"twitter_misc":{"Written by":"ulqini"},"schema":{"@context":"https:\/\/schema.org","@graph":[{"@type":"WebSite","@id":"https:\/\/www.visit-ulcinj.com\/blog\/#website","url":"https:\/\/www.visit-ulcinj.com\/blog\/","name":"Lajme nga Ulqini","description":"Lajme,Vijesti,Ulqini,Ulqin,Crna Gora,Mali i Zi","potentialAction":[{"@type":"SearchAction","target":{"@type":"EntryPoint","urlTemplate":"https:\/\/www.visit-ulcinj.com\/blog\/?s={search_term_string}"},"query-input":"required name=search_term_string"}],"inLanguage":"en-US"},{"@type":"ImageObject","inLanguage":"en-US","@id":"https:\/\/www.visit-ulcinj.com\/blog\/2016\/06\/06\/kryetari-cungu-uron-besimtaret-myslimane-per-muajin-e-shenjte-te-ramazanit\/#primaryimage","url":"https:\/\/www.visit-ulcinj.com\/blog\/wp-content\/uploads\/2014\/01\/Nazif-Cungu-Ulcinj.jpg","contentUrl":"https:\/\/www.visit-ulcinj.com\/blog\/wp-content\/uploads\/2014\/01\/Nazif-Cungu-Ulcinj.jpg","width":768,"height":509},{"@type":"WebPage","@id":"https:\/\/www.visit-ulcinj.com\/blog\/2016\/06\/06\/kryetari-cungu-uron-besimtaret-myslimane-per-muajin-e-shenjte-te-ramazanit\/#webpage","url":"https:\/\/www.visit-ulcinj.com\/blog\/2016\/06\/06\/kryetari-cungu-uron-besimtaret-myslimane-per-muajin-e-shenjte-te-ramazanit\/","name":"Kryetari Cungu uron besimtar\u00ebt mysliman\u00eb p\u00ebr muajin e shenjt\u00eb t\u00eb Ramazanit - Lajme nga Ulqini","isPartOf":{"@id":"https:\/\/www.visit-ulcinj.com\/blog\/#website"},"primaryImageOfPage":{"@id":"https:\/\/www.visit-ulcinj.com\/blog\/2016\/06\/06\/kryetari-cungu-uron-besimtaret-myslimane-per-muajin-e-shenjte-te-ramazanit\/#primaryimage"},"datePublished":"2016-06-06T07:46:32+00:00","dateModified":"2016-06-06T13:58:47+00:00","author":{"@id":"https:\/\/www.visit-ulcinj.com\/blog\/#\/schema\/person\/dcab619c614d3038751c63bc2aadc06d"},"description":"Kryetari i Ulqinit Nazif Cungu , ka uruar besimtar\u00ebt mysliman\u00eb dhe Bashk\u00ebsin\u00eb Islame me rastin e fillimit t\u00eb muajit t\u00eb shenjt\u00eb t\u00eb Ramazanit.N\u00eb mesazhin e","breadcrumb":{"@id":"https:\/\/www.visit-ulcinj.com\/blog\/2016\/06\/06\/kryetari-cungu-uron-besimtaret-myslimane-per-muajin-e-shenjte-te-ramazanit\/#breadcrumb"},"inLanguage":"en-US","potentialAction":[{"@type":"ReadAction","target":["https:\/\/www.visit-ulcinj.com\/blog\/2016\/06\/06\/kryetari-cungu-uron-besimtaret-myslimane-per-muajin-e-shenjte-te-ramazanit\/"]}]},{"@type":"BreadcrumbList","@id":"https:\/\/www.visit-ulcinj.com\/blog\/2016\/06\/06\/kryetari-cungu-uron-besimtaret-myslimane-per-muajin-e-shenjte-te-ramazanit\/#breadcrumb","itemListElement":[{"@type":"ListItem","position":1,"name":"Kryetari Cungu uron besimtar\u00ebt mysliman\u00eb p\u00ebr muajin e shenjt\u00eb t\u00eb Ramazanit"}]},{"@type":"Person","@id":"https:\/\/www.visit-ulcinj.com\/blog\/#\/schema\/person\/dcab619c614d3038751c63bc2aadc06d","name":"ulqini","sameAs":["http:\/\/www.visit-ulcinj.com"],"url":"https:\/\/www.visit-ulcinj.com\/blog\/author\/admin\/"}]}},"jetpack_featured_media_url":"","jetpack_sharing_enabled":true,"jetpack_shortlink":"https:\/\/wp.me\/pe6lTn-pki","_links":{"self":[{"href":"https:\/\/www.visit-ulcinj.com\/blog\/wp-json\/wp\/v2\/posts\/97358"}],"collection":[{"href":"https:\/\/www.visit-ulcinj.com\/blog\/wp-json\/wp\/v2\/posts"}],"about":[{"href":"https:\/\/www.visit-ulcinj.com\/blog\/wp-json\/wp\/v2\/types\/post"}],"author":[{"embeddable":true,"href":"https:\/\/www.visit-ulcinj.com\/blog\/wp-json\/wp\/v2\/users\/1"}],"replies":[{"embeddable":true,"href":"https:\/\/www.visit-ulcinj.com\/blog\/wp-json\/wp\/v2\/comments?post=97358"}],"version-history":[{"count":1,"href":"https:\/\/www.visit-ulcinj.com\/blog\/wp-json\/wp\/v2\/posts\/97358\/revisions"}],"predecessor-version":[{"id":97359,"href":"https:\/\/www.visit-ulcinj.com\/blog\/wp-json\/wp\/v2\/posts\/97358\/revisions\/97359"}],"wp:attachment":[{"href":"https:\/\/www.visit-ulcinj.com\/blog\/wp-json\/wp\/v2\/media?parent=97358"}],"wp:term":[{"taxonomy":"category","embeddable":true,"href":"https:\/\/www.visit-ulcinj.com\/blog\/wp-json\/wp\/v2\/categories?post=97358"},{"taxonomy":"post_tag","embeddable":true,"href":"https:\/\/www.visit-ulcinj.com\/blog\/wp-json\/wp\/v2\/tags?post=97358"}],"curies":[{"name":"wp","href":"https:\/\/api.w.org\/{rel}","templated":true}]}}