{"id":97361,"date":"2016-06-06T09:01:34","date_gmt":"2016-06-06T08:01:34","guid":{"rendered":"http:\/\/www.visit-ulcinj.com\/blog\/?p=97361"},"modified":"2016-06-06T09:07:49","modified_gmt":"2016-06-06T08:07:49","slug":"be-ja-i-ve-kusht-malit-te-zi-mbrojtjen-e-kripores-se-ulqinit-video","status":"publish","type":"post","link":"https:\/\/www.visit-ulcinj.com\/blog\/2016\/06\/06\/be-ja-i-ve-kusht-malit-te-zi-mbrojtjen-e-kripores-se-ulqinit-video\/","title":{"rendered":"BE-ja i v\u00eb kusht Malit t\u00eb Zi mbrojtjen e Kripores s\u00eb Ulqinit &#8211; Video"},"content":{"rendered":"<p><a href=\"http:\/\/www.visit-ulcinj.com\/blog\/wp-content\/uploads\/2016\/06\/kriporja-ulqinit-ulcinjska-solana.jpg\"><img loading=\"lazy\" class=\"alignleft wp-image-97362\" src=\"http:\/\/www.visit-ulcinj.com\/blog\/wp-content\/uploads\/2016\/06\/kriporja-ulqinit-ulcinjska-solana.jpg\" alt=\"kriporja-ulqinit-ulcinjska-solana\" width=\"508\" height=\"278\" srcset=\"https:\/\/www.visit-ulcinj.com\/blog\/wp-content\/uploads\/2016\/06\/kriporja-ulqinit-ulcinjska-solana.jpg 657w, https:\/\/www.visit-ulcinj.com\/blog\/wp-content\/uploads\/2016\/06\/kriporja-ulqinit-ulcinjska-solana-300x164.jpg 300w\" sizes=\"(max-width: 508px) 100vw, 508px\" \/><\/a>Ambasador\u00ebt e Bashkimit Evropian n\u00eb Podgoric\u00eb k\u00ebrkojn\u00eb nga qeveria e Malit t\u00eb Zi q\u00eb t\u00eb mbroj\u00eb sa m\u00eb par\u00eb Kriporen e Ulqinit, duke e kthyer at\u00eb n\u00eb nj\u00eb vend p\u00ebr prodhimin e krip\u00ebs dhe n\u00eb nj\u00eb zon\u00eb t\u00eb ve\u00e7ant\u00eb p\u00ebr shpend\u00ebt q\u00eb shteg\u00ebtojn\u00eb aty.<\/p>\n<p>Ata ritheksuan q\u00ebndrimin e K\u00ebshillit Europian, se pa mbrojtjen e kripores nuk mund t\u00eb mbyllet kapitulli 27, i cili ka t\u00eb b\u00ebj\u00eb me mbrojtjen e mjedisit natyror.<\/p>\n<p><a href=\"http:\/\/www.visit-ulcinj.com\/blog\/wp-content\/uploads\/2016\/06\/kriporja-ulqinit-ulcinjska-solana-1.jpg\"><img loading=\"lazy\" class=\"alignleft wp-image-97364\" src=\"http:\/\/www.visit-ulcinj.com\/blog\/wp-content\/uploads\/2016\/06\/kriporja-ulqinit-ulcinjska-solana-1.jpg\" alt=\"kriporja-ulqinit-ulcinjska-solana-1\" width=\"508\" height=\"286\" srcset=\"https:\/\/www.visit-ulcinj.com\/blog\/wp-content\/uploads\/2016\/06\/kriporja-ulqinit-ulcinjska-solana-1.jpg 987w, https:\/\/www.visit-ulcinj.com\/blog\/wp-content\/uploads\/2016\/06\/kriporja-ulqinit-ulcinjska-solana-1-300x169.jpg 300w, https:\/\/www.visit-ulcinj.com\/blog\/wp-content\/uploads\/2016\/06\/kriporja-ulqinit-ulcinjska-solana-1-768x432.jpg 768w\" sizes=\"(max-width: 508px) 100vw, 508px\" \/><\/a><\/p>\n<p>Ambasadorja e Gjermanis\u00eb Elizabet Shtajnaker ka kritikuar ashp\u00ebr qeverin\u00eb p\u00ebr shkak t\u00eb politik\u00ebs ndaj kripores s\u00eb Ulqinit, ku thekson se \u201cgjendja n\u00eb kripore \u00ebsht\u00eb katastrofale dhe un\u00eb pyet\u00ebm \u00e7far\u00eb me t\u00eb v\u00ebrtet b\u00ebn\u00eb qeveria p\u00ebr mbrojtjen e k\u00ebsaj hap\u00ebsir\u00eb\u201d, tha ajo duke shtuar se mbas raportit t\u00eb Komisionit evropian Mali i Zi nuk do t\u00eb mund t\u00eb hap kapitullin e 27 i cili ka t\u00eb b\u00ebj\u00eb me mbrojtjen e mjedisit jet\u00ebsor.<\/p>\n<p>Korrespondenti i Z\u00ebrit t\u00eb Amerik\u00ebs Ali Salaj\u00a0 p\u00ebrgatiti kronik\u00ebn.<\/p>\n<p>VAO<\/p>\n<p><iframe loading=\"lazy\" width=\"508\" height=\"315\" src=\"https:\/\/www.youtube.com\/embed\/pA6TjKkrmoI\" frameborder=\"0\" allowfullscreen><\/iframe><\/p>\n","protected":false},"excerpt":{"rendered":"<p>Ambasador\u00ebt e Bashkimit Evropian n\u00eb Podgoric\u00eb k\u00ebrkojn\u00eb nga qeveria e Malit t\u00eb Zi q\u00eb t\u00eb mbroj\u00eb sa m\u00eb par\u00eb Kriporen e Ulqinit, duke e kthyer at\u00eb n\u00eb nj\u00eb vend p\u00ebr prodhimin e krip\u00ebs dhe n\u00eb nj\u00eb zon\u00eb t\u00eb ve\u00e7ant\u00eb p\u00ebr shpend\u00ebt q\u00eb shteg\u00ebtojn\u00eb aty. Ata ritheksuan q\u00ebndrimin e K\u00ebshillit Europian, se pa mbrojtjen e kripores [&hellip;]<\/p>\n","protected":false},"author":1,"featured_media":0,"comment_status":"closed","ping_status":"closed","sticky":false,"template":"","format":"standard","meta":{"spay_email":"","jetpack_publicize_message":"","jetpack_is_tweetstorm":false,"jetpack_publicize_feature_enabled":true},"categories":[10],"tags":[],"jetpack_publicize_connections":[],"yoast_head":"<!-- This site is optimized with the Yoast SEO plugin v19.1 - https:\/\/yoast.com\/wordpress\/plugins\/seo\/ -->\n<title>BE-ja i v\u00eb kusht Malit t\u00eb Zi mbrojtjen e Kripores s\u00eb Ulqinit - Video - Lajme nga Ulqini<\/title>\n<meta name=\"description\" content=\"Ambasador\u00ebt e Bashkimit Evropian n\u00eb Podgoric\u00eb k\u00ebrkojn\u00eb nga qeveria e Malit t\u00eb Zi q\u00eb t\u00eb mbroj\u00eb sa m\u00eb par\u00eb Kriporen e Ulqinit, duke e kthyer at\u00eb n\u00eb nj\u00eb vend\" \/>\n<meta name=\"robots\" content=\"index, follow, max-snippet:-1, max-image-preview:large, max-video-preview:-1\" \/>\n<link rel=\"canonical\" href=\"https:\/\/www.visit-ulcinj.com\/blog\/2016\/06\/06\/be-ja-i-ve-kusht-malit-te-zi-mbrojtjen-e-kripores-se-ulqinit-video\/\" \/>\n<meta property=\"og:locale\" content=\"en_US\" \/>\n<meta property=\"og:type\" content=\"article\" \/>\n<meta property=\"og:title\" content=\"BE-ja i v\u00eb kusht Malit t\u00eb Zi mbrojtjen e Kripores s\u00eb Ulqinit - Video - Lajme nga Ulqini\" \/>\n<meta property=\"og:description\" content=\"Ambasador\u00ebt e Bashkimit Evropian n\u00eb Podgoric\u00eb k\u00ebrkojn\u00eb nga qeveria e Malit t\u00eb Zi q\u00eb t\u00eb mbroj\u00eb sa m\u00eb par\u00eb Kriporen e Ulqinit, duke e kthyer at\u00eb n\u00eb nj\u00eb vend\" \/>\n<meta property=\"og:url\" content=\"https:\/\/www.visit-ulcinj.com\/blog\/2016\/06\/06\/be-ja-i-ve-kusht-malit-te-zi-mbrojtjen-e-kripores-se-ulqinit-video\/\" \/>\n<meta property=\"og:site_name\" content=\"Lajme nga Ulqini\" \/>\n<meta property=\"article:published_time\" content=\"2016-06-06T08:01:34+00:00\" \/>\n<meta property=\"article:modified_time\" content=\"2016-06-06T08:07:49+00:00\" \/>\n<meta property=\"og:image\" content=\"http:\/\/www.visit-ulcinj.com\/blog\/wp-content\/uploads\/2016\/06\/kriporja-ulqinit-ulcinjska-solana.jpg\" \/>\n<meta name=\"twitter:label1\" content=\"Written by\" \/>\n\t<meta name=\"twitter:data1\" content=\"ulqini\" \/>\n\t<meta name=\"twitter:label2\" content=\"Est. reading time\" \/>\n\t<meta name=\"twitter:data2\" content=\"1 minute\" \/>\n<script type=\"application\/ld+json\" class=\"yoast-schema-graph\">{\"@context\":\"https:\/\/schema.org\",\"@graph\":[{\"@type\":\"WebSite\",\"@id\":\"https:\/\/www.visit-ulcinj.com\/blog\/#website\",\"url\":\"https:\/\/www.visit-ulcinj.com\/blog\/\",\"name\":\"Lajme nga Ulqini\",\"description\":\"Lajme,Vijesti,Ulqini,Ulqin,Crna Gora,Mali i Zi\",\"potentialAction\":[{\"@type\":\"SearchAction\",\"target\":{\"@type\":\"EntryPoint\",\"urlTemplate\":\"https:\/\/www.visit-ulcinj.com\/blog\/?s={search_term_string}\"},\"query-input\":\"required name=search_term_string\"}],\"inLanguage\":\"en-US\"},{\"@type\":\"ImageObject\",\"inLanguage\":\"en-US\",\"@id\":\"https:\/\/www.visit-ulcinj.com\/blog\/2016\/06\/06\/be-ja-i-ve-kusht-malit-te-zi-mbrojtjen-e-kripores-se-ulqinit-video\/#primaryimage\",\"url\":\"https:\/\/www.visit-ulcinj.com\/blog\/wp-content\/uploads\/2016\/06\/kriporja-ulqinit-ulcinjska-solana.jpg\",\"contentUrl\":\"https:\/\/www.visit-ulcinj.com\/blog\/wp-content\/uploads\/2016\/06\/kriporja-ulqinit-ulcinjska-solana.jpg\",\"width\":657,\"height\":360},{\"@type\":\"WebPage\",\"@id\":\"https:\/\/www.visit-ulcinj.com\/blog\/2016\/06\/06\/be-ja-i-ve-kusht-malit-te-zi-mbrojtjen-e-kripores-se-ulqinit-video\/#webpage\",\"url\":\"https:\/\/www.visit-ulcinj.com\/blog\/2016\/06\/06\/be-ja-i-ve-kusht-malit-te-zi-mbrojtjen-e-kripores-se-ulqinit-video\/\",\"name\":\"BE-ja i v\u00eb kusht Malit t\u00eb Zi mbrojtjen e Kripores s\u00eb Ulqinit - Video - Lajme nga Ulqini\",\"isPartOf\":{\"@id\":\"https:\/\/www.visit-ulcinj.com\/blog\/#website\"},\"primaryImageOfPage\":{\"@id\":\"https:\/\/www.visit-ulcinj.com\/blog\/2016\/06\/06\/be-ja-i-ve-kusht-malit-te-zi-mbrojtjen-e-kripores-se-ulqinit-video\/#primaryimage\"},\"datePublished\":\"2016-06-06T08:01:34+00:00\",\"dateModified\":\"2016-06-06T08:07:49+00:00\",\"author\":{\"@id\":\"https:\/\/www.visit-ulcinj.com\/blog\/#\/schema\/person\/dcab619c614d3038751c63bc2aadc06d\"},\"description\":\"Ambasador\u00ebt e Bashkimit Evropian n\u00eb Podgoric\u00eb k\u00ebrkojn\u00eb nga qeveria e Malit t\u00eb Zi q\u00eb t\u00eb mbroj\u00eb sa m\u00eb par\u00eb Kriporen e Ulqinit, duke e kthyer at\u00eb n\u00eb nj\u00eb vend\",\"breadcrumb\":{\"@id\":\"https:\/\/www.visit-ulcinj.com\/blog\/2016\/06\/06\/be-ja-i-ve-kusht-malit-te-zi-mbrojtjen-e-kripores-se-ulqinit-video\/#breadcrumb\"},\"inLanguage\":\"en-US\",\"potentialAction\":[{\"@type\":\"ReadAction\",\"target\":[\"https:\/\/www.visit-ulcinj.com\/blog\/2016\/06\/06\/be-ja-i-ve-kusht-malit-te-zi-mbrojtjen-e-kripores-se-ulqinit-video\/\"]}]},{\"@type\":\"BreadcrumbList\",\"@id\":\"https:\/\/www.visit-ulcinj.com\/blog\/2016\/06\/06\/be-ja-i-ve-kusht-malit-te-zi-mbrojtjen-e-kripores-se-ulqinit-video\/#breadcrumb\",\"itemListElement\":[{\"@type\":\"ListItem\",\"position\":1,\"name\":\"BE-ja i v\u00eb kusht Malit t\u00eb Zi mbrojtjen e Kripores s\u00eb Ulqinit &#8211; Video\"}]},{\"@type\":\"Person\",\"@id\":\"https:\/\/www.visit-ulcinj.com\/blog\/#\/schema\/person\/dcab619c614d3038751c63bc2aadc06d\",\"name\":\"ulqini\",\"sameAs\":[\"http:\/\/www.visit-ulcinj.com\"],\"url\":\"https:\/\/www.visit-ulcinj.com\/blog\/author\/admin\/\"}]}<\/script>\n<!-- \/ Yoast SEO plugin. -->","yoast_head_json":{"title":"BE-ja i v\u00eb kusht Malit t\u00eb Zi mbrojtjen e Kripores s\u00eb Ulqinit - Video - Lajme nga Ulqini","description":"Ambasador\u00ebt e Bashkimit Evropian n\u00eb Podgoric\u00eb k\u00ebrkojn\u00eb nga qeveria e Malit t\u00eb Zi q\u00eb t\u00eb mbroj\u00eb sa m\u00eb par\u00eb Kriporen e Ulqinit, duke e kthyer at\u00eb n\u00eb nj\u00eb vend","robots":{"index":"index","follow":"follow","max-snippet":"max-snippet:-1","max-image-preview":"max-image-preview:large","max-video-preview":"max-video-preview:-1"},"canonical":"https:\/\/www.visit-ulcinj.com\/blog\/2016\/06\/06\/be-ja-i-ve-kusht-malit-te-zi-mbrojtjen-e-kripores-se-ulqinit-video\/","og_locale":"en_US","og_type":"article","og_title":"BE-ja i v\u00eb kusht Malit t\u00eb Zi mbrojtjen e Kripores s\u00eb Ulqinit - Video - Lajme nga Ulqini","og_description":"Ambasador\u00ebt e Bashkimit Evropian n\u00eb Podgoric\u00eb k\u00ebrkojn\u00eb nga qeveria e Malit t\u00eb Zi q\u00eb t\u00eb mbroj\u00eb sa m\u00eb par\u00eb Kriporen e Ulqinit, duke e kthyer at\u00eb n\u00eb nj\u00eb vend","og_url":"https:\/\/www.visit-ulcinj.com\/blog\/2016\/06\/06\/be-ja-i-ve-kusht-malit-te-zi-mbrojtjen-e-kripores-se-ulqinit-video\/","og_site_name":"Lajme nga Ulqini","article_published_time":"2016-06-06T08:01:34+00:00","article_modified_time":"2016-06-06T08:07:49+00:00","og_image":[{"url":"http:\/\/www.visit-ulcinj.com\/blog\/wp-content\/uploads\/2016\/06\/kriporja-ulqinit-ulcinjska-solana.jpg"}],"twitter_misc":{"Written by":"ulqini","Est. reading time":"1 minute"},"schema":{"@context":"https:\/\/schema.org","@graph":[{"@type":"WebSite","@id":"https:\/\/www.visit-ulcinj.com\/blog\/#website","url":"https:\/\/www.visit-ulcinj.com\/blog\/","name":"Lajme nga Ulqini","description":"Lajme,Vijesti,Ulqini,Ulqin,Crna Gora,Mali i Zi","potentialAction":[{"@type":"SearchAction","target":{"@type":"EntryPoint","urlTemplate":"https:\/\/www.visit-ulcinj.com\/blog\/?s={search_term_string}"},"query-input":"required name=search_term_string"}],"inLanguage":"en-US"},{"@type":"ImageObject","inLanguage":"en-US","@id":"https:\/\/www.visit-ulcinj.com\/blog\/2016\/06\/06\/be-ja-i-ve-kusht-malit-te-zi-mbrojtjen-e-kripores-se-ulqinit-video\/#primaryimage","url":"https:\/\/www.visit-ulcinj.com\/blog\/wp-content\/uploads\/2016\/06\/kriporja-ulqinit-ulcinjska-solana.jpg","contentUrl":"https:\/\/www.visit-ulcinj.com\/blog\/wp-content\/uploads\/2016\/06\/kriporja-ulqinit-ulcinjska-solana.jpg","width":657,"height":360},{"@type":"WebPage","@id":"https:\/\/www.visit-ulcinj.com\/blog\/2016\/06\/06\/be-ja-i-ve-kusht-malit-te-zi-mbrojtjen-e-kripores-se-ulqinit-video\/#webpage","url":"https:\/\/www.visit-ulcinj.com\/blog\/2016\/06\/06\/be-ja-i-ve-kusht-malit-te-zi-mbrojtjen-e-kripores-se-ulqinit-video\/","name":"BE-ja i v\u00eb kusht Malit t\u00eb Zi mbrojtjen e Kripores s\u00eb Ulqinit - Video - Lajme nga Ulqini","isPartOf":{"@id":"https:\/\/www.visit-ulcinj.com\/blog\/#website"},"primaryImageOfPage":{"@id":"https:\/\/www.visit-ulcinj.com\/blog\/2016\/06\/06\/be-ja-i-ve-kusht-malit-te-zi-mbrojtjen-e-kripores-se-ulqinit-video\/#primaryimage"},"datePublished":"2016-06-06T08:01:34+00:00","dateModified":"2016-06-06T08:07:49+00:00","author":{"@id":"https:\/\/www.visit-ulcinj.com\/blog\/#\/schema\/person\/dcab619c614d3038751c63bc2aadc06d"},"description":"Ambasador\u00ebt e Bashkimit Evropian n\u00eb Podgoric\u00eb k\u00ebrkojn\u00eb nga qeveria e Malit t\u00eb Zi q\u00eb t\u00eb mbroj\u00eb sa m\u00eb par\u00eb Kriporen e Ulqinit, duke e kthyer at\u00eb n\u00eb nj\u00eb vend","breadcrumb":{"@id":"https:\/\/www.visit-ulcinj.com\/blog\/2016\/06\/06\/be-ja-i-ve-kusht-malit-te-zi-mbrojtjen-e-kripores-se-ulqinit-video\/#breadcrumb"},"inLanguage":"en-US","potentialAction":[{"@type":"ReadAction","target":["https:\/\/www.visit-ulcinj.com\/blog\/2016\/06\/06\/be-ja-i-ve-kusht-malit-te-zi-mbrojtjen-e-kripores-se-ulqinit-video\/"]}]},{"@type":"BreadcrumbList","@id":"https:\/\/www.visit-ulcinj.com\/blog\/2016\/06\/06\/be-ja-i-ve-kusht-malit-te-zi-mbrojtjen-e-kripores-se-ulqinit-video\/#breadcrumb","itemListElement":[{"@type":"ListItem","position":1,"name":"BE-ja i v\u00eb kusht Malit t\u00eb Zi mbrojtjen e Kripores s\u00eb Ulqinit &#8211; Video"}]},{"@type":"Person","@id":"https:\/\/www.visit-ulcinj.com\/blog\/#\/schema\/person\/dcab619c614d3038751c63bc2aadc06d","name":"ulqini","sameAs":["http:\/\/www.visit-ulcinj.com"],"url":"https:\/\/www.visit-ulcinj.com\/blog\/author\/admin\/"}]}},"jetpack_featured_media_url":"","jetpack_sharing_enabled":true,"jetpack_shortlink":"https:\/\/wp.me\/pe6lTn-pkl","_links":{"self":[{"href":"https:\/\/www.visit-ulcinj.com\/blog\/wp-json\/wp\/v2\/posts\/97361"}],"collection":[{"href":"https:\/\/www.visit-ulcinj.com\/blog\/wp-json\/wp\/v2\/posts"}],"about":[{"href":"https:\/\/www.visit-ulcinj.com\/blog\/wp-json\/wp\/v2\/types\/post"}],"author":[{"embeddable":true,"href":"https:\/\/www.visit-ulcinj.com\/blog\/wp-json\/wp\/v2\/users\/1"}],"replies":[{"embeddable":true,"href":"https:\/\/www.visit-ulcinj.com\/blog\/wp-json\/wp\/v2\/comments?post=97361"}],"version-history":[{"count":5,"href":"https:\/\/www.visit-ulcinj.com\/blog\/wp-json\/wp\/v2\/posts\/97361\/revisions"}],"predecessor-version":[{"id":97368,"href":"https:\/\/www.visit-ulcinj.com\/blog\/wp-json\/wp\/v2\/posts\/97361\/revisions\/97368"}],"wp:attachment":[{"href":"https:\/\/www.visit-ulcinj.com\/blog\/wp-json\/wp\/v2\/media?parent=97361"}],"wp:term":[{"taxonomy":"category","embeddable":true,"href":"https:\/\/www.visit-ulcinj.com\/blog\/wp-json\/wp\/v2\/categories?post=97361"},{"taxonomy":"post_tag","embeddable":true,"href":"https:\/\/www.visit-ulcinj.com\/blog\/wp-json\/wp\/v2\/tags?post=97361"}],"curies":[{"name":"wp","href":"https:\/\/api.w.org\/{rel}","templated":true}]}}