{"id":97369,"date":"2016-06-06T12:18:12","date_gmt":"2016-06-06T11:18:12","guid":{"rendered":"http:\/\/www.visit-ulcinj.com\/blog\/?p=97369"},"modified":"2016-06-06T12:18:12","modified_gmt":"2016-06-06T11:18:12","slug":"nikolaidis-e-vala-se-u-crnoj-gori-oduzio-ovaj-19-vijek","status":"publish","type":"post","link":"https:\/\/www.visit-ulcinj.com\/blog\/2016\/06\/06\/nikolaidis-e-vala-se-u-crnoj-gori-oduzio-ovaj-19-vijek\/","title":{"rendered":"Nikolaidis: E, vala se u Crnoj Gori odu\u017eio ovaj 19. vijek"},"content":{"rendered":"<p><strong><a href=\"http:\/\/www.visit-ulcinj.com\/blog\/wp-content\/uploads\/2016\/06\/Andrej-Nikolaidis.jpg\"><img loading=\"lazy\" class=\"alignleft wp-image-97370\" src=\"http:\/\/www.visit-ulcinj.com\/blog\/wp-content\/uploads\/2016\/06\/Andrej-Nikolaidis.jpg\" alt=\"Andrej Nikolaidis\" width=\"508\" height=\"286\" srcset=\"https:\/\/www.visit-ulcinj.com\/blog\/wp-content\/uploads\/2016\/06\/Andrej-Nikolaidis.jpg 1024w, https:\/\/www.visit-ulcinj.com\/blog\/wp-content\/uploads\/2016\/06\/Andrej-Nikolaidis-300x169.jpg 300w, https:\/\/www.visit-ulcinj.com\/blog\/wp-content\/uploads\/2016\/06\/Andrej-Nikolaidis-768x432.jpg 768w\" sizes=\"(max-width: 508px) 100vw, 508px\" \/><\/a>Pi\u0161e: Andrej Nikolaidis<\/strong><br \/>\nE vala se u Crnoj Gori odu\u017eio ovaj devetnaesti vijek. Neka to: nego je, taj vijek koji odbija da skon\u010da, nekako isti kao&#8230; Ne\u0107ete mi vjerovati &#8211; \u0161esnaesti vijek.<br \/>\nAko vam \u0161aka dopadne Rje\u010dnik crnogorskog narodnog i knji\u017eevnog jezika koji je sa\u010dinila, pa dr\u017eavi, povodom decenije njezine nezavisnosti, poklonila Crnogorska akademija nauka i umjetnosti (CANU), bi\u0107e vam jasna sva dubina jame u kojoj \u017eive i misle crnogorski akademici i eksperti, \u0161to rad na izradi Rje\u010dnika udru\u017ei\u0161e, pa jezik normom okru\u017ei\u0161e: ko zna vi\u0161e, rje\u010dnik pi\u0161e, ojha!<br \/>\n\u010cim ste vidjeli ono \u201enarodnog i knji\u017eevnog\u201c u naslovu rje\u010dnika prvi put \u0161tampanog 2016. bilo vam je jasno da je u pitanju knjiga anahrona, je li tako? To kao da nije ju\u010de iz \u0161tamparije, nego je neko iskopao, izvadio iz nekih ru\u0161evina, pa iznio u \u010dar\u0161iju, da vidi koliko za to od kakvoga rastro\u0161noga ljubitelja starine mo\u017ee dobiti.<br \/>\nA unutra: pravo blago. Kao da ste zavirili u um Crnogorca iz devetnaestog &#8211; ili \u0161esnaestog vijeka. Vratio se \u010dovjek iz bitke, pa seljanima pripovijeda \u0161ta je i kako je bilo. Kako je CANU uspjela u tome, u tako savr\u0161enoj rekonstrukciji svjetonazora devetnaestovjekovnog \u2013 ili \u0161esnaestovjekovnog \u2013 Crnogorca? Tako \u0161to su, kako su se pohvalili, sastavili briljantan stru\u010dni tim. I koristili najnovije skenere i kompjuterski softver. \u0160ta dobije\u0161 kada spoji\u0161 mlade stru\u010dnjake i naprednu tehnologiju? Guslarsku pjesmaricu. Ko pro\u010dita tri strane ovog Rje\u010dnika i ne zagusla, nije Crnogorac.<br \/>\n<strong>Frontalni napad<\/strong><br \/>\nRje\u010dnik je, da ne duljim, frontalni napad \u2013 naprijed, junaci! \u2013 na Albance, Bo\u0161njake i islam.<br \/>\nRe\u010deni Rje\u010dnik je, jo\u0161, nacionalisti\u010dka, pseudonau\u010dna pornografija. \u0160ta tamo pi\u0161e? Da krenemo od manje ka vi\u0161e opscenom.<br \/>\nPi\u0161e, recimo, da su fonetika i fonologija i morfonologija sinonimi. Da u crnogorskom jeziku postoje glagoli koji nemaju infinitiv. Da postoje glagoli razli\u010ditoga vida a istoga zna\u010denja. Da jotacija uti\u010de na akcentuaciju. Pi\u0161e da je Dra\u017ea Mihailovi\u0107 antifa\u0161ista. Da je Oktobarska revolucija bila 1918. Pi\u0161e pogre\u0161na godina pada Zapadnoga Rimskog Carstva. Da je Aprilski rat po\u010deo ne 1941, nego 1947. Pi\u0161e da su Albanci islamske vjeroispovijesti arnautske lukave poturice koje mnogo la\u017eu. Da islam nije religija a d\u017eamija nije bogomolja. Muslimani su predstavljeni kao bezbo\u017enici, Agarjani, koji za interes mijenjaju vjeru. Pa ih mu\u010di savjest. Jer, svjesni svog moralnog pada u glib, ni abdest ne uzimaju niti porod za sobom ostavljaju. I jo\u0161 mnogo toga: hit do hita, it\u2019s partytime, let\u2019s do the gusle, all night long.<\/p>\n<p><strong>Aman zaman.<\/strong><br \/>\nTo su, dakle, crnogorski akademici poklonili svojoj multinacionalnoj, multikonfesionalnoj dr\u017eavi za ro\u0111endan. A ka\u017eu ne\u0161to za Grke i na\u0161e poklone&#8230; Rje\u010dnik CANU nije Trojanski konj, no Pipersko magare.<\/p>\n<p><strong>Brojni protesti<\/strong><br \/>\nRje\u010dnik je, rekoh li, objavljen uz prigodnu pompu i velike rije\u010di. Reagovali su albanski i bo\u0161nja\u010dki intelektualci, politi\u010dari, nacionalne stranke. Ozbiljnim se saop\u0161tenjem oglasio Me\u0161ihat IZ u Crnoj Gori. \u0160ta re\u0107i: takve su te poturice, Arnauti i Agarjani \u2013 vazda se ne\u0161to bune, vazda im je krivi dio.<br \/>\nAli nisu reagovali samo oni: protestvovali su i ne-Agarjani i ne-Arnauti, oni koji prema pljuvanju i mokrenju po manjinama i njihovoj kulturi i religiji osje\u0107aju ga\u0111enje. Iako autori Rje\u010dnika tvrde da su to prodane du\u0161e koje za sitne pare rade za vlast, za crnogorsko je dru\u0161tvo dobro i va\u017eno \u0161to su reagovali.<br \/>\nIz Akademije ka\u017eu: nismo to mi, to pi\u0161e u primjerima koje smo iz crnogorskog govora i knji\u017eevnosti selektovali, to \u0161to smo mi uradili je nauka, sve ostalo je politikanstvo. To je briljantan agument. Mogli bi ga, recimo, koristiti autori nekog budu\u0107eg Nacisti\u010dkog rje\u010dnika njema\u010dkog narodnog i knji\u017eevnog govora, ili KKK akademici. Mogli bi navesti zgodne primjere o iskvarenim, podlim Jevrejima i &#8220;crn\u010dugama\u201c koji li\u010de na majmune, pa objasniti kako to ne tvrde oni, nego su samo, nau\u010dnom metodom, selektovali primjere iz odabrane SS i White Power literature.<\/p>\n<p><strong>Odabrani primjeri<\/strong><br \/>\nEvo vam malo selektovanih primjera.<br \/>\n&#8220;Postav\u0161i Tur\u010dinom dobije konja, oru\u017eje, odijelo, ali se ne h\u0107e nipo\u0161to \u017eeniti ni abdes uzimati&#8230; \u201c<br \/>\n&#8220;Donio je u svome d\u017eepu, sav blatnjav, krvav i poderan, nos nekog Tur\u010dina, kao znak da ga je ubio.\u201c<br \/>\n&#8220;&#8230;doka\u017eu kako je Dra\u017ea bio pravi antifa\u0161ista.\u201c<br \/>\n&#8220;I Latinku i Ruskinju je zarobijo, a jednu je za blago kupijo, ta je bila ljuta Arnautka&#8230; Proda\u0107e on nju u Arnautluku, jer Arnauti kupuju \u017eene&#8230; Numan-pa\u0161a kazao je dosta istine caru \u010destitome, ali je arnautska lukava poturica i mlogo slagala!\u201d<br \/>\n&#8220;U ovijema intrigama \u0161to se mo\u017ee viditi ona zloba du\u0161e hijenske sa kojom su Turci mlijekom materinim zadojeni i prvenstvovali svagda pred najzlobnijema varvarima koji su se do danas na svijet pokazivali.\u201c.<br \/>\n&#8220;U Petrogradu je mitropolit Sava napisao predstavu carici Jelisaveti, tra\u017ee\u0107i od nje da materijalno pomogne Crnu Goru koja je na poziv cara Petra ustala protiv varvara, neprijatelja Hristove crkve i gonitelja pravoslavnog naroda&#8230;\u201c.<\/p>\n<p><strong>Definicija varvara<\/strong><br \/>\nUzgred, Rje\u010dnik rije\u010d varvarin defini\u0161e ovako: \u201e1. ist. svaki stranac koji nije pripadao etni\u010dkoj i kulturnoj zajednici starih Grka i Rimljana\u201c,i \u201e2. primitivan, necivilizovan \u010dovjek, divljak\u201c. Akademija, dakle, varvare defini\u0161e kao strance koji ne pripadaju zajednici starih Grka i Rimljana, a kao primjer za to selektuje tekst koji varvare opisuje kao \u201eneprijatelje Hristove crkve i gonitelje pravoslavnog naroda\u201c.<br \/>\nJedan od ljudi koji su prisustvovali zloglasnom Haideggerovom Rektorskom govoru tvrdio je kako studenti, kada je filozof rekao svoje, nisu znali \u0161to da \u010dine: da li da \u010ditaju predsokratovce, ili da mar\u0161iraju u SA odredu.<br \/>\nSa Rje\u010dnikom CANU stvari stoje ne\u0161to druga\u010dije: nakon \u0161to ga pro\u010dita, \u010dovjek ne zna da li da prvo zgrabi gusle, pa oposli Istragu poturica, ili da prvo istra\u017ei, pa zagusla? Jer: jo\u0161 ne znate \u0161to ste u\u010dinjeli, dok \u010dujete od vje\u0161ta guslara.<br \/>\nNa kraju. U Rje\u010dniku CANU stoji i kako je Mjesec \u2013 planeta. \u0160ta im je Mjesec skrivio, pitate se sad? To je barem jasno: ne bio se poperiti na turski barjak.<\/p>\n","protected":false},"excerpt":{"rendered":"<p>Pi\u0161e: Andrej Nikolaidis E vala se u Crnoj Gori odu\u017eio ovaj devetnaesti vijek. Neka to: nego je, taj vijek koji odbija da skon\u010da, nekako isti kao&#8230; Ne\u0107ete mi vjerovati &#8211; \u0161esnaesti vijek. Ako vam \u0161aka dopadne Rje\u010dnik crnogorskog narodnog i knji\u017eevnog jezika koji je sa\u010dinila, pa dr\u017eavi, povodom decenije njezine nezavisnosti, poklonila Crnogorska akademija nauka [&hellip;]<\/p>\n","protected":false},"author":1,"featured_media":0,"comment_status":"closed","ping_status":"closed","sticky":false,"template":"","format":"standard","meta":{"spay_email":"","jetpack_publicize_message":"","jetpack_is_tweetstorm":false,"jetpack_publicize_feature_enabled":true},"categories":[8337],"tags":[],"jetpack_publicize_connections":[],"yoast_head":"<!-- This site is optimized with the Yoast SEO plugin v19.1 - https:\/\/yoast.com\/wordpress\/plugins\/seo\/ -->\n<title>Nikolaidis: E, vala se u Crnoj Gori odu\u017eio ovaj 19. vijek - Lajme nga Ulqini<\/title>\n<meta name=\"description\" content=\"Pi\u0161e: Andrej Nikolaidis E vala se u Crnoj Gori odu\u017eio ovaj devetnaesti vijek. Neka to: nego je, taj vijek koji odbija da skon\u010da, nekako isti kao... Ne\u0107ete\" \/>\n<meta name=\"robots\" content=\"index, follow, max-snippet:-1, max-image-preview:large, max-video-preview:-1\" \/>\n<link rel=\"canonical\" href=\"https:\/\/www.visit-ulcinj.com\/blog\/2016\/06\/06\/nikolaidis-e-vala-se-u-crnoj-gori-oduzio-ovaj-19-vijek\/\" \/>\n<meta property=\"og:locale\" content=\"en_US\" \/>\n<meta property=\"og:type\" content=\"article\" \/>\n<meta property=\"og:title\" content=\"Nikolaidis: E, vala se u Crnoj Gori odu\u017eio ovaj 19. vijek - Lajme nga Ulqini\" \/>\n<meta property=\"og:description\" content=\"Pi\u0161e: Andrej Nikolaidis E vala se u Crnoj Gori odu\u017eio ovaj devetnaesti vijek. Neka to: nego je, taj vijek koji odbija da skon\u010da, nekako isti kao... Ne\u0107ete\" \/>\n<meta property=\"og:url\" content=\"https:\/\/www.visit-ulcinj.com\/blog\/2016\/06\/06\/nikolaidis-e-vala-se-u-crnoj-gori-oduzio-ovaj-19-vijek\/\" \/>\n<meta property=\"og:site_name\" content=\"Lajme nga Ulqini\" \/>\n<meta property=\"article:published_time\" content=\"2016-06-06T11:18:12+00:00\" \/>\n<meta property=\"og:image\" content=\"http:\/\/www.visit-ulcinj.com\/blog\/wp-content\/uploads\/2016\/06\/Andrej-Nikolaidis.jpg\" \/>\n<meta name=\"twitter:label1\" content=\"Written by\" \/>\n\t<meta name=\"twitter:data1\" content=\"ulqini\" \/>\n\t<meta name=\"twitter:label2\" content=\"Est. reading time\" \/>\n\t<meta name=\"twitter:data2\" content=\"5 minutes\" \/>\n<script type=\"application\/ld+json\" class=\"yoast-schema-graph\">{\"@context\":\"https:\/\/schema.org\",\"@graph\":[{\"@type\":\"WebSite\",\"@id\":\"https:\/\/www.visit-ulcinj.com\/blog\/#website\",\"url\":\"https:\/\/www.visit-ulcinj.com\/blog\/\",\"name\":\"Lajme nga Ulqini\",\"description\":\"Lajme,Vijesti,Ulqini,Ulqin,Crna Gora,Mali i Zi\",\"potentialAction\":[{\"@type\":\"SearchAction\",\"target\":{\"@type\":\"EntryPoint\",\"urlTemplate\":\"https:\/\/www.visit-ulcinj.com\/blog\/?s={search_term_string}\"},\"query-input\":\"required name=search_term_string\"}],\"inLanguage\":\"en-US\"},{\"@type\":\"ImageObject\",\"inLanguage\":\"en-US\",\"@id\":\"https:\/\/www.visit-ulcinj.com\/blog\/2016\/06\/06\/nikolaidis-e-vala-se-u-crnoj-gori-oduzio-ovaj-19-vijek\/#primaryimage\",\"url\":\"https:\/\/www.visit-ulcinj.com\/blog\/wp-content\/uploads\/2016\/06\/Andrej-Nikolaidis.jpg\",\"contentUrl\":\"https:\/\/www.visit-ulcinj.com\/blog\/wp-content\/uploads\/2016\/06\/Andrej-Nikolaidis.jpg\",\"width\":1024,\"height\":576},{\"@type\":\"WebPage\",\"@id\":\"https:\/\/www.visit-ulcinj.com\/blog\/2016\/06\/06\/nikolaidis-e-vala-se-u-crnoj-gori-oduzio-ovaj-19-vijek\/#webpage\",\"url\":\"https:\/\/www.visit-ulcinj.com\/blog\/2016\/06\/06\/nikolaidis-e-vala-se-u-crnoj-gori-oduzio-ovaj-19-vijek\/\",\"name\":\"Nikolaidis: E, vala se u Crnoj Gori odu\u017eio ovaj 19. vijek - Lajme nga Ulqini\",\"isPartOf\":{\"@id\":\"https:\/\/www.visit-ulcinj.com\/blog\/#website\"},\"primaryImageOfPage\":{\"@id\":\"https:\/\/www.visit-ulcinj.com\/blog\/2016\/06\/06\/nikolaidis-e-vala-se-u-crnoj-gori-oduzio-ovaj-19-vijek\/#primaryimage\"},\"datePublished\":\"2016-06-06T11:18:12+00:00\",\"dateModified\":\"2016-06-06T11:18:12+00:00\",\"author\":{\"@id\":\"https:\/\/www.visit-ulcinj.com\/blog\/#\/schema\/person\/dcab619c614d3038751c63bc2aadc06d\"},\"description\":\"Pi\u0161e: Andrej Nikolaidis E vala se u Crnoj Gori odu\u017eio ovaj devetnaesti vijek. Neka to: nego je, taj vijek koji odbija da skon\u010da, nekako isti kao... Ne\u0107ete\",\"breadcrumb\":{\"@id\":\"https:\/\/www.visit-ulcinj.com\/blog\/2016\/06\/06\/nikolaidis-e-vala-se-u-crnoj-gori-oduzio-ovaj-19-vijek\/#breadcrumb\"},\"inLanguage\":\"en-US\",\"potentialAction\":[{\"@type\":\"ReadAction\",\"target\":[\"https:\/\/www.visit-ulcinj.com\/blog\/2016\/06\/06\/nikolaidis-e-vala-se-u-crnoj-gori-oduzio-ovaj-19-vijek\/\"]}]},{\"@type\":\"BreadcrumbList\",\"@id\":\"https:\/\/www.visit-ulcinj.com\/blog\/2016\/06\/06\/nikolaidis-e-vala-se-u-crnoj-gori-oduzio-ovaj-19-vijek\/#breadcrumb\",\"itemListElement\":[{\"@type\":\"ListItem\",\"position\":1,\"name\":\"Nikolaidis: E, vala se u Crnoj Gori odu\u017eio ovaj 19. vijek\"}]},{\"@type\":\"Person\",\"@id\":\"https:\/\/www.visit-ulcinj.com\/blog\/#\/schema\/person\/dcab619c614d3038751c63bc2aadc06d\",\"name\":\"ulqini\",\"sameAs\":[\"http:\/\/www.visit-ulcinj.com\"],\"url\":\"https:\/\/www.visit-ulcinj.com\/blog\/author\/admin\/\"}]}<\/script>\n<!-- \/ Yoast SEO plugin. -->","yoast_head_json":{"title":"Nikolaidis: E, vala se u Crnoj Gori odu\u017eio ovaj 19. vijek - Lajme nga Ulqini","description":"Pi\u0161e: Andrej Nikolaidis E vala se u Crnoj Gori odu\u017eio ovaj devetnaesti vijek. Neka to: nego je, taj vijek koji odbija da skon\u010da, nekako isti kao... Ne\u0107ete","robots":{"index":"index","follow":"follow","max-snippet":"max-snippet:-1","max-image-preview":"max-image-preview:large","max-video-preview":"max-video-preview:-1"},"canonical":"https:\/\/www.visit-ulcinj.com\/blog\/2016\/06\/06\/nikolaidis-e-vala-se-u-crnoj-gori-oduzio-ovaj-19-vijek\/","og_locale":"en_US","og_type":"article","og_title":"Nikolaidis: E, vala se u Crnoj Gori odu\u017eio ovaj 19. vijek - Lajme nga Ulqini","og_description":"Pi\u0161e: Andrej Nikolaidis E vala se u Crnoj Gori odu\u017eio ovaj devetnaesti vijek. Neka to: nego je, taj vijek koji odbija da skon\u010da, nekako isti kao... Ne\u0107ete","og_url":"https:\/\/www.visit-ulcinj.com\/blog\/2016\/06\/06\/nikolaidis-e-vala-se-u-crnoj-gori-oduzio-ovaj-19-vijek\/","og_site_name":"Lajme nga Ulqini","article_published_time":"2016-06-06T11:18:12+00:00","og_image":[{"url":"http:\/\/www.visit-ulcinj.com\/blog\/wp-content\/uploads\/2016\/06\/Andrej-Nikolaidis.jpg"}],"twitter_misc":{"Written by":"ulqini","Est. reading time":"5 minutes"},"schema":{"@context":"https:\/\/schema.org","@graph":[{"@type":"WebSite","@id":"https:\/\/www.visit-ulcinj.com\/blog\/#website","url":"https:\/\/www.visit-ulcinj.com\/blog\/","name":"Lajme nga Ulqini","description":"Lajme,Vijesti,Ulqini,Ulqin,Crna Gora,Mali i Zi","potentialAction":[{"@type":"SearchAction","target":{"@type":"EntryPoint","urlTemplate":"https:\/\/www.visit-ulcinj.com\/blog\/?s={search_term_string}"},"query-input":"required name=search_term_string"}],"inLanguage":"en-US"},{"@type":"ImageObject","inLanguage":"en-US","@id":"https:\/\/www.visit-ulcinj.com\/blog\/2016\/06\/06\/nikolaidis-e-vala-se-u-crnoj-gori-oduzio-ovaj-19-vijek\/#primaryimage","url":"https:\/\/www.visit-ulcinj.com\/blog\/wp-content\/uploads\/2016\/06\/Andrej-Nikolaidis.jpg","contentUrl":"https:\/\/www.visit-ulcinj.com\/blog\/wp-content\/uploads\/2016\/06\/Andrej-Nikolaidis.jpg","width":1024,"height":576},{"@type":"WebPage","@id":"https:\/\/www.visit-ulcinj.com\/blog\/2016\/06\/06\/nikolaidis-e-vala-se-u-crnoj-gori-oduzio-ovaj-19-vijek\/#webpage","url":"https:\/\/www.visit-ulcinj.com\/blog\/2016\/06\/06\/nikolaidis-e-vala-se-u-crnoj-gori-oduzio-ovaj-19-vijek\/","name":"Nikolaidis: E, vala se u Crnoj Gori odu\u017eio ovaj 19. vijek - Lajme nga Ulqini","isPartOf":{"@id":"https:\/\/www.visit-ulcinj.com\/blog\/#website"},"primaryImageOfPage":{"@id":"https:\/\/www.visit-ulcinj.com\/blog\/2016\/06\/06\/nikolaidis-e-vala-se-u-crnoj-gori-oduzio-ovaj-19-vijek\/#primaryimage"},"datePublished":"2016-06-06T11:18:12+00:00","dateModified":"2016-06-06T11:18:12+00:00","author":{"@id":"https:\/\/www.visit-ulcinj.com\/blog\/#\/schema\/person\/dcab619c614d3038751c63bc2aadc06d"},"description":"Pi\u0161e: Andrej Nikolaidis E vala se u Crnoj Gori odu\u017eio ovaj devetnaesti vijek. Neka to: nego je, taj vijek koji odbija da skon\u010da, nekako isti kao... Ne\u0107ete","breadcrumb":{"@id":"https:\/\/www.visit-ulcinj.com\/blog\/2016\/06\/06\/nikolaidis-e-vala-se-u-crnoj-gori-oduzio-ovaj-19-vijek\/#breadcrumb"},"inLanguage":"en-US","potentialAction":[{"@type":"ReadAction","target":["https:\/\/www.visit-ulcinj.com\/blog\/2016\/06\/06\/nikolaidis-e-vala-se-u-crnoj-gori-oduzio-ovaj-19-vijek\/"]}]},{"@type":"BreadcrumbList","@id":"https:\/\/www.visit-ulcinj.com\/blog\/2016\/06\/06\/nikolaidis-e-vala-se-u-crnoj-gori-oduzio-ovaj-19-vijek\/#breadcrumb","itemListElement":[{"@type":"ListItem","position":1,"name":"Nikolaidis: E, vala se u Crnoj Gori odu\u017eio ovaj 19. vijek"}]},{"@type":"Person","@id":"https:\/\/www.visit-ulcinj.com\/blog\/#\/schema\/person\/dcab619c614d3038751c63bc2aadc06d","name":"ulqini","sameAs":["http:\/\/www.visit-ulcinj.com"],"url":"https:\/\/www.visit-ulcinj.com\/blog\/author\/admin\/"}]}},"jetpack_featured_media_url":"","jetpack_sharing_enabled":true,"jetpack_shortlink":"https:\/\/wp.me\/pe6lTn-pkt","_links":{"self":[{"href":"https:\/\/www.visit-ulcinj.com\/blog\/wp-json\/wp\/v2\/posts\/97369"}],"collection":[{"href":"https:\/\/www.visit-ulcinj.com\/blog\/wp-json\/wp\/v2\/posts"}],"about":[{"href":"https:\/\/www.visit-ulcinj.com\/blog\/wp-json\/wp\/v2\/types\/post"}],"author":[{"embeddable":true,"href":"https:\/\/www.visit-ulcinj.com\/blog\/wp-json\/wp\/v2\/users\/1"}],"replies":[{"embeddable":true,"href":"https:\/\/www.visit-ulcinj.com\/blog\/wp-json\/wp\/v2\/comments?post=97369"}],"version-history":[{"count":1,"href":"https:\/\/www.visit-ulcinj.com\/blog\/wp-json\/wp\/v2\/posts\/97369\/revisions"}],"predecessor-version":[{"id":97371,"href":"https:\/\/www.visit-ulcinj.com\/blog\/wp-json\/wp\/v2\/posts\/97369\/revisions\/97371"}],"wp:attachment":[{"href":"https:\/\/www.visit-ulcinj.com\/blog\/wp-json\/wp\/v2\/media?parent=97369"}],"wp:term":[{"taxonomy":"category","embeddable":true,"href":"https:\/\/www.visit-ulcinj.com\/blog\/wp-json\/wp\/v2\/categories?post=97369"},{"taxonomy":"post_tag","embeddable":true,"href":"https:\/\/www.visit-ulcinj.com\/blog\/wp-json\/wp\/v2\/tags?post=97369"}],"curies":[{"name":"wp","href":"https:\/\/api.w.org\/{rel}","templated":true}]}}