{"id":97375,"date":"2016-06-06T14:56:20","date_gmt":"2016-06-06T13:56:20","guid":{"rendered":"http:\/\/www.visit-ulcinj.com\/blog\/?p=97375"},"modified":"2016-06-07T12:11:53","modified_gmt":"2016-06-07T11:11:53","slug":"plazhet-e-ulqinit-certifikohen-flamurin-blu-ja-pra-7-plazhet-te-pastra","status":"publish","type":"post","link":"https:\/\/www.visit-ulcinj.com\/blog\/2016\/06\/06\/plazhet-e-ulqinit-certifikohen-flamurin-blu-ja-pra-7-plazhet-te-pastra\/","title":{"rendered":"Plazhet e Ulqinit certifikohen me Flamurin Blu, ja pra 7 plazhet me te pastra"},"content":{"rendered":"<p><a href=\"http:\/\/www.visit-ulcinj.com\/blog\/wp-content\/uploads\/2016\/06\/Prva-Plava-zastava-na-kupalistu-Safari-Ulcinj.jpg\"><img loading=\"lazy\" class=\"alignleft wp-image-97373\" src=\"http:\/\/www.visit-ulcinj.com\/blog\/wp-content\/uploads\/2016\/06\/Prva-Plava-zastava-na-kupalistu-Safari-Ulcinj.jpg\" alt=\"Prva Plava zastava-na kupalistu Safari Ulcinj\" width=\"508\" height=\"243\" srcset=\"https:\/\/www.visit-ulcinj.com\/blog\/wp-content\/uploads\/2016\/06\/Prva-Plava-zastava-na-kupalistu-Safari-Ulcinj.jpg 702w, https:\/\/www.visit-ulcinj.com\/blog\/wp-content\/uploads\/2016\/06\/Prva-Plava-zastava-na-kupalistu-Safari-Ulcinj-300x144.jpg 300w\" sizes=\"(max-width: 508px) 100vw, 508px\" \/><\/a>Edhe Ulqini prej sotit\u00a0 renditet n\u00eb list\u00ebn bot\u00ebrore t\u00eb plazheve t\u00eb pastra me plazhe t\u00eb \u00e7ertifikuara me \u00e7mimin \u201cFlamuri Blu\u201d.<br \/>\nMe synimin p\u00ebr t\u00eb pasur nj\u00eb turiz\u00ebm t\u00eb q\u00ebndruesh\u00ebm Ulqini i kushton nj\u00eb r\u00ebnd\u00ebsi t\u00eb madhe vler\u00ebsimit me \u201cFlamurin Blu\u201d, nj\u00eb simbol nd\u00ebrkomb\u00ebtar i past\u00ebrtis\u00eb s\u00eb ujit t\u00eb detit dhe plazhit e ambientit p\u00ebrreth.<\/p>\n<p>Dit\u00ebn e diele n\u00eb plazhin Safari n\u00eb Ulqin, jan\u00eb ndar\u00eb \u00e7mimet \u201cFlamuri i kalt\u00ebr i Malit t\u00eb Zi\u201d p\u00ebr vitin 2016 t\u00eb miratuara nga ana e juris\u00eb nd\u00ebrkomb\u00ebtare t\u00eb programit \u201cBlue Flag\u201d, raporton portali TV Teuta.<\/p>\n<p>B\u00ebhet fjal\u00eb p\u00ebr plazhet \u201cKopacabana\u201d, \u201cMCM Beach\u201d, \u201cSafari\u201d, \u201cMojito\u201d, \u201cEuropa beach\u201d, \u201cMiami\u201d dhe \u201cToni grill\u201d. Solemnitetin e organizoi Nd\u00ebrmarrja publike p\u00ebr menaxhimin e t\u00eb mirave detare t\u00eb Malit t\u00eb Zi n\u00eb bashk\u00ebpunim me OJQ \u201cShoqat\u00ebn p\u00ebr k\u00ebshillim ekonomik Ekom\u201d. P\u00ebr t\u00eb fituar t\u00eb drejt\u00ebn e vendosjes s\u00eb flamurit t\u00eb kalt\u00ebrt, nevojitet permushja e 7 kritereve t\u00eb caktuara nga Bashkimi Evropian.<\/p>\n<p>Nd\u00ebr plazhet e komun\u00ebs s\u00eb Ulqinit n\u00eb t\u00eb cilat do t\u00eb valoj\u00eb ky flamur p\u00ebr t\u00eb par\u00ebn her\u00eb\u00a0\u00ebsht\u00eb plazhi Mohito ,kurse n\u00eb plazhin Safari ky flamur valon q\u00eb 10 vite.<\/p>\n<p>Shperndarja e flamujve p\u00ebrfaq\u00ebsuesve t\u00eb\u00a0plazheve nga i gjith\u00eb Mali i Zi,u b\u00eb n\u00eb dit\u00ebn nd\u00ebrkomb\u00ebtare p\u00ebr mbrojtjen e ambientit. T\u00eb pranish\u00ebm n\u00eb k\u00ebt\u00eb organizim ishin \u00a0p\u00ebrfaq\u00ebsues t\u00eb lart\u00eb nga \u201cTE MIRAT DETARE\u201d,si dhe zyrtar\u00eb nga Shqiperia dhe Mali i Zi.<\/p>\n<p>&nbsp;<\/p>\n","protected":false},"excerpt":{"rendered":"<p>Edhe Ulqini prej sotit\u00a0 renditet n\u00eb list\u00ebn bot\u00ebrore t\u00eb plazheve t\u00eb pastra me plazhe t\u00eb \u00e7ertifikuara me \u00e7mimin \u201cFlamuri Blu\u201d. Me synimin p\u00ebr t\u00eb pasur nj\u00eb turiz\u00ebm t\u00eb q\u00ebndruesh\u00ebm Ulqini i kushton nj\u00eb r\u00ebnd\u00ebsi t\u00eb madhe vler\u00ebsimit me \u201cFlamurin Blu\u201d, nj\u00eb simbol nd\u00ebrkomb\u00ebtar i past\u00ebrtis\u00eb s\u00eb ujit t\u00eb detit dhe plazhit e ambientit p\u00ebrreth. Dit\u00ebn [&hellip;]<\/p>\n","protected":false},"author":1,"featured_media":0,"comment_status":"closed","ping_status":"closed","sticky":false,"template":"","format":"standard","meta":{"spay_email":"","jetpack_publicize_message":"","jetpack_is_tweetstorm":false,"jetpack_publicize_feature_enabled":true},"categories":[1,15],"tags":[],"jetpack_publicize_connections":[],"yoast_head":"<!-- This site is optimized with the Yoast SEO plugin v19.1 - https:\/\/yoast.com\/wordpress\/plugins\/seo\/ -->\n<title>Plazhet e Ulqinit certifikohen me Flamurin Blu, ja pra 7 plazhet me te pastra - Lajme nga Ulqini<\/title>\n<meta name=\"description\" content=\"Edhe Ulqini prej sotit\u00a0 renditet n\u00eb list\u00ebn bot\u00ebrore t\u00eb plazheve t\u00eb pastra me plazhe t\u00eb \u00e7ertifikuara me \u00e7mimin \u201cFlamuri Blu\u201d. Me synimin p\u00ebr t\u00eb pasur nj\u00eb\" \/>\n<meta name=\"robots\" content=\"index, follow, max-snippet:-1, max-image-preview:large, max-video-preview:-1\" \/>\n<link rel=\"canonical\" href=\"https:\/\/www.visit-ulcinj.com\/blog\/2016\/06\/06\/plazhet-e-ulqinit-certifikohen-flamurin-blu-ja-pra-7-plazhet-te-pastra\/\" \/>\n<meta property=\"og:locale\" content=\"en_US\" \/>\n<meta property=\"og:type\" content=\"article\" \/>\n<meta property=\"og:title\" content=\"Plazhet e Ulqinit certifikohen me Flamurin Blu, ja pra 7 plazhet me te pastra - Lajme nga Ulqini\" \/>\n<meta property=\"og:description\" content=\"Edhe Ulqini prej sotit\u00a0 renditet n\u00eb list\u00ebn bot\u00ebrore t\u00eb plazheve t\u00eb pastra me plazhe t\u00eb \u00e7ertifikuara me \u00e7mimin \u201cFlamuri Blu\u201d. Me synimin p\u00ebr t\u00eb pasur nj\u00eb\" \/>\n<meta property=\"og:url\" content=\"https:\/\/www.visit-ulcinj.com\/blog\/2016\/06\/06\/plazhet-e-ulqinit-certifikohen-flamurin-blu-ja-pra-7-plazhet-te-pastra\/\" \/>\n<meta property=\"og:site_name\" content=\"Lajme nga Ulqini\" \/>\n<meta property=\"article:published_time\" content=\"2016-06-06T13:56:20+00:00\" \/>\n<meta property=\"article:modified_time\" content=\"2016-06-07T11:11:53+00:00\" \/>\n<meta property=\"og:image\" content=\"http:\/\/www.visit-ulcinj.com\/blog\/wp-content\/uploads\/2016\/06\/Prva-Plava-zastava-na-kupalistu-Safari-Ulcinj.jpg\" \/>\n<meta name=\"twitter:label1\" content=\"Written by\" \/>\n\t<meta name=\"twitter:data1\" content=\"ulqini\" \/>\n\t<meta name=\"twitter:label2\" content=\"Est. reading time\" \/>\n\t<meta name=\"twitter:data2\" content=\"1 minute\" \/>\n<script type=\"application\/ld+json\" class=\"yoast-schema-graph\">{\"@context\":\"https:\/\/schema.org\",\"@graph\":[{\"@type\":\"WebSite\",\"@id\":\"https:\/\/www.visit-ulcinj.com\/blog\/#website\",\"url\":\"https:\/\/www.visit-ulcinj.com\/blog\/\",\"name\":\"Lajme nga Ulqini\",\"description\":\"Lajme,Vijesti,Ulqini,Ulqin,Crna Gora,Mali i Zi\",\"potentialAction\":[{\"@type\":\"SearchAction\",\"target\":{\"@type\":\"EntryPoint\",\"urlTemplate\":\"https:\/\/www.visit-ulcinj.com\/blog\/?s={search_term_string}\"},\"query-input\":\"required name=search_term_string\"}],\"inLanguage\":\"en-US\"},{\"@type\":\"ImageObject\",\"inLanguage\":\"en-US\",\"@id\":\"https:\/\/www.visit-ulcinj.com\/blog\/2016\/06\/06\/plazhet-e-ulqinit-certifikohen-flamurin-blu-ja-pra-7-plazhet-te-pastra\/#primaryimage\",\"url\":\"https:\/\/www.visit-ulcinj.com\/blog\/wp-content\/uploads\/2016\/06\/Prva-Plava-zastava-na-kupalistu-Safari-Ulcinj.jpg\",\"contentUrl\":\"https:\/\/www.visit-ulcinj.com\/blog\/wp-content\/uploads\/2016\/06\/Prva-Plava-zastava-na-kupalistu-Safari-Ulcinj.jpg\",\"width\":702,\"height\":336},{\"@type\":\"WebPage\",\"@id\":\"https:\/\/www.visit-ulcinj.com\/blog\/2016\/06\/06\/plazhet-e-ulqinit-certifikohen-flamurin-blu-ja-pra-7-plazhet-te-pastra\/#webpage\",\"url\":\"https:\/\/www.visit-ulcinj.com\/blog\/2016\/06\/06\/plazhet-e-ulqinit-certifikohen-flamurin-blu-ja-pra-7-plazhet-te-pastra\/\",\"name\":\"Plazhet e Ulqinit certifikohen me Flamurin Blu, ja pra 7 plazhet me te pastra - Lajme nga Ulqini\",\"isPartOf\":{\"@id\":\"https:\/\/www.visit-ulcinj.com\/blog\/#website\"},\"primaryImageOfPage\":{\"@id\":\"https:\/\/www.visit-ulcinj.com\/blog\/2016\/06\/06\/plazhet-e-ulqinit-certifikohen-flamurin-blu-ja-pra-7-plazhet-te-pastra\/#primaryimage\"},\"datePublished\":\"2016-06-06T13:56:20+00:00\",\"dateModified\":\"2016-06-07T11:11:53+00:00\",\"author\":{\"@id\":\"https:\/\/www.visit-ulcinj.com\/blog\/#\/schema\/person\/dcab619c614d3038751c63bc2aadc06d\"},\"description\":\"Edhe Ulqini prej sotit\u00a0 renditet n\u00eb list\u00ebn bot\u00ebrore t\u00eb plazheve t\u00eb pastra me plazhe t\u00eb \u00e7ertifikuara me \u00e7mimin \u201cFlamuri Blu\u201d. Me synimin p\u00ebr t\u00eb pasur nj\u00eb\",\"breadcrumb\":{\"@id\":\"https:\/\/www.visit-ulcinj.com\/blog\/2016\/06\/06\/plazhet-e-ulqinit-certifikohen-flamurin-blu-ja-pra-7-plazhet-te-pastra\/#breadcrumb\"},\"inLanguage\":\"en-US\",\"potentialAction\":[{\"@type\":\"ReadAction\",\"target\":[\"https:\/\/www.visit-ulcinj.com\/blog\/2016\/06\/06\/plazhet-e-ulqinit-certifikohen-flamurin-blu-ja-pra-7-plazhet-te-pastra\/\"]}]},{\"@type\":\"BreadcrumbList\",\"@id\":\"https:\/\/www.visit-ulcinj.com\/blog\/2016\/06\/06\/plazhet-e-ulqinit-certifikohen-flamurin-blu-ja-pra-7-plazhet-te-pastra\/#breadcrumb\",\"itemListElement\":[{\"@type\":\"ListItem\",\"position\":1,\"name\":\"Plazhet e Ulqinit certifikohen me Flamurin Blu, ja pra 7 plazhet me te pastra\"}]},{\"@type\":\"Person\",\"@id\":\"https:\/\/www.visit-ulcinj.com\/blog\/#\/schema\/person\/dcab619c614d3038751c63bc2aadc06d\",\"name\":\"ulqini\",\"sameAs\":[\"http:\/\/www.visit-ulcinj.com\"],\"url\":\"https:\/\/www.visit-ulcinj.com\/blog\/author\/admin\/\"}]}<\/script>\n<!-- \/ Yoast SEO plugin. -->","yoast_head_json":{"title":"Plazhet e Ulqinit certifikohen me Flamurin Blu, ja pra 7 plazhet me te pastra - Lajme nga Ulqini","description":"Edhe Ulqini prej sotit\u00a0 renditet n\u00eb list\u00ebn bot\u00ebrore t\u00eb plazheve t\u00eb pastra me plazhe t\u00eb \u00e7ertifikuara me \u00e7mimin \u201cFlamuri Blu\u201d. Me synimin p\u00ebr t\u00eb pasur nj\u00eb","robots":{"index":"index","follow":"follow","max-snippet":"max-snippet:-1","max-image-preview":"max-image-preview:large","max-video-preview":"max-video-preview:-1"},"canonical":"https:\/\/www.visit-ulcinj.com\/blog\/2016\/06\/06\/plazhet-e-ulqinit-certifikohen-flamurin-blu-ja-pra-7-plazhet-te-pastra\/","og_locale":"en_US","og_type":"article","og_title":"Plazhet e Ulqinit certifikohen me Flamurin Blu, ja pra 7 plazhet me te pastra - Lajme nga Ulqini","og_description":"Edhe Ulqini prej sotit\u00a0 renditet n\u00eb list\u00ebn bot\u00ebrore t\u00eb plazheve t\u00eb pastra me plazhe t\u00eb \u00e7ertifikuara me \u00e7mimin \u201cFlamuri Blu\u201d. Me synimin p\u00ebr t\u00eb pasur nj\u00eb","og_url":"https:\/\/www.visit-ulcinj.com\/blog\/2016\/06\/06\/plazhet-e-ulqinit-certifikohen-flamurin-blu-ja-pra-7-plazhet-te-pastra\/","og_site_name":"Lajme nga Ulqini","article_published_time":"2016-06-06T13:56:20+00:00","article_modified_time":"2016-06-07T11:11:53+00:00","og_image":[{"url":"http:\/\/www.visit-ulcinj.com\/blog\/wp-content\/uploads\/2016\/06\/Prva-Plava-zastava-na-kupalistu-Safari-Ulcinj.jpg"}],"twitter_misc":{"Written by":"ulqini","Est. reading time":"1 minute"},"schema":{"@context":"https:\/\/schema.org","@graph":[{"@type":"WebSite","@id":"https:\/\/www.visit-ulcinj.com\/blog\/#website","url":"https:\/\/www.visit-ulcinj.com\/blog\/","name":"Lajme nga Ulqini","description":"Lajme,Vijesti,Ulqini,Ulqin,Crna Gora,Mali i Zi","potentialAction":[{"@type":"SearchAction","target":{"@type":"EntryPoint","urlTemplate":"https:\/\/www.visit-ulcinj.com\/blog\/?s={search_term_string}"},"query-input":"required name=search_term_string"}],"inLanguage":"en-US"},{"@type":"ImageObject","inLanguage":"en-US","@id":"https:\/\/www.visit-ulcinj.com\/blog\/2016\/06\/06\/plazhet-e-ulqinit-certifikohen-flamurin-blu-ja-pra-7-plazhet-te-pastra\/#primaryimage","url":"https:\/\/www.visit-ulcinj.com\/blog\/wp-content\/uploads\/2016\/06\/Prva-Plava-zastava-na-kupalistu-Safari-Ulcinj.jpg","contentUrl":"https:\/\/www.visit-ulcinj.com\/blog\/wp-content\/uploads\/2016\/06\/Prva-Plava-zastava-na-kupalistu-Safari-Ulcinj.jpg","width":702,"height":336},{"@type":"WebPage","@id":"https:\/\/www.visit-ulcinj.com\/blog\/2016\/06\/06\/plazhet-e-ulqinit-certifikohen-flamurin-blu-ja-pra-7-plazhet-te-pastra\/#webpage","url":"https:\/\/www.visit-ulcinj.com\/blog\/2016\/06\/06\/plazhet-e-ulqinit-certifikohen-flamurin-blu-ja-pra-7-plazhet-te-pastra\/","name":"Plazhet e Ulqinit certifikohen me Flamurin Blu, ja pra 7 plazhet me te pastra - Lajme nga Ulqini","isPartOf":{"@id":"https:\/\/www.visit-ulcinj.com\/blog\/#website"},"primaryImageOfPage":{"@id":"https:\/\/www.visit-ulcinj.com\/blog\/2016\/06\/06\/plazhet-e-ulqinit-certifikohen-flamurin-blu-ja-pra-7-plazhet-te-pastra\/#primaryimage"},"datePublished":"2016-06-06T13:56:20+00:00","dateModified":"2016-06-07T11:11:53+00:00","author":{"@id":"https:\/\/www.visit-ulcinj.com\/blog\/#\/schema\/person\/dcab619c614d3038751c63bc2aadc06d"},"description":"Edhe Ulqini prej sotit\u00a0 renditet n\u00eb list\u00ebn bot\u00ebrore t\u00eb plazheve t\u00eb pastra me plazhe t\u00eb \u00e7ertifikuara me \u00e7mimin \u201cFlamuri Blu\u201d. Me synimin p\u00ebr t\u00eb pasur nj\u00eb","breadcrumb":{"@id":"https:\/\/www.visit-ulcinj.com\/blog\/2016\/06\/06\/plazhet-e-ulqinit-certifikohen-flamurin-blu-ja-pra-7-plazhet-te-pastra\/#breadcrumb"},"inLanguage":"en-US","potentialAction":[{"@type":"ReadAction","target":["https:\/\/www.visit-ulcinj.com\/blog\/2016\/06\/06\/plazhet-e-ulqinit-certifikohen-flamurin-blu-ja-pra-7-plazhet-te-pastra\/"]}]},{"@type":"BreadcrumbList","@id":"https:\/\/www.visit-ulcinj.com\/blog\/2016\/06\/06\/plazhet-e-ulqinit-certifikohen-flamurin-blu-ja-pra-7-plazhet-te-pastra\/#breadcrumb","itemListElement":[{"@type":"ListItem","position":1,"name":"Plazhet e Ulqinit certifikohen me Flamurin Blu, ja pra 7 plazhet me te pastra"}]},{"@type":"Person","@id":"https:\/\/www.visit-ulcinj.com\/blog\/#\/schema\/person\/dcab619c614d3038751c63bc2aadc06d","name":"ulqini","sameAs":["http:\/\/www.visit-ulcinj.com"],"url":"https:\/\/www.visit-ulcinj.com\/blog\/author\/admin\/"}]}},"jetpack_featured_media_url":"","jetpack_sharing_enabled":true,"jetpack_shortlink":"https:\/\/wp.me\/pe6lTn-pkz","_links":{"self":[{"href":"https:\/\/www.visit-ulcinj.com\/blog\/wp-json\/wp\/v2\/posts\/97375"}],"collection":[{"href":"https:\/\/www.visit-ulcinj.com\/blog\/wp-json\/wp\/v2\/posts"}],"about":[{"href":"https:\/\/www.visit-ulcinj.com\/blog\/wp-json\/wp\/v2\/types\/post"}],"author":[{"embeddable":true,"href":"https:\/\/www.visit-ulcinj.com\/blog\/wp-json\/wp\/v2\/users\/1"}],"replies":[{"embeddable":true,"href":"https:\/\/www.visit-ulcinj.com\/blog\/wp-json\/wp\/v2\/comments?post=97375"}],"version-history":[{"count":1,"href":"https:\/\/www.visit-ulcinj.com\/blog\/wp-json\/wp\/v2\/posts\/97375\/revisions"}],"predecessor-version":[{"id":97376,"href":"https:\/\/www.visit-ulcinj.com\/blog\/wp-json\/wp\/v2\/posts\/97375\/revisions\/97376"}],"wp:attachment":[{"href":"https:\/\/www.visit-ulcinj.com\/blog\/wp-json\/wp\/v2\/media?parent=97375"}],"wp:term":[{"taxonomy":"category","embeddable":true,"href":"https:\/\/www.visit-ulcinj.com\/blog\/wp-json\/wp\/v2\/categories?post=97375"},{"taxonomy":"post_tag","embeddable":true,"href":"https:\/\/www.visit-ulcinj.com\/blog\/wp-json\/wp\/v2\/tags?post=97375"}],"curies":[{"name":"wp","href":"https:\/\/api.w.org\/{rel}","templated":true}]}}