{"id":97377,"date":"2016-06-06T15:30:19","date_gmt":"2016-06-06T14:30:19","guid":{"rendered":"http:\/\/www.visit-ulcinj.com\/blog\/?p=97377"},"modified":"2016-06-07T16:23:47","modified_gmt":"2016-06-07T15:23:47","slug":"dritan-abazoviq-trukim-policise-kunder-hotelierit-alloviq","status":"publish","type":"post","link":"https:\/\/www.visit-ulcinj.com\/blog\/2016\/06\/06\/dritan-abazoviq-trukim-policise-kunder-hotelierit-alloviq\/","title":{"rendered":"Dritan Abazoviq: Trukim i policis\u00eb kund\u00ebr hotelierit Alloviq"},"content":{"rendered":"<p><a href=\"http:\/\/www.visit-ulcinj.com\/blog\/wp-content\/uploads\/2015\/03\/Dritan-Abazovic1.jpg\"><img loading=\"lazy\" class=\"alignleft wp-image-89438\" src=\"http:\/\/www.visit-ulcinj.com\/blog\/wp-content\/uploads\/2015\/03\/Dritan-Abazovic1.jpg\" alt=\"Dritan-Abazovic\" width=\"508\" height=\"319\" srcset=\"https:\/\/www.visit-ulcinj.com\/blog\/wp-content\/uploads\/2015\/03\/Dritan-Abazovic1.jpg 560w, https:\/\/www.visit-ulcinj.com\/blog\/wp-content\/uploads\/2015\/03\/Dritan-Abazovic1-300x189.jpg 300w\" sizes=\"(max-width: 508px) 100vw, 508px\" \/><\/a>N\u00ebnkryetari i URA-s\u00eb dhe deputeti n\u00eb Parlamentin e Malit t\u00eb Zi Dritan Abazoviq ka vler\u00ebsuar se padia e dor\u00ebzuar gjykat\u00ebs p\u00ebr kund\u00ebrvajtje kund\u00ebr hotelierit Skender Alloviq \u00ebsht\u00eb trukim i Drejtoris\u00eb s\u00eb policis\u00eb, raporton portali Ul.info.<\/p>\n<p>\u201cTani jan\u00eb kujtuar q\u00eb personin e pafajsh\u00ebm ta padisin pas gati tet\u00eb muajsh p\u00ebr shkak t\u00eb tifozll\u00ebkut q\u00eb ndodhi n\u00eb lokalin e tij \u201cShisha bar\u201d, e t\u00eb cilin ai nuk duhej dhe nuk mund ta ndalonte\u201d, tha Abazoviq n\u00eb Kuvendin e Malit t\u00eb Zi.<\/p>\n<p>Ai tha se veprimi i policis\u00eb \u201c\u00ebsht\u00eb shum\u00eb i pavend dhe jokorrekt dhe ka p\u00ebr q\u00ebllim krijimin e tensioneve t\u00eb panevojshme para sezonit turistik dhe Kampionatit evropian n\u00eb futboll\u201d.<\/p>\n<p><a href=\"http:\/\/www.visit-ulcinj.com\/blog\/wp-content\/uploads\/2016\/06\/dokumenti.jpg\"><img loading=\"lazy\" class=\"alignleft wp-image-97399\" src=\"http:\/\/www.visit-ulcinj.com\/blog\/wp-content\/uploads\/2016\/06\/dokumenti.jpg\" alt=\"dokumenti\" width=\"508\" height=\"677\" \/><\/a><\/p>\n","protected":false},"excerpt":{"rendered":"<p>N\u00ebnkryetari i URA-s\u00eb dhe deputeti n\u00eb Parlamentin e Malit t\u00eb Zi Dritan Abazoviq ka vler\u00ebsuar se padia e dor\u00ebzuar gjykat\u00ebs p\u00ebr kund\u00ebrvajtje kund\u00ebr hotelierit Skender Alloviq \u00ebsht\u00eb trukim i Drejtoris\u00eb s\u00eb policis\u00eb, raporton portali Ul.info. \u201cTani jan\u00eb kujtuar q\u00eb personin e pafajsh\u00ebm ta padisin pas gati tet\u00eb muajsh p\u00ebr shkak t\u00eb tifozll\u00ebkut q\u00eb ndodhi n\u00eb [&hellip;]<\/p>\n","protected":false},"author":1,"featured_media":0,"comment_status":"closed","ping_status":"closed","sticky":false,"template":"","format":"standard","meta":{"spay_email":"","jetpack_publicize_message":"","jetpack_is_tweetstorm":false,"jetpack_publicize_feature_enabled":true},"categories":[6],"tags":[],"jetpack_publicize_connections":[],"yoast_head":"<!-- This site is optimized with the Yoast SEO plugin v19.1 - https:\/\/yoast.com\/wordpress\/plugins\/seo\/ -->\n<title>Dritan Abazoviq: Trukim i policis\u00eb kund\u00ebr hotelierit Alloviq - Lajme nga Ulqini<\/title>\n<meta name=\"description\" content=\"N\u00ebnkryetari i URA-s\u00eb dhe deputeti n\u00eb Parlamentin e Malit t\u00eb Zi Dritan Abazoviq ka vler\u00ebsuar se padia e dor\u00ebzuar gjykat\u00ebs p\u00ebr kund\u00ebrvajtje kund\u00ebr\" \/>\n<meta name=\"robots\" content=\"index, follow, max-snippet:-1, max-image-preview:large, max-video-preview:-1\" \/>\n<link rel=\"canonical\" href=\"https:\/\/www.visit-ulcinj.com\/blog\/2016\/06\/06\/dritan-abazoviq-trukim-policise-kunder-hotelierit-alloviq\/\" \/>\n<meta property=\"og:locale\" content=\"en_US\" \/>\n<meta property=\"og:type\" content=\"article\" \/>\n<meta property=\"og:title\" content=\"Dritan Abazoviq: Trukim i policis\u00eb kund\u00ebr hotelierit Alloviq - Lajme nga Ulqini\" \/>\n<meta property=\"og:description\" content=\"N\u00ebnkryetari i URA-s\u00eb dhe deputeti n\u00eb Parlamentin e Malit t\u00eb Zi Dritan Abazoviq ka vler\u00ebsuar se padia e dor\u00ebzuar gjykat\u00ebs p\u00ebr kund\u00ebrvajtje kund\u00ebr\" \/>\n<meta property=\"og:url\" content=\"https:\/\/www.visit-ulcinj.com\/blog\/2016\/06\/06\/dritan-abazoviq-trukim-policise-kunder-hotelierit-alloviq\/\" \/>\n<meta property=\"og:site_name\" content=\"Lajme nga Ulqini\" \/>\n<meta property=\"article:published_time\" content=\"2016-06-06T14:30:19+00:00\" \/>\n<meta property=\"article:modified_time\" content=\"2016-06-07T15:23:47+00:00\" \/>\n<meta property=\"og:image\" content=\"http:\/\/www.visit-ulcinj.com\/blog\/wp-content\/uploads\/2015\/03\/Dritan-Abazovic1.jpg\" \/>\n<meta name=\"twitter:label1\" content=\"Written by\" \/>\n\t<meta name=\"twitter:data1\" content=\"ulqini\" \/>\n\t<meta name=\"twitter:label2\" content=\"Est. reading time\" \/>\n\t<meta name=\"twitter:data2\" content=\"1 minute\" \/>\n<script type=\"application\/ld+json\" class=\"yoast-schema-graph\">{\"@context\":\"https:\/\/schema.org\",\"@graph\":[{\"@type\":\"WebSite\",\"@id\":\"https:\/\/www.visit-ulcinj.com\/blog\/#website\",\"url\":\"https:\/\/www.visit-ulcinj.com\/blog\/\",\"name\":\"Lajme nga Ulqini\",\"description\":\"Lajme,Vijesti,Ulqini,Ulqin,Crna Gora,Mali i Zi\",\"potentialAction\":[{\"@type\":\"SearchAction\",\"target\":{\"@type\":\"EntryPoint\",\"urlTemplate\":\"https:\/\/www.visit-ulcinj.com\/blog\/?s={search_term_string}\"},\"query-input\":\"required name=search_term_string\"}],\"inLanguage\":\"en-US\"},{\"@type\":\"ImageObject\",\"inLanguage\":\"en-US\",\"@id\":\"https:\/\/www.visit-ulcinj.com\/blog\/2016\/06\/06\/dritan-abazoviq-trukim-policise-kunder-hotelierit-alloviq\/#primaryimage\",\"url\":\"https:\/\/www.visit-ulcinj.com\/blog\/wp-content\/uploads\/2015\/03\/Dritan-Abazovic1.jpg\",\"contentUrl\":\"https:\/\/www.visit-ulcinj.com\/blog\/wp-content\/uploads\/2015\/03\/Dritan-Abazovic1.jpg\",\"width\":560,\"height\":352},{\"@type\":\"WebPage\",\"@id\":\"https:\/\/www.visit-ulcinj.com\/blog\/2016\/06\/06\/dritan-abazoviq-trukim-policise-kunder-hotelierit-alloviq\/#webpage\",\"url\":\"https:\/\/www.visit-ulcinj.com\/blog\/2016\/06\/06\/dritan-abazoviq-trukim-policise-kunder-hotelierit-alloviq\/\",\"name\":\"Dritan Abazoviq: Trukim i policis\u00eb kund\u00ebr hotelierit Alloviq - Lajme nga Ulqini\",\"isPartOf\":{\"@id\":\"https:\/\/www.visit-ulcinj.com\/blog\/#website\"},\"primaryImageOfPage\":{\"@id\":\"https:\/\/www.visit-ulcinj.com\/blog\/2016\/06\/06\/dritan-abazoviq-trukim-policise-kunder-hotelierit-alloviq\/#primaryimage\"},\"datePublished\":\"2016-06-06T14:30:19+00:00\",\"dateModified\":\"2016-06-07T15:23:47+00:00\",\"author\":{\"@id\":\"https:\/\/www.visit-ulcinj.com\/blog\/#\/schema\/person\/dcab619c614d3038751c63bc2aadc06d\"},\"description\":\"N\u00ebnkryetari i URA-s\u00eb dhe deputeti n\u00eb Parlamentin e Malit t\u00eb Zi Dritan Abazoviq ka vler\u00ebsuar se padia e dor\u00ebzuar gjykat\u00ebs p\u00ebr kund\u00ebrvajtje kund\u00ebr\",\"breadcrumb\":{\"@id\":\"https:\/\/www.visit-ulcinj.com\/blog\/2016\/06\/06\/dritan-abazoviq-trukim-policise-kunder-hotelierit-alloviq\/#breadcrumb\"},\"inLanguage\":\"en-US\",\"potentialAction\":[{\"@type\":\"ReadAction\",\"target\":[\"https:\/\/www.visit-ulcinj.com\/blog\/2016\/06\/06\/dritan-abazoviq-trukim-policise-kunder-hotelierit-alloviq\/\"]}]},{\"@type\":\"BreadcrumbList\",\"@id\":\"https:\/\/www.visit-ulcinj.com\/blog\/2016\/06\/06\/dritan-abazoviq-trukim-policise-kunder-hotelierit-alloviq\/#breadcrumb\",\"itemListElement\":[{\"@type\":\"ListItem\",\"position\":1,\"name\":\"Dritan Abazoviq: Trukim i policis\u00eb kund\u00ebr hotelierit Alloviq\"}]},{\"@type\":\"Person\",\"@id\":\"https:\/\/www.visit-ulcinj.com\/blog\/#\/schema\/person\/dcab619c614d3038751c63bc2aadc06d\",\"name\":\"ulqini\",\"sameAs\":[\"http:\/\/www.visit-ulcinj.com\"],\"url\":\"https:\/\/www.visit-ulcinj.com\/blog\/author\/admin\/\"}]}<\/script>\n<!-- \/ Yoast SEO plugin. -->","yoast_head_json":{"title":"Dritan Abazoviq: Trukim i policis\u00eb kund\u00ebr hotelierit Alloviq - Lajme nga Ulqini","description":"N\u00ebnkryetari i URA-s\u00eb dhe deputeti n\u00eb Parlamentin e Malit t\u00eb Zi Dritan Abazoviq ka vler\u00ebsuar se padia e dor\u00ebzuar gjykat\u00ebs p\u00ebr kund\u00ebrvajtje kund\u00ebr","robots":{"index":"index","follow":"follow","max-snippet":"max-snippet:-1","max-image-preview":"max-image-preview:large","max-video-preview":"max-video-preview:-1"},"canonical":"https:\/\/www.visit-ulcinj.com\/blog\/2016\/06\/06\/dritan-abazoviq-trukim-policise-kunder-hotelierit-alloviq\/","og_locale":"en_US","og_type":"article","og_title":"Dritan Abazoviq: Trukim i policis\u00eb kund\u00ebr hotelierit Alloviq - Lajme nga Ulqini","og_description":"N\u00ebnkryetari i URA-s\u00eb dhe deputeti n\u00eb Parlamentin e Malit t\u00eb Zi Dritan Abazoviq ka vler\u00ebsuar se padia e dor\u00ebzuar gjykat\u00ebs p\u00ebr kund\u00ebrvajtje kund\u00ebr","og_url":"https:\/\/www.visit-ulcinj.com\/blog\/2016\/06\/06\/dritan-abazoviq-trukim-policise-kunder-hotelierit-alloviq\/","og_site_name":"Lajme nga Ulqini","article_published_time":"2016-06-06T14:30:19+00:00","article_modified_time":"2016-06-07T15:23:47+00:00","og_image":[{"url":"http:\/\/www.visit-ulcinj.com\/blog\/wp-content\/uploads\/2015\/03\/Dritan-Abazovic1.jpg"}],"twitter_misc":{"Written by":"ulqini","Est. reading time":"1 minute"},"schema":{"@context":"https:\/\/schema.org","@graph":[{"@type":"WebSite","@id":"https:\/\/www.visit-ulcinj.com\/blog\/#website","url":"https:\/\/www.visit-ulcinj.com\/blog\/","name":"Lajme nga Ulqini","description":"Lajme,Vijesti,Ulqini,Ulqin,Crna Gora,Mali i Zi","potentialAction":[{"@type":"SearchAction","target":{"@type":"EntryPoint","urlTemplate":"https:\/\/www.visit-ulcinj.com\/blog\/?s={search_term_string}"},"query-input":"required name=search_term_string"}],"inLanguage":"en-US"},{"@type":"ImageObject","inLanguage":"en-US","@id":"https:\/\/www.visit-ulcinj.com\/blog\/2016\/06\/06\/dritan-abazoviq-trukim-policise-kunder-hotelierit-alloviq\/#primaryimage","url":"https:\/\/www.visit-ulcinj.com\/blog\/wp-content\/uploads\/2015\/03\/Dritan-Abazovic1.jpg","contentUrl":"https:\/\/www.visit-ulcinj.com\/blog\/wp-content\/uploads\/2015\/03\/Dritan-Abazovic1.jpg","width":560,"height":352},{"@type":"WebPage","@id":"https:\/\/www.visit-ulcinj.com\/blog\/2016\/06\/06\/dritan-abazoviq-trukim-policise-kunder-hotelierit-alloviq\/#webpage","url":"https:\/\/www.visit-ulcinj.com\/blog\/2016\/06\/06\/dritan-abazoviq-trukim-policise-kunder-hotelierit-alloviq\/","name":"Dritan Abazoviq: Trukim i policis\u00eb kund\u00ebr hotelierit Alloviq - Lajme nga Ulqini","isPartOf":{"@id":"https:\/\/www.visit-ulcinj.com\/blog\/#website"},"primaryImageOfPage":{"@id":"https:\/\/www.visit-ulcinj.com\/blog\/2016\/06\/06\/dritan-abazoviq-trukim-policise-kunder-hotelierit-alloviq\/#primaryimage"},"datePublished":"2016-06-06T14:30:19+00:00","dateModified":"2016-06-07T15:23:47+00:00","author":{"@id":"https:\/\/www.visit-ulcinj.com\/blog\/#\/schema\/person\/dcab619c614d3038751c63bc2aadc06d"},"description":"N\u00ebnkryetari i URA-s\u00eb dhe deputeti n\u00eb Parlamentin e Malit t\u00eb Zi Dritan Abazoviq ka vler\u00ebsuar se padia e dor\u00ebzuar gjykat\u00ebs p\u00ebr kund\u00ebrvajtje kund\u00ebr","breadcrumb":{"@id":"https:\/\/www.visit-ulcinj.com\/blog\/2016\/06\/06\/dritan-abazoviq-trukim-policise-kunder-hotelierit-alloviq\/#breadcrumb"},"inLanguage":"en-US","potentialAction":[{"@type":"ReadAction","target":["https:\/\/www.visit-ulcinj.com\/blog\/2016\/06\/06\/dritan-abazoviq-trukim-policise-kunder-hotelierit-alloviq\/"]}]},{"@type":"BreadcrumbList","@id":"https:\/\/www.visit-ulcinj.com\/blog\/2016\/06\/06\/dritan-abazoviq-trukim-policise-kunder-hotelierit-alloviq\/#breadcrumb","itemListElement":[{"@type":"ListItem","position":1,"name":"Dritan Abazoviq: Trukim i policis\u00eb kund\u00ebr hotelierit Alloviq"}]},{"@type":"Person","@id":"https:\/\/www.visit-ulcinj.com\/blog\/#\/schema\/person\/dcab619c614d3038751c63bc2aadc06d","name":"ulqini","sameAs":["http:\/\/www.visit-ulcinj.com"],"url":"https:\/\/www.visit-ulcinj.com\/blog\/author\/admin\/"}]}},"jetpack_featured_media_url":"","jetpack_sharing_enabled":true,"jetpack_shortlink":"https:\/\/wp.me\/pe6lTn-pkB","_links":{"self":[{"href":"https:\/\/www.visit-ulcinj.com\/blog\/wp-json\/wp\/v2\/posts\/97377"}],"collection":[{"href":"https:\/\/www.visit-ulcinj.com\/blog\/wp-json\/wp\/v2\/posts"}],"about":[{"href":"https:\/\/www.visit-ulcinj.com\/blog\/wp-json\/wp\/v2\/types\/post"}],"author":[{"embeddable":true,"href":"https:\/\/www.visit-ulcinj.com\/blog\/wp-json\/wp\/v2\/users\/1"}],"replies":[{"embeddable":true,"href":"https:\/\/www.visit-ulcinj.com\/blog\/wp-json\/wp\/v2\/comments?post=97377"}],"version-history":[{"count":2,"href":"https:\/\/www.visit-ulcinj.com\/blog\/wp-json\/wp\/v2\/posts\/97377\/revisions"}],"predecessor-version":[{"id":97400,"href":"https:\/\/www.visit-ulcinj.com\/blog\/wp-json\/wp\/v2\/posts\/97377\/revisions\/97400"}],"wp:attachment":[{"href":"https:\/\/www.visit-ulcinj.com\/blog\/wp-json\/wp\/v2\/media?parent=97377"}],"wp:term":[{"taxonomy":"category","embeddable":true,"href":"https:\/\/www.visit-ulcinj.com\/blog\/wp-json\/wp\/v2\/categories?post=97377"},{"taxonomy":"post_tag","embeddable":true,"href":"https:\/\/www.visit-ulcinj.com\/blog\/wp-json\/wp\/v2\/tags?post=97377"}],"curies":[{"name":"wp","href":"https:\/\/api.w.org\/{rel}","templated":true}]}}