{"id":97379,"date":"2016-06-06T15:39:31","date_gmt":"2016-06-06T14:39:31","guid":{"rendered":"http:\/\/www.visit-ulcinj.com\/blog\/?p=97379"},"modified":"2016-06-06T15:40:02","modified_gmt":"2016-06-06T14:40:02","slug":"abazovica-gvozdenovicu-zbog-cega-ministarstvo-jos-nije-donijelo-akt-o-zastiti-solane","status":"publish","type":"post","link":"https:\/\/www.visit-ulcinj.com\/blog\/2016\/06\/06\/abazovica-gvozdenovicu-zbog-cega-ministarstvo-jos-nije-donijelo-akt-o-zastiti-solane\/","title":{"rendered":"Abazovi\u0107 &#8211; Gvozdenovi\u0107u: Zbog \u010dega Ministarstvo jo\u0161 nije donijelo akt o za\u0161titi Solane"},"content":{"rendered":"<p><a href=\"http:\/\/www.visit-ulcinj.com\/blog\/wp-content\/uploads\/2016\/05\/Gvozdenovic-.jpg\"><img loading=\"lazy\" class=\"alignleft wp-image-97160\" src=\"http:\/\/www.visit-ulcinj.com\/blog\/wp-content\/uploads\/2016\/05\/Gvozdenovic-.jpg\" alt=\"Gvozdenovic-\" width=\"508\" height=\"361\" srcset=\"https:\/\/www.visit-ulcinj.com\/blog\/wp-content\/uploads\/2016\/05\/Gvozdenovic-.jpg 676w, https:\/\/www.visit-ulcinj.com\/blog\/wp-content\/uploads\/2016\/05\/Gvozdenovic--300x213.jpg 300w\" sizes=\"(max-width: 508px) 100vw, 508px\" \/><\/a>Ulcinjska Solana je ve\u0107 za\u0161ti\u0107ena, i na tom prostoru se godinama unazad ne gradi nijedan objekat, kazao je ministar odr\u017eivog razvoja i turizma, Branimir Gvozdenovi\u0107, dodaju\u0107i da formalna za\u0161tita podrazumijeva jasnu proceduru.<\/p>\n<p>Gvozdenovi\u0107 je, odgovaraju\u0107i u parlamentu na pitanje poslanika Dritana Abazovi\u0107a zbog \u010dega Ministarstvo jo\u0161 nije donijelo akt o za\u0161titi Solane, kazao da je procedura vrlo jasna.<\/p>\n<p>On je kazao da je tema za\u0161tite Solane u fokusu Ministarstva, i da se ono njome bavi sistemski, kvalitetno, odgovorno i jasno.<\/p>\n<p>\u201eNa\u0161 jasan plan je da ne konzerviramo Solanu, da je za\u0161titimo i da obezbijedimo njenu odr\u017eivost i da ta odr\u017eivost bude jasno definisana svim aktima koji se donose\u201c, naglasio je Gvozdenovi\u0107.<\/p>\n<p>On je podsjetio da je Agencija za za\u0161titu \u017eivotne sredine uradila akt o za\u0161titi Solane, koji je bio na javnoj raspravi.<\/p>\n<p>\u201eDate su odre\u0111ene sugestije Op\u0161tine Ulcinj koja treba da popravi akt u skladu sa sugestijama koje su bile. Dobili smo informaciju od Op\u0161tine Ulcinj da \u0107e taj akt popraviti u nekom roku koji je pro\u0161ao prije desetak dana\u201c, naveo je Gvozdenovi\u0107.<\/p>\n<p>Prema njegovim rije\u010dima, taj proces se odvija sa jasno definisanim pravcem djelovanja.<\/p>\n<p>Gvozdenovi\u0107 je naglasio da je pitanje Solane jako kompleksno, jer se radi o skoro 15 miliona kvadrata, i zahtijeva vrlo ozbiljan pristup.<\/p>\n<p>U skladu sa tim, kako je naveo, otvoren je dijalog sa Evropskom komisijom (EK), i definisan poseban programski zadatak.<\/p>\n<p>\u201eKoji treba da obezbijedi jasno definisanu dokumentaciju, koja \u0107e definisati kako se odr\u017eava taj veliki kompleks\u201c, dodao je Gvozdenovi\u0107.<\/p>\n<p>On je kazao da za\u0161tita Solane jo\u0161 formalno ne mo\u017ee da se uspostavi, jer nije definisan taj akt.<\/p>\n<p>\u201eMi pregovaramo sa EK da defini\u0161emo taj akt, i o\u010dekujemo da dobijemo ozbiljnu finansijsku podr\u0161ku za realizaciju ovih pitanja\u201c, rekao je Gvozdenovi\u0107.<\/p>\n<p>On je naglasio da na prostoru Solane nema nikakve degradacije. \u201eNijedan objekat nije gra\u0111en od 2009. godine. Zna\u010di, Solana je u ovom momentu za\u0161ti\u0107ena\u201c, naglasio je Gvozdenovi\u0107.<\/p>\n<p>On je rekao da je obezbije\u0111en ozbiljni upravlja\u010d \u2013Nacionalni parkovi, kao i da je formiran poseban menad\u017ement.<\/p>\n<p>\u201e\u010ciji je osnovni zadatak da nastavi za\u0161titu, i druga stvar \u2013 da se obezbijedi proizvodnja soli\u201c, dodao je Gvozdenovi\u0107.<\/p>\n<p><strong>Prate stanje vazduha u Pljevljima<\/strong><\/p>\n<p>Na pitanje poslanika Danka \u0160aran\u010di\u0107a da li su analizirani rezultati pojedinih parametara \u017elivotne sredine u op\u0161tini Pljevlja, nakon primjene Kratkoro\u010dnih mjera za popravljanje kvaliteta vazduha tokom zimskih mjeseci, i kakvi su efekti postignuti, Gvozdenovi\u0107 je rekao da sva mjerenja i uporedni podaci postoje na sajtu Agencije za za\u0161titu \u017eivotne sredine.<\/p>\n<p>\u201ePostoje svi matemati\u010dki elementi koji ukazuju na progres koji se ostvaruje, ili na ne\u0161to drugo\u201c, rekao je Gvozdenovi\u0107.<\/p>\n<p>Prema njegovim rije\u010dima, formirano je savjetodavno tijelo koje \u010dini 15-ak predstavnika raznih institucija i nevladinog sektora, i koje podnosi izvje\u0161taj o tome da li su neke kratkoro\u010dne mjere potrebne, da li su dale rezultate i da li ih treba nastaviti.<\/p>\n<p>\u201eOvo Ministarstvo se intentivno bavi pitanjima zaga\u0111enja vazduha na tom prostoru. Na\u0161im inicijativama su obezbije\u0111ena zna\u010dajna finansijska sredstva\u201c, kazao je Gvozdenovi\u0107.<\/p>\n<p>On je rekao da se posljednji izvje\u0161taj o kvalitetu vazduha za op\u0161tinu Pljevlja odnosi na maj, a da je tokom aprila prosje\u010dna dnevna koncentracija suspendovanih \u010destica pm10 kretala od 25 do 125 mg\/m3.<\/p>\n<p><strong>Izvor: RTCG<\/strong><\/p>\n","protected":false},"excerpt":{"rendered":"<p>Ulcinjska Solana je ve\u0107 za\u0161ti\u0107ena, i na tom prostoru se godinama unazad ne gradi nijedan objekat, kazao je ministar odr\u017eivog razvoja i turizma, Branimir Gvozdenovi\u0107, dodaju\u0107i da formalna za\u0161tita podrazumijeva jasnu proceduru. Gvozdenovi\u0107 je, odgovaraju\u0107i u parlamentu na pitanje poslanika Dritana Abazovi\u0107a zbog \u010dega Ministarstvo jo\u0161 nije donijelo akt o za\u0161titi Solane, kazao da je [&hellip;]<\/p>\n","protected":false},"author":1,"featured_media":0,"comment_status":"closed","ping_status":"closed","sticky":false,"template":"","format":"standard","meta":{"spay_email":"","jetpack_publicize_message":"","jetpack_is_tweetstorm":false,"jetpack_publicize_feature_enabled":true},"categories":[6950],"tags":[],"jetpack_publicize_connections":[],"yoast_head":"<!-- This site is optimized with the Yoast SEO plugin v19.1 - https:\/\/yoast.com\/wordpress\/plugins\/seo\/ -->\n<title>Abazovi\u0107 - Gvozdenovi\u0107u: Zbog \u010dega Ministarstvo jo\u0161 nije donijelo akt o za\u0161titi Solane - Lajme nga Ulqini<\/title>\n<meta name=\"description\" content=\"Ulcinjska Solana je ve\u0107 za\u0161ti\u0107ena, i na tom prostoru se godinama unazad ne gradi nijedan objekat, kazao je ministar odr\u017eivog razvoja i turizma, Branimir\" \/>\n<meta name=\"robots\" content=\"index, follow, max-snippet:-1, max-image-preview:large, max-video-preview:-1\" \/>\n<link rel=\"canonical\" href=\"https:\/\/www.visit-ulcinj.com\/blog\/2016\/06\/06\/abazovica-gvozdenovicu-zbog-cega-ministarstvo-jos-nije-donijelo-akt-o-zastiti-solane\/\" \/>\n<meta property=\"og:locale\" content=\"en_US\" \/>\n<meta property=\"og:type\" content=\"article\" \/>\n<meta property=\"og:title\" content=\"Abazovi\u0107 - Gvozdenovi\u0107u: Zbog \u010dega Ministarstvo jo\u0161 nije donijelo akt o za\u0161titi Solane - Lajme nga Ulqini\" \/>\n<meta property=\"og:description\" content=\"Ulcinjska Solana je ve\u0107 za\u0161ti\u0107ena, i na tom prostoru se godinama unazad ne gradi nijedan objekat, kazao je ministar odr\u017eivog razvoja i turizma, Branimir\" \/>\n<meta property=\"og:url\" content=\"https:\/\/www.visit-ulcinj.com\/blog\/2016\/06\/06\/abazovica-gvozdenovicu-zbog-cega-ministarstvo-jos-nije-donijelo-akt-o-zastiti-solane\/\" \/>\n<meta property=\"og:site_name\" content=\"Lajme nga Ulqini\" \/>\n<meta property=\"article:published_time\" content=\"2016-06-06T14:39:31+00:00\" \/>\n<meta property=\"article:modified_time\" content=\"2016-06-06T14:40:02+00:00\" \/>\n<meta property=\"og:image\" content=\"http:\/\/www.visit-ulcinj.com\/blog\/wp-content\/uploads\/2016\/05\/Gvozdenovic-.jpg\" \/>\n<meta name=\"twitter:label1\" content=\"Written by\" \/>\n\t<meta name=\"twitter:data1\" content=\"ulqini\" \/>\n\t<meta name=\"twitter:label2\" content=\"Est. reading time\" \/>\n\t<meta name=\"twitter:data2\" content=\"3 minutes\" \/>\n<script type=\"application\/ld+json\" class=\"yoast-schema-graph\">{\"@context\":\"https:\/\/schema.org\",\"@graph\":[{\"@type\":\"WebSite\",\"@id\":\"https:\/\/www.visit-ulcinj.com\/blog\/#website\",\"url\":\"https:\/\/www.visit-ulcinj.com\/blog\/\",\"name\":\"Lajme nga Ulqini\",\"description\":\"Lajme,Vijesti,Ulqini,Ulqin,Crna Gora,Mali i Zi\",\"potentialAction\":[{\"@type\":\"SearchAction\",\"target\":{\"@type\":\"EntryPoint\",\"urlTemplate\":\"https:\/\/www.visit-ulcinj.com\/blog\/?s={search_term_string}\"},\"query-input\":\"required name=search_term_string\"}],\"inLanguage\":\"en-US\"},{\"@type\":\"ImageObject\",\"inLanguage\":\"en-US\",\"@id\":\"https:\/\/www.visit-ulcinj.com\/blog\/2016\/06\/06\/abazovica-gvozdenovicu-zbog-cega-ministarstvo-jos-nije-donijelo-akt-o-zastiti-solane\/#primaryimage\",\"url\":\"https:\/\/www.visit-ulcinj.com\/blog\/wp-content\/uploads\/2016\/05\/Gvozdenovic-.jpg\",\"contentUrl\":\"https:\/\/www.visit-ulcinj.com\/blog\/wp-content\/uploads\/2016\/05\/Gvozdenovic-.jpg\",\"width\":676,\"height\":480},{\"@type\":\"WebPage\",\"@id\":\"https:\/\/www.visit-ulcinj.com\/blog\/2016\/06\/06\/abazovica-gvozdenovicu-zbog-cega-ministarstvo-jos-nije-donijelo-akt-o-zastiti-solane\/#webpage\",\"url\":\"https:\/\/www.visit-ulcinj.com\/blog\/2016\/06\/06\/abazovica-gvozdenovicu-zbog-cega-ministarstvo-jos-nije-donijelo-akt-o-zastiti-solane\/\",\"name\":\"Abazovi\u0107 - Gvozdenovi\u0107u: Zbog \u010dega Ministarstvo jo\u0161 nije donijelo akt o za\u0161titi Solane - Lajme nga Ulqini\",\"isPartOf\":{\"@id\":\"https:\/\/www.visit-ulcinj.com\/blog\/#website\"},\"primaryImageOfPage\":{\"@id\":\"https:\/\/www.visit-ulcinj.com\/blog\/2016\/06\/06\/abazovica-gvozdenovicu-zbog-cega-ministarstvo-jos-nije-donijelo-akt-o-zastiti-solane\/#primaryimage\"},\"datePublished\":\"2016-06-06T14:39:31+00:00\",\"dateModified\":\"2016-06-06T14:40:02+00:00\",\"author\":{\"@id\":\"https:\/\/www.visit-ulcinj.com\/blog\/#\/schema\/person\/dcab619c614d3038751c63bc2aadc06d\"},\"description\":\"Ulcinjska Solana je ve\u0107 za\u0161ti\u0107ena, i na tom prostoru se godinama unazad ne gradi nijedan objekat, kazao je ministar odr\u017eivog razvoja i turizma, Branimir\",\"breadcrumb\":{\"@id\":\"https:\/\/www.visit-ulcinj.com\/blog\/2016\/06\/06\/abazovica-gvozdenovicu-zbog-cega-ministarstvo-jos-nije-donijelo-akt-o-zastiti-solane\/#breadcrumb\"},\"inLanguage\":\"en-US\",\"potentialAction\":[{\"@type\":\"ReadAction\",\"target\":[\"https:\/\/www.visit-ulcinj.com\/blog\/2016\/06\/06\/abazovica-gvozdenovicu-zbog-cega-ministarstvo-jos-nije-donijelo-akt-o-zastiti-solane\/\"]}]},{\"@type\":\"BreadcrumbList\",\"@id\":\"https:\/\/www.visit-ulcinj.com\/blog\/2016\/06\/06\/abazovica-gvozdenovicu-zbog-cega-ministarstvo-jos-nije-donijelo-akt-o-zastiti-solane\/#breadcrumb\",\"itemListElement\":[{\"@type\":\"ListItem\",\"position\":1,\"name\":\"Abazovi\u0107 &#8211; Gvozdenovi\u0107u: Zbog \u010dega Ministarstvo jo\u0161 nije donijelo akt o za\u0161titi Solane\"}]},{\"@type\":\"Person\",\"@id\":\"https:\/\/www.visit-ulcinj.com\/blog\/#\/schema\/person\/dcab619c614d3038751c63bc2aadc06d\",\"name\":\"ulqini\",\"sameAs\":[\"http:\/\/www.visit-ulcinj.com\"],\"url\":\"https:\/\/www.visit-ulcinj.com\/blog\/author\/admin\/\"}]}<\/script>\n<!-- \/ Yoast SEO plugin. -->","yoast_head_json":{"title":"Abazovi\u0107 - Gvozdenovi\u0107u: Zbog \u010dega Ministarstvo jo\u0161 nije donijelo akt o za\u0161titi Solane - Lajme nga Ulqini","description":"Ulcinjska Solana je ve\u0107 za\u0161ti\u0107ena, i na tom prostoru se godinama unazad ne gradi nijedan objekat, kazao je ministar odr\u017eivog razvoja i turizma, Branimir","robots":{"index":"index","follow":"follow","max-snippet":"max-snippet:-1","max-image-preview":"max-image-preview:large","max-video-preview":"max-video-preview:-1"},"canonical":"https:\/\/www.visit-ulcinj.com\/blog\/2016\/06\/06\/abazovica-gvozdenovicu-zbog-cega-ministarstvo-jos-nije-donijelo-akt-o-zastiti-solane\/","og_locale":"en_US","og_type":"article","og_title":"Abazovi\u0107 - Gvozdenovi\u0107u: Zbog \u010dega Ministarstvo jo\u0161 nije donijelo akt o za\u0161titi Solane - Lajme nga Ulqini","og_description":"Ulcinjska Solana je ve\u0107 za\u0161ti\u0107ena, i na tom prostoru se godinama unazad ne gradi nijedan objekat, kazao je ministar odr\u017eivog razvoja i turizma, Branimir","og_url":"https:\/\/www.visit-ulcinj.com\/blog\/2016\/06\/06\/abazovica-gvozdenovicu-zbog-cega-ministarstvo-jos-nije-donijelo-akt-o-zastiti-solane\/","og_site_name":"Lajme nga Ulqini","article_published_time":"2016-06-06T14:39:31+00:00","article_modified_time":"2016-06-06T14:40:02+00:00","og_image":[{"url":"http:\/\/www.visit-ulcinj.com\/blog\/wp-content\/uploads\/2016\/05\/Gvozdenovic-.jpg"}],"twitter_misc":{"Written by":"ulqini","Est. reading time":"3 minutes"},"schema":{"@context":"https:\/\/schema.org","@graph":[{"@type":"WebSite","@id":"https:\/\/www.visit-ulcinj.com\/blog\/#website","url":"https:\/\/www.visit-ulcinj.com\/blog\/","name":"Lajme nga Ulqini","description":"Lajme,Vijesti,Ulqini,Ulqin,Crna Gora,Mali i Zi","potentialAction":[{"@type":"SearchAction","target":{"@type":"EntryPoint","urlTemplate":"https:\/\/www.visit-ulcinj.com\/blog\/?s={search_term_string}"},"query-input":"required name=search_term_string"}],"inLanguage":"en-US"},{"@type":"ImageObject","inLanguage":"en-US","@id":"https:\/\/www.visit-ulcinj.com\/blog\/2016\/06\/06\/abazovica-gvozdenovicu-zbog-cega-ministarstvo-jos-nije-donijelo-akt-o-zastiti-solane\/#primaryimage","url":"https:\/\/www.visit-ulcinj.com\/blog\/wp-content\/uploads\/2016\/05\/Gvozdenovic-.jpg","contentUrl":"https:\/\/www.visit-ulcinj.com\/blog\/wp-content\/uploads\/2016\/05\/Gvozdenovic-.jpg","width":676,"height":480},{"@type":"WebPage","@id":"https:\/\/www.visit-ulcinj.com\/blog\/2016\/06\/06\/abazovica-gvozdenovicu-zbog-cega-ministarstvo-jos-nije-donijelo-akt-o-zastiti-solane\/#webpage","url":"https:\/\/www.visit-ulcinj.com\/blog\/2016\/06\/06\/abazovica-gvozdenovicu-zbog-cega-ministarstvo-jos-nije-donijelo-akt-o-zastiti-solane\/","name":"Abazovi\u0107 - Gvozdenovi\u0107u: Zbog \u010dega Ministarstvo jo\u0161 nije donijelo akt o za\u0161titi Solane - Lajme nga Ulqini","isPartOf":{"@id":"https:\/\/www.visit-ulcinj.com\/blog\/#website"},"primaryImageOfPage":{"@id":"https:\/\/www.visit-ulcinj.com\/blog\/2016\/06\/06\/abazovica-gvozdenovicu-zbog-cega-ministarstvo-jos-nije-donijelo-akt-o-zastiti-solane\/#primaryimage"},"datePublished":"2016-06-06T14:39:31+00:00","dateModified":"2016-06-06T14:40:02+00:00","author":{"@id":"https:\/\/www.visit-ulcinj.com\/blog\/#\/schema\/person\/dcab619c614d3038751c63bc2aadc06d"},"description":"Ulcinjska Solana je ve\u0107 za\u0161ti\u0107ena, i na tom prostoru se godinama unazad ne gradi nijedan objekat, kazao je ministar odr\u017eivog razvoja i turizma, Branimir","breadcrumb":{"@id":"https:\/\/www.visit-ulcinj.com\/blog\/2016\/06\/06\/abazovica-gvozdenovicu-zbog-cega-ministarstvo-jos-nije-donijelo-akt-o-zastiti-solane\/#breadcrumb"},"inLanguage":"en-US","potentialAction":[{"@type":"ReadAction","target":["https:\/\/www.visit-ulcinj.com\/blog\/2016\/06\/06\/abazovica-gvozdenovicu-zbog-cega-ministarstvo-jos-nije-donijelo-akt-o-zastiti-solane\/"]}]},{"@type":"BreadcrumbList","@id":"https:\/\/www.visit-ulcinj.com\/blog\/2016\/06\/06\/abazovica-gvozdenovicu-zbog-cega-ministarstvo-jos-nije-donijelo-akt-o-zastiti-solane\/#breadcrumb","itemListElement":[{"@type":"ListItem","position":1,"name":"Abazovi\u0107 &#8211; Gvozdenovi\u0107u: Zbog \u010dega Ministarstvo jo\u0161 nije donijelo akt o za\u0161titi Solane"}]},{"@type":"Person","@id":"https:\/\/www.visit-ulcinj.com\/blog\/#\/schema\/person\/dcab619c614d3038751c63bc2aadc06d","name":"ulqini","sameAs":["http:\/\/www.visit-ulcinj.com"],"url":"https:\/\/www.visit-ulcinj.com\/blog\/author\/admin\/"}]}},"jetpack_featured_media_url":"","jetpack_sharing_enabled":true,"jetpack_shortlink":"https:\/\/wp.me\/pe6lTn-pkD","_links":{"self":[{"href":"https:\/\/www.visit-ulcinj.com\/blog\/wp-json\/wp\/v2\/posts\/97379"}],"collection":[{"href":"https:\/\/www.visit-ulcinj.com\/blog\/wp-json\/wp\/v2\/posts"}],"about":[{"href":"https:\/\/www.visit-ulcinj.com\/blog\/wp-json\/wp\/v2\/types\/post"}],"author":[{"embeddable":true,"href":"https:\/\/www.visit-ulcinj.com\/blog\/wp-json\/wp\/v2\/users\/1"}],"replies":[{"embeddable":true,"href":"https:\/\/www.visit-ulcinj.com\/blog\/wp-json\/wp\/v2\/comments?post=97379"}],"version-history":[{"count":2,"href":"https:\/\/www.visit-ulcinj.com\/blog\/wp-json\/wp\/v2\/posts\/97379\/revisions"}],"predecessor-version":[{"id":97381,"href":"https:\/\/www.visit-ulcinj.com\/blog\/wp-json\/wp\/v2\/posts\/97379\/revisions\/97381"}],"wp:attachment":[{"href":"https:\/\/www.visit-ulcinj.com\/blog\/wp-json\/wp\/v2\/media?parent=97379"}],"wp:term":[{"taxonomy":"category","embeddable":true,"href":"https:\/\/www.visit-ulcinj.com\/blog\/wp-json\/wp\/v2\/categories?post=97379"},{"taxonomy":"post_tag","embeddable":true,"href":"https:\/\/www.visit-ulcinj.com\/blog\/wp-json\/wp\/v2\/tags?post=97379"}],"curies":[{"name":"wp","href":"https:\/\/api.w.org\/{rel}","templated":true}]}}