{"id":97385,"date":"2016-06-07T11:54:00","date_gmt":"2016-06-07T10:54:00","guid":{"rendered":"http:\/\/www.visit-ulcinj.com\/blog\/?p=97385"},"modified":"2016-06-07T11:54:00","modified_gmt":"2016-06-07T10:54:00","slug":"otvoreno-pismo-radnika-solane-skupstine-grada-ulcinja","status":"publish","type":"post","link":"https:\/\/www.visit-ulcinj.com\/blog\/2016\/06\/07\/otvoreno-pismo-radnika-solane-skupstine-grada-ulcinja\/","title":{"rendered":"Otvoreno pismo radnika Solane Skup\u0161tine grada Ulcinja"},"content":{"rendered":"<div class=\"post-container cf\">\n<div class=\"post-content-right\">\n<div class=\"post-content description\">\n<p><strong><a href=\"http:\/\/www.visit-ulcinj.com\/blog\/wp-content\/uploads\/2014\/10\/radnici-ulcinjske-solane.jpg\"><img loading=\"lazy\" class=\"alignleft wp-image-85655\" src=\"http:\/\/www.visit-ulcinj.com\/blog\/wp-content\/uploads\/2014\/10\/radnici-ulcinjske-solane.jpg\" alt=\"radnici-ulcinjske-solane\" width=\"508\" height=\"254\" srcset=\"https:\/\/www.visit-ulcinj.com\/blog\/wp-content\/uploads\/2014\/10\/radnici-ulcinjske-solane.jpg 660w, https:\/\/www.visit-ulcinj.com\/blog\/wp-content\/uploads\/2014\/10\/radnici-ulcinjske-solane-300x150.jpg 300w\" sizes=\"(max-width: 508px) 100vw, 508px\" \/><\/a>SKUP\u0160TINA OP\u0160TINE ULCINJ<\/strong><\/p>\n<p>Mi, biv\u0161i radnici AD Solane \u2019\u2019Bajo Sekuli\u0107\u2019\u2019 u ste\u010daju Ulcinj, obra\u0107amo Vam se sa molbom da nam pomognete u rije\u0161avanju na\u0161ih problema nastalih prestankom rada na\u0161e firme. Naime, na\u0161a firma,\u00a0\u00a0\u00a0\u00a0\u00a0\u00a0\u00a0 AD Solana \u2019\u2019Bajo Sekuli\u0107\u2019\u2019 u ste\u010daju je prestala sa radom 22.01.2014.godine kada je nam je isklju\u010dena elektri\u010dna energija zbog nepla\u0107anja ra\u010dun od strane ste\u010dajne uprave i menad\u017ementa koji je organizovao rad u firmi u tom periodu. Opravdani \u0161trajk zaposlenih je po\u010deo malo ranije zbog neispla\u0107ene zarada za cijelu godinu 2013. \u0160trajk je okon\u010dan 31.05.2014. kada su svi radnici dobili otkaze a u Solani ostala samo slu\u017eba obezbe\u0111enja.<\/p>\n<p>Za ove 3 godine dio radnika je uspio da rije\u0161i dio svojih zahtjeva a to se odnosilo na privremene penzije zbog nedostaju\u0107ih godina za punu penziju. Iz toga razloga obra\u010dunate privremene penzije su znatno umanjenje i kre\u0107u se od 140 do 170 \u20ac. Radnicima Solane nisu upla\u0107ivani doprinosi za 5 godina (2009 \u2013 2014). Isto tako postoje i velika potra\u017eivanje na ime neispla\u0107ivanja punih zarada za period 2009-2010, kao i\u00a0 neispla\u0107enih zarada za 2011-2013. Koji se kre\u0107u cca 1.5 milion eura, koja nisu sporna i koja su rezultat vansudskog poravnanja od strane ste\u010dajne uprave i biv\u0161ih radnika Solane. Ono \u0161to je sporno je \u0161to jo\u0161 ni jedan radnik nije vidio eura od svega toga. Poseban problem je \u0161to je ste\u010dajna uprava prestala da daje oglas o prodaji ste\u010dajnog du\u017enika (Solane Ulcinj), tako da sada ne znamo kada \u0107e biv\u0161i radnici biti ispla\u0107eni i povezan im radni sta\u017e.<\/p>\n<p>U ovih nekoliko mjeseci smo svjedoci velikog interesovanja doma\u0107e i me\u0111unarodne javnosti za rije\u0161avanje pitanja Solane Ulcinj kao vrlo bitnog za flora i faunu ovoga podru\u010dja i poku\u0161aja svih relevantnih faktora (Minstarstva turizma i odr\u017eivog razvoja, Centra za istra\u017eivanje ptica i jedan broj Ambasadora stranih zemalja) da se na\u0111e na\u010din da Solana radi jer to je jedini na\u010din da se sa\u010duva biodiverzitet Solane.<\/p>\n<p>Iz svih ovih razloga vas molimo da nas uklju\u010dite u sve slede\u0107e sastanke (radne grupe, okrugli stolovi)\u00a0 na kojima bi i mi mogli pomo\u0107i u rje\u0161avanju pitanja u vezi sa Solanom kao dugogodi\u0161nji radnici (na to imamo i pravo) i kao mjesto da uka\u017eemo na jedan problem koji jo\u0161 niko nije ozna\u010dio a to je problematika biv\u0161ih radnika Solane Ulcinj. Isto tako Vas molimo da nam pomognete u organizaciji jednog sastanka (okrugli sto) na kojem bi mi, biv\u0161i radnici Solane Ulcinj, iznijeli svoje poglede u iznala\u017eenju na\u010dina za rje\u0161avanje \u2019\u2019problema\u2019\u2019 Solane.<\/p>\n<p>Predsjednik Sindikata Solane Ulcinj<\/p>\n<p>Miranovi\u0107 Marko<\/p>\n<p>Tv Teuta<\/p>\n<\/div>\n<\/div>\n<\/div>\n","protected":false},"excerpt":{"rendered":"<p>SKUP\u0160TINA OP\u0160TINE ULCINJ Mi, biv\u0161i radnici AD Solane \u2019\u2019Bajo Sekuli\u0107\u2019\u2019 u ste\u010daju Ulcinj, obra\u0107amo Vam se sa molbom da nam pomognete u rije\u0161avanju na\u0161ih problema nastalih prestankom rada na\u0161e firme. Naime, na\u0161a firma,\u00a0\u00a0\u00a0\u00a0\u00a0\u00a0\u00a0 AD Solana \u2019\u2019Bajo Sekuli\u0107\u2019\u2019 u ste\u010daju je prestala sa radom 22.01.2014.godine kada je nam je isklju\u010dena elektri\u010dna energija zbog nepla\u0107anja ra\u010dun od [&hellip;]<\/p>\n","protected":false},"author":1,"featured_media":0,"comment_status":"closed","ping_status":"closed","sticky":false,"template":"","format":"standard","meta":{"spay_email":"","jetpack_publicize_message":"","jetpack_is_tweetstorm":false,"jetpack_publicize_feature_enabled":true},"categories":[8337],"tags":[],"jetpack_publicize_connections":[],"yoast_head":"<!-- This site is optimized with the Yoast SEO plugin v19.1 - https:\/\/yoast.com\/wordpress\/plugins\/seo\/ -->\n<title>Otvoreno pismo radnika Solane Skup\u0161tine grada Ulcinja - Lajme nga Ulqini<\/title>\n<meta name=\"description\" content=\"SKUP\u0160TINA OP\u0160TINE ULCINJ Mi, biv\u0161i radnici AD Solane \u2019\u2019Bajo Sekuli\u0107\u2019\u2019 u ste\u010daju Ulcinj, obra\u0107amo Vam se sa molbom da nam pomognete u rije\u0161avanju na\u0161ih\" \/>\n<meta name=\"robots\" content=\"index, follow, max-snippet:-1, max-image-preview:large, max-video-preview:-1\" \/>\n<link rel=\"canonical\" href=\"https:\/\/www.visit-ulcinj.com\/blog\/2016\/06\/07\/otvoreno-pismo-radnika-solane-skupstine-grada-ulcinja\/\" \/>\n<meta property=\"og:locale\" content=\"en_US\" \/>\n<meta property=\"og:type\" content=\"article\" \/>\n<meta property=\"og:title\" content=\"Otvoreno pismo radnika Solane Skup\u0161tine grada Ulcinja - Lajme nga Ulqini\" \/>\n<meta property=\"og:description\" content=\"SKUP\u0160TINA OP\u0160TINE ULCINJ Mi, biv\u0161i radnici AD Solane \u2019\u2019Bajo Sekuli\u0107\u2019\u2019 u ste\u010daju Ulcinj, obra\u0107amo Vam se sa molbom da nam pomognete u rije\u0161avanju na\u0161ih\" \/>\n<meta property=\"og:url\" content=\"https:\/\/www.visit-ulcinj.com\/blog\/2016\/06\/07\/otvoreno-pismo-radnika-solane-skupstine-grada-ulcinja\/\" \/>\n<meta property=\"og:site_name\" content=\"Lajme nga Ulqini\" \/>\n<meta property=\"article:published_time\" content=\"2016-06-07T10:54:00+00:00\" \/>\n<meta property=\"og:image\" content=\"http:\/\/www.visit-ulcinj.com\/blog\/wp-content\/uploads\/2014\/10\/radnici-ulcinjske-solane.jpg\" \/>\n<meta name=\"twitter:label1\" content=\"Written by\" \/>\n\t<meta name=\"twitter:data1\" content=\"ulqini\" \/>\n\t<meta name=\"twitter:label2\" content=\"Est. reading time\" \/>\n\t<meta name=\"twitter:data2\" content=\"2 minutes\" \/>\n<script type=\"application\/ld+json\" class=\"yoast-schema-graph\">{\"@context\":\"https:\/\/schema.org\",\"@graph\":[{\"@type\":\"WebSite\",\"@id\":\"https:\/\/www.visit-ulcinj.com\/blog\/#website\",\"url\":\"https:\/\/www.visit-ulcinj.com\/blog\/\",\"name\":\"Lajme nga Ulqini\",\"description\":\"Lajme,Vijesti,Ulqini,Ulqin,Crna Gora,Mali i Zi\",\"potentialAction\":[{\"@type\":\"SearchAction\",\"target\":{\"@type\":\"EntryPoint\",\"urlTemplate\":\"https:\/\/www.visit-ulcinj.com\/blog\/?s={search_term_string}\"},\"query-input\":\"required name=search_term_string\"}],\"inLanguage\":\"en-US\"},{\"@type\":\"ImageObject\",\"inLanguage\":\"en-US\",\"@id\":\"https:\/\/www.visit-ulcinj.com\/blog\/2016\/06\/07\/otvoreno-pismo-radnika-solane-skupstine-grada-ulcinja\/#primaryimage\",\"url\":\"https:\/\/www.visit-ulcinj.com\/blog\/wp-content\/uploads\/2014\/10\/radnici-ulcinjske-solane.jpg\",\"contentUrl\":\"https:\/\/www.visit-ulcinj.com\/blog\/wp-content\/uploads\/2014\/10\/radnici-ulcinjske-solane.jpg\",\"width\":660,\"height\":330},{\"@type\":\"WebPage\",\"@id\":\"https:\/\/www.visit-ulcinj.com\/blog\/2016\/06\/07\/otvoreno-pismo-radnika-solane-skupstine-grada-ulcinja\/#webpage\",\"url\":\"https:\/\/www.visit-ulcinj.com\/blog\/2016\/06\/07\/otvoreno-pismo-radnika-solane-skupstine-grada-ulcinja\/\",\"name\":\"Otvoreno pismo radnika Solane Skup\u0161tine grada Ulcinja - Lajme nga Ulqini\",\"isPartOf\":{\"@id\":\"https:\/\/www.visit-ulcinj.com\/blog\/#website\"},\"primaryImageOfPage\":{\"@id\":\"https:\/\/www.visit-ulcinj.com\/blog\/2016\/06\/07\/otvoreno-pismo-radnika-solane-skupstine-grada-ulcinja\/#primaryimage\"},\"datePublished\":\"2016-06-07T10:54:00+00:00\",\"dateModified\":\"2016-06-07T10:54:00+00:00\",\"author\":{\"@id\":\"https:\/\/www.visit-ulcinj.com\/blog\/#\/schema\/person\/dcab619c614d3038751c63bc2aadc06d\"},\"description\":\"SKUP\u0160TINA OP\u0160TINE ULCINJ Mi, biv\u0161i radnici AD Solane \u2019\u2019Bajo Sekuli\u0107\u2019\u2019 u ste\u010daju Ulcinj, obra\u0107amo Vam se sa molbom da nam pomognete u rije\u0161avanju na\u0161ih\",\"breadcrumb\":{\"@id\":\"https:\/\/www.visit-ulcinj.com\/blog\/2016\/06\/07\/otvoreno-pismo-radnika-solane-skupstine-grada-ulcinja\/#breadcrumb\"},\"inLanguage\":\"en-US\",\"potentialAction\":[{\"@type\":\"ReadAction\",\"target\":[\"https:\/\/www.visit-ulcinj.com\/blog\/2016\/06\/07\/otvoreno-pismo-radnika-solane-skupstine-grada-ulcinja\/\"]}]},{\"@type\":\"BreadcrumbList\",\"@id\":\"https:\/\/www.visit-ulcinj.com\/blog\/2016\/06\/07\/otvoreno-pismo-radnika-solane-skupstine-grada-ulcinja\/#breadcrumb\",\"itemListElement\":[{\"@type\":\"ListItem\",\"position\":1,\"name\":\"Otvoreno pismo radnika Solane Skup\u0161tine grada Ulcinja\"}]},{\"@type\":\"Person\",\"@id\":\"https:\/\/www.visit-ulcinj.com\/blog\/#\/schema\/person\/dcab619c614d3038751c63bc2aadc06d\",\"name\":\"ulqini\",\"sameAs\":[\"http:\/\/www.visit-ulcinj.com\"],\"url\":\"https:\/\/www.visit-ulcinj.com\/blog\/author\/admin\/\"}]}<\/script>\n<!-- \/ Yoast SEO plugin. -->","yoast_head_json":{"title":"Otvoreno pismo radnika Solane Skup\u0161tine grada Ulcinja - Lajme nga Ulqini","description":"SKUP\u0160TINA OP\u0160TINE ULCINJ Mi, biv\u0161i radnici AD Solane \u2019\u2019Bajo Sekuli\u0107\u2019\u2019 u ste\u010daju Ulcinj, obra\u0107amo Vam se sa molbom da nam pomognete u rije\u0161avanju na\u0161ih","robots":{"index":"index","follow":"follow","max-snippet":"max-snippet:-1","max-image-preview":"max-image-preview:large","max-video-preview":"max-video-preview:-1"},"canonical":"https:\/\/www.visit-ulcinj.com\/blog\/2016\/06\/07\/otvoreno-pismo-radnika-solane-skupstine-grada-ulcinja\/","og_locale":"en_US","og_type":"article","og_title":"Otvoreno pismo radnika Solane Skup\u0161tine grada Ulcinja - Lajme nga Ulqini","og_description":"SKUP\u0160TINA OP\u0160TINE ULCINJ Mi, biv\u0161i radnici AD Solane \u2019\u2019Bajo Sekuli\u0107\u2019\u2019 u ste\u010daju Ulcinj, obra\u0107amo Vam se sa molbom da nam pomognete u rije\u0161avanju na\u0161ih","og_url":"https:\/\/www.visit-ulcinj.com\/blog\/2016\/06\/07\/otvoreno-pismo-radnika-solane-skupstine-grada-ulcinja\/","og_site_name":"Lajme nga Ulqini","article_published_time":"2016-06-07T10:54:00+00:00","og_image":[{"url":"http:\/\/www.visit-ulcinj.com\/blog\/wp-content\/uploads\/2014\/10\/radnici-ulcinjske-solane.jpg"}],"twitter_misc":{"Written by":"ulqini","Est. reading time":"2 minutes"},"schema":{"@context":"https:\/\/schema.org","@graph":[{"@type":"WebSite","@id":"https:\/\/www.visit-ulcinj.com\/blog\/#website","url":"https:\/\/www.visit-ulcinj.com\/blog\/","name":"Lajme nga Ulqini","description":"Lajme,Vijesti,Ulqini,Ulqin,Crna Gora,Mali i Zi","potentialAction":[{"@type":"SearchAction","target":{"@type":"EntryPoint","urlTemplate":"https:\/\/www.visit-ulcinj.com\/blog\/?s={search_term_string}"},"query-input":"required name=search_term_string"}],"inLanguage":"en-US"},{"@type":"ImageObject","inLanguage":"en-US","@id":"https:\/\/www.visit-ulcinj.com\/blog\/2016\/06\/07\/otvoreno-pismo-radnika-solane-skupstine-grada-ulcinja\/#primaryimage","url":"https:\/\/www.visit-ulcinj.com\/blog\/wp-content\/uploads\/2014\/10\/radnici-ulcinjske-solane.jpg","contentUrl":"https:\/\/www.visit-ulcinj.com\/blog\/wp-content\/uploads\/2014\/10\/radnici-ulcinjske-solane.jpg","width":660,"height":330},{"@type":"WebPage","@id":"https:\/\/www.visit-ulcinj.com\/blog\/2016\/06\/07\/otvoreno-pismo-radnika-solane-skupstine-grada-ulcinja\/#webpage","url":"https:\/\/www.visit-ulcinj.com\/blog\/2016\/06\/07\/otvoreno-pismo-radnika-solane-skupstine-grada-ulcinja\/","name":"Otvoreno pismo radnika Solane Skup\u0161tine grada Ulcinja - Lajme nga Ulqini","isPartOf":{"@id":"https:\/\/www.visit-ulcinj.com\/blog\/#website"},"primaryImageOfPage":{"@id":"https:\/\/www.visit-ulcinj.com\/blog\/2016\/06\/07\/otvoreno-pismo-radnika-solane-skupstine-grada-ulcinja\/#primaryimage"},"datePublished":"2016-06-07T10:54:00+00:00","dateModified":"2016-06-07T10:54:00+00:00","author":{"@id":"https:\/\/www.visit-ulcinj.com\/blog\/#\/schema\/person\/dcab619c614d3038751c63bc2aadc06d"},"description":"SKUP\u0160TINA OP\u0160TINE ULCINJ Mi, biv\u0161i radnici AD Solane \u2019\u2019Bajo Sekuli\u0107\u2019\u2019 u ste\u010daju Ulcinj, obra\u0107amo Vam se sa molbom da nam pomognete u rije\u0161avanju na\u0161ih","breadcrumb":{"@id":"https:\/\/www.visit-ulcinj.com\/blog\/2016\/06\/07\/otvoreno-pismo-radnika-solane-skupstine-grada-ulcinja\/#breadcrumb"},"inLanguage":"en-US","potentialAction":[{"@type":"ReadAction","target":["https:\/\/www.visit-ulcinj.com\/blog\/2016\/06\/07\/otvoreno-pismo-radnika-solane-skupstine-grada-ulcinja\/"]}]},{"@type":"BreadcrumbList","@id":"https:\/\/www.visit-ulcinj.com\/blog\/2016\/06\/07\/otvoreno-pismo-radnika-solane-skupstine-grada-ulcinja\/#breadcrumb","itemListElement":[{"@type":"ListItem","position":1,"name":"Otvoreno pismo radnika Solane Skup\u0161tine grada Ulcinja"}]},{"@type":"Person","@id":"https:\/\/www.visit-ulcinj.com\/blog\/#\/schema\/person\/dcab619c614d3038751c63bc2aadc06d","name":"ulqini","sameAs":["http:\/\/www.visit-ulcinj.com"],"url":"https:\/\/www.visit-ulcinj.com\/blog\/author\/admin\/"}]}},"jetpack_featured_media_url":"","jetpack_sharing_enabled":true,"jetpack_shortlink":"https:\/\/wp.me\/pe6lTn-pkJ","_links":{"self":[{"href":"https:\/\/www.visit-ulcinj.com\/blog\/wp-json\/wp\/v2\/posts\/97385"}],"collection":[{"href":"https:\/\/www.visit-ulcinj.com\/blog\/wp-json\/wp\/v2\/posts"}],"about":[{"href":"https:\/\/www.visit-ulcinj.com\/blog\/wp-json\/wp\/v2\/types\/post"}],"author":[{"embeddable":true,"href":"https:\/\/www.visit-ulcinj.com\/blog\/wp-json\/wp\/v2\/users\/1"}],"replies":[{"embeddable":true,"href":"https:\/\/www.visit-ulcinj.com\/blog\/wp-json\/wp\/v2\/comments?post=97385"}],"version-history":[{"count":1,"href":"https:\/\/www.visit-ulcinj.com\/blog\/wp-json\/wp\/v2\/posts\/97385\/revisions"}],"predecessor-version":[{"id":97386,"href":"https:\/\/www.visit-ulcinj.com\/blog\/wp-json\/wp\/v2\/posts\/97385\/revisions\/97386"}],"wp:attachment":[{"href":"https:\/\/www.visit-ulcinj.com\/blog\/wp-json\/wp\/v2\/media?parent=97385"}],"wp:term":[{"taxonomy":"category","embeddable":true,"href":"https:\/\/www.visit-ulcinj.com\/blog\/wp-json\/wp\/v2\/categories?post=97385"},{"taxonomy":"post_tag","embeddable":true,"href":"https:\/\/www.visit-ulcinj.com\/blog\/wp-json\/wp\/v2\/tags?post=97385"}],"curies":[{"name":"wp","href":"https:\/\/api.w.org\/{rel}","templated":true}]}}